{"id":21570,"date":"2025-03-20T08:10:34","date_gmt":"2025-03-20T11:10:34","guid":{"rendered":"https:\/\/sulsc.com\/?p=21570"},"modified":"2025-03-20T08:10:34","modified_gmt":"2025-03-20T11:10:34","slug":"outono-comecou-nesta-quinta-feira-20-no-hemisferio-sul","status":"publish","type":"post","link":"https:\/\/sulsc.com\/index.php\/2025\/03\/20\/outono-comecou-nesta-quinta-feira-20-no-hemisferio-sul\/","title":{"rendered":"Outono come\u00e7ou nesta quinta-feira (20) no Hemisf\u00e9rio Sul"},"content":{"rendered":"<p>Nesta quinta-feira (20) \u00e0s 06h02 (hor\u00e1rio de Bras\u00edlia), come\u00e7ou o outono no Hemisf\u00e9rio Sul, marcando a transi\u00e7\u00e3o entre o ver\u00e3o quente e \u00famido para um per\u00edodo mais seco e com temperaturas gradativamente mais baixas. Em Santa Catarina, a esta\u00e7\u00e3o ser\u00e1 caracterizada por temperaturas acima da m\u00e9dia, maior amplitude t\u00e9rmica e um padr\u00e3o de chuvas diferente do registrado nos meses anteriores.<\/p>\n<p>De acordo com a central de monitoramento da Prote\u00e7\u00e3o e Defesa Civil,com a chegada do outono, os temporais t\u00edpicos do fim de tarde tendem a diminuir em todo o estado. A principal influ\u00eancia para a ocorr\u00eancia de chuvas passa a ser a passagem de frentes frias, muitas vezes associadas a ciclones extratropicais no oceano. Esses sistemas podem provocar precipita\u00e7\u00f5es significativas em alguns per\u00edodos, mas, no geral, os volumes tendem a ser menores em compara\u00e7\u00e3o ao ver\u00e3o.<\/p>\n<p>Amplitude t\u00e9rmica e frio mais intenso no final da esta\u00e7\u00e3o<\/p>\n<p>Outro fen\u00f4meno marcante do outono catarinense ser\u00e1 a maior varia\u00e7\u00e3o de temperatura ao longo do dia. As manh\u00e3s e noites tendem a ser mais amenas, enquanto as tardes podem registrar temperaturas elevadas, especialmente nas regi\u00f5es do Oeste e Litoral. Conforme a esta\u00e7\u00e3o avan\u00e7a e o inverno se aproxima, o ingresso de massas de ar frio se torna mais frequente, trazendo temperaturas mais baixas, principalmente para os Planaltos e Serra, onde h\u00e1 condi\u00e7\u00f5es prop\u00edcias para a forma\u00e7\u00e3o de geadas.<\/p>\n<p><img fetchpriority=\"high\" decoding=\"async\" class=\"aligncenter size-full wp-image-21574\" src=\"http:\/\/sulsc.com\/wp-content\/uploads\/2025\/03\/A3-1.jpeg\" alt=\"\" width=\"1200\" height=\"720\" srcset=\"https:\/\/sulsc.com\/wp-content\/uploads\/2025\/03\/A3-1.jpeg 1200w, https:\/\/sulsc.com\/wp-content\/uploads\/2025\/03\/A3-1-300x180.jpeg 300w, https:\/\/sulsc.com\/wp-content\/uploads\/2025\/03\/A3-1-1024x614.jpeg 1024w, https:\/\/sulsc.com\/wp-content\/uploads\/2025\/03\/A3-1-768x461.jpeg 768w\" sizes=\"(max-width: 1200px) 100vw, 1200px\" \/><\/p>\n<p style=\"text-align: center;\">Foto: Eduardo Valente\/Secom<\/p>\n<p><strong>Outono mais quente que o normal<\/strong><\/p>\n<p>Segundo a central de monitoramento da Prote\u00e7\u00e3o e Defesa Civil, o outono deste ano deve apresentar temperaturas acima da m\u00e9dia em todas as regi\u00f5es de Santa Catarina. No entanto, n\u00e3o s\u00e3o esperados per\u00edodos prolongados de calor intenso. A expectativa \u00e9 de uma transi\u00e7\u00e3o gradual para o frio, com eventos mais intensos de temperaturas baixas \u00e0 medida que a esta\u00e7\u00e3o avan\u00e7a.<\/p>\n<p>\u201cNesta esta\u00e7\u00e3o teremos uma transi\u00e7\u00e3o gradual para o frio, com eventos de temperaturas baixas mais frequentes. Al\u00e9m disso, as chuvas ficar\u00e3o mais distribu\u00eddas, sendo influenciadas principalmente pela passagem de frentes frias e ciclones no oceano\u201d, explica o meteorologista Felipe Theodorovitz.<\/p>\n<p>Diante desse cen\u00e1rio, os catarinenses devem se preparar para um outono de clima inst\u00e1vel, com varia\u00e7\u00f5es t\u00e9rmicas significativas e mudan\u00e7as r\u00e1pidas nas condi\u00e7\u00f5es meteorol\u00f3gicas. O acompanhamento de boletins meteorol\u00f3gicos ser\u00e1 essencial para antecipar os impactos da nova esta\u00e7\u00e3o, tanto na rotina da popula\u00e7\u00e3o quanto em setores como a agricultura.<\/p>\n<p><strong>Previs\u00e3o para est\u00e1 quinta-feira (20)<\/strong><\/p>\n<p>O tempo segue est\u00e1vel devido a presen\u00e7a de uma massa de ar seca no estado. O sol aparece em todas as regi\u00f5es, intercalando com per\u00edodos de maior nebulosidade, especialmente nas regi\u00f5es litor\u00e2neas.<\/p>\n<p><img decoding=\"async\" class=\"aligncenter size-full wp-image-21577\" src=\"http:\/\/sulsc.com\/wp-content\/uploads\/2025\/03\/5-1.png\" alt=\"\" width=\"1633\" height=\"1110\" srcset=\"https:\/\/sulsc.com\/wp-content\/uploads\/2025\/03\/5-1.png 1633w, https:\/\/sulsc.com\/wp-content\/uploads\/2025\/03\/5-1-300x204.png 300w, https:\/\/sulsc.com\/wp-content\/uploads\/2025\/03\/5-1-1024x696.png 1024w, https:\/\/sulsc.com\/wp-content\/uploads\/2025\/03\/5-1-768x522.png 768w, https:\/\/sulsc.com\/wp-content\/uploads\/2025\/03\/5-1-1536x1044.png 1536w\" sizes=\"(max-width: 1633px) 100vw, 1633px\" \/><\/p>\n<p><img decoding=\"async\" class=\"aligncenter  wp-image-21578\" src=\"http:\/\/sulsc.com\/wp-content\/uploads\/2025\/03\/Tempo.png\" alt=\"\" width=\"593\" height=\"109\" srcset=\"https:\/\/sulsc.com\/wp-content\/uploads\/2025\/03\/Tempo.png 1024w, https:\/\/sulsc.com\/wp-content\/uploads\/2025\/03\/Tempo-300x55.png 300w, https:\/\/sulsc.com\/wp-content\/uploads\/2025\/03\/Tempo-768x142.png 768w\" sizes=\"(max-width: 593px) 100vw, 593px\" \/><\/p>\n<p>N\u00e3o se descarta a ocorr\u00eancia de chuviscos no per\u00edodo da madrugada e noite nestas \u00e1reas. N\u00e3o h\u00e1 riscos para transtornos associados \u00e0s condi\u00e7\u00f5es de tempo.<\/p>\n<p><strong>Temperaturas<\/strong><\/p>\n<p>As temperaturas no Grande Oeste ainda superam a casa dos 30\u00b0C, podendo atingir picos de at\u00e9 36\u00b0C. Do Meio Oeste ao Litoral, oscilam valores entre 26 e 29\u00b0C durante a tarde.<\/p>\n<p>Fonte\/Defesa Civil SC<\/p>\n","protected":false},"excerpt":{"rendered":"<p>Nesta quinta-feira (20) \u00e0s 06h02 (hor\u00e1rio de Bras\u00edlia), come\u00e7ou o outono no Hemisf\u00e9rio Sul, marcando a transi\u00e7\u00e3o entre o ver\u00e3o quente e \u00famido para um per\u00edodo mais seco e com temperaturas gradativamente mais baixas. Em Santa Catarina, a esta\u00e7\u00e3o ser\u00e1 caracterizada por temperaturas acima da m\u00e9dia, maior amplitude t\u00e9rmica e um padr\u00e3o de chuvas diferente &hellip;<\/p>\n<p class=\"read-more\"> <a class=\"\" href=\"https:\/\/sulsc.com\/index.php\/2025\/03\/20\/outono-comecou-nesta-quinta-feira-20-no-hemisferio-sul\/\"> <span class=\"screen-reader-text\">Outono come\u00e7ou nesta quinta-feira (20) no Hemisf\u00e9rio Sul<\/span> Read More &raquo;<\/a><\/p>\n","protected":false},"author":3,"featured_media":21574,"comment_status":"open","ping_status":"open","sticky":false,"template":"","format":"standard","meta":{"site-sidebar-layout":"default","site-content-layout":"","ast-site-content-layout":"default","site-content-style":"default","site-sidebar-style":"default","ast-global-header-display":"","ast-banner-title-visibility":"","ast-main-header-display":"","ast-hfb-above-header-display":"","ast-hfb-below-header-display":"","ast-hfb-mobile-header-display":"","site-post-title":"","ast-breadcrumbs-content":"","ast-featured-img":"","footer-sml-layout":"","theme-transparent-header-meta":"default","adv-header-id-meta":"","stick-header-meta":"","header-above-stick-meta":"","header-main-stick-meta":"","header-below-stick-meta":"","astra-migrate-meta-layouts":"set","footnotes":""},"categories":[38],"tags":[90],"yoast_head":"<!-- This site is optimized with the Yoast SEO plugin v21.4 - https:\/\/yoast.com\/wordpress\/plugins\/seo\/ -->\n<title>Outono come\u00e7ou nesta quinta-feira (20) no Hemisf\u00e9rio Sul -<\/title>\n<meta name=\"description\" content=\"O sol aparece em todas as regi\u00f5es intercalando com per\u00edodos de maior nebulosidade com m\u00e1ximas de podendo chegar aos 36\u00baC no litoral\" \/>\n<meta name=\"robots\" content=\"index, follow, max-snippet:-1, max-image-preview:large, max-video-preview:-1\" \/>\n<link rel=\"canonical\" href=\"https:\/\/sulsc.com\/index.php\/2025\/03\/20\/outono-comecou-nesta-quinta-feira-20-no-hemisferio-sul\/\" \/>\n<meta property=\"og:locale\" content=\"en_US\" \/>\n<meta property=\"og:type\" content=\"article\" \/>\n<meta property=\"og:title\" content=\"Outono come\u00e7ou nesta quinta-feira (20) no Hemisf\u00e9rio Sul -\" \/>\n<meta property=\"og:description\" content=\"O sol aparece em todas as regi\u00f5es intercalando com per\u00edodos de maior nebulosidade com m\u00e1ximas de podendo chegar aos 36\u00baC no litoral\" \/>\n<meta property=\"og:url\" content=\"https:\/\/sulsc.com\/index.php\/2025\/03\/20\/outono-comecou-nesta-quinta-feira-20-no-hemisferio-sul\/\" \/>\n<meta property=\"article:author\" content=\"https:\/\/www.facebook.com\/profile.php?id=61559278119680\" \/>\n<meta property=\"article:published_time\" content=\"2025-03-20T11:10:34+00:00\" \/>\n<meta property=\"og:image\" content=\"http:\/\/sulsc.com\/wp-content\/uploads\/2025\/03\/A3-1.jpeg\" \/>\n\t<meta property=\"og:image:width\" content=\"1200\" \/>\n\t<meta property=\"og:image:height\" content=\"720\" \/>\n\t<meta property=\"og:image:type\" content=\"image\/jpeg\" \/>\n<meta name=\"author\" content=\"Reda\u00e7\u00e3o Sul SC\" \/>\n<meta name=\"twitter:card\" content=\"summary_large_image\" \/>\n<meta name=\"twitter:creator\" content=\"@https:\/\/twitter.com\/PortalSulSC\" \/>\n<meta name=\"twitter:label1\" content=\"Written by\" \/>\n\t<meta name=\"twitter:data1\" content=\"Reda\u00e7\u00e3o Sul SC\" \/>\n\t<meta name=\"twitter:label2\" content=\"Est. reading time\" \/>\n\t<meta name=\"twitter:data2\" content=\"3 minutes\" \/>\n<script type=\"application\/ld+json\" class=\"yoast-schema-graph\">{\"@context\":\"https:\/\/schema.org\",\"@graph\":[{\"@type\":\"WebPage\",\"@id\":\"https:\/\/sulsc.com\/index.php\/2025\/03\/20\/outono-comecou-nesta-quinta-feira-20-no-hemisferio-sul\/\",\"url\":\"https:\/\/sulsc.com\/index.php\/2025\/03\/20\/outono-comecou-nesta-quinta-feira-20-no-hemisferio-sul\/\",\"name\":\"Outono come\u00e7ou nesta quinta-feira (20) no Hemisf\u00e9rio Sul -\",\"isPartOf\":{\"@id\":\"https:\/\/sulsc.com\/#website\"},\"datePublished\":\"2025-03-20T11:10:34+00:00\",\"dateModified\":\"2025-03-20T11:10:34+00:00\",\"author\":{\"@id\":\"https:\/\/sulsc.com\/#\/schema\/person\/84d2fc571684f6248ba83092f07750a3\"},\"description\":\"O sol aparece em todas as regi\u00f5es intercalando com per\u00edodos de maior nebulosidade com m\u00e1ximas de podendo chegar aos 36\u00baC no litoral\",\"breadcrumb\":{\"@id\":\"https:\/\/sulsc.com\/index.php\/2025\/03\/20\/outono-comecou-nesta-quinta-feira-20-no-hemisferio-sul\/#breadcrumb\"},\"inLanguage\":\"en-US\",\"potentialAction\":[{\"@type\":\"ReadAction\",\"target\":[\"https:\/\/sulsc.com\/index.php\/2025\/03\/20\/outono-comecou-nesta-quinta-feira-20-no-hemisferio-sul\/\"]}]},{\"@type\":\"BreadcrumbList\",\"@id\":\"https:\/\/sulsc.com\/index.php\/2025\/03\/20\/outono-comecou-nesta-quinta-feira-20-no-hemisferio-sul\/#breadcrumb\",\"itemListElement\":[{\"@type\":\"ListItem\",\"position\":1,\"name\":\"In\u00edcio\",\"item\":\"https:\/\/sulsc.com\/\"},{\"@type\":\"ListItem\",\"position\":2,\"name\":\"Outono come\u00e7ou nesta quinta-feira (20) no Hemisf\u00e9rio Sul\"}]},{\"@type\":\"WebSite\",\"@id\":\"https:\/\/sulsc.com\/#website\",\"url\":\"https:\/\/sulsc.com\/\",\"name\":\"\",\"description\":\"\",\"potentialAction\":[{\"@type\":\"SearchAction\",\"target\":{\"@type\":\"EntryPoint\",\"urlTemplate\":\"https:\/\/sulsc.com\/?s={search_term_string}\"},\"query-input\":\"required name=search_term_string\"}],\"inLanguage\":\"en-US\"},{\"@type\":\"Person\",\"@id\":\"https:\/\/sulsc.com\/#\/schema\/person\/84d2fc571684f6248ba83092f07750a3\",\"name\":\"Reda\u00e7\u00e3o Sul SC\",\"image\":{\"@type\":\"ImageObject\",\"inLanguage\":\"en-US\",\"@id\":\"https:\/\/sulsc.com\/#\/schema\/person\/image\/e08d7fe2cc4ed596372063bbe852b8d0\",\"url\":\"https:\/\/sulsc.com\/wp-content\/uploads\/2023\/09\/redacao.png\",\"contentUrl\":\"https:\/\/sulsc.com\/wp-content\/uploads\/2023\/09\/redacao.png\",\"caption\":\"Reda\u00e7\u00e3o Sul SC\"},\"description\":\"Foco em um jornalismo imparcial, voltado \u00e0 qualidade dos seus conte\u00fados e, assim, levar informa\u00e7\u00e3o de valor que agregue \u00e0 vida dos leitores. Esta \u00e9 grande miss\u00e3o do Portal de Not\u00edcias Sul SC. N\u00e3o \u00e9 quantidade que muda o mundo, sempre foi e seguir\u00e1 sendo qualidade!\",\"sameAs\":[\"https:\/\/sulsc.com\/\",\"https:\/\/www.facebook.com\/profile.php?id=61559278119680\",\"https:\/\/www.instagram.com\/sulscportal\/?hl=pt-br\",\"https:\/\/twitter.com\/https:\/\/twitter.com\/PortalSulSC\",\"https:\/\/www.youtube.com\/channel\/UCv_BE8GeySluDov2n8qhVmw\"],\"url\":\"https:\/\/sulsc.com\/index.php\/author\/redacao\/\"}]}<\/script>\n<!-- \/ Yoast SEO plugin. -->","yoast_head_json":{"title":"Outono come\u00e7ou nesta quinta-feira (20) no Hemisf\u00e9rio Sul -","description":"O sol aparece em todas as regi\u00f5es intercalando com per\u00edodos de maior nebulosidade com m\u00e1ximas de podendo chegar aos 36\u00baC no litoral","robots":{"index":"index","follow":"follow","max-snippet":"max-snippet:-1","max-image-preview":"max-image-preview:large","max-video-preview":"max-video-preview:-1"},"canonical":"https:\/\/sulsc.com\/index.php\/2025\/03\/20\/outono-comecou-nesta-quinta-feira-20-no-hemisferio-sul\/","og_locale":"en_US","og_type":"article","og_title":"Outono come\u00e7ou nesta quinta-feira (20) no Hemisf\u00e9rio Sul -","og_description":"O sol aparece em todas as regi\u00f5es intercalando com per\u00edodos de maior nebulosidade com m\u00e1ximas de podendo chegar aos 36\u00baC no litoral","og_url":"https:\/\/sulsc.com\/index.php\/2025\/03\/20\/outono-comecou-nesta-quinta-feira-20-no-hemisferio-sul\/","article_author":"https:\/\/www.facebook.com\/profile.php?id=61559278119680","article_published_time":"2025-03-20T11:10:34+00:00","og_image":[{"width":1200,"height":720,"url":"http:\/\/sulsc.com\/wp-content\/uploads\/2025\/03\/A3-1.jpeg","type":"image\/jpeg"}],"author":"Reda\u00e7\u00e3o Sul SC","twitter_card":"summary_large_image","twitter_creator":"@https:\/\/twitter.com\/PortalSulSC","twitter_misc":{"Written by":"Reda\u00e7\u00e3o Sul SC","Est. reading time":"3 minutes"},"schema":{"@context":"https:\/\/schema.org","@graph":[{"@type":"WebPage","@id":"https:\/\/sulsc.com\/index.php\/2025\/03\/20\/outono-comecou-nesta-quinta-feira-20-no-hemisferio-sul\/","url":"https:\/\/sulsc.com\/index.php\/2025\/03\/20\/outono-comecou-nesta-quinta-feira-20-no-hemisferio-sul\/","name":"Outono come\u00e7ou nesta quinta-feira (20) no Hemisf\u00e9rio Sul -","isPartOf":{"@id":"https:\/\/sulsc.com\/#website"},"datePublished":"2025-03-20T11:10:34+00:00","dateModified":"2025-03-20T11:10:34+00:00","author":{"@id":"https:\/\/sulsc.com\/#\/schema\/person\/84d2fc571684f6248ba83092f07750a3"},"description":"O sol aparece em todas as regi\u00f5es intercalando com per\u00edodos de maior nebulosidade com m\u00e1ximas de podendo chegar aos 36\u00baC no litoral","breadcrumb":{"@id":"https:\/\/sulsc.com\/index.php\/2025\/03\/20\/outono-comecou-nesta-quinta-feira-20-no-hemisferio-sul\/#breadcrumb"},"inLanguage":"en-US","potentialAction":[{"@type":"ReadAction","target":["https:\/\/sulsc.com\/index.php\/2025\/03\/20\/outono-comecou-nesta-quinta-feira-20-no-hemisferio-sul\/"]}]},{"@type":"BreadcrumbList","@id":"https:\/\/sulsc.com\/index.php\/2025\/03\/20\/outono-comecou-nesta-quinta-feira-20-no-hemisferio-sul\/#breadcrumb","itemListElement":[{"@type":"ListItem","position":1,"name":"In\u00edcio","item":"https:\/\/sulsc.com\/"},{"@type":"ListItem","position":2,"name":"Outono come\u00e7ou nesta quinta-feira (20) no Hemisf\u00e9rio Sul"}]},{"@type":"WebSite","@id":"https:\/\/sulsc.com\/#website","url":"https:\/\/sulsc.com\/","name":"","description":"","potentialAction":[{"@type":"SearchAction","target":{"@type":"EntryPoint","urlTemplate":"https:\/\/sulsc.com\/?s={search_term_string}"},"query-input":"required name=search_term_string"}],"inLanguage":"en-US"},{"@type":"Person","@id":"https:\/\/sulsc.com\/#\/schema\/person\/84d2fc571684f6248ba83092f07750a3","name":"Reda\u00e7\u00e3o Sul SC","image":{"@type":"ImageObject","inLanguage":"en-US","@id":"https:\/\/sulsc.com\/#\/schema\/person\/image\/e08d7fe2cc4ed596372063bbe852b8d0","url":"https:\/\/sulsc.com\/wp-content\/uploads\/2023\/09\/redacao.png","contentUrl":"https:\/\/sulsc.com\/wp-content\/uploads\/2023\/09\/redacao.png","caption":"Reda\u00e7\u00e3o Sul SC"},"description":"Foco em um jornalismo imparcial, voltado \u00e0 qualidade dos seus conte\u00fados e, assim, levar informa\u00e7\u00e3o de valor que agregue \u00e0 vida dos leitores. Esta \u00e9 grande miss\u00e3o do Portal de Not\u00edcias Sul SC. N\u00e3o \u00e9 quantidade que muda o mundo, sempre foi e seguir\u00e1 sendo qualidade!","sameAs":["https:\/\/sulsc.com\/","https:\/\/www.facebook.com\/profile.php?id=61559278119680","https:\/\/www.instagram.com\/sulscportal\/?hl=pt-br","https:\/\/twitter.com\/https:\/\/twitter.com\/PortalSulSC","https:\/\/www.youtube.com\/channel\/UCv_BE8GeySluDov2n8qhVmw"],"url":"https:\/\/sulsc.com\/index.php\/author\/redacao\/"}]}},"authors":[],"_links":{"self":[{"href":"https:\/\/sulsc.com\/index.php\/wp-json\/wp\/v2\/posts\/21570"}],"collection":[{"href":"https:\/\/sulsc.com\/index.php\/wp-json\/wp\/v2\/posts"}],"about":[{"href":"https:\/\/sulsc.com\/index.php\/wp-json\/wp\/v2\/types\/post"}],"author":[{"embeddable":true,"href":"https:\/\/sulsc.com\/index.php\/wp-json\/wp\/v2\/users\/3"}],"replies":[{"embeddable":true,"href":"https:\/\/sulsc.com\/index.php\/wp-json\/wp\/v2\/comments?post=21570"}],"version-history":[{"count":1,"href":"https:\/\/sulsc.com\/index.php\/wp-json\/wp\/v2\/posts\/21570\/revisions"}],"predecessor-version":[{"id":21583,"href":"https:\/\/sulsc.com\/index.php\/wp-json\/wp\/v2\/posts\/21570\/revisions\/21583"}],"wp:featuredmedia":[{"embeddable":true,"href":"https:\/\/sulsc.com\/index.php\/wp-json\/wp\/v2\/media\/21574"}],"wp:attachment":[{"href":"https:\/\/sulsc.com\/index.php\/wp-json\/wp\/v2\/media?parent=21570"}],"wp:term":[{"taxonomy":"category","embeddable":true,"href":"https:\/\/sulsc.com\/index.php\/wp-json\/wp\/v2\/categories?post=21570"},{"taxonomy":"post_tag","embeddable":true,"href":"https:\/\/sulsc.com\/index.php\/wp-json\/wp\/v2\/tags?post=21570"}],"curies":[{"name":"wp","href":"https:\/\/api.w.org\/{rel}","templated":true}]}}