{"id":21634,"date":"2025-03-21T08:08:07","date_gmt":"2025-03-21T11:08:07","guid":{"rendered":"https:\/\/sulsc.com\/?p=21634"},"modified":"2025-03-21T08:13:37","modified_gmt":"2025-03-21T11:13:37","slug":"mais-um-dia-de-tempo-firme-e-maximas-na-casa-dos-31oc-nesta-sexta-feira-22","status":"publish","type":"post","link":"https:\/\/sulsc.com\/index.php\/2025\/03\/21\/mais-um-dia-de-tempo-firme-e-maximas-na-casa-dos-31oc-nesta-sexta-feira-22\/","title":{"rendered":"Mais um dia de tempo firme e m\u00e1ximas na casa dos 31\u00baC nesta sexta-feira (21)"},"content":{"rendered":"<p>Nesta sexta-feira (21) o tempo firme predomina, com sol e poucas nuvens na regi\u00e3o do Grande Oeste. Entre os planaltos e as regi\u00f5es litor\u00e2neas, h\u00e1 maior presen\u00e7a de nuvens e condi\u00e7\u00f5es para chuviscos, especialmente nos extremos do dia, devido ao transporte de umidade do oceano para o continente, mas sem risco para ocorr\u00eancias.<\/p>\n<p><img fetchpriority=\"high\" decoding=\"async\" class=\"aligncenter size-full wp-image-21635\" src=\"http:\/\/sulsc.com\/wp-content\/uploads\/2025\/03\/6.png\" alt=\"\" width=\"1482\" height=\"1003\" srcset=\"https:\/\/sulsc.com\/wp-content\/uploads\/2025\/03\/6.png 1482w, https:\/\/sulsc.com\/wp-content\/uploads\/2025\/03\/6-300x203.png 300w, https:\/\/sulsc.com\/wp-content\/uploads\/2025\/03\/6-1024x693.png 1024w, https:\/\/sulsc.com\/wp-content\/uploads\/2025\/03\/6-768x520.png 768w\" sizes=\"(max-width: 1482px) 100vw, 1482px\" \/><\/p>\n<p><img decoding=\"async\" class=\"aligncenter wp-image-21578\" src=\"http:\/\/sulsc.com\/wp-content\/uploads\/2025\/03\/Tempo.png\" alt=\"\" width=\"598\" height=\"110\" srcset=\"https:\/\/sulsc.com\/wp-content\/uploads\/2025\/03\/Tempo.png 1024w, https:\/\/sulsc.com\/wp-content\/uploads\/2025\/03\/Tempo-300x55.png 300w, https:\/\/sulsc.com\/wp-content\/uploads\/2025\/03\/Tempo-768x142.png 768w\" sizes=\"(max-width: 598px) 100vw, 598px\" \/><\/p>\n<p><strong>Temperaturas<\/strong><\/p>\n<p>As temperaturas no Grande Oeste podem marcar entre 32\u00b0C e 36\u00b0C. Do Meio Oeste ao Litoral, oscilam valores entre 27 e 31\u00b0C durante a tarde. Amanh\u00e3 s\u00e1bado (22), ser\u00e1 mais um dia com predom\u00ednio de sol em Santa Catarina e com m\u00e1ximas e que superam a casa dos 30\u00b0C .<\/p>\n<p>Fonte\/Defesa Civil SC<\/p>\n","protected":false},"excerpt":{"rendered":"<p>Nesta sexta-feira (21) o tempo firme predomina, com sol e poucas nuvens na regi\u00e3o do Grande Oeste. Entre os planaltos e as regi\u00f5es litor\u00e2neas, h\u00e1 maior presen\u00e7a de nuvens e condi\u00e7\u00f5es para chuviscos, especialmente nos extremos do dia, devido ao transporte de umidade do oceano para o continente, mas sem risco para ocorr\u00eancias. Temperaturas As &hellip;<\/p>\n<p class=\"read-more\"> <a class=\"\" href=\"https:\/\/sulsc.com\/index.php\/2025\/03\/21\/mais-um-dia-de-tempo-firme-e-maximas-na-casa-dos-31oc-nesta-sexta-feira-22\/\"> <span class=\"screen-reader-text\">Mais um dia de tempo firme e m\u00e1ximas na casa dos 31\u00baC nesta sexta-feira (21)<\/span> Read More &raquo;<\/a><\/p>\n","protected":false},"author":3,"featured_media":16995,"comment_status":"open","ping_status":"open","sticky":false,"template":"","format":"standard","meta":{"site-sidebar-layout":"default","site-content-layout":"","ast-site-content-layout":"default","site-content-style":"default","site-sidebar-style":"default","ast-global-header-display":"","ast-banner-title-visibility":"","ast-main-header-display":"","ast-hfb-above-header-display":"","ast-hfb-below-header-display":"","ast-hfb-mobile-header-display":"","site-post-title":"","ast-breadcrumbs-content":"","ast-featured-img":"","footer-sml-layout":"","theme-transparent-header-meta":"default","adv-header-id-meta":"","stick-header-meta":"","header-above-stick-meta":"","header-main-stick-meta":"","header-below-stick-meta":"","astra-migrate-meta-layouts":"set","footnotes":""},"categories":[38],"tags":[90],"yoast_head":"<!-- This site is optimized with the Yoast SEO plugin v21.4 - https:\/\/yoast.com\/wordpress\/plugins\/seo\/ -->\n<title>Mais um dia de tempo firme e m\u00e1ximas na casa dos 31\u00baC nesta sexta-feira (21) -<\/title>\n<meta name=\"description\" content=\"Temperaturas no Grande Oeste podem marcar entre 32\u00b0C e 36\u00b0C Do Meio Oeste ao Litoral oscilam valores entre 27 e 31\u00b0C durante a tarde\" \/>\n<meta name=\"robots\" content=\"index, follow, max-snippet:-1, max-image-preview:large, max-video-preview:-1\" \/>\n<link rel=\"canonical\" href=\"https:\/\/sulsc.com\/index.php\/2025\/03\/21\/mais-um-dia-de-tempo-firme-e-maximas-na-casa-dos-31oc-nesta-sexta-feira-22\/\" \/>\n<meta property=\"og:locale\" content=\"en_US\" \/>\n<meta property=\"og:type\" content=\"article\" \/>\n<meta property=\"og:title\" content=\"Mais um dia de tempo firme e m\u00e1ximas na casa dos 31\u00baC nesta sexta-feira (21) -\" \/>\n<meta property=\"og:description\" content=\"Temperaturas no Grande Oeste podem marcar entre 32\u00b0C e 36\u00b0C Do Meio Oeste ao Litoral oscilam valores entre 27 e 31\u00b0C durante a tarde\" \/>\n<meta property=\"og:url\" content=\"https:\/\/sulsc.com\/index.php\/2025\/03\/21\/mais-um-dia-de-tempo-firme-e-maximas-na-casa-dos-31oc-nesta-sexta-feira-22\/\" \/>\n<meta property=\"article:author\" content=\"https:\/\/www.facebook.com\/profile.php?id=61559278119680\" \/>\n<meta property=\"article:published_time\" content=\"2025-03-21T11:08:07+00:00\" \/>\n<meta property=\"article:modified_time\" content=\"2025-03-21T11:13:37+00:00\" \/>\n<meta property=\"og:image\" content=\"http:\/\/sulsc.com\/wp-content\/uploads\/2024\/11\/Tempo-1.jpg\" \/>\n\t<meta property=\"og:image:width\" content=\"900\" \/>\n\t<meta property=\"og:image:height\" content=\"1600\" \/>\n\t<meta property=\"og:image:type\" content=\"image\/jpeg\" \/>\n<meta name=\"author\" content=\"Reda\u00e7\u00e3o Sul SC\" \/>\n<meta name=\"twitter:card\" content=\"summary_large_image\" \/>\n<meta name=\"twitter:creator\" content=\"@https:\/\/twitter.com\/PortalSulSC\" \/>\n<meta name=\"twitter:label1\" content=\"Written by\" \/>\n\t<meta name=\"twitter:data1\" content=\"Reda\u00e7\u00e3o Sul SC\" \/>\n\t<meta name=\"twitter:label2\" content=\"Est. reading time\" \/>\n\t<meta name=\"twitter:data2\" content=\"1 minute\" \/>\n<script type=\"application\/ld+json\" class=\"yoast-schema-graph\">{\"@context\":\"https:\/\/schema.org\",\"@graph\":[{\"@type\":\"WebPage\",\"@id\":\"https:\/\/sulsc.com\/index.php\/2025\/03\/21\/mais-um-dia-de-tempo-firme-e-maximas-na-casa-dos-31oc-nesta-sexta-feira-22\/\",\"url\":\"https:\/\/sulsc.com\/index.php\/2025\/03\/21\/mais-um-dia-de-tempo-firme-e-maximas-na-casa-dos-31oc-nesta-sexta-feira-22\/\",\"name\":\"Mais um dia de tempo firme e m\u00e1ximas na casa dos 31\u00baC nesta sexta-feira (21) -\",\"isPartOf\":{\"@id\":\"https:\/\/sulsc.com\/#website\"},\"datePublished\":\"2025-03-21T11:08:07+00:00\",\"dateModified\":\"2025-03-21T11:13:37+00:00\",\"author\":{\"@id\":\"https:\/\/sulsc.com\/#\/schema\/person\/84d2fc571684f6248ba83092f07750a3\"},\"description\":\"Temperaturas no Grande Oeste podem marcar entre 32\u00b0C e 36\u00b0C Do Meio Oeste ao Litoral oscilam valores entre 27 e 31\u00b0C durante a tarde\",\"breadcrumb\":{\"@id\":\"https:\/\/sulsc.com\/index.php\/2025\/03\/21\/mais-um-dia-de-tempo-firme-e-maximas-na-casa-dos-31oc-nesta-sexta-feira-22\/#breadcrumb\"},\"inLanguage\":\"en-US\",\"potentialAction\":[{\"@type\":\"ReadAction\",\"target\":[\"https:\/\/sulsc.com\/index.php\/2025\/03\/21\/mais-um-dia-de-tempo-firme-e-maximas-na-casa-dos-31oc-nesta-sexta-feira-22\/\"]}]},{\"@type\":\"BreadcrumbList\",\"@id\":\"https:\/\/sulsc.com\/index.php\/2025\/03\/21\/mais-um-dia-de-tempo-firme-e-maximas-na-casa-dos-31oc-nesta-sexta-feira-22\/#breadcrumb\",\"itemListElement\":[{\"@type\":\"ListItem\",\"position\":1,\"name\":\"In\u00edcio\",\"item\":\"https:\/\/sulsc.com\/\"},{\"@type\":\"ListItem\",\"position\":2,\"name\":\"Mais um dia de tempo firme e m\u00e1ximas na casa dos 31\u00baC nesta sexta-feira (21)\"}]},{\"@type\":\"WebSite\",\"@id\":\"https:\/\/sulsc.com\/#website\",\"url\":\"https:\/\/sulsc.com\/\",\"name\":\"\",\"description\":\"\",\"potentialAction\":[{\"@type\":\"SearchAction\",\"target\":{\"@type\":\"EntryPoint\",\"urlTemplate\":\"https:\/\/sulsc.com\/?s={search_term_string}\"},\"query-input\":\"required name=search_term_string\"}],\"inLanguage\":\"en-US\"},{\"@type\":\"Person\",\"@id\":\"https:\/\/sulsc.com\/#\/schema\/person\/84d2fc571684f6248ba83092f07750a3\",\"name\":\"Reda\u00e7\u00e3o Sul SC\",\"image\":{\"@type\":\"ImageObject\",\"inLanguage\":\"en-US\",\"@id\":\"https:\/\/sulsc.com\/#\/schema\/person\/image\/e08d7fe2cc4ed596372063bbe852b8d0\",\"url\":\"https:\/\/sulsc.com\/wp-content\/uploads\/2023\/09\/redacao.png\",\"contentUrl\":\"https:\/\/sulsc.com\/wp-content\/uploads\/2023\/09\/redacao.png\",\"caption\":\"Reda\u00e7\u00e3o Sul SC\"},\"description\":\"Foco em um jornalismo imparcial, voltado \u00e0 qualidade dos seus conte\u00fados e, assim, levar informa\u00e7\u00e3o de valor que agregue \u00e0 vida dos leitores. Esta \u00e9 grande miss\u00e3o do Portal de Not\u00edcias Sul SC. N\u00e3o \u00e9 quantidade que muda o mundo, sempre foi e seguir\u00e1 sendo qualidade!\",\"sameAs\":[\"https:\/\/sulsc.com\/\",\"https:\/\/www.facebook.com\/profile.php?id=61559278119680\",\"https:\/\/www.instagram.com\/sulscportal\/?hl=pt-br\",\"https:\/\/twitter.com\/https:\/\/twitter.com\/PortalSulSC\",\"https:\/\/www.youtube.com\/channel\/UCv_BE8GeySluDov2n8qhVmw\"],\"url\":\"https:\/\/sulsc.com\/index.php\/author\/redacao\/\"}]}<\/script>\n<!-- \/ Yoast SEO plugin. -->","yoast_head_json":{"title":"Mais um dia de tempo firme e m\u00e1ximas na casa dos 31\u00baC nesta sexta-feira (21) -","description":"Temperaturas no Grande Oeste podem marcar entre 32\u00b0C e 36\u00b0C Do Meio Oeste ao Litoral oscilam valores entre 27 e 31\u00b0C durante a tarde","robots":{"index":"index","follow":"follow","max-snippet":"max-snippet:-1","max-image-preview":"max-image-preview:large","max-video-preview":"max-video-preview:-1"},"canonical":"https:\/\/sulsc.com\/index.php\/2025\/03\/21\/mais-um-dia-de-tempo-firme-e-maximas-na-casa-dos-31oc-nesta-sexta-feira-22\/","og_locale":"en_US","og_type":"article","og_title":"Mais um dia de tempo firme e m\u00e1ximas na casa dos 31\u00baC nesta sexta-feira (21) -","og_description":"Temperaturas no Grande Oeste podem marcar entre 32\u00b0C e 36\u00b0C Do Meio Oeste ao Litoral oscilam valores entre 27 e 31\u00b0C durante a tarde","og_url":"https:\/\/sulsc.com\/index.php\/2025\/03\/21\/mais-um-dia-de-tempo-firme-e-maximas-na-casa-dos-31oc-nesta-sexta-feira-22\/","article_author":"https:\/\/www.facebook.com\/profile.php?id=61559278119680","article_published_time":"2025-03-21T11:08:07+00:00","article_modified_time":"2025-03-21T11:13:37+00:00","og_image":[{"width":900,"height":1600,"url":"http:\/\/sulsc.com\/wp-content\/uploads\/2024\/11\/Tempo-1.jpg","type":"image\/jpeg"}],"author":"Reda\u00e7\u00e3o Sul SC","twitter_card":"summary_large_image","twitter_creator":"@https:\/\/twitter.com\/PortalSulSC","twitter_misc":{"Written by":"Reda\u00e7\u00e3o Sul SC","Est. reading time":"1 minute"},"schema":{"@context":"https:\/\/schema.org","@graph":[{"@type":"WebPage","@id":"https:\/\/sulsc.com\/index.php\/2025\/03\/21\/mais-um-dia-de-tempo-firme-e-maximas-na-casa-dos-31oc-nesta-sexta-feira-22\/","url":"https:\/\/sulsc.com\/index.php\/2025\/03\/21\/mais-um-dia-de-tempo-firme-e-maximas-na-casa-dos-31oc-nesta-sexta-feira-22\/","name":"Mais um dia de tempo firme e m\u00e1ximas na casa dos 31\u00baC nesta sexta-feira (21) -","isPartOf":{"@id":"https:\/\/sulsc.com\/#website"},"datePublished":"2025-03-21T11:08:07+00:00","dateModified":"2025-03-21T11:13:37+00:00","author":{"@id":"https:\/\/sulsc.com\/#\/schema\/person\/84d2fc571684f6248ba83092f07750a3"},"description":"Temperaturas no Grande Oeste podem marcar entre 32\u00b0C e 36\u00b0C Do Meio Oeste ao Litoral oscilam valores entre 27 e 31\u00b0C durante a tarde","breadcrumb":{"@id":"https:\/\/sulsc.com\/index.php\/2025\/03\/21\/mais-um-dia-de-tempo-firme-e-maximas-na-casa-dos-31oc-nesta-sexta-feira-22\/#breadcrumb"},"inLanguage":"en-US","potentialAction":[{"@type":"ReadAction","target":["https:\/\/sulsc.com\/index.php\/2025\/03\/21\/mais-um-dia-de-tempo-firme-e-maximas-na-casa-dos-31oc-nesta-sexta-feira-22\/"]}]},{"@type":"BreadcrumbList","@id":"https:\/\/sulsc.com\/index.php\/2025\/03\/21\/mais-um-dia-de-tempo-firme-e-maximas-na-casa-dos-31oc-nesta-sexta-feira-22\/#breadcrumb","itemListElement":[{"@type":"ListItem","position":1,"name":"In\u00edcio","item":"https:\/\/sulsc.com\/"},{"@type":"ListItem","position":2,"name":"Mais um dia de tempo firme e m\u00e1ximas na casa dos 31\u00baC nesta sexta-feira (21)"}]},{"@type":"WebSite","@id":"https:\/\/sulsc.com\/#website","url":"https:\/\/sulsc.com\/","name":"","description":"","potentialAction":[{"@type":"SearchAction","target":{"@type":"EntryPoint","urlTemplate":"https:\/\/sulsc.com\/?s={search_term_string}"},"query-input":"required name=search_term_string"}],"inLanguage":"en-US"},{"@type":"Person","@id":"https:\/\/sulsc.com\/#\/schema\/person\/84d2fc571684f6248ba83092f07750a3","name":"Reda\u00e7\u00e3o Sul SC","image":{"@type":"ImageObject","inLanguage":"en-US","@id":"https:\/\/sulsc.com\/#\/schema\/person\/image\/e08d7fe2cc4ed596372063bbe852b8d0","url":"https:\/\/sulsc.com\/wp-content\/uploads\/2023\/09\/redacao.png","contentUrl":"https:\/\/sulsc.com\/wp-content\/uploads\/2023\/09\/redacao.png","caption":"Reda\u00e7\u00e3o Sul SC"},"description":"Foco em um jornalismo imparcial, voltado \u00e0 qualidade dos seus conte\u00fados e, assim, levar informa\u00e7\u00e3o de valor que agregue \u00e0 vida dos leitores. Esta \u00e9 grande miss\u00e3o do Portal de Not\u00edcias Sul SC. N\u00e3o \u00e9 quantidade que muda o mundo, sempre foi e seguir\u00e1 sendo qualidade!","sameAs":["https:\/\/sulsc.com\/","https:\/\/www.facebook.com\/profile.php?id=61559278119680","https:\/\/www.instagram.com\/sulscportal\/?hl=pt-br","https:\/\/twitter.com\/https:\/\/twitter.com\/PortalSulSC","https:\/\/www.youtube.com\/channel\/UCv_BE8GeySluDov2n8qhVmw"],"url":"https:\/\/sulsc.com\/index.php\/author\/redacao\/"}]}},"authors":[],"_links":{"self":[{"href":"https:\/\/sulsc.com\/index.php\/wp-json\/wp\/v2\/posts\/21634"}],"collection":[{"href":"https:\/\/sulsc.com\/index.php\/wp-json\/wp\/v2\/posts"}],"about":[{"href":"https:\/\/sulsc.com\/index.php\/wp-json\/wp\/v2\/types\/post"}],"author":[{"embeddable":true,"href":"https:\/\/sulsc.com\/index.php\/wp-json\/wp\/v2\/users\/3"}],"replies":[{"embeddable":true,"href":"https:\/\/sulsc.com\/index.php\/wp-json\/wp\/v2\/comments?post=21634"}],"version-history":[{"count":3,"href":"https:\/\/sulsc.com\/index.php\/wp-json\/wp\/v2\/posts\/21634\/revisions"}],"predecessor-version":[{"id":21640,"href":"https:\/\/sulsc.com\/index.php\/wp-json\/wp\/v2\/posts\/21634\/revisions\/21640"}],"wp:featuredmedia":[{"embeddable":true,"href":"https:\/\/sulsc.com\/index.php\/wp-json\/wp\/v2\/media\/16995"}],"wp:attachment":[{"href":"https:\/\/sulsc.com\/index.php\/wp-json\/wp\/v2\/media?parent=21634"}],"wp:term":[{"taxonomy":"category","embeddable":true,"href":"https:\/\/sulsc.com\/index.php\/wp-json\/wp\/v2\/categories?post=21634"},{"taxonomy":"post_tag","embeddable":true,"href":"https:\/\/sulsc.com\/index.php\/wp-json\/wp\/v2\/tags?post=21634"}],"curies":[{"name":"wp","href":"https:\/\/api.w.org\/{rel}","templated":true}]}}