{"id":21683,"date":"2025-03-22T09:45:25","date_gmt":"2025-03-22T12:45:25","guid":{"rendered":"https:\/\/sulsc.com\/?p=21683"},"modified":"2025-03-22T09:45:25","modified_gmt":"2025-03-22T12:45:25","slug":"homem-e-esfaqueado-nessa-madrugada-em-garopaba","status":"publish","type":"post","link":"https:\/\/sulsc.com\/index.php\/2025\/03\/22\/homem-e-esfaqueado-nessa-madrugada-em-garopaba\/","title":{"rendered":"Homem \u00e9 esfaqueado nessa madrugada em Garopaba"},"content":{"rendered":"<p>Na madrugada deste s\u00e1bado (22) , \u00e0s 02h08min, a Pol\u00edcia Militar foi acionada\u00a0 para prestar apoio ao Servi\u00e7o de Atendimento M\u00f3vel de Urg\u00eancia (SAMU) no Bairro Macac\u00fa, em Garopaba. Um indiv\u00edduo havia sido ferido com quatro facadas nas costas e uma no bra\u00e7o esquerdo.<\/p>\n<p>Ao chegar ao local, a equipe do SAMU j\u00e1 prestava socorro \u00e0 v\u00edtima, que foi rapidamente conduzida ao Pronto Atendimento de Garopaba. Segundo o relato da v\u00edtima, por volta das 02h30min, dois homens vestidos de preto chegaram em um ve\u00edculo Parati branco e invadiram sua resid\u00eancia.<\/p>\n<p><img fetchpriority=\"high\" decoding=\"async\" class=\"aligncenter size-full wp-image-16641\" src=\"http:\/\/sulsc.com\/wp-content\/uploads\/2024\/10\/Policia-Militar-1.png\" alt=\"\" width=\"1080\" height=\"614\" srcset=\"https:\/\/sulsc.com\/wp-content\/uploads\/2024\/10\/Policia-Militar-1.png 1080w, https:\/\/sulsc.com\/wp-content\/uploads\/2024\/10\/Policia-Militar-1-300x171.png 300w, https:\/\/sulsc.com\/wp-content\/uploads\/2024\/10\/Policia-Militar-1-1024x582.png 1024w, https:\/\/sulsc.com\/wp-content\/uploads\/2024\/10\/Policia-Militar-1-768x437.png 768w\" sizes=\"(max-width: 1080px) 100vw, 1080px\" \/><\/p>\n<p style=\"text-align: center;\">Fotos\/Divulga\u00e7\u00e3o<\/p>\n<p>Durante a tentativa de ataque ao seu amigo, ele se colocou \u00e0 frente e acabou sendo atingido pelas facadas, desmaiando em seguida e n\u00e3o lembrando mais dos acontecimentos.\u00a0A v\u00edtima tamb\u00e9m afirmou que estava consumindo bebidas alco\u00f3licas e coca\u00edna no momento do ocorrido. O objeto utilizado no crime ainda n\u00e3o foi localizado pelas autoridades.<\/p>\n","protected":false},"excerpt":{"rendered":"<p>Na madrugada deste s\u00e1bado (22) , \u00e0s 02h08min, a Pol\u00edcia Militar foi acionada\u00a0 para prestar apoio ao Servi\u00e7o de Atendimento M\u00f3vel de Urg\u00eancia (SAMU) no Bairro Macac\u00fa, em Garopaba. Um indiv\u00edduo havia sido ferido com quatro facadas nas costas e uma no bra\u00e7o esquerdo. Ao chegar ao local, a equipe do SAMU j\u00e1 prestava socorro &hellip;<\/p>\n<p class=\"read-more\"> <a class=\"\" href=\"https:\/\/sulsc.com\/index.php\/2025\/03\/22\/homem-e-esfaqueado-nessa-madrugada-em-garopaba\/\"> <span class=\"screen-reader-text\">Homem \u00e9 esfaqueado nessa madrugada em Garopaba<\/span> Read More &raquo;<\/a><\/p>\n","protected":false},"author":3,"featured_media":17405,"comment_status":"open","ping_status":"open","sticky":false,"template":"","format":"standard","meta":{"site-sidebar-layout":"default","site-content-layout":"","ast-site-content-layout":"default","site-content-style":"default","site-sidebar-style":"default","ast-global-header-display":"","ast-banner-title-visibility":"","ast-main-header-display":"","ast-hfb-above-header-display":"","ast-hfb-below-header-display":"","ast-hfb-mobile-header-display":"","site-post-title":"","ast-breadcrumbs-content":"","ast-featured-img":"","footer-sml-layout":"","theme-transparent-header-meta":"default","adv-header-id-meta":"","stick-header-meta":"","header-above-stick-meta":"","header-main-stick-meta":"","header-below-stick-meta":"","astra-migrate-meta-layouts":"set","footnotes":""},"categories":[1982],"tags":[91],"yoast_head":"<!-- This site is optimized with the Yoast SEO plugin v21.4 - https:\/\/yoast.com\/wordpress\/plugins\/seo\/ -->\n<title>Homem \u00e9 esfaqueado nessa madrugada em Garopaba -<\/title>\n<meta name=\"description\" content=\"Segundo o relato da v\u00edtima por volta das 02h30min dois homens vestidos de preto chegaram e invadiram sua resid\u00eancia e atacaram\" \/>\n<meta name=\"robots\" content=\"index, follow, max-snippet:-1, max-image-preview:large, max-video-preview:-1\" \/>\n<link rel=\"canonical\" href=\"https:\/\/sulsc.com\/index.php\/2025\/03\/22\/homem-e-esfaqueado-nessa-madrugada-em-garopaba\/\" \/>\n<meta property=\"og:locale\" content=\"en_US\" \/>\n<meta property=\"og:type\" content=\"article\" \/>\n<meta property=\"og:title\" content=\"Homem \u00e9 esfaqueado nessa madrugada em Garopaba -\" \/>\n<meta property=\"og:description\" content=\"Segundo o relato da v\u00edtima por volta das 02h30min dois homens vestidos de preto chegaram e invadiram sua resid\u00eancia e atacaram\" \/>\n<meta property=\"og:url\" content=\"https:\/\/sulsc.com\/index.php\/2025\/03\/22\/homem-e-esfaqueado-nessa-madrugada-em-garopaba\/\" \/>\n<meta property=\"article:author\" content=\"https:\/\/www.facebook.com\/profile.php?id=61559278119680\" \/>\n<meta property=\"article:published_time\" content=\"2025-03-22T12:45:25+00:00\" \/>\n<meta property=\"og:image\" content=\"http:\/\/sulsc.com\/wp-content\/uploads\/2024\/11\/depositphotos_179213404-stock-photo-police-car-on-the-street.webp\" \/>\n\t<meta property=\"og:image:width\" content=\"600\" \/>\n\t<meta property=\"og:image:height\" content=\"400\" \/>\n\t<meta property=\"og:image:type\" content=\"image\/webp\" \/>\n<meta name=\"author\" content=\"Reda\u00e7\u00e3o Sul SC\" \/>\n<meta name=\"twitter:card\" content=\"summary_large_image\" \/>\n<meta name=\"twitter:creator\" content=\"@https:\/\/twitter.com\/PortalSulSC\" \/>\n<meta name=\"twitter:label1\" content=\"Written by\" \/>\n\t<meta name=\"twitter:data1\" content=\"Reda\u00e7\u00e3o Sul SC\" \/>\n\t<meta name=\"twitter:label2\" content=\"Est. reading time\" \/>\n\t<meta name=\"twitter:data2\" content=\"1 minute\" \/>\n<script type=\"application\/ld+json\" class=\"yoast-schema-graph\">{\"@context\":\"https:\/\/schema.org\",\"@graph\":[{\"@type\":\"WebPage\",\"@id\":\"https:\/\/sulsc.com\/index.php\/2025\/03\/22\/homem-e-esfaqueado-nessa-madrugada-em-garopaba\/\",\"url\":\"https:\/\/sulsc.com\/index.php\/2025\/03\/22\/homem-e-esfaqueado-nessa-madrugada-em-garopaba\/\",\"name\":\"Homem \u00e9 esfaqueado nessa madrugada em Garopaba -\",\"isPartOf\":{\"@id\":\"https:\/\/sulsc.com\/#website\"},\"datePublished\":\"2025-03-22T12:45:25+00:00\",\"dateModified\":\"2025-03-22T12:45:25+00:00\",\"author\":{\"@id\":\"https:\/\/sulsc.com\/#\/schema\/person\/84d2fc571684f6248ba83092f07750a3\"},\"description\":\"Segundo o relato da v\u00edtima por volta das 02h30min dois homens vestidos de preto chegaram e invadiram sua resid\u00eancia e atacaram\",\"breadcrumb\":{\"@id\":\"https:\/\/sulsc.com\/index.php\/2025\/03\/22\/homem-e-esfaqueado-nessa-madrugada-em-garopaba\/#breadcrumb\"},\"inLanguage\":\"en-US\",\"potentialAction\":[{\"@type\":\"ReadAction\",\"target\":[\"https:\/\/sulsc.com\/index.php\/2025\/03\/22\/homem-e-esfaqueado-nessa-madrugada-em-garopaba\/\"]}]},{\"@type\":\"BreadcrumbList\",\"@id\":\"https:\/\/sulsc.com\/index.php\/2025\/03\/22\/homem-e-esfaqueado-nessa-madrugada-em-garopaba\/#breadcrumb\",\"itemListElement\":[{\"@type\":\"ListItem\",\"position\":1,\"name\":\"In\u00edcio\",\"item\":\"https:\/\/sulsc.com\/\"},{\"@type\":\"ListItem\",\"position\":2,\"name\":\"Homem \u00e9 esfaqueado nessa madrugada em Garopaba\"}]},{\"@type\":\"WebSite\",\"@id\":\"https:\/\/sulsc.com\/#website\",\"url\":\"https:\/\/sulsc.com\/\",\"name\":\"\",\"description\":\"\",\"potentialAction\":[{\"@type\":\"SearchAction\",\"target\":{\"@type\":\"EntryPoint\",\"urlTemplate\":\"https:\/\/sulsc.com\/?s={search_term_string}\"},\"query-input\":\"required name=search_term_string\"}],\"inLanguage\":\"en-US\"},{\"@type\":\"Person\",\"@id\":\"https:\/\/sulsc.com\/#\/schema\/person\/84d2fc571684f6248ba83092f07750a3\",\"name\":\"Reda\u00e7\u00e3o Sul SC\",\"image\":{\"@type\":\"ImageObject\",\"inLanguage\":\"en-US\",\"@id\":\"https:\/\/sulsc.com\/#\/schema\/person\/image\/e08d7fe2cc4ed596372063bbe852b8d0\",\"url\":\"https:\/\/sulsc.com\/wp-content\/uploads\/2023\/09\/redacao.png\",\"contentUrl\":\"https:\/\/sulsc.com\/wp-content\/uploads\/2023\/09\/redacao.png\",\"caption\":\"Reda\u00e7\u00e3o Sul SC\"},\"description\":\"Foco em um jornalismo imparcial, voltado \u00e0 qualidade dos seus conte\u00fados e, assim, levar informa\u00e7\u00e3o de valor que agregue \u00e0 vida dos leitores. Esta \u00e9 grande miss\u00e3o do Portal de Not\u00edcias Sul SC. N\u00e3o \u00e9 quantidade que muda o mundo, sempre foi e seguir\u00e1 sendo qualidade!\",\"sameAs\":[\"https:\/\/sulsc.com\/\",\"https:\/\/www.facebook.com\/profile.php?id=61559278119680\",\"https:\/\/www.instagram.com\/sulscportal\/?hl=pt-br\",\"https:\/\/twitter.com\/https:\/\/twitter.com\/PortalSulSC\",\"https:\/\/www.youtube.com\/channel\/UCv_BE8GeySluDov2n8qhVmw\"],\"url\":\"https:\/\/sulsc.com\/index.php\/author\/redacao\/\"}]}<\/script>\n<!-- \/ Yoast SEO plugin. -->","yoast_head_json":{"title":"Homem \u00e9 esfaqueado nessa madrugada em Garopaba -","description":"Segundo o relato da v\u00edtima por volta das 02h30min dois homens vestidos de preto chegaram e invadiram sua resid\u00eancia e atacaram","robots":{"index":"index","follow":"follow","max-snippet":"max-snippet:-1","max-image-preview":"max-image-preview:large","max-video-preview":"max-video-preview:-1"},"canonical":"https:\/\/sulsc.com\/index.php\/2025\/03\/22\/homem-e-esfaqueado-nessa-madrugada-em-garopaba\/","og_locale":"en_US","og_type":"article","og_title":"Homem \u00e9 esfaqueado nessa madrugada em Garopaba -","og_description":"Segundo o relato da v\u00edtima por volta das 02h30min dois homens vestidos de preto chegaram e invadiram sua resid\u00eancia e atacaram","og_url":"https:\/\/sulsc.com\/index.php\/2025\/03\/22\/homem-e-esfaqueado-nessa-madrugada-em-garopaba\/","article_author":"https:\/\/www.facebook.com\/profile.php?id=61559278119680","article_published_time":"2025-03-22T12:45:25+00:00","og_image":[{"width":600,"height":400,"url":"http:\/\/sulsc.com\/wp-content\/uploads\/2024\/11\/depositphotos_179213404-stock-photo-police-car-on-the-street.webp","type":"image\/webp"}],"author":"Reda\u00e7\u00e3o Sul SC","twitter_card":"summary_large_image","twitter_creator":"@https:\/\/twitter.com\/PortalSulSC","twitter_misc":{"Written by":"Reda\u00e7\u00e3o Sul SC","Est. reading time":"1 minute"},"schema":{"@context":"https:\/\/schema.org","@graph":[{"@type":"WebPage","@id":"https:\/\/sulsc.com\/index.php\/2025\/03\/22\/homem-e-esfaqueado-nessa-madrugada-em-garopaba\/","url":"https:\/\/sulsc.com\/index.php\/2025\/03\/22\/homem-e-esfaqueado-nessa-madrugada-em-garopaba\/","name":"Homem \u00e9 esfaqueado nessa madrugada em Garopaba -","isPartOf":{"@id":"https:\/\/sulsc.com\/#website"},"datePublished":"2025-03-22T12:45:25+00:00","dateModified":"2025-03-22T12:45:25+00:00","author":{"@id":"https:\/\/sulsc.com\/#\/schema\/person\/84d2fc571684f6248ba83092f07750a3"},"description":"Segundo o relato da v\u00edtima por volta das 02h30min dois homens vestidos de preto chegaram e invadiram sua resid\u00eancia e atacaram","breadcrumb":{"@id":"https:\/\/sulsc.com\/index.php\/2025\/03\/22\/homem-e-esfaqueado-nessa-madrugada-em-garopaba\/#breadcrumb"},"inLanguage":"en-US","potentialAction":[{"@type":"ReadAction","target":["https:\/\/sulsc.com\/index.php\/2025\/03\/22\/homem-e-esfaqueado-nessa-madrugada-em-garopaba\/"]}]},{"@type":"BreadcrumbList","@id":"https:\/\/sulsc.com\/index.php\/2025\/03\/22\/homem-e-esfaqueado-nessa-madrugada-em-garopaba\/#breadcrumb","itemListElement":[{"@type":"ListItem","position":1,"name":"In\u00edcio","item":"https:\/\/sulsc.com\/"},{"@type":"ListItem","position":2,"name":"Homem \u00e9 esfaqueado nessa madrugada em Garopaba"}]},{"@type":"WebSite","@id":"https:\/\/sulsc.com\/#website","url":"https:\/\/sulsc.com\/","name":"","description":"","potentialAction":[{"@type":"SearchAction","target":{"@type":"EntryPoint","urlTemplate":"https:\/\/sulsc.com\/?s={search_term_string}"},"query-input":"required name=search_term_string"}],"inLanguage":"en-US"},{"@type":"Person","@id":"https:\/\/sulsc.com\/#\/schema\/person\/84d2fc571684f6248ba83092f07750a3","name":"Reda\u00e7\u00e3o Sul SC","image":{"@type":"ImageObject","inLanguage":"en-US","@id":"https:\/\/sulsc.com\/#\/schema\/person\/image\/e08d7fe2cc4ed596372063bbe852b8d0","url":"https:\/\/sulsc.com\/wp-content\/uploads\/2023\/09\/redacao.png","contentUrl":"https:\/\/sulsc.com\/wp-content\/uploads\/2023\/09\/redacao.png","caption":"Reda\u00e7\u00e3o Sul SC"},"description":"Foco em um jornalismo imparcial, voltado \u00e0 qualidade dos seus conte\u00fados e, assim, levar informa\u00e7\u00e3o de valor que agregue \u00e0 vida dos leitores. Esta \u00e9 grande miss\u00e3o do Portal de Not\u00edcias Sul SC. N\u00e3o \u00e9 quantidade que muda o mundo, sempre foi e seguir\u00e1 sendo qualidade!","sameAs":["https:\/\/sulsc.com\/","https:\/\/www.facebook.com\/profile.php?id=61559278119680","https:\/\/www.instagram.com\/sulscportal\/?hl=pt-br","https:\/\/twitter.com\/https:\/\/twitter.com\/PortalSulSC","https:\/\/www.youtube.com\/channel\/UCv_BE8GeySluDov2n8qhVmw"],"url":"https:\/\/sulsc.com\/index.php\/author\/redacao\/"}]}},"authors":[],"_links":{"self":[{"href":"https:\/\/sulsc.com\/index.php\/wp-json\/wp\/v2\/posts\/21683"}],"collection":[{"href":"https:\/\/sulsc.com\/index.php\/wp-json\/wp\/v2\/posts"}],"about":[{"href":"https:\/\/sulsc.com\/index.php\/wp-json\/wp\/v2\/types\/post"}],"author":[{"embeddable":true,"href":"https:\/\/sulsc.com\/index.php\/wp-json\/wp\/v2\/users\/3"}],"replies":[{"embeddable":true,"href":"https:\/\/sulsc.com\/index.php\/wp-json\/wp\/v2\/comments?post=21683"}],"version-history":[{"count":1,"href":"https:\/\/sulsc.com\/index.php\/wp-json\/wp\/v2\/posts\/21683\/revisions"}],"predecessor-version":[{"id":21684,"href":"https:\/\/sulsc.com\/index.php\/wp-json\/wp\/v2\/posts\/21683\/revisions\/21684"}],"wp:featuredmedia":[{"embeddable":true,"href":"https:\/\/sulsc.com\/index.php\/wp-json\/wp\/v2\/media\/17405"}],"wp:attachment":[{"href":"https:\/\/sulsc.com\/index.php\/wp-json\/wp\/v2\/media?parent=21683"}],"wp:term":[{"taxonomy":"category","embeddable":true,"href":"https:\/\/sulsc.com\/index.php\/wp-json\/wp\/v2\/categories?post=21683"},{"taxonomy":"post_tag","embeddable":true,"href":"https:\/\/sulsc.com\/index.php\/wp-json\/wp\/v2\/tags?post=21683"}],"curies":[{"name":"wp","href":"https:\/\/api.w.org\/{rel}","templated":true}]}}