{"id":21792,"date":"2025-03-24T18:04:03","date_gmt":"2025-03-24T21:04:03","guid":{"rendered":"https:\/\/sulsc.com\/?p=21792"},"modified":"2025-03-24T18:04:03","modified_gmt":"2025-03-24T21:04:03","slug":"residencia-de-veraneio-e-consumida-por-incendio-em-jaguaruna","status":"publish","type":"post","link":"https:\/\/sulsc.com\/index.php\/2025\/03\/24\/residencia-de-veraneio-e-consumida-por-incendio-em-jaguaruna\/","title":{"rendered":"Resid\u00eancia de veraneio \u00e9 consumida por inc\u00eandio em Jaguaruna"},"content":{"rendered":"<p data-sourcepos=\"17:1-17:282\">Um inc\u00eandio de grandes propor\u00e7\u00f5es destruiu uma resid\u00eancia de 90 metros quadrados no bairro Campo Bom, em Jaguaruna, na madrugada desta segunda-feira (24). O fogo, que come\u00e7ou por volta das 2 horas, consumiu a casa utilizada para veraneio. Apesar da destrui\u00e7\u00e3o, ningu\u00e9m ficou ferido.<\/p>\n<p data-sourcepos=\"17:1-17:282\"><img fetchpriority=\"high\" decoding=\"async\" class=\"wp-image-21793 alignleft\" src=\"http:\/\/sulsc.com\/wp-content\/uploads\/2025\/03\/214480.webp\" alt=\"\" width=\"794\" height=\"529\" srcset=\"https:\/\/sulsc.com\/wp-content\/uploads\/2025\/03\/214480.webp 1200w, https:\/\/sulsc.com\/wp-content\/uploads\/2025\/03\/214480-300x200.webp 300w, https:\/\/sulsc.com\/wp-content\/uploads\/2025\/03\/214480-1024x683.webp 1024w, https:\/\/sulsc.com\/wp-content\/uploads\/2025\/03\/214480-768x512.webp 768w\" sizes=\"(max-width: 794px) 100vw, 794px\" \/><\/p>\n<p data-sourcepos=\"19:1-19:248\">Os Bombeiros Volunt\u00e1rios foram acionados e utilizaram mil litros de \u00e1gua para combater as chamas. Segundo a corpora\u00e7\u00e3o, o inc\u00eandio teve in\u00edcio na \u00e1rea da lavanderia e churrasqueira. Os propriet\u00e1rios da resid\u00eancia foram notificados sobre o ocorrido.<\/p>\n","protected":false},"excerpt":{"rendered":"<p>Um inc\u00eandio de grandes propor\u00e7\u00f5es destruiu uma resid\u00eancia de 90 metros quadrados no bairro Campo Bom, em Jaguaruna, na madrugada desta segunda-feira (24). O fogo, que come\u00e7ou por volta das 2 horas, consumiu a casa utilizada para veraneio. Apesar da destrui\u00e7\u00e3o, ningu\u00e9m ficou ferido. Os Bombeiros Volunt\u00e1rios foram acionados e utilizaram mil litros de \u00e1gua &hellip;<\/p>\n<p class=\"read-more\"> <a class=\"\" href=\"https:\/\/sulsc.com\/index.php\/2025\/03\/24\/residencia-de-veraneio-e-consumida-por-incendio-em-jaguaruna\/\"> <span class=\"screen-reader-text\">Resid\u00eancia de veraneio \u00e9 consumida por inc\u00eandio em Jaguaruna<\/span> Read More &raquo;<\/a><\/p>\n","protected":false},"author":3,"featured_media":21793,"comment_status":"open","ping_status":"open","sticky":false,"template":"","format":"standard","meta":{"site-sidebar-layout":"default","site-content-layout":"","ast-site-content-layout":"default","site-content-style":"default","site-sidebar-style":"default","ast-global-header-display":"","ast-banner-title-visibility":"","ast-main-header-display":"","ast-hfb-above-header-display":"","ast-hfb-below-header-display":"","ast-hfb-mobile-header-display":"","site-post-title":"","ast-breadcrumbs-content":"","ast-featured-img":"","footer-sml-layout":"","theme-transparent-header-meta":"default","adv-header-id-meta":"","stick-header-meta":"","header-above-stick-meta":"","header-main-stick-meta":"","header-below-stick-meta":"","astra-migrate-meta-layouts":"set","footnotes":""},"categories":[8],"tags":[],"yoast_head":"<!-- This site is optimized with the Yoast SEO plugin v21.4 - https:\/\/yoast.com\/wordpress\/plugins\/seo\/ -->\n<title>Resid\u00eancia de veraneio \u00e9 consumida por inc\u00eandio em Jaguaruna -<\/title>\n<meta name=\"robots\" content=\"index, follow, max-snippet:-1, max-image-preview:large, max-video-preview:-1\" \/>\n<link rel=\"canonical\" href=\"https:\/\/sulsc.com\/index.php\/2025\/03\/24\/residencia-de-veraneio-e-consumida-por-incendio-em-jaguaruna\/\" \/>\n<meta property=\"og:locale\" content=\"en_US\" \/>\n<meta property=\"og:type\" content=\"article\" \/>\n<meta property=\"og:title\" content=\"Resid\u00eancia de veraneio \u00e9 consumida por inc\u00eandio em Jaguaruna -\" \/>\n<meta property=\"og:description\" content=\"Um inc\u00eandio de grandes propor\u00e7\u00f5es destruiu uma resid\u00eancia de 90 metros quadrados no bairro Campo Bom, em Jaguaruna, na madrugada desta segunda-feira (24). O fogo, que come\u00e7ou por volta das 2 horas, consumiu a casa utilizada para veraneio. Apesar da destrui\u00e7\u00e3o, ningu\u00e9m ficou ferido. Os Bombeiros Volunt\u00e1rios foram acionados e utilizaram mil litros de \u00e1gua &hellip; Resid\u00eancia de veraneio \u00e9 consumida por inc\u00eandio em Jaguaruna Read More &raquo;\" \/>\n<meta property=\"og:url\" content=\"https:\/\/sulsc.com\/index.php\/2025\/03\/24\/residencia-de-veraneio-e-consumida-por-incendio-em-jaguaruna\/\" \/>\n<meta property=\"article:author\" content=\"https:\/\/www.facebook.com\/profile.php?id=61559278119680\" \/>\n<meta property=\"article:published_time\" content=\"2025-03-24T21:04:03+00:00\" \/>\n<meta property=\"og:image\" content=\"http:\/\/sulsc.com\/wp-content\/uploads\/2025\/03\/214480.webp\" \/>\n\t<meta property=\"og:image:width\" content=\"1200\" \/>\n\t<meta property=\"og:image:height\" content=\"800\" \/>\n\t<meta property=\"og:image:type\" content=\"image\/webp\" \/>\n<meta name=\"author\" content=\"Reda\u00e7\u00e3o Sul SC\" \/>\n<meta name=\"twitter:card\" content=\"summary_large_image\" \/>\n<meta name=\"twitter:creator\" content=\"@https:\/\/twitter.com\/PortalSulSC\" \/>\n<meta name=\"twitter:label1\" content=\"Written by\" \/>\n\t<meta name=\"twitter:data1\" content=\"Reda\u00e7\u00e3o Sul SC\" \/>\n\t<meta name=\"twitter:label2\" content=\"Est. reading time\" \/>\n\t<meta name=\"twitter:data2\" content=\"1 minute\" \/>\n<script type=\"application\/ld+json\" class=\"yoast-schema-graph\">{\"@context\":\"https:\/\/schema.org\",\"@graph\":[{\"@type\":\"WebPage\",\"@id\":\"https:\/\/sulsc.com\/index.php\/2025\/03\/24\/residencia-de-veraneio-e-consumida-por-incendio-em-jaguaruna\/\",\"url\":\"https:\/\/sulsc.com\/index.php\/2025\/03\/24\/residencia-de-veraneio-e-consumida-por-incendio-em-jaguaruna\/\",\"name\":\"Resid\u00eancia de veraneio \u00e9 consumida por inc\u00eandio em Jaguaruna -\",\"isPartOf\":{\"@id\":\"https:\/\/sulsc.com\/#website\"},\"datePublished\":\"2025-03-24T21:04:03+00:00\",\"dateModified\":\"2025-03-24T21:04:03+00:00\",\"author\":{\"@id\":\"https:\/\/sulsc.com\/#\/schema\/person\/84d2fc571684f6248ba83092f07750a3\"},\"breadcrumb\":{\"@id\":\"https:\/\/sulsc.com\/index.php\/2025\/03\/24\/residencia-de-veraneio-e-consumida-por-incendio-em-jaguaruna\/#breadcrumb\"},\"inLanguage\":\"en-US\",\"potentialAction\":[{\"@type\":\"ReadAction\",\"target\":[\"https:\/\/sulsc.com\/index.php\/2025\/03\/24\/residencia-de-veraneio-e-consumida-por-incendio-em-jaguaruna\/\"]}]},{\"@type\":\"BreadcrumbList\",\"@id\":\"https:\/\/sulsc.com\/index.php\/2025\/03\/24\/residencia-de-veraneio-e-consumida-por-incendio-em-jaguaruna\/#breadcrumb\",\"itemListElement\":[{\"@type\":\"ListItem\",\"position\":1,\"name\":\"In\u00edcio\",\"item\":\"https:\/\/sulsc.com\/\"},{\"@type\":\"ListItem\",\"position\":2,\"name\":\"Resid\u00eancia de veraneio \u00e9 consumida por inc\u00eandio em Jaguaruna\"}]},{\"@type\":\"WebSite\",\"@id\":\"https:\/\/sulsc.com\/#website\",\"url\":\"https:\/\/sulsc.com\/\",\"name\":\"\",\"description\":\"\",\"potentialAction\":[{\"@type\":\"SearchAction\",\"target\":{\"@type\":\"EntryPoint\",\"urlTemplate\":\"https:\/\/sulsc.com\/?s={search_term_string}\"},\"query-input\":\"required name=search_term_string\"}],\"inLanguage\":\"en-US\"},{\"@type\":\"Person\",\"@id\":\"https:\/\/sulsc.com\/#\/schema\/person\/84d2fc571684f6248ba83092f07750a3\",\"name\":\"Reda\u00e7\u00e3o Sul SC\",\"image\":{\"@type\":\"ImageObject\",\"inLanguage\":\"en-US\",\"@id\":\"https:\/\/sulsc.com\/#\/schema\/person\/image\/e08d7fe2cc4ed596372063bbe852b8d0\",\"url\":\"https:\/\/sulsc.com\/wp-content\/uploads\/2023\/09\/redacao.png\",\"contentUrl\":\"https:\/\/sulsc.com\/wp-content\/uploads\/2023\/09\/redacao.png\",\"caption\":\"Reda\u00e7\u00e3o Sul SC\"},\"description\":\"Foco em um jornalismo imparcial, voltado \u00e0 qualidade dos seus conte\u00fados e, assim, levar informa\u00e7\u00e3o de valor que agregue \u00e0 vida dos leitores. Esta \u00e9 grande miss\u00e3o do Portal de Not\u00edcias Sul SC. N\u00e3o \u00e9 quantidade que muda o mundo, sempre foi e seguir\u00e1 sendo qualidade!\",\"sameAs\":[\"https:\/\/sulsc.com\/\",\"https:\/\/www.facebook.com\/profile.php?id=61559278119680\",\"https:\/\/www.instagram.com\/sulscportal\/?hl=pt-br\",\"https:\/\/twitter.com\/https:\/\/twitter.com\/PortalSulSC\",\"https:\/\/www.youtube.com\/channel\/UCv_BE8GeySluDov2n8qhVmw\"],\"url\":\"https:\/\/sulsc.com\/index.php\/author\/redacao\/\"}]}<\/script>\n<!-- \/ Yoast SEO plugin. -->","yoast_head_json":{"title":"Resid\u00eancia de veraneio \u00e9 consumida por inc\u00eandio em Jaguaruna -","robots":{"index":"index","follow":"follow","max-snippet":"max-snippet:-1","max-image-preview":"max-image-preview:large","max-video-preview":"max-video-preview:-1"},"canonical":"https:\/\/sulsc.com\/index.php\/2025\/03\/24\/residencia-de-veraneio-e-consumida-por-incendio-em-jaguaruna\/","og_locale":"en_US","og_type":"article","og_title":"Resid\u00eancia de veraneio \u00e9 consumida por inc\u00eandio em Jaguaruna -","og_description":"Um inc\u00eandio de grandes propor\u00e7\u00f5es destruiu uma resid\u00eancia de 90 metros quadrados no bairro Campo Bom, em Jaguaruna, na madrugada desta segunda-feira (24). O fogo, que come\u00e7ou por volta das 2 horas, consumiu a casa utilizada para veraneio. Apesar da destrui\u00e7\u00e3o, ningu\u00e9m ficou ferido. Os Bombeiros Volunt\u00e1rios foram acionados e utilizaram mil litros de \u00e1gua &hellip; Resid\u00eancia de veraneio \u00e9 consumida por inc\u00eandio em Jaguaruna Read More &raquo;","og_url":"https:\/\/sulsc.com\/index.php\/2025\/03\/24\/residencia-de-veraneio-e-consumida-por-incendio-em-jaguaruna\/","article_author":"https:\/\/www.facebook.com\/profile.php?id=61559278119680","article_published_time":"2025-03-24T21:04:03+00:00","og_image":[{"width":1200,"height":800,"url":"http:\/\/sulsc.com\/wp-content\/uploads\/2025\/03\/214480.webp","type":"image\/webp"}],"author":"Reda\u00e7\u00e3o Sul SC","twitter_card":"summary_large_image","twitter_creator":"@https:\/\/twitter.com\/PortalSulSC","twitter_misc":{"Written by":"Reda\u00e7\u00e3o Sul SC","Est. reading time":"1 minute"},"schema":{"@context":"https:\/\/schema.org","@graph":[{"@type":"WebPage","@id":"https:\/\/sulsc.com\/index.php\/2025\/03\/24\/residencia-de-veraneio-e-consumida-por-incendio-em-jaguaruna\/","url":"https:\/\/sulsc.com\/index.php\/2025\/03\/24\/residencia-de-veraneio-e-consumida-por-incendio-em-jaguaruna\/","name":"Resid\u00eancia de veraneio \u00e9 consumida por inc\u00eandio em Jaguaruna -","isPartOf":{"@id":"https:\/\/sulsc.com\/#website"},"datePublished":"2025-03-24T21:04:03+00:00","dateModified":"2025-03-24T21:04:03+00:00","author":{"@id":"https:\/\/sulsc.com\/#\/schema\/person\/84d2fc571684f6248ba83092f07750a3"},"breadcrumb":{"@id":"https:\/\/sulsc.com\/index.php\/2025\/03\/24\/residencia-de-veraneio-e-consumida-por-incendio-em-jaguaruna\/#breadcrumb"},"inLanguage":"en-US","potentialAction":[{"@type":"ReadAction","target":["https:\/\/sulsc.com\/index.php\/2025\/03\/24\/residencia-de-veraneio-e-consumida-por-incendio-em-jaguaruna\/"]}]},{"@type":"BreadcrumbList","@id":"https:\/\/sulsc.com\/index.php\/2025\/03\/24\/residencia-de-veraneio-e-consumida-por-incendio-em-jaguaruna\/#breadcrumb","itemListElement":[{"@type":"ListItem","position":1,"name":"In\u00edcio","item":"https:\/\/sulsc.com\/"},{"@type":"ListItem","position":2,"name":"Resid\u00eancia de veraneio \u00e9 consumida por inc\u00eandio em Jaguaruna"}]},{"@type":"WebSite","@id":"https:\/\/sulsc.com\/#website","url":"https:\/\/sulsc.com\/","name":"","description":"","potentialAction":[{"@type":"SearchAction","target":{"@type":"EntryPoint","urlTemplate":"https:\/\/sulsc.com\/?s={search_term_string}"},"query-input":"required name=search_term_string"}],"inLanguage":"en-US"},{"@type":"Person","@id":"https:\/\/sulsc.com\/#\/schema\/person\/84d2fc571684f6248ba83092f07750a3","name":"Reda\u00e7\u00e3o Sul SC","image":{"@type":"ImageObject","inLanguage":"en-US","@id":"https:\/\/sulsc.com\/#\/schema\/person\/image\/e08d7fe2cc4ed596372063bbe852b8d0","url":"https:\/\/sulsc.com\/wp-content\/uploads\/2023\/09\/redacao.png","contentUrl":"https:\/\/sulsc.com\/wp-content\/uploads\/2023\/09\/redacao.png","caption":"Reda\u00e7\u00e3o Sul SC"},"description":"Foco em um jornalismo imparcial, voltado \u00e0 qualidade dos seus conte\u00fados e, assim, levar informa\u00e7\u00e3o de valor que agregue \u00e0 vida dos leitores. Esta \u00e9 grande miss\u00e3o do Portal de Not\u00edcias Sul SC. N\u00e3o \u00e9 quantidade que muda o mundo, sempre foi e seguir\u00e1 sendo qualidade!","sameAs":["https:\/\/sulsc.com\/","https:\/\/www.facebook.com\/profile.php?id=61559278119680","https:\/\/www.instagram.com\/sulscportal\/?hl=pt-br","https:\/\/twitter.com\/https:\/\/twitter.com\/PortalSulSC","https:\/\/www.youtube.com\/channel\/UCv_BE8GeySluDov2n8qhVmw"],"url":"https:\/\/sulsc.com\/index.php\/author\/redacao\/"}]}},"authors":[],"_links":{"self":[{"href":"https:\/\/sulsc.com\/index.php\/wp-json\/wp\/v2\/posts\/21792"}],"collection":[{"href":"https:\/\/sulsc.com\/index.php\/wp-json\/wp\/v2\/posts"}],"about":[{"href":"https:\/\/sulsc.com\/index.php\/wp-json\/wp\/v2\/types\/post"}],"author":[{"embeddable":true,"href":"https:\/\/sulsc.com\/index.php\/wp-json\/wp\/v2\/users\/3"}],"replies":[{"embeddable":true,"href":"https:\/\/sulsc.com\/index.php\/wp-json\/wp\/v2\/comments?post=21792"}],"version-history":[{"count":1,"href":"https:\/\/sulsc.com\/index.php\/wp-json\/wp\/v2\/posts\/21792\/revisions"}],"predecessor-version":[{"id":21794,"href":"https:\/\/sulsc.com\/index.php\/wp-json\/wp\/v2\/posts\/21792\/revisions\/21794"}],"wp:featuredmedia":[{"embeddable":true,"href":"https:\/\/sulsc.com\/index.php\/wp-json\/wp\/v2\/media\/21793"}],"wp:attachment":[{"href":"https:\/\/sulsc.com\/index.php\/wp-json\/wp\/v2\/media?parent=21792"}],"wp:term":[{"taxonomy":"category","embeddable":true,"href":"https:\/\/sulsc.com\/index.php\/wp-json\/wp\/v2\/categories?post=21792"},{"taxonomy":"post_tag","embeddable":true,"href":"https:\/\/sulsc.com\/index.php\/wp-json\/wp\/v2\/tags?post=21792"}],"curies":[{"name":"wp","href":"https:\/\/api.w.org\/{rel}","templated":true}]}}