{"id":21798,"date":"2025-03-25T08:34:20","date_gmt":"2025-03-25T11:34:20","guid":{"rendered":"https:\/\/sulsc.com\/?p=21798"},"modified":"2025-03-25T08:34:20","modified_gmt":"2025-03-25T11:34:20","slug":"terca-feira-25-instavel-com-condicoes-de-temporais-isolado-principalmente-nas-areas-litoraneas","status":"publish","type":"post","link":"https:\/\/sulsc.com\/index.php\/2025\/03\/25\/terca-feira-25-instavel-com-condicoes-de-temporais-isolado-principalmente-nas-areas-litoraneas\/","title":{"rendered":"Ter\u00e7a-feira (25) inst\u00e1vel com condi\u00e7\u00f5es de temporais isolado principalmente nas \u00e1reas litor\u00e2neas"},"content":{"rendered":"<p>O dia segue inst\u00e1vel em todo o estado nesta ter\u00e7a-feira (25). H\u00e1 condi\u00e7\u00f5es para temporais isolados em todas as regi\u00f5es, especialmente entre a tarde e \u00e0 noite. O risco \u00e9 baixo a moderado para ocorr\u00eancias associadas a destelhamentos, danos na rede el\u00e9trica, queda de galhos e \u00e1rvores e alagamentos pontuais, especialmente no litoral sul catarinense.<\/p>\n<p><img fetchpriority=\"high\" decoding=\"async\" class=\"aligncenter size-full wp-image-21799\" src=\"http:\/\/sulsc.com\/wp-content\/uploads\/2025\/03\/3-1.png\" alt=\"\" width=\"1477\" height=\"1003\" srcset=\"https:\/\/sulsc.com\/wp-content\/uploads\/2025\/03\/3-1.png 1477w, https:\/\/sulsc.com\/wp-content\/uploads\/2025\/03\/3-1-300x204.png 300w, https:\/\/sulsc.com\/wp-content\/uploads\/2025\/03\/3-1-1024x695.png 1024w, https:\/\/sulsc.com\/wp-content\/uploads\/2025\/03\/3-1-768x522.png 768w\" sizes=\"(max-width: 1477px) 100vw, 1477px\" \/><\/p>\n<p><img decoding=\"async\" class=\"aligncenter  wp-image-21800\" src=\"http:\/\/sulsc.com\/wp-content\/uploads\/2025\/03\/Tempo-1.png\" alt=\"\" width=\"587\" height=\"108\" srcset=\"https:\/\/sulsc.com\/wp-content\/uploads\/2025\/03\/Tempo-1.png 1024w, https:\/\/sulsc.com\/wp-content\/uploads\/2025\/03\/Tempo-1-300x55.png 300w, https:\/\/sulsc.com\/wp-content\/uploads\/2025\/03\/Tempo-1-768x142.png 768w\" sizes=\"(max-width: 587px) 100vw, 587px\" \/><\/p>\n<p><strong>Temperaturas<\/strong><\/p>\n<p>As temperaturas seguem amenas nas primeiras horas da manh\u00e3, variando entre 12\u00b0C e 16\u00b0C nas regi\u00f5es serranas e entre 16\u00b0C e 22\u00b0C nas demais \u00e1reas catarinenses. As m\u00e1ximas variam entre 26\u00b0C e 33\u00b0C no Litoral e no Oeste e n\u00e3o passam dos 28\u00b0C nas demais regi\u00f5es do estado.<\/p>\n<p>Fonte\/Defesa Civil SC<\/p>\n<p>Foto\/Portal Sulsc.com<\/p>\n","protected":false},"excerpt":{"rendered":"<p>O dia segue inst\u00e1vel em todo o estado nesta ter\u00e7a-feira (25). H\u00e1 condi\u00e7\u00f5es para temporais isolados em todas as regi\u00f5es, especialmente entre a tarde e \u00e0 noite. O risco \u00e9 baixo a moderado para ocorr\u00eancias associadas a destelhamentos, danos na rede el\u00e9trica, queda de galhos e \u00e1rvores e alagamentos pontuais, especialmente no litoral sul catarinense. &hellip;<\/p>\n<p class=\"read-more\"> <a class=\"\" href=\"https:\/\/sulsc.com\/index.php\/2025\/03\/25\/terca-feira-25-instavel-com-condicoes-de-temporais-isolado-principalmente-nas-areas-litoraneas\/\"> <span class=\"screen-reader-text\">Ter\u00e7a-feira (25) inst\u00e1vel com condi\u00e7\u00f5es de temporais isolado principalmente nas \u00e1reas litor\u00e2neas<\/span> Read More &raquo;<\/a><\/p>\n","protected":false},"author":3,"featured_media":21801,"comment_status":"open","ping_status":"open","sticky":false,"template":"","format":"standard","meta":{"site-sidebar-layout":"default","site-content-layout":"","ast-site-content-layout":"default","site-content-style":"default","site-sidebar-style":"default","ast-global-header-display":"","ast-banner-title-visibility":"","ast-main-header-display":"","ast-hfb-above-header-display":"","ast-hfb-below-header-display":"","ast-hfb-mobile-header-display":"","site-post-title":"","ast-breadcrumbs-content":"","ast-featured-img":"","footer-sml-layout":"","theme-transparent-header-meta":"default","adv-header-id-meta":"","stick-header-meta":"","header-above-stick-meta":"","header-main-stick-meta":"","header-below-stick-meta":"","astra-migrate-meta-layouts":"set","footnotes":""},"categories":[38],"tags":[90],"yoast_head":"<!-- This site is optimized with the Yoast SEO plugin v21.4 - https:\/\/yoast.com\/wordpress\/plugins\/seo\/ -->\n<title>Ter\u00e7a-feira (25) inst\u00e1vel com condi\u00e7\u00f5es de temporais isolado principalmente nas \u00e1reas litor\u00e2neas -<\/title>\n<meta name=\"description\" content=\"Ter\u00e7a-feira 25 parcialmente nublado com possibilidade de temporais isolados mais nas \u00e1reas do litoral e com temperaturas acimas dos 32\u00baC\" \/>\n<meta name=\"robots\" content=\"index, follow, max-snippet:-1, max-image-preview:large, max-video-preview:-1\" \/>\n<link rel=\"canonical\" href=\"https:\/\/sulsc.com\/index.php\/2025\/03\/25\/terca-feira-25-instavel-com-condicoes-de-temporais-isolado-principalmente-nas-areas-litoraneas\/\" \/>\n<meta property=\"og:locale\" content=\"en_US\" \/>\n<meta property=\"og:type\" content=\"article\" \/>\n<meta property=\"og:title\" content=\"Ter\u00e7a-feira (25) inst\u00e1vel com condi\u00e7\u00f5es de temporais isolado principalmente nas \u00e1reas litor\u00e2neas -\" \/>\n<meta property=\"og:description\" content=\"Ter\u00e7a-feira 25 parcialmente nublado com possibilidade de temporais isolados mais nas \u00e1reas do litoral e com temperaturas acimas dos 32\u00baC\" \/>\n<meta property=\"og:url\" content=\"https:\/\/sulsc.com\/index.php\/2025\/03\/25\/terca-feira-25-instavel-com-condicoes-de-temporais-isolado-principalmente-nas-areas-litoraneas\/\" \/>\n<meta property=\"article:author\" content=\"https:\/\/www.facebook.com\/profile.php?id=61559278119680\" \/>\n<meta property=\"article:published_time\" content=\"2025-03-25T11:34:20+00:00\" \/>\n<meta property=\"og:image\" content=\"http:\/\/sulsc.com\/wp-content\/uploads\/2025\/03\/92835720-e038-4750-91e5-9f0d331359d0-1.jpg\" \/>\n\t<meta property=\"og:image:width\" content=\"1600\" \/>\n\t<meta property=\"og:image:height\" content=\"720\" \/>\n\t<meta property=\"og:image:type\" content=\"image\/jpeg\" \/>\n<meta name=\"author\" content=\"Reda\u00e7\u00e3o Sul SC\" \/>\n<meta name=\"twitter:card\" content=\"summary_large_image\" \/>\n<meta name=\"twitter:creator\" content=\"@https:\/\/twitter.com\/PortalSulSC\" \/>\n<meta name=\"twitter:label1\" content=\"Written by\" \/>\n\t<meta name=\"twitter:data1\" content=\"Reda\u00e7\u00e3o Sul SC\" \/>\n\t<meta name=\"twitter:label2\" content=\"Est. reading time\" \/>\n\t<meta name=\"twitter:data2\" content=\"1 minute\" \/>\n<script type=\"application\/ld+json\" class=\"yoast-schema-graph\">{\"@context\":\"https:\/\/schema.org\",\"@graph\":[{\"@type\":\"WebPage\",\"@id\":\"https:\/\/sulsc.com\/index.php\/2025\/03\/25\/terca-feira-25-instavel-com-condicoes-de-temporais-isolado-principalmente-nas-areas-litoraneas\/\",\"url\":\"https:\/\/sulsc.com\/index.php\/2025\/03\/25\/terca-feira-25-instavel-com-condicoes-de-temporais-isolado-principalmente-nas-areas-litoraneas\/\",\"name\":\"Ter\u00e7a-feira (25) inst\u00e1vel com condi\u00e7\u00f5es de temporais isolado principalmente nas \u00e1reas litor\u00e2neas -\",\"isPartOf\":{\"@id\":\"https:\/\/sulsc.com\/#website\"},\"datePublished\":\"2025-03-25T11:34:20+00:00\",\"dateModified\":\"2025-03-25T11:34:20+00:00\",\"author\":{\"@id\":\"https:\/\/sulsc.com\/#\/schema\/person\/84d2fc571684f6248ba83092f07750a3\"},\"description\":\"Ter\u00e7a-feira 25 parcialmente nublado com possibilidade de temporais isolados mais nas \u00e1reas do litoral e com temperaturas acimas dos 32\u00baC\",\"breadcrumb\":{\"@id\":\"https:\/\/sulsc.com\/index.php\/2025\/03\/25\/terca-feira-25-instavel-com-condicoes-de-temporais-isolado-principalmente-nas-areas-litoraneas\/#breadcrumb\"},\"inLanguage\":\"en-US\",\"potentialAction\":[{\"@type\":\"ReadAction\",\"target\":[\"https:\/\/sulsc.com\/index.php\/2025\/03\/25\/terca-feira-25-instavel-com-condicoes-de-temporais-isolado-principalmente-nas-areas-litoraneas\/\"]}]},{\"@type\":\"BreadcrumbList\",\"@id\":\"https:\/\/sulsc.com\/index.php\/2025\/03\/25\/terca-feira-25-instavel-com-condicoes-de-temporais-isolado-principalmente-nas-areas-litoraneas\/#breadcrumb\",\"itemListElement\":[{\"@type\":\"ListItem\",\"position\":1,\"name\":\"In\u00edcio\",\"item\":\"https:\/\/sulsc.com\/\"},{\"@type\":\"ListItem\",\"position\":2,\"name\":\"Ter\u00e7a-feira (25) inst\u00e1vel com condi\u00e7\u00f5es de temporais isolado principalmente nas \u00e1reas litor\u00e2neas\"}]},{\"@type\":\"WebSite\",\"@id\":\"https:\/\/sulsc.com\/#website\",\"url\":\"https:\/\/sulsc.com\/\",\"name\":\"\",\"description\":\"\",\"potentialAction\":[{\"@type\":\"SearchAction\",\"target\":{\"@type\":\"EntryPoint\",\"urlTemplate\":\"https:\/\/sulsc.com\/?s={search_term_string}\"},\"query-input\":\"required name=search_term_string\"}],\"inLanguage\":\"en-US\"},{\"@type\":\"Person\",\"@id\":\"https:\/\/sulsc.com\/#\/schema\/person\/84d2fc571684f6248ba83092f07750a3\",\"name\":\"Reda\u00e7\u00e3o Sul SC\",\"image\":{\"@type\":\"ImageObject\",\"inLanguage\":\"en-US\",\"@id\":\"https:\/\/sulsc.com\/#\/schema\/person\/image\/e08d7fe2cc4ed596372063bbe852b8d0\",\"url\":\"https:\/\/sulsc.com\/wp-content\/uploads\/2023\/09\/redacao.png\",\"contentUrl\":\"https:\/\/sulsc.com\/wp-content\/uploads\/2023\/09\/redacao.png\",\"caption\":\"Reda\u00e7\u00e3o Sul SC\"},\"description\":\"Foco em um jornalismo imparcial, voltado \u00e0 qualidade dos seus conte\u00fados e, assim, levar informa\u00e7\u00e3o de valor que agregue \u00e0 vida dos leitores. Esta \u00e9 grande miss\u00e3o do Portal de Not\u00edcias Sul SC. N\u00e3o \u00e9 quantidade que muda o mundo, sempre foi e seguir\u00e1 sendo qualidade!\",\"sameAs\":[\"https:\/\/sulsc.com\/\",\"https:\/\/www.facebook.com\/profile.php?id=61559278119680\",\"https:\/\/www.instagram.com\/sulscportal\/?hl=pt-br\",\"https:\/\/twitter.com\/https:\/\/twitter.com\/PortalSulSC\",\"https:\/\/www.youtube.com\/channel\/UCv_BE8GeySluDov2n8qhVmw\"],\"url\":\"https:\/\/sulsc.com\/index.php\/author\/redacao\/\"}]}<\/script>\n<!-- \/ Yoast SEO plugin. -->","yoast_head_json":{"title":"Ter\u00e7a-feira (25) inst\u00e1vel com condi\u00e7\u00f5es de temporais isolado principalmente nas \u00e1reas litor\u00e2neas -","description":"Ter\u00e7a-feira 25 parcialmente nublado com possibilidade de temporais isolados mais nas \u00e1reas do litoral e com temperaturas acimas dos 32\u00baC","robots":{"index":"index","follow":"follow","max-snippet":"max-snippet:-1","max-image-preview":"max-image-preview:large","max-video-preview":"max-video-preview:-1"},"canonical":"https:\/\/sulsc.com\/index.php\/2025\/03\/25\/terca-feira-25-instavel-com-condicoes-de-temporais-isolado-principalmente-nas-areas-litoraneas\/","og_locale":"en_US","og_type":"article","og_title":"Ter\u00e7a-feira (25) inst\u00e1vel com condi\u00e7\u00f5es de temporais isolado principalmente nas \u00e1reas litor\u00e2neas -","og_description":"Ter\u00e7a-feira 25 parcialmente nublado com possibilidade de temporais isolados mais nas \u00e1reas do litoral e com temperaturas acimas dos 32\u00baC","og_url":"https:\/\/sulsc.com\/index.php\/2025\/03\/25\/terca-feira-25-instavel-com-condicoes-de-temporais-isolado-principalmente-nas-areas-litoraneas\/","article_author":"https:\/\/www.facebook.com\/profile.php?id=61559278119680","article_published_time":"2025-03-25T11:34:20+00:00","og_image":[{"width":1600,"height":720,"url":"http:\/\/sulsc.com\/wp-content\/uploads\/2025\/03\/92835720-e038-4750-91e5-9f0d331359d0-1.jpg","type":"image\/jpeg"}],"author":"Reda\u00e7\u00e3o Sul SC","twitter_card":"summary_large_image","twitter_creator":"@https:\/\/twitter.com\/PortalSulSC","twitter_misc":{"Written by":"Reda\u00e7\u00e3o Sul SC","Est. reading time":"1 minute"},"schema":{"@context":"https:\/\/schema.org","@graph":[{"@type":"WebPage","@id":"https:\/\/sulsc.com\/index.php\/2025\/03\/25\/terca-feira-25-instavel-com-condicoes-de-temporais-isolado-principalmente-nas-areas-litoraneas\/","url":"https:\/\/sulsc.com\/index.php\/2025\/03\/25\/terca-feira-25-instavel-com-condicoes-de-temporais-isolado-principalmente-nas-areas-litoraneas\/","name":"Ter\u00e7a-feira (25) inst\u00e1vel com condi\u00e7\u00f5es de temporais isolado principalmente nas \u00e1reas litor\u00e2neas -","isPartOf":{"@id":"https:\/\/sulsc.com\/#website"},"datePublished":"2025-03-25T11:34:20+00:00","dateModified":"2025-03-25T11:34:20+00:00","author":{"@id":"https:\/\/sulsc.com\/#\/schema\/person\/84d2fc571684f6248ba83092f07750a3"},"description":"Ter\u00e7a-feira 25 parcialmente nublado com possibilidade de temporais isolados mais nas \u00e1reas do litoral e com temperaturas acimas dos 32\u00baC","breadcrumb":{"@id":"https:\/\/sulsc.com\/index.php\/2025\/03\/25\/terca-feira-25-instavel-com-condicoes-de-temporais-isolado-principalmente-nas-areas-litoraneas\/#breadcrumb"},"inLanguage":"en-US","potentialAction":[{"@type":"ReadAction","target":["https:\/\/sulsc.com\/index.php\/2025\/03\/25\/terca-feira-25-instavel-com-condicoes-de-temporais-isolado-principalmente-nas-areas-litoraneas\/"]}]},{"@type":"BreadcrumbList","@id":"https:\/\/sulsc.com\/index.php\/2025\/03\/25\/terca-feira-25-instavel-com-condicoes-de-temporais-isolado-principalmente-nas-areas-litoraneas\/#breadcrumb","itemListElement":[{"@type":"ListItem","position":1,"name":"In\u00edcio","item":"https:\/\/sulsc.com\/"},{"@type":"ListItem","position":2,"name":"Ter\u00e7a-feira (25) inst\u00e1vel com condi\u00e7\u00f5es de temporais isolado principalmente nas \u00e1reas litor\u00e2neas"}]},{"@type":"WebSite","@id":"https:\/\/sulsc.com\/#website","url":"https:\/\/sulsc.com\/","name":"","description":"","potentialAction":[{"@type":"SearchAction","target":{"@type":"EntryPoint","urlTemplate":"https:\/\/sulsc.com\/?s={search_term_string}"},"query-input":"required name=search_term_string"}],"inLanguage":"en-US"},{"@type":"Person","@id":"https:\/\/sulsc.com\/#\/schema\/person\/84d2fc571684f6248ba83092f07750a3","name":"Reda\u00e7\u00e3o Sul SC","image":{"@type":"ImageObject","inLanguage":"en-US","@id":"https:\/\/sulsc.com\/#\/schema\/person\/image\/e08d7fe2cc4ed596372063bbe852b8d0","url":"https:\/\/sulsc.com\/wp-content\/uploads\/2023\/09\/redacao.png","contentUrl":"https:\/\/sulsc.com\/wp-content\/uploads\/2023\/09\/redacao.png","caption":"Reda\u00e7\u00e3o Sul SC"},"description":"Foco em um jornalismo imparcial, voltado \u00e0 qualidade dos seus conte\u00fados e, assim, levar informa\u00e7\u00e3o de valor que agregue \u00e0 vida dos leitores. Esta \u00e9 grande miss\u00e3o do Portal de Not\u00edcias Sul SC. N\u00e3o \u00e9 quantidade que muda o mundo, sempre foi e seguir\u00e1 sendo qualidade!","sameAs":["https:\/\/sulsc.com\/","https:\/\/www.facebook.com\/profile.php?id=61559278119680","https:\/\/www.instagram.com\/sulscportal\/?hl=pt-br","https:\/\/twitter.com\/https:\/\/twitter.com\/PortalSulSC","https:\/\/www.youtube.com\/channel\/UCv_BE8GeySluDov2n8qhVmw"],"url":"https:\/\/sulsc.com\/index.php\/author\/redacao\/"}]}},"authors":[],"_links":{"self":[{"href":"https:\/\/sulsc.com\/index.php\/wp-json\/wp\/v2\/posts\/21798"}],"collection":[{"href":"https:\/\/sulsc.com\/index.php\/wp-json\/wp\/v2\/posts"}],"about":[{"href":"https:\/\/sulsc.com\/index.php\/wp-json\/wp\/v2\/types\/post"}],"author":[{"embeddable":true,"href":"https:\/\/sulsc.com\/index.php\/wp-json\/wp\/v2\/users\/3"}],"replies":[{"embeddable":true,"href":"https:\/\/sulsc.com\/index.php\/wp-json\/wp\/v2\/comments?post=21798"}],"version-history":[{"count":1,"href":"https:\/\/sulsc.com\/index.php\/wp-json\/wp\/v2\/posts\/21798\/revisions"}],"predecessor-version":[{"id":21802,"href":"https:\/\/sulsc.com\/index.php\/wp-json\/wp\/v2\/posts\/21798\/revisions\/21802"}],"wp:featuredmedia":[{"embeddable":true,"href":"https:\/\/sulsc.com\/index.php\/wp-json\/wp\/v2\/media\/21801"}],"wp:attachment":[{"href":"https:\/\/sulsc.com\/index.php\/wp-json\/wp\/v2\/media?parent=21798"}],"wp:term":[{"taxonomy":"category","embeddable":true,"href":"https:\/\/sulsc.com\/index.php\/wp-json\/wp\/v2\/categories?post=21798"},{"taxonomy":"post_tag","embeddable":true,"href":"https:\/\/sulsc.com\/index.php\/wp-json\/wp\/v2\/tags?post=21798"}],"curies":[{"name":"wp","href":"https:\/\/api.w.org\/{rel}","templated":true}]}}