{"id":2181,"date":"2023-10-11T09:00:32","date_gmt":"2023-10-11T12:00:32","guid":{"rendered":"https:\/\/sulsc.com\/?p=2181"},"modified":"2023-10-11T08:19:31","modified_gmt":"2023-10-11T11:19:31","slug":"policiais-prendem-condenado-por-estupro-de-vulneravel-cometido-no-ambito-familiar-em-grao-para","status":"publish","type":"post","link":"https:\/\/sulsc.com\/index.php\/2023\/10\/11\/policiais-prendem-condenado-por-estupro-de-vulneravel-cometido-no-ambito-familiar-em-grao-para\/","title":{"rendered":"Policiais prendem condenado por estupro de vulner\u00e1vel cometido no \u00e2mbito familiar em Gr\u00e3o-Par\u00e1"},"content":{"rendered":"<p>Uma opera\u00e7\u00e3o conjunta entre Pol\u00edcia Civil e Pol\u00edcia Militar, resultou na pris\u00e3o de um homem de 36 anos. Ele foi detido pela pr\u00e1tica do crime de estupro de vulner\u00e1vel, cometido por tr\u00eas vezes, no \u00e2mbito familiar.<\/p>\n<p>Os crimes ocorreram em 2015 na cidade de Gr\u00e3o-Par\u00e1. O acusado foi condenado a pena de 26 anos de pris\u00e3o.\u00a0Com um mandado de pris\u00e3o ativo, o homem foi localizado em sua resid\u00eancia.<\/p>\n<p>O criminoso foi encaminhado ao Pres\u00eddio Regional de Tubar\u00e3o.<\/p>\n<p><img fetchpriority=\"high\" decoding=\"async\" class=\"alignnone size-large wp-image-2182\" src=\"http:\/\/sulsc.com\/wp-content\/uploads\/2023\/10\/abuso-1024x683.jpg\" alt=\"\" width=\"1024\" height=\"683\" srcset=\"https:\/\/sulsc.com\/wp-content\/uploads\/2023\/10\/abuso-1024x683.jpg 1024w, https:\/\/sulsc.com\/wp-content\/uploads\/2023\/10\/abuso-300x200.jpg 300w, https:\/\/sulsc.com\/wp-content\/uploads\/2023\/10\/abuso-768x512.jpg 768w, https:\/\/sulsc.com\/wp-content\/uploads\/2023\/10\/abuso-1536x1024.jpg 1536w, https:\/\/sulsc.com\/wp-content\/uploads\/2023\/10\/abuso-2048x1366.jpg 2048w\" sizes=\"(max-width: 1024px) 100vw, 1024px\" \/><\/p>\n<p>Fonte: Hora Hiper<\/p>\n","protected":false},"excerpt":{"rendered":"<p>Uma opera\u00e7\u00e3o conjunta entre Pol\u00edcia Civil e Pol\u00edcia Militar, resultou na pris\u00e3o de um homem de 36 anos. Ele foi detido pela pr\u00e1tica do crime de estupro de vulner\u00e1vel, cometido por tr\u00eas vezes, no \u00e2mbito familiar. Os crimes ocorreram em 2015 na cidade de Gr\u00e3o-Par\u00e1. O acusado foi condenado a pena de 26 anos de &hellip;<\/p>\n<p class=\"read-more\"> <a class=\"\" href=\"https:\/\/sulsc.com\/index.php\/2023\/10\/11\/policiais-prendem-condenado-por-estupro-de-vulneravel-cometido-no-ambito-familiar-em-grao-para\/\"> <span class=\"screen-reader-text\">Policiais prendem condenado por estupro de vulner\u00e1vel cometido no \u00e2mbito familiar em Gr\u00e3o-Par\u00e1<\/span> Read More &raquo;<\/a><\/p>\n","protected":false},"author":3,"featured_media":2183,"comment_status":"open","ping_status":"open","sticky":false,"template":"","format":"standard","meta":{"site-sidebar-layout":"default","site-content-layout":"","ast-site-content-layout":"default","site-content-style":"default","site-sidebar-style":"default","ast-global-header-display":"","ast-banner-title-visibility":"","ast-main-header-display":"","ast-hfb-above-header-display":"","ast-hfb-below-header-display":"","ast-hfb-mobile-header-display":"","site-post-title":"","ast-breadcrumbs-content":"","ast-featured-img":"","footer-sml-layout":"","theme-transparent-header-meta":"default","adv-header-id-meta":"","stick-header-meta":"","header-above-stick-meta":"","header-main-stick-meta":"","header-below-stick-meta":"","astra-migrate-meta-layouts":"set","footnotes":""},"categories":[8],"tags":[],"yoast_head":"<!-- This site is optimized with the Yoast SEO plugin v21.4 - https:\/\/yoast.com\/wordpress\/plugins\/seo\/ -->\n<title>Policiais prendem condenado por estupro de vulner\u00e1vel cometido no \u00e2mbito familiar em Gr\u00e3o-Par\u00e1 -<\/title>\n<meta name=\"robots\" content=\"index, follow, max-snippet:-1, max-image-preview:large, max-video-preview:-1\" \/>\n<link rel=\"canonical\" href=\"https:\/\/sulsc.com\/index.php\/2023\/10\/11\/policiais-prendem-condenado-por-estupro-de-vulneravel-cometido-no-ambito-familiar-em-grao-para\/\" \/>\n<meta property=\"og:locale\" content=\"en_US\" \/>\n<meta property=\"og:type\" content=\"article\" \/>\n<meta property=\"og:title\" content=\"Policiais prendem condenado por estupro de vulner\u00e1vel cometido no \u00e2mbito familiar em Gr\u00e3o-Par\u00e1 -\" \/>\n<meta property=\"og:description\" content=\"Uma opera\u00e7\u00e3o conjunta entre Pol\u00edcia Civil e Pol\u00edcia Militar, resultou na pris\u00e3o de um homem de 36 anos. Ele foi detido pela pr\u00e1tica do crime de estupro de vulner\u00e1vel, cometido por tr\u00eas vezes, no \u00e2mbito familiar. Os crimes ocorreram em 2015 na cidade de Gr\u00e3o-Par\u00e1. O acusado foi condenado a pena de 26 anos de &hellip; Policiais prendem condenado por estupro de vulner\u00e1vel cometido no \u00e2mbito familiar em Gr\u00e3o-Par\u00e1 Read More &raquo;\" \/>\n<meta property=\"og:url\" content=\"https:\/\/sulsc.com\/index.php\/2023\/10\/11\/policiais-prendem-condenado-por-estupro-de-vulneravel-cometido-no-ambito-familiar-em-grao-para\/\" \/>\n<meta property=\"article:author\" content=\"https:\/\/www.facebook.com\/profile.php?id=61559278119680\" \/>\n<meta property=\"article:published_time\" content=\"2023-10-11T12:00:32+00:00\" \/>\n<meta property=\"article:modified_time\" content=\"2023-10-11T11:19:31+00:00\" \/>\n<meta property=\"og:image\" content=\"https:\/\/sulsc.com\/wp-content\/uploads\/2023\/10\/abuso-2-scaled.jpg\" \/>\n\t<meta property=\"og:image:width\" content=\"2560\" \/>\n\t<meta property=\"og:image:height\" content=\"1707\" \/>\n\t<meta property=\"og:image:type\" content=\"image\/jpeg\" \/>\n<meta name=\"author\" content=\"Reda\u00e7\u00e3o Sul SC\" \/>\n<meta name=\"twitter:card\" content=\"summary_large_image\" \/>\n<meta name=\"twitter:creator\" content=\"@https:\/\/twitter.com\/PortalSulSC\" \/>\n<meta name=\"twitter:label1\" content=\"Written by\" \/>\n\t<meta name=\"twitter:data1\" content=\"Reda\u00e7\u00e3o Sul SC\" \/>\n<script type=\"application\/ld+json\" class=\"yoast-schema-graph\">{\"@context\":\"https:\/\/schema.org\",\"@graph\":[{\"@type\":\"WebPage\",\"@id\":\"https:\/\/sulsc.com\/index.php\/2023\/10\/11\/policiais-prendem-condenado-por-estupro-de-vulneravel-cometido-no-ambito-familiar-em-grao-para\/\",\"url\":\"https:\/\/sulsc.com\/index.php\/2023\/10\/11\/policiais-prendem-condenado-por-estupro-de-vulneravel-cometido-no-ambito-familiar-em-grao-para\/\",\"name\":\"Policiais prendem condenado por estupro de vulner\u00e1vel cometido no \u00e2mbito familiar em Gr\u00e3o-Par\u00e1 -\",\"isPartOf\":{\"@id\":\"https:\/\/sulsc.com\/#website\"},\"datePublished\":\"2023-10-11T12:00:32+00:00\",\"dateModified\":\"2023-10-11T11:19:31+00:00\",\"author\":{\"@id\":\"https:\/\/sulsc.com\/#\/schema\/person\/84d2fc571684f6248ba83092f07750a3\"},\"breadcrumb\":{\"@id\":\"https:\/\/sulsc.com\/index.php\/2023\/10\/11\/policiais-prendem-condenado-por-estupro-de-vulneravel-cometido-no-ambito-familiar-em-grao-para\/#breadcrumb\"},\"inLanguage\":\"en-US\",\"potentialAction\":[{\"@type\":\"ReadAction\",\"target\":[\"https:\/\/sulsc.com\/index.php\/2023\/10\/11\/policiais-prendem-condenado-por-estupro-de-vulneravel-cometido-no-ambito-familiar-em-grao-para\/\"]}]},{\"@type\":\"BreadcrumbList\",\"@id\":\"https:\/\/sulsc.com\/index.php\/2023\/10\/11\/policiais-prendem-condenado-por-estupro-de-vulneravel-cometido-no-ambito-familiar-em-grao-para\/#breadcrumb\",\"itemListElement\":[{\"@type\":\"ListItem\",\"position\":1,\"name\":\"In\u00edcio\",\"item\":\"https:\/\/sulsc.com\/\"},{\"@type\":\"ListItem\",\"position\":2,\"name\":\"Policiais prendem condenado por estupro de vulner\u00e1vel cometido no \u00e2mbito familiar em Gr\u00e3o-Par\u00e1\"}]},{\"@type\":\"WebSite\",\"@id\":\"https:\/\/sulsc.com\/#website\",\"url\":\"https:\/\/sulsc.com\/\",\"name\":\"\",\"description\":\"\",\"potentialAction\":[{\"@type\":\"SearchAction\",\"target\":{\"@type\":\"EntryPoint\",\"urlTemplate\":\"https:\/\/sulsc.com\/?s={search_term_string}\"},\"query-input\":\"required name=search_term_string\"}],\"inLanguage\":\"en-US\"},{\"@type\":\"Person\",\"@id\":\"https:\/\/sulsc.com\/#\/schema\/person\/84d2fc571684f6248ba83092f07750a3\",\"name\":\"Reda\u00e7\u00e3o Sul SC\",\"image\":{\"@type\":\"ImageObject\",\"inLanguage\":\"en-US\",\"@id\":\"https:\/\/sulsc.com\/#\/schema\/person\/image\/e08d7fe2cc4ed596372063bbe852b8d0\",\"url\":\"https:\/\/sulsc.com\/wp-content\/uploads\/2023\/09\/redacao.png\",\"contentUrl\":\"https:\/\/sulsc.com\/wp-content\/uploads\/2023\/09\/redacao.png\",\"caption\":\"Reda\u00e7\u00e3o Sul SC\"},\"description\":\"Foco em um jornalismo imparcial, voltado \u00e0 qualidade dos seus conte\u00fados e, assim, levar informa\u00e7\u00e3o de valor que agregue \u00e0 vida dos leitores. Esta \u00e9 grande miss\u00e3o do Portal de Not\u00edcias Sul SC. N\u00e3o \u00e9 quantidade que muda o mundo, sempre foi e seguir\u00e1 sendo qualidade!\",\"sameAs\":[\"https:\/\/sulsc.com\/\",\"https:\/\/www.facebook.com\/profile.php?id=61559278119680\",\"https:\/\/www.instagram.com\/sulscportal\/?hl=pt-br\",\"https:\/\/twitter.com\/https:\/\/twitter.com\/PortalSulSC\",\"https:\/\/www.youtube.com\/channel\/UCv_BE8GeySluDov2n8qhVmw\"],\"url\":\"https:\/\/sulsc.com\/index.php\/author\/redacao\/\"}]}<\/script>\n<!-- \/ Yoast SEO plugin. -->","yoast_head_json":{"title":"Policiais prendem condenado por estupro de vulner\u00e1vel cometido no \u00e2mbito familiar em Gr\u00e3o-Par\u00e1 -","robots":{"index":"index","follow":"follow","max-snippet":"max-snippet:-1","max-image-preview":"max-image-preview:large","max-video-preview":"max-video-preview:-1"},"canonical":"https:\/\/sulsc.com\/index.php\/2023\/10\/11\/policiais-prendem-condenado-por-estupro-de-vulneravel-cometido-no-ambito-familiar-em-grao-para\/","og_locale":"en_US","og_type":"article","og_title":"Policiais prendem condenado por estupro de vulner\u00e1vel cometido no \u00e2mbito familiar em Gr\u00e3o-Par\u00e1 -","og_description":"Uma opera\u00e7\u00e3o conjunta entre Pol\u00edcia Civil e Pol\u00edcia Militar, resultou na pris\u00e3o de um homem de 36 anos. Ele foi detido pela pr\u00e1tica do crime de estupro de vulner\u00e1vel, cometido por tr\u00eas vezes, no \u00e2mbito familiar. Os crimes ocorreram em 2015 na cidade de Gr\u00e3o-Par\u00e1. O acusado foi condenado a pena de 26 anos de &hellip; Policiais prendem condenado por estupro de vulner\u00e1vel cometido no \u00e2mbito familiar em Gr\u00e3o-Par\u00e1 Read More &raquo;","og_url":"https:\/\/sulsc.com\/index.php\/2023\/10\/11\/policiais-prendem-condenado-por-estupro-de-vulneravel-cometido-no-ambito-familiar-em-grao-para\/","article_author":"https:\/\/www.facebook.com\/profile.php?id=61559278119680","article_published_time":"2023-10-11T12:00:32+00:00","article_modified_time":"2023-10-11T11:19:31+00:00","og_image":[{"width":2560,"height":1707,"url":"https:\/\/sulsc.com\/wp-content\/uploads\/2023\/10\/abuso-2-scaled.jpg","type":"image\/jpeg"}],"author":"Reda\u00e7\u00e3o Sul SC","twitter_card":"summary_large_image","twitter_creator":"@https:\/\/twitter.com\/PortalSulSC","twitter_misc":{"Written by":"Reda\u00e7\u00e3o Sul SC"},"schema":{"@context":"https:\/\/schema.org","@graph":[{"@type":"WebPage","@id":"https:\/\/sulsc.com\/index.php\/2023\/10\/11\/policiais-prendem-condenado-por-estupro-de-vulneravel-cometido-no-ambito-familiar-em-grao-para\/","url":"https:\/\/sulsc.com\/index.php\/2023\/10\/11\/policiais-prendem-condenado-por-estupro-de-vulneravel-cometido-no-ambito-familiar-em-grao-para\/","name":"Policiais prendem condenado por estupro de vulner\u00e1vel cometido no \u00e2mbito familiar em Gr\u00e3o-Par\u00e1 -","isPartOf":{"@id":"https:\/\/sulsc.com\/#website"},"datePublished":"2023-10-11T12:00:32+00:00","dateModified":"2023-10-11T11:19:31+00:00","author":{"@id":"https:\/\/sulsc.com\/#\/schema\/person\/84d2fc571684f6248ba83092f07750a3"},"breadcrumb":{"@id":"https:\/\/sulsc.com\/index.php\/2023\/10\/11\/policiais-prendem-condenado-por-estupro-de-vulneravel-cometido-no-ambito-familiar-em-grao-para\/#breadcrumb"},"inLanguage":"en-US","potentialAction":[{"@type":"ReadAction","target":["https:\/\/sulsc.com\/index.php\/2023\/10\/11\/policiais-prendem-condenado-por-estupro-de-vulneravel-cometido-no-ambito-familiar-em-grao-para\/"]}]},{"@type":"BreadcrumbList","@id":"https:\/\/sulsc.com\/index.php\/2023\/10\/11\/policiais-prendem-condenado-por-estupro-de-vulneravel-cometido-no-ambito-familiar-em-grao-para\/#breadcrumb","itemListElement":[{"@type":"ListItem","position":1,"name":"In\u00edcio","item":"https:\/\/sulsc.com\/"},{"@type":"ListItem","position":2,"name":"Policiais prendem condenado por estupro de vulner\u00e1vel cometido no \u00e2mbito familiar em Gr\u00e3o-Par\u00e1"}]},{"@type":"WebSite","@id":"https:\/\/sulsc.com\/#website","url":"https:\/\/sulsc.com\/","name":"","description":"","potentialAction":[{"@type":"SearchAction","target":{"@type":"EntryPoint","urlTemplate":"https:\/\/sulsc.com\/?s={search_term_string}"},"query-input":"required name=search_term_string"}],"inLanguage":"en-US"},{"@type":"Person","@id":"https:\/\/sulsc.com\/#\/schema\/person\/84d2fc571684f6248ba83092f07750a3","name":"Reda\u00e7\u00e3o Sul SC","image":{"@type":"ImageObject","inLanguage":"en-US","@id":"https:\/\/sulsc.com\/#\/schema\/person\/image\/e08d7fe2cc4ed596372063bbe852b8d0","url":"https:\/\/sulsc.com\/wp-content\/uploads\/2023\/09\/redacao.png","contentUrl":"https:\/\/sulsc.com\/wp-content\/uploads\/2023\/09\/redacao.png","caption":"Reda\u00e7\u00e3o Sul SC"},"description":"Foco em um jornalismo imparcial, voltado \u00e0 qualidade dos seus conte\u00fados e, assim, levar informa\u00e7\u00e3o de valor que agregue \u00e0 vida dos leitores. Esta \u00e9 grande miss\u00e3o do Portal de Not\u00edcias Sul SC. N\u00e3o \u00e9 quantidade que muda o mundo, sempre foi e seguir\u00e1 sendo qualidade!","sameAs":["https:\/\/sulsc.com\/","https:\/\/www.facebook.com\/profile.php?id=61559278119680","https:\/\/www.instagram.com\/sulscportal\/?hl=pt-br","https:\/\/twitter.com\/https:\/\/twitter.com\/PortalSulSC","https:\/\/www.youtube.com\/channel\/UCv_BE8GeySluDov2n8qhVmw"],"url":"https:\/\/sulsc.com\/index.php\/author\/redacao\/"}]}},"authors":[],"_links":{"self":[{"href":"https:\/\/sulsc.com\/index.php\/wp-json\/wp\/v2\/posts\/2181"}],"collection":[{"href":"https:\/\/sulsc.com\/index.php\/wp-json\/wp\/v2\/posts"}],"about":[{"href":"https:\/\/sulsc.com\/index.php\/wp-json\/wp\/v2\/types\/post"}],"author":[{"embeddable":true,"href":"https:\/\/sulsc.com\/index.php\/wp-json\/wp\/v2\/users\/3"}],"replies":[{"embeddable":true,"href":"https:\/\/sulsc.com\/index.php\/wp-json\/wp\/v2\/comments?post=2181"}],"version-history":[{"count":1,"href":"https:\/\/sulsc.com\/index.php\/wp-json\/wp\/v2\/posts\/2181\/revisions"}],"predecessor-version":[{"id":2184,"href":"https:\/\/sulsc.com\/index.php\/wp-json\/wp\/v2\/posts\/2181\/revisions\/2184"}],"wp:featuredmedia":[{"embeddable":true,"href":"https:\/\/sulsc.com\/index.php\/wp-json\/wp\/v2\/media\/2183"}],"wp:attachment":[{"href":"https:\/\/sulsc.com\/index.php\/wp-json\/wp\/v2\/media?parent=2181"}],"wp:term":[{"taxonomy":"category","embeddable":true,"href":"https:\/\/sulsc.com\/index.php\/wp-json\/wp\/v2\/categories?post=2181"},{"taxonomy":"post_tag","embeddable":true,"href":"https:\/\/sulsc.com\/index.php\/wp-json\/wp\/v2\/tags?post=2181"}],"curies":[{"name":"wp","href":"https:\/\/api.w.org\/{rel}","templated":true}]}}