{"id":21811,"date":"2025-03-25T09:00:16","date_gmt":"2025-03-25T12:00:16","guid":{"rendered":"https:\/\/sulsc.com\/?p=21811"},"modified":"2025-03-25T09:00:16","modified_gmt":"2025-03-25T12:00:16","slug":"apos-polemicas-vice-prefeito-de-lages-e-exonerado-da-semasa","status":"publish","type":"post","link":"https:\/\/sulsc.com\/index.php\/2025\/03\/25\/apos-polemicas-vice-prefeito-de-lages-e-exonerado-da-semasa\/","title":{"rendered":"Ap\u00f3s pol\u00eamicas, vice-prefeito de Lages \u00e9 exonerado da Semasa"},"content":{"rendered":"<p>Jair J\u00fanior \u00e9 exonerado do cargo de diretor presidente da SEMASA em Lages, a decis\u00e3o aconteceu nesta segunda-feira (24), por meio de um decreto da prefeita Carmen Zanotto, agora Jair J\u00fanior segue apenas como vice-prefeito mas que no momento est\u00e1 afastado do cargo para cuidar de sua defesa.<\/p>\n<p data-sourcepos=\"3:1-3:215\">Ap\u00f3s o surgimento de acusa\u00e7\u00f5es no \u00faltimo fim de semana, Jair J\u00fanior anunciou seu afastamento de suas fun\u00e7\u00f5es atrav\u00e9s das redes sociais. A decis\u00e3o foi tomada antes do in\u00edcio da semana.<\/p>\n<p data-sourcepos=\"5:1-5:283\">Em sua declara\u00e7\u00e3o, J\u00fanior alegou que o processo em quest\u00e3o corre sob segredo de justi\u00e7a, o que o impede de fornecer detalhes adicionais sob risco de pris\u00e3o. Ele negou as acusa\u00e7\u00f5es, classificando-as como &#8220;not\u00edcias&#8221; distorcidas, e argumentou que est\u00e1 sendo &#8220;condenado por antecipa\u00e7\u00e3o&#8221;.<\/p>\n<p data-sourcepos=\"5:1-5:283\"><img fetchpriority=\"high\" decoding=\"async\" class=\"wp-image-21812 alignleft\" src=\"http:\/\/sulsc.com\/wp-content\/uploads\/2025\/03\/jair-junior-preso-lages-1200x900-1.webp\" alt=\"\" width=\"521\" height=\"391\" srcset=\"https:\/\/sulsc.com\/wp-content\/uploads\/2025\/03\/jair-junior-preso-lages-1200x900-1.webp 1024w, https:\/\/sulsc.com\/wp-content\/uploads\/2025\/03\/jair-junior-preso-lages-1200x900-1-300x225.webp 300w, https:\/\/sulsc.com\/wp-content\/uploads\/2025\/03\/jair-junior-preso-lages-1200x900-1-768x576.webp 768w\" sizes=\"(max-width: 521px) 100vw, 521px\" \/><\/p>\n<p><strong>PROVID\u00caNCIA DA PREFEITA<\/strong><\/p>\n<p>No primeiro momento do expediente na prefeitura de Lages, a prefeita Carmen Zanotto determinou expedi\u00e7\u00e3o de decreto exonerando Jair J\u00fanior do cargo de diretor presidente da Semasa. Se da fun\u00e7\u00e3o de vice-prefeito ele pode se afastar por deliberalidade pr\u00f3pria, em rela\u00e7\u00e3o ao cargo no colegiado a prefeita j\u00e1 havia tomado a decis\u00e3o do afastamento dele e o fez de imediato em publica\u00e7\u00e3o no Di\u00e1rio Oficial.<\/p>\n","protected":false},"excerpt":{"rendered":"<p>Jair J\u00fanior \u00e9 exonerado do cargo de diretor presidente da SEMASA em Lages, a decis\u00e3o aconteceu nesta segunda-feira (24), por meio de um decreto da prefeita Carmen Zanotto, agora Jair J\u00fanior segue apenas como vice-prefeito mas que no momento est\u00e1 afastado do cargo para cuidar de sua defesa. Ap\u00f3s o surgimento de acusa\u00e7\u00f5es no \u00faltimo &hellip;<\/p>\n<p class=\"read-more\"> <a class=\"\" href=\"https:\/\/sulsc.com\/index.php\/2025\/03\/25\/apos-polemicas-vice-prefeito-de-lages-e-exonerado-da-semasa\/\"> <span class=\"screen-reader-text\">Ap\u00f3s pol\u00eamicas, vice-prefeito de Lages \u00e9 exonerado da Semasa<\/span> Read More &raquo;<\/a><\/p>\n","protected":false},"author":3,"featured_media":21812,"comment_status":"open","ping_status":"open","sticky":false,"template":"","format":"standard","meta":{"site-sidebar-layout":"default","site-content-layout":"","ast-site-content-layout":"default","site-content-style":"default","site-sidebar-style":"default","ast-global-header-display":"","ast-banner-title-visibility":"","ast-main-header-display":"","ast-hfb-above-header-display":"","ast-hfb-below-header-display":"","ast-hfb-mobile-header-display":"","site-post-title":"","ast-breadcrumbs-content":"","ast-featured-img":"","footer-sml-layout":"","theme-transparent-header-meta":"default","adv-header-id-meta":"","stick-header-meta":"","header-above-stick-meta":"","header-main-stick-meta":"","header-below-stick-meta":"","astra-migrate-meta-layouts":"set","footnotes":""},"categories":[1],"tags":[1868],"yoast_head":"<!-- This site is optimized with the Yoast SEO plugin v21.4 - https:\/\/yoast.com\/wordpress\/plugins\/seo\/ -->\n<title>Ap\u00f3s pol\u00eamicas, vice-prefeito de Lages \u00e9 exonerado da Semasa -<\/title>\n<meta name=\"robots\" content=\"index, follow, max-snippet:-1, max-image-preview:large, max-video-preview:-1\" \/>\n<link rel=\"canonical\" href=\"https:\/\/sulsc.com\/index.php\/2025\/03\/25\/apos-polemicas-vice-prefeito-de-lages-e-exonerado-da-semasa\/\" \/>\n<meta property=\"og:locale\" content=\"en_US\" \/>\n<meta property=\"og:type\" content=\"article\" \/>\n<meta property=\"og:title\" content=\"Ap\u00f3s pol\u00eamicas, vice-prefeito de Lages \u00e9 exonerado da Semasa -\" \/>\n<meta property=\"og:description\" content=\"Jair J\u00fanior \u00e9 exonerado do cargo de diretor presidente da SEMASA em Lages, a decis\u00e3o aconteceu nesta segunda-feira (24), por meio de um decreto da prefeita Carmen Zanotto, agora Jair J\u00fanior segue apenas como vice-prefeito mas que no momento est\u00e1 afastado do cargo para cuidar de sua defesa. Ap\u00f3s o surgimento de acusa\u00e7\u00f5es no \u00faltimo &hellip; Ap\u00f3s pol\u00eamicas, vice-prefeito de Lages \u00e9 exonerado da Semasa Read More &raquo;\" \/>\n<meta property=\"og:url\" content=\"https:\/\/sulsc.com\/index.php\/2025\/03\/25\/apos-polemicas-vice-prefeito-de-lages-e-exonerado-da-semasa\/\" \/>\n<meta property=\"article:author\" content=\"https:\/\/www.facebook.com\/profile.php?id=61559278119680\" \/>\n<meta property=\"article:published_time\" content=\"2025-03-25T12:00:16+00:00\" \/>\n<meta property=\"og:image\" content=\"http:\/\/sulsc.com\/wp-content\/uploads\/2025\/03\/jair-junior-preso-lages-1200x900-1.webp\" \/>\n\t<meta property=\"og:image:width\" content=\"1024\" \/>\n\t<meta property=\"og:image:height\" content=\"768\" \/>\n\t<meta property=\"og:image:type\" content=\"image\/webp\" \/>\n<meta name=\"author\" content=\"Reda\u00e7\u00e3o Sul SC\" \/>\n<meta name=\"twitter:card\" content=\"summary_large_image\" \/>\n<meta name=\"twitter:creator\" content=\"@https:\/\/twitter.com\/PortalSulSC\" \/>\n<meta name=\"twitter:label1\" content=\"Written by\" \/>\n\t<meta name=\"twitter:data1\" content=\"Reda\u00e7\u00e3o Sul SC\" \/>\n\t<meta name=\"twitter:label2\" content=\"Est. reading time\" \/>\n\t<meta name=\"twitter:data2\" content=\"2 minutes\" \/>\n<script type=\"application\/ld+json\" class=\"yoast-schema-graph\">{\"@context\":\"https:\/\/schema.org\",\"@graph\":[{\"@type\":\"WebPage\",\"@id\":\"https:\/\/sulsc.com\/index.php\/2025\/03\/25\/apos-polemicas-vice-prefeito-de-lages-e-exonerado-da-semasa\/\",\"url\":\"https:\/\/sulsc.com\/index.php\/2025\/03\/25\/apos-polemicas-vice-prefeito-de-lages-e-exonerado-da-semasa\/\",\"name\":\"Ap\u00f3s pol\u00eamicas, vice-prefeito de Lages \u00e9 exonerado da Semasa -\",\"isPartOf\":{\"@id\":\"https:\/\/sulsc.com\/#website\"},\"datePublished\":\"2025-03-25T12:00:16+00:00\",\"dateModified\":\"2025-03-25T12:00:16+00:00\",\"author\":{\"@id\":\"https:\/\/sulsc.com\/#\/schema\/person\/84d2fc571684f6248ba83092f07750a3\"},\"breadcrumb\":{\"@id\":\"https:\/\/sulsc.com\/index.php\/2025\/03\/25\/apos-polemicas-vice-prefeito-de-lages-e-exonerado-da-semasa\/#breadcrumb\"},\"inLanguage\":\"en-US\",\"potentialAction\":[{\"@type\":\"ReadAction\",\"target\":[\"https:\/\/sulsc.com\/index.php\/2025\/03\/25\/apos-polemicas-vice-prefeito-de-lages-e-exonerado-da-semasa\/\"]}]},{\"@type\":\"BreadcrumbList\",\"@id\":\"https:\/\/sulsc.com\/index.php\/2025\/03\/25\/apos-polemicas-vice-prefeito-de-lages-e-exonerado-da-semasa\/#breadcrumb\",\"itemListElement\":[{\"@type\":\"ListItem\",\"position\":1,\"name\":\"In\u00edcio\",\"item\":\"https:\/\/sulsc.com\/\"},{\"@type\":\"ListItem\",\"position\":2,\"name\":\"Ap\u00f3s pol\u00eamicas, vice-prefeito de Lages \u00e9 exonerado da Semasa\"}]},{\"@type\":\"WebSite\",\"@id\":\"https:\/\/sulsc.com\/#website\",\"url\":\"https:\/\/sulsc.com\/\",\"name\":\"\",\"description\":\"\",\"potentialAction\":[{\"@type\":\"SearchAction\",\"target\":{\"@type\":\"EntryPoint\",\"urlTemplate\":\"https:\/\/sulsc.com\/?s={search_term_string}\"},\"query-input\":\"required name=search_term_string\"}],\"inLanguage\":\"en-US\"},{\"@type\":\"Person\",\"@id\":\"https:\/\/sulsc.com\/#\/schema\/person\/84d2fc571684f6248ba83092f07750a3\",\"name\":\"Reda\u00e7\u00e3o Sul SC\",\"image\":{\"@type\":\"ImageObject\",\"inLanguage\":\"en-US\",\"@id\":\"https:\/\/sulsc.com\/#\/schema\/person\/image\/e08d7fe2cc4ed596372063bbe852b8d0\",\"url\":\"https:\/\/sulsc.com\/wp-content\/uploads\/2023\/09\/redacao.png\",\"contentUrl\":\"https:\/\/sulsc.com\/wp-content\/uploads\/2023\/09\/redacao.png\",\"caption\":\"Reda\u00e7\u00e3o Sul SC\"},\"description\":\"Foco em um jornalismo imparcial, voltado \u00e0 qualidade dos seus conte\u00fados e, assim, levar informa\u00e7\u00e3o de valor que agregue \u00e0 vida dos leitores. Esta \u00e9 grande miss\u00e3o do Portal de Not\u00edcias Sul SC. N\u00e3o \u00e9 quantidade que muda o mundo, sempre foi e seguir\u00e1 sendo qualidade!\",\"sameAs\":[\"https:\/\/sulsc.com\/\",\"https:\/\/www.facebook.com\/profile.php?id=61559278119680\",\"https:\/\/www.instagram.com\/sulscportal\/?hl=pt-br\",\"https:\/\/twitter.com\/https:\/\/twitter.com\/PortalSulSC\",\"https:\/\/www.youtube.com\/channel\/UCv_BE8GeySluDov2n8qhVmw\"],\"url\":\"https:\/\/sulsc.com\/index.php\/author\/redacao\/\"}]}<\/script>\n<!-- \/ Yoast SEO plugin. -->","yoast_head_json":{"title":"Ap\u00f3s pol\u00eamicas, vice-prefeito de Lages \u00e9 exonerado da Semasa -","robots":{"index":"index","follow":"follow","max-snippet":"max-snippet:-1","max-image-preview":"max-image-preview:large","max-video-preview":"max-video-preview:-1"},"canonical":"https:\/\/sulsc.com\/index.php\/2025\/03\/25\/apos-polemicas-vice-prefeito-de-lages-e-exonerado-da-semasa\/","og_locale":"en_US","og_type":"article","og_title":"Ap\u00f3s pol\u00eamicas, vice-prefeito de Lages \u00e9 exonerado da Semasa -","og_description":"Jair J\u00fanior \u00e9 exonerado do cargo de diretor presidente da SEMASA em Lages, a decis\u00e3o aconteceu nesta segunda-feira (24), por meio de um decreto da prefeita Carmen Zanotto, agora Jair J\u00fanior segue apenas como vice-prefeito mas que no momento est\u00e1 afastado do cargo para cuidar de sua defesa. Ap\u00f3s o surgimento de acusa\u00e7\u00f5es no \u00faltimo &hellip; Ap\u00f3s pol\u00eamicas, vice-prefeito de Lages \u00e9 exonerado da Semasa Read More &raquo;","og_url":"https:\/\/sulsc.com\/index.php\/2025\/03\/25\/apos-polemicas-vice-prefeito-de-lages-e-exonerado-da-semasa\/","article_author":"https:\/\/www.facebook.com\/profile.php?id=61559278119680","article_published_time":"2025-03-25T12:00:16+00:00","og_image":[{"width":1024,"height":768,"url":"http:\/\/sulsc.com\/wp-content\/uploads\/2025\/03\/jair-junior-preso-lages-1200x900-1.webp","type":"image\/webp"}],"author":"Reda\u00e7\u00e3o Sul SC","twitter_card":"summary_large_image","twitter_creator":"@https:\/\/twitter.com\/PortalSulSC","twitter_misc":{"Written by":"Reda\u00e7\u00e3o Sul SC","Est. reading time":"2 minutes"},"schema":{"@context":"https:\/\/schema.org","@graph":[{"@type":"WebPage","@id":"https:\/\/sulsc.com\/index.php\/2025\/03\/25\/apos-polemicas-vice-prefeito-de-lages-e-exonerado-da-semasa\/","url":"https:\/\/sulsc.com\/index.php\/2025\/03\/25\/apos-polemicas-vice-prefeito-de-lages-e-exonerado-da-semasa\/","name":"Ap\u00f3s pol\u00eamicas, vice-prefeito de Lages \u00e9 exonerado da Semasa -","isPartOf":{"@id":"https:\/\/sulsc.com\/#website"},"datePublished":"2025-03-25T12:00:16+00:00","dateModified":"2025-03-25T12:00:16+00:00","author":{"@id":"https:\/\/sulsc.com\/#\/schema\/person\/84d2fc571684f6248ba83092f07750a3"},"breadcrumb":{"@id":"https:\/\/sulsc.com\/index.php\/2025\/03\/25\/apos-polemicas-vice-prefeito-de-lages-e-exonerado-da-semasa\/#breadcrumb"},"inLanguage":"en-US","potentialAction":[{"@type":"ReadAction","target":["https:\/\/sulsc.com\/index.php\/2025\/03\/25\/apos-polemicas-vice-prefeito-de-lages-e-exonerado-da-semasa\/"]}]},{"@type":"BreadcrumbList","@id":"https:\/\/sulsc.com\/index.php\/2025\/03\/25\/apos-polemicas-vice-prefeito-de-lages-e-exonerado-da-semasa\/#breadcrumb","itemListElement":[{"@type":"ListItem","position":1,"name":"In\u00edcio","item":"https:\/\/sulsc.com\/"},{"@type":"ListItem","position":2,"name":"Ap\u00f3s pol\u00eamicas, vice-prefeito de Lages \u00e9 exonerado da Semasa"}]},{"@type":"WebSite","@id":"https:\/\/sulsc.com\/#website","url":"https:\/\/sulsc.com\/","name":"","description":"","potentialAction":[{"@type":"SearchAction","target":{"@type":"EntryPoint","urlTemplate":"https:\/\/sulsc.com\/?s={search_term_string}"},"query-input":"required name=search_term_string"}],"inLanguage":"en-US"},{"@type":"Person","@id":"https:\/\/sulsc.com\/#\/schema\/person\/84d2fc571684f6248ba83092f07750a3","name":"Reda\u00e7\u00e3o Sul SC","image":{"@type":"ImageObject","inLanguage":"en-US","@id":"https:\/\/sulsc.com\/#\/schema\/person\/image\/e08d7fe2cc4ed596372063bbe852b8d0","url":"https:\/\/sulsc.com\/wp-content\/uploads\/2023\/09\/redacao.png","contentUrl":"https:\/\/sulsc.com\/wp-content\/uploads\/2023\/09\/redacao.png","caption":"Reda\u00e7\u00e3o Sul SC"},"description":"Foco em um jornalismo imparcial, voltado \u00e0 qualidade dos seus conte\u00fados e, assim, levar informa\u00e7\u00e3o de valor que agregue \u00e0 vida dos leitores. Esta \u00e9 grande miss\u00e3o do Portal de Not\u00edcias Sul SC. N\u00e3o \u00e9 quantidade que muda o mundo, sempre foi e seguir\u00e1 sendo qualidade!","sameAs":["https:\/\/sulsc.com\/","https:\/\/www.facebook.com\/profile.php?id=61559278119680","https:\/\/www.instagram.com\/sulscportal\/?hl=pt-br","https:\/\/twitter.com\/https:\/\/twitter.com\/PortalSulSC","https:\/\/www.youtube.com\/channel\/UCv_BE8GeySluDov2n8qhVmw"],"url":"https:\/\/sulsc.com\/index.php\/author\/redacao\/"}]}},"authors":[],"_links":{"self":[{"href":"https:\/\/sulsc.com\/index.php\/wp-json\/wp\/v2\/posts\/21811"}],"collection":[{"href":"https:\/\/sulsc.com\/index.php\/wp-json\/wp\/v2\/posts"}],"about":[{"href":"https:\/\/sulsc.com\/index.php\/wp-json\/wp\/v2\/types\/post"}],"author":[{"embeddable":true,"href":"https:\/\/sulsc.com\/index.php\/wp-json\/wp\/v2\/users\/3"}],"replies":[{"embeddable":true,"href":"https:\/\/sulsc.com\/index.php\/wp-json\/wp\/v2\/comments?post=21811"}],"version-history":[{"count":1,"href":"https:\/\/sulsc.com\/index.php\/wp-json\/wp\/v2\/posts\/21811\/revisions"}],"predecessor-version":[{"id":21813,"href":"https:\/\/sulsc.com\/index.php\/wp-json\/wp\/v2\/posts\/21811\/revisions\/21813"}],"wp:featuredmedia":[{"embeddable":true,"href":"https:\/\/sulsc.com\/index.php\/wp-json\/wp\/v2\/media\/21812"}],"wp:attachment":[{"href":"https:\/\/sulsc.com\/index.php\/wp-json\/wp\/v2\/media?parent=21811"}],"wp:term":[{"taxonomy":"category","embeddable":true,"href":"https:\/\/sulsc.com\/index.php\/wp-json\/wp\/v2\/categories?post=21811"},{"taxonomy":"post_tag","embeddable":true,"href":"https:\/\/sulsc.com\/index.php\/wp-json\/wp\/v2\/tags?post=21811"}],"curies":[{"name":"wp","href":"https:\/\/api.w.org\/{rel}","templated":true}]}}