{"id":21848,"date":"2025-03-26T06:56:54","date_gmt":"2025-03-26T09:56:54","guid":{"rendered":"https:\/\/sulsc.com\/?p=21848"},"modified":"2025-03-26T06:56:54","modified_gmt":"2025-03-26T09:56:54","slug":"nesta-quarta-feira-26-sera-de-sol-entre-nuvens-e-temperaturas-amenas","status":"publish","type":"post","link":"https:\/\/sulsc.com\/index.php\/2025\/03\/26\/nesta-quarta-feira-26-sera-de-sol-entre-nuvens-e-temperaturas-amenas\/","title":{"rendered":"Nesta quarta-feira (26) ser\u00e1 de sol entre nuvens e temperaturas amenas"},"content":{"rendered":"<p>O dia segue inst\u00e1vel em SC nesta quarta-feira (26). A manh\u00e3 ser\u00e1 marcada por predom\u00ednio de sol entre nuvens e temperaturas amenas. No decorrer do dia a temperatura sobe e faz calor \u00e0 tarde. Entre a tarde e \u00e0 noite, voltam as condi\u00e7\u00f5es para temporais isolados em todas as regi\u00f5es, acompanhados por raios, rajadas de vento e chuva pontualmente intensa em curtos per\u00edodos de tempo. O risco \u00e9 baixo a pontualmente moderado para ocorr\u00eancias associadas aos temporais.<\/p>\n<p><img fetchpriority=\"high\" decoding=\"async\" class=\"aligncenter size-full wp-image-21849\" src=\"http:\/\/sulsc.com\/wp-content\/uploads\/2025\/03\/A-4.png\" alt=\"\" width=\"1477\" height=\"1003\" srcset=\"https:\/\/sulsc.com\/wp-content\/uploads\/2025\/03\/A-4.png 1477w, https:\/\/sulsc.com\/wp-content\/uploads\/2025\/03\/A-4-300x204.png 300w, https:\/\/sulsc.com\/wp-content\/uploads\/2025\/03\/A-4-1024x695.png 1024w, https:\/\/sulsc.com\/wp-content\/uploads\/2025\/03\/A-4-768x522.png 768w\" sizes=\"(max-width: 1477px) 100vw, 1477px\" \/><\/p>\n<p><img decoding=\"async\" class=\"aligncenter  wp-image-21578\" src=\"http:\/\/sulsc.com\/wp-content\/uploads\/2025\/03\/Tempo.png\" alt=\"\" width=\"631\" height=\"116\" srcset=\"https:\/\/sulsc.com\/wp-content\/uploads\/2025\/03\/Tempo.png 1024w, https:\/\/sulsc.com\/wp-content\/uploads\/2025\/03\/Tempo-300x55.png 300w, https:\/\/sulsc.com\/wp-content\/uploads\/2025\/03\/Tempo-768x142.png 768w\" sizes=\"(max-width: 631px) 100vw, 631px\" \/><\/p>\n<p><strong>Temperaturas<\/strong><\/p>\n<p>Pela manh\u00e3, as temperaturas ficam entre 12\u00b0C e 17\u00b0C no Meio-Oeste, Planaltos e \u00e1reas de serra, e entre 16\u00b0C e 22\u00b0C nas demais regi\u00f5es. \u00c0 tarde, as temperaturas oscilam entre 27\u00b0C e 31\u00b0C no Oeste e no Litoral.<\/p>\n<p>Fonte\/Defesa Civil SC<\/p>\n","protected":false},"excerpt":{"rendered":"<p>O dia segue inst\u00e1vel em SC nesta quarta-feira (26). A manh\u00e3 ser\u00e1 marcada por predom\u00ednio de sol entre nuvens e temperaturas amenas. No decorrer do dia a temperatura sobe e faz calor \u00e0 tarde. Entre a tarde e \u00e0 noite, voltam as condi\u00e7\u00f5es para temporais isolados em todas as regi\u00f5es, acompanhados por raios, rajadas de &hellip;<\/p>\n<p class=\"read-more\"> <a class=\"\" href=\"https:\/\/sulsc.com\/index.php\/2025\/03\/26\/nesta-quarta-feira-26-sera-de-sol-entre-nuvens-e-temperaturas-amenas\/\"> <span class=\"screen-reader-text\">Nesta quarta-feira (26) ser\u00e1 de sol entre nuvens e temperaturas amenas<\/span> Read More &raquo;<\/a><\/p>\n","protected":false},"author":3,"featured_media":14276,"comment_status":"open","ping_status":"open","sticky":false,"template":"","format":"standard","meta":{"site-sidebar-layout":"default","site-content-layout":"","ast-site-content-layout":"default","site-content-style":"default","site-sidebar-style":"default","ast-global-header-display":"","ast-banner-title-visibility":"","ast-main-header-display":"","ast-hfb-above-header-display":"","ast-hfb-below-header-display":"","ast-hfb-mobile-header-display":"","site-post-title":"","ast-breadcrumbs-content":"","ast-featured-img":"","footer-sml-layout":"","theme-transparent-header-meta":"default","adv-header-id-meta":"","stick-header-meta":"","header-above-stick-meta":"","header-main-stick-meta":"","header-below-stick-meta":"","astra-migrate-meta-layouts":"set","footnotes":""},"categories":[38],"tags":[90],"yoast_head":"<!-- This site is optimized with the Yoast SEO plugin v21.4 - https:\/\/yoast.com\/wordpress\/plugins\/seo\/ -->\n<title>Nesta quarta-feira (26) ser\u00e1 de sol entre nuvens e temperaturas amenas -<\/title>\n<meta name=\"description\" content=\"Entre a tarde e \u00e0 noite voltam as condi\u00e7\u00f5es para temporais isolados em todas as regi\u00f5es acompanhados por raios rajadas de vento\" \/>\n<meta name=\"robots\" content=\"index, follow, max-snippet:-1, max-image-preview:large, max-video-preview:-1\" \/>\n<link rel=\"canonical\" href=\"https:\/\/sulsc.com\/index.php\/2025\/03\/26\/nesta-quarta-feira-26-sera-de-sol-entre-nuvens-e-temperaturas-amenas\/\" \/>\n<meta property=\"og:locale\" content=\"en_US\" \/>\n<meta property=\"og:type\" content=\"article\" \/>\n<meta property=\"og:title\" content=\"Nesta quarta-feira (26) ser\u00e1 de sol entre nuvens e temperaturas amenas -\" \/>\n<meta property=\"og:description\" content=\"Entre a tarde e \u00e0 noite voltam as condi\u00e7\u00f5es para temporais isolados em todas as regi\u00f5es acompanhados por raios rajadas de vento\" \/>\n<meta property=\"og:url\" content=\"https:\/\/sulsc.com\/index.php\/2025\/03\/26\/nesta-quarta-feira-26-sera-de-sol-entre-nuvens-e-temperaturas-amenas\/\" \/>\n<meta property=\"article:author\" content=\"https:\/\/www.facebook.com\/profile.php?id=61559278119680\" \/>\n<meta property=\"article:published_time\" content=\"2025-03-26T09:56:54+00:00\" \/>\n<meta property=\"og:image\" content=\"http:\/\/sulsc.com\/wp-content\/uploads\/2024\/07\/tempo-nublado-2.jpeg\" \/>\n\t<meta property=\"og:image:width\" content=\"1600\" \/>\n\t<meta property=\"og:image:height\" content=\"900\" \/>\n\t<meta property=\"og:image:type\" content=\"image\/jpeg\" \/>\n<meta name=\"author\" content=\"Reda\u00e7\u00e3o Sul SC\" \/>\n<meta name=\"twitter:card\" content=\"summary_large_image\" \/>\n<meta name=\"twitter:creator\" content=\"@https:\/\/twitter.com\/PortalSulSC\" \/>\n<meta name=\"twitter:label1\" content=\"Written by\" \/>\n\t<meta name=\"twitter:data1\" content=\"Reda\u00e7\u00e3o Sul SC\" \/>\n\t<meta name=\"twitter:label2\" content=\"Est. reading time\" \/>\n\t<meta name=\"twitter:data2\" content=\"1 minute\" \/>\n<script type=\"application\/ld+json\" class=\"yoast-schema-graph\">{\"@context\":\"https:\/\/schema.org\",\"@graph\":[{\"@type\":\"WebPage\",\"@id\":\"https:\/\/sulsc.com\/index.php\/2025\/03\/26\/nesta-quarta-feira-26-sera-de-sol-entre-nuvens-e-temperaturas-amenas\/\",\"url\":\"https:\/\/sulsc.com\/index.php\/2025\/03\/26\/nesta-quarta-feira-26-sera-de-sol-entre-nuvens-e-temperaturas-amenas\/\",\"name\":\"Nesta quarta-feira (26) ser\u00e1 de sol entre nuvens e temperaturas amenas -\",\"isPartOf\":{\"@id\":\"https:\/\/sulsc.com\/#website\"},\"datePublished\":\"2025-03-26T09:56:54+00:00\",\"dateModified\":\"2025-03-26T09:56:54+00:00\",\"author\":{\"@id\":\"https:\/\/sulsc.com\/#\/schema\/person\/84d2fc571684f6248ba83092f07750a3\"},\"description\":\"Entre a tarde e \u00e0 noite voltam as condi\u00e7\u00f5es para temporais isolados em todas as regi\u00f5es acompanhados por raios rajadas de vento\",\"breadcrumb\":{\"@id\":\"https:\/\/sulsc.com\/index.php\/2025\/03\/26\/nesta-quarta-feira-26-sera-de-sol-entre-nuvens-e-temperaturas-amenas\/#breadcrumb\"},\"inLanguage\":\"en-US\",\"potentialAction\":[{\"@type\":\"ReadAction\",\"target\":[\"https:\/\/sulsc.com\/index.php\/2025\/03\/26\/nesta-quarta-feira-26-sera-de-sol-entre-nuvens-e-temperaturas-amenas\/\"]}]},{\"@type\":\"BreadcrumbList\",\"@id\":\"https:\/\/sulsc.com\/index.php\/2025\/03\/26\/nesta-quarta-feira-26-sera-de-sol-entre-nuvens-e-temperaturas-amenas\/#breadcrumb\",\"itemListElement\":[{\"@type\":\"ListItem\",\"position\":1,\"name\":\"In\u00edcio\",\"item\":\"https:\/\/sulsc.com\/\"},{\"@type\":\"ListItem\",\"position\":2,\"name\":\"Nesta quarta-feira (26) ser\u00e1 de sol entre nuvens e temperaturas amenas\"}]},{\"@type\":\"WebSite\",\"@id\":\"https:\/\/sulsc.com\/#website\",\"url\":\"https:\/\/sulsc.com\/\",\"name\":\"\",\"description\":\"\",\"potentialAction\":[{\"@type\":\"SearchAction\",\"target\":{\"@type\":\"EntryPoint\",\"urlTemplate\":\"https:\/\/sulsc.com\/?s={search_term_string}\"},\"query-input\":\"required name=search_term_string\"}],\"inLanguage\":\"en-US\"},{\"@type\":\"Person\",\"@id\":\"https:\/\/sulsc.com\/#\/schema\/person\/84d2fc571684f6248ba83092f07750a3\",\"name\":\"Reda\u00e7\u00e3o Sul SC\",\"image\":{\"@type\":\"ImageObject\",\"inLanguage\":\"en-US\",\"@id\":\"https:\/\/sulsc.com\/#\/schema\/person\/image\/e08d7fe2cc4ed596372063bbe852b8d0\",\"url\":\"https:\/\/sulsc.com\/wp-content\/uploads\/2023\/09\/redacao.png\",\"contentUrl\":\"https:\/\/sulsc.com\/wp-content\/uploads\/2023\/09\/redacao.png\",\"caption\":\"Reda\u00e7\u00e3o Sul SC\"},\"description\":\"Foco em um jornalismo imparcial, voltado \u00e0 qualidade dos seus conte\u00fados e, assim, levar informa\u00e7\u00e3o de valor que agregue \u00e0 vida dos leitores. Esta \u00e9 grande miss\u00e3o do Portal de Not\u00edcias Sul SC. N\u00e3o \u00e9 quantidade que muda o mundo, sempre foi e seguir\u00e1 sendo qualidade!\",\"sameAs\":[\"https:\/\/sulsc.com\/\",\"https:\/\/www.facebook.com\/profile.php?id=61559278119680\",\"https:\/\/www.instagram.com\/sulscportal\/?hl=pt-br\",\"https:\/\/twitter.com\/https:\/\/twitter.com\/PortalSulSC\",\"https:\/\/www.youtube.com\/channel\/UCv_BE8GeySluDov2n8qhVmw\"],\"url\":\"https:\/\/sulsc.com\/index.php\/author\/redacao\/\"}]}<\/script>\n<!-- \/ Yoast SEO plugin. -->","yoast_head_json":{"title":"Nesta quarta-feira (26) ser\u00e1 de sol entre nuvens e temperaturas amenas -","description":"Entre a tarde e \u00e0 noite voltam as condi\u00e7\u00f5es para temporais isolados em todas as regi\u00f5es acompanhados por raios rajadas de vento","robots":{"index":"index","follow":"follow","max-snippet":"max-snippet:-1","max-image-preview":"max-image-preview:large","max-video-preview":"max-video-preview:-1"},"canonical":"https:\/\/sulsc.com\/index.php\/2025\/03\/26\/nesta-quarta-feira-26-sera-de-sol-entre-nuvens-e-temperaturas-amenas\/","og_locale":"en_US","og_type":"article","og_title":"Nesta quarta-feira (26) ser\u00e1 de sol entre nuvens e temperaturas amenas -","og_description":"Entre a tarde e \u00e0 noite voltam as condi\u00e7\u00f5es para temporais isolados em todas as regi\u00f5es acompanhados por raios rajadas de vento","og_url":"https:\/\/sulsc.com\/index.php\/2025\/03\/26\/nesta-quarta-feira-26-sera-de-sol-entre-nuvens-e-temperaturas-amenas\/","article_author":"https:\/\/www.facebook.com\/profile.php?id=61559278119680","article_published_time":"2025-03-26T09:56:54+00:00","og_image":[{"width":1600,"height":900,"url":"http:\/\/sulsc.com\/wp-content\/uploads\/2024\/07\/tempo-nublado-2.jpeg","type":"image\/jpeg"}],"author":"Reda\u00e7\u00e3o Sul SC","twitter_card":"summary_large_image","twitter_creator":"@https:\/\/twitter.com\/PortalSulSC","twitter_misc":{"Written by":"Reda\u00e7\u00e3o Sul SC","Est. reading time":"1 minute"},"schema":{"@context":"https:\/\/schema.org","@graph":[{"@type":"WebPage","@id":"https:\/\/sulsc.com\/index.php\/2025\/03\/26\/nesta-quarta-feira-26-sera-de-sol-entre-nuvens-e-temperaturas-amenas\/","url":"https:\/\/sulsc.com\/index.php\/2025\/03\/26\/nesta-quarta-feira-26-sera-de-sol-entre-nuvens-e-temperaturas-amenas\/","name":"Nesta quarta-feira (26) ser\u00e1 de sol entre nuvens e temperaturas amenas -","isPartOf":{"@id":"https:\/\/sulsc.com\/#website"},"datePublished":"2025-03-26T09:56:54+00:00","dateModified":"2025-03-26T09:56:54+00:00","author":{"@id":"https:\/\/sulsc.com\/#\/schema\/person\/84d2fc571684f6248ba83092f07750a3"},"description":"Entre a tarde e \u00e0 noite voltam as condi\u00e7\u00f5es para temporais isolados em todas as regi\u00f5es acompanhados por raios rajadas de vento","breadcrumb":{"@id":"https:\/\/sulsc.com\/index.php\/2025\/03\/26\/nesta-quarta-feira-26-sera-de-sol-entre-nuvens-e-temperaturas-amenas\/#breadcrumb"},"inLanguage":"en-US","potentialAction":[{"@type":"ReadAction","target":["https:\/\/sulsc.com\/index.php\/2025\/03\/26\/nesta-quarta-feira-26-sera-de-sol-entre-nuvens-e-temperaturas-amenas\/"]}]},{"@type":"BreadcrumbList","@id":"https:\/\/sulsc.com\/index.php\/2025\/03\/26\/nesta-quarta-feira-26-sera-de-sol-entre-nuvens-e-temperaturas-amenas\/#breadcrumb","itemListElement":[{"@type":"ListItem","position":1,"name":"In\u00edcio","item":"https:\/\/sulsc.com\/"},{"@type":"ListItem","position":2,"name":"Nesta quarta-feira (26) ser\u00e1 de sol entre nuvens e temperaturas amenas"}]},{"@type":"WebSite","@id":"https:\/\/sulsc.com\/#website","url":"https:\/\/sulsc.com\/","name":"","description":"","potentialAction":[{"@type":"SearchAction","target":{"@type":"EntryPoint","urlTemplate":"https:\/\/sulsc.com\/?s={search_term_string}"},"query-input":"required name=search_term_string"}],"inLanguage":"en-US"},{"@type":"Person","@id":"https:\/\/sulsc.com\/#\/schema\/person\/84d2fc571684f6248ba83092f07750a3","name":"Reda\u00e7\u00e3o Sul SC","image":{"@type":"ImageObject","inLanguage":"en-US","@id":"https:\/\/sulsc.com\/#\/schema\/person\/image\/e08d7fe2cc4ed596372063bbe852b8d0","url":"https:\/\/sulsc.com\/wp-content\/uploads\/2023\/09\/redacao.png","contentUrl":"https:\/\/sulsc.com\/wp-content\/uploads\/2023\/09\/redacao.png","caption":"Reda\u00e7\u00e3o Sul SC"},"description":"Foco em um jornalismo imparcial, voltado \u00e0 qualidade dos seus conte\u00fados e, assim, levar informa\u00e7\u00e3o de valor que agregue \u00e0 vida dos leitores. Esta \u00e9 grande miss\u00e3o do Portal de Not\u00edcias Sul SC. N\u00e3o \u00e9 quantidade que muda o mundo, sempre foi e seguir\u00e1 sendo qualidade!","sameAs":["https:\/\/sulsc.com\/","https:\/\/www.facebook.com\/profile.php?id=61559278119680","https:\/\/www.instagram.com\/sulscportal\/?hl=pt-br","https:\/\/twitter.com\/https:\/\/twitter.com\/PortalSulSC","https:\/\/www.youtube.com\/channel\/UCv_BE8GeySluDov2n8qhVmw"],"url":"https:\/\/sulsc.com\/index.php\/author\/redacao\/"}]}},"authors":[],"_links":{"self":[{"href":"https:\/\/sulsc.com\/index.php\/wp-json\/wp\/v2\/posts\/21848"}],"collection":[{"href":"https:\/\/sulsc.com\/index.php\/wp-json\/wp\/v2\/posts"}],"about":[{"href":"https:\/\/sulsc.com\/index.php\/wp-json\/wp\/v2\/types\/post"}],"author":[{"embeddable":true,"href":"https:\/\/sulsc.com\/index.php\/wp-json\/wp\/v2\/users\/3"}],"replies":[{"embeddable":true,"href":"https:\/\/sulsc.com\/index.php\/wp-json\/wp\/v2\/comments?post=21848"}],"version-history":[{"count":1,"href":"https:\/\/sulsc.com\/index.php\/wp-json\/wp\/v2\/posts\/21848\/revisions"}],"predecessor-version":[{"id":21850,"href":"https:\/\/sulsc.com\/index.php\/wp-json\/wp\/v2\/posts\/21848\/revisions\/21850"}],"wp:featuredmedia":[{"embeddable":true,"href":"https:\/\/sulsc.com\/index.php\/wp-json\/wp\/v2\/media\/14276"}],"wp:attachment":[{"href":"https:\/\/sulsc.com\/index.php\/wp-json\/wp\/v2\/media?parent=21848"}],"wp:term":[{"taxonomy":"category","embeddable":true,"href":"https:\/\/sulsc.com\/index.php\/wp-json\/wp\/v2\/categories?post=21848"},{"taxonomy":"post_tag","embeddable":true,"href":"https:\/\/sulsc.com\/index.php\/wp-json\/wp\/v2\/tags?post=21848"}],"curies":[{"name":"wp","href":"https:\/\/api.w.org\/{rel}","templated":true}]}}