{"id":21933,"date":"2025-03-27T06:57:10","date_gmt":"2025-03-27T09:57:10","guid":{"rendered":"https:\/\/sulsc.com\/?p=21933"},"modified":"2025-03-27T06:57:10","modified_gmt":"2025-03-27T09:57:10","slug":"quinta-feira-27-com-sol-entre-nuvens-calor-e-temporais","status":"publish","type":"post","link":"https:\/\/sulsc.com\/index.php\/2025\/03\/27\/quinta-feira-27-com-sol-entre-nuvens-calor-e-temporais\/","title":{"rendered":"Quinta-feira (27) com sol entre nuvens calor e temporais"},"content":{"rendered":"<p>Nesta quinta-feira (27), a instabilidade ganha for\u00e7a em todo o estado. Pela manh\u00e3 o sol predomina entre nuvens e a temperatura sobe. Com o calor, umidade e novas \u00e1reas de instabilidade, h\u00e1 condi\u00e7\u00f5es para temporais entre a tarde e \u00e0 noite em todas as regi\u00f5es, com destaque para o Grande Oeste e Planalto Sul.<\/p>\n<p><img fetchpriority=\"high\" decoding=\"async\" class=\"aligncenter size-full wp-image-21934\" src=\"http:\/\/sulsc.com\/wp-content\/uploads\/2025\/03\/5-2.png\" alt=\"\" width=\"1486\" height=\"1015\" srcset=\"https:\/\/sulsc.com\/wp-content\/uploads\/2025\/03\/5-2.png 1486w, https:\/\/sulsc.com\/wp-content\/uploads\/2025\/03\/5-2-300x205.png 300w, https:\/\/sulsc.com\/wp-content\/uploads\/2025\/03\/5-2-1024x699.png 1024w, https:\/\/sulsc.com\/wp-content\/uploads\/2025\/03\/5-2-768x525.png 768w\" sizes=\"(max-width: 1486px) 100vw, 1486px\" \/><\/p>\n<p><img decoding=\"async\" class=\"aligncenter  wp-image-21800\" src=\"http:\/\/sulsc.com\/wp-content\/uploads\/2025\/03\/Tempo-1.png\" alt=\"\" width=\"625\" height=\"115\" srcset=\"https:\/\/sulsc.com\/wp-content\/uploads\/2025\/03\/Tempo-1.png 1024w, https:\/\/sulsc.com\/wp-content\/uploads\/2025\/03\/Tempo-1-300x55.png 300w, https:\/\/sulsc.com\/wp-content\/uploads\/2025\/03\/Tempo-1-768x142.png 768w\" sizes=\"(max-width: 625px) 100vw, 625px\" \/><\/p>\n<p>Os temporais v\u00eam acompanhados por raios, rajadas de vento e chuva pontualmente intensa em curtos per\u00edodos de tempo. O risco \u00e9 moderado a alto para ocorr\u00eancias associadas a destelhamentos, danos na rede el\u00e9trica, queda de galhos e \u00e1rvores, alagamentos e enxurradas pontuais.<\/p>\n<p><strong>Temperaturas<\/strong><\/p>\n<p>Pela manh\u00e3 as temperaturas seguem amenas e variam entre 13\u00b0C e 22\u00b0C, em todo o estado. \u00c0 tarde, faz at\u00e9 31\u00b0C no Litoral Sul e 33\u00b0C, no Oeste.<\/p>\n<p>Fonte\/Defesa Civil SC<\/p>\n","protected":false},"excerpt":{"rendered":"<p>Nesta quinta-feira (27), a instabilidade ganha for\u00e7a em todo o estado. Pela manh\u00e3 o sol predomina entre nuvens e a temperatura sobe. Com o calor, umidade e novas \u00e1reas de instabilidade, h\u00e1 condi\u00e7\u00f5es para temporais entre a tarde e \u00e0 noite em todas as regi\u00f5es, com destaque para o Grande Oeste e Planalto Sul. Os &hellip;<\/p>\n<p class=\"read-more\"> <a class=\"\" href=\"https:\/\/sulsc.com\/index.php\/2025\/03\/27\/quinta-feira-27-com-sol-entre-nuvens-calor-e-temporais\/\"> <span class=\"screen-reader-text\">Quinta-feira (27) com sol entre nuvens calor e temporais<\/span> Read More &raquo;<\/a><\/p>\n","protected":false},"author":3,"featured_media":21935,"comment_status":"open","ping_status":"open","sticky":false,"template":"","format":"standard","meta":{"site-sidebar-layout":"default","site-content-layout":"","ast-site-content-layout":"default","site-content-style":"default","site-sidebar-style":"default","ast-global-header-display":"","ast-banner-title-visibility":"","ast-main-header-display":"","ast-hfb-above-header-display":"","ast-hfb-below-header-display":"","ast-hfb-mobile-header-display":"","site-post-title":"","ast-breadcrumbs-content":"","ast-featured-img":"","footer-sml-layout":"","theme-transparent-header-meta":"default","adv-header-id-meta":"","stick-header-meta":"","header-above-stick-meta":"","header-main-stick-meta":"","header-below-stick-meta":"","astra-migrate-meta-layouts":"set","footnotes":""},"categories":[38],"tags":[90],"yoast_head":"<!-- This site is optimized with the Yoast SEO plugin v21.4 - https:\/\/yoast.com\/wordpress\/plugins\/seo\/ -->\n<title>Quinta-feira (27) com sol entre nuvens calor e temporais -<\/title>\n<meta name=\"description\" content=\"Os temporais v\u00eam acompanhados por raios rajadas de vento e chuva pontualmente intensa em curtos per\u00edodos de tempo\" \/>\n<meta name=\"robots\" content=\"index, follow, max-snippet:-1, max-image-preview:large, max-video-preview:-1\" \/>\n<link rel=\"canonical\" href=\"https:\/\/sulsc.com\/index.php\/2025\/03\/27\/quinta-feira-27-com-sol-entre-nuvens-calor-e-temporais\/\" \/>\n<meta property=\"og:locale\" content=\"en_US\" \/>\n<meta property=\"og:type\" content=\"article\" \/>\n<meta property=\"og:title\" content=\"Quinta-feira (27) com sol entre nuvens calor e temporais -\" \/>\n<meta property=\"og:description\" content=\"Os temporais v\u00eam acompanhados por raios rajadas de vento e chuva pontualmente intensa em curtos per\u00edodos de tempo\" \/>\n<meta property=\"og:url\" content=\"https:\/\/sulsc.com\/index.php\/2025\/03\/27\/quinta-feira-27-com-sol-entre-nuvens-calor-e-temporais\/\" \/>\n<meta property=\"article:author\" content=\"https:\/\/www.facebook.com\/profile.php?id=61559278119680\" \/>\n<meta property=\"article:published_time\" content=\"2025-03-27T09:57:10+00:00\" \/>\n<meta property=\"og:image\" content=\"http:\/\/sulsc.com\/wp-content\/uploads\/2025\/03\/1f108c15-8ccd-48a0-92aa-f3d0d612711f-1.jpg\" \/>\n\t<meta property=\"og:image:width\" content=\"1080\" \/>\n\t<meta property=\"og:image:height\" content=\"1318\" \/>\n\t<meta property=\"og:image:type\" content=\"image\/jpeg\" \/>\n<meta name=\"author\" content=\"Reda\u00e7\u00e3o Sul SC\" \/>\n<meta name=\"twitter:card\" content=\"summary_large_image\" \/>\n<meta name=\"twitter:creator\" content=\"@https:\/\/twitter.com\/PortalSulSC\" \/>\n<meta name=\"twitter:label1\" content=\"Written by\" \/>\n\t<meta name=\"twitter:data1\" content=\"Reda\u00e7\u00e3o Sul SC\" \/>\n\t<meta name=\"twitter:label2\" content=\"Est. reading time\" \/>\n\t<meta name=\"twitter:data2\" content=\"1 minute\" \/>\n<script type=\"application\/ld+json\" class=\"yoast-schema-graph\">{\"@context\":\"https:\/\/schema.org\",\"@graph\":[{\"@type\":\"WebPage\",\"@id\":\"https:\/\/sulsc.com\/index.php\/2025\/03\/27\/quinta-feira-27-com-sol-entre-nuvens-calor-e-temporais\/\",\"url\":\"https:\/\/sulsc.com\/index.php\/2025\/03\/27\/quinta-feira-27-com-sol-entre-nuvens-calor-e-temporais\/\",\"name\":\"Quinta-feira (27) com sol entre nuvens calor e temporais -\",\"isPartOf\":{\"@id\":\"https:\/\/sulsc.com\/#website\"},\"datePublished\":\"2025-03-27T09:57:10+00:00\",\"dateModified\":\"2025-03-27T09:57:10+00:00\",\"author\":{\"@id\":\"https:\/\/sulsc.com\/#\/schema\/person\/84d2fc571684f6248ba83092f07750a3\"},\"description\":\"Os temporais v\u00eam acompanhados por raios rajadas de vento e chuva pontualmente intensa em curtos per\u00edodos de tempo\",\"breadcrumb\":{\"@id\":\"https:\/\/sulsc.com\/index.php\/2025\/03\/27\/quinta-feira-27-com-sol-entre-nuvens-calor-e-temporais\/#breadcrumb\"},\"inLanguage\":\"en-US\",\"potentialAction\":[{\"@type\":\"ReadAction\",\"target\":[\"https:\/\/sulsc.com\/index.php\/2025\/03\/27\/quinta-feira-27-com-sol-entre-nuvens-calor-e-temporais\/\"]}]},{\"@type\":\"BreadcrumbList\",\"@id\":\"https:\/\/sulsc.com\/index.php\/2025\/03\/27\/quinta-feira-27-com-sol-entre-nuvens-calor-e-temporais\/#breadcrumb\",\"itemListElement\":[{\"@type\":\"ListItem\",\"position\":1,\"name\":\"In\u00edcio\",\"item\":\"https:\/\/sulsc.com\/\"},{\"@type\":\"ListItem\",\"position\":2,\"name\":\"Quinta-feira (27) com sol entre nuvens calor e temporais\"}]},{\"@type\":\"WebSite\",\"@id\":\"https:\/\/sulsc.com\/#website\",\"url\":\"https:\/\/sulsc.com\/\",\"name\":\"\",\"description\":\"\",\"potentialAction\":[{\"@type\":\"SearchAction\",\"target\":{\"@type\":\"EntryPoint\",\"urlTemplate\":\"https:\/\/sulsc.com\/?s={search_term_string}\"},\"query-input\":\"required name=search_term_string\"}],\"inLanguage\":\"en-US\"},{\"@type\":\"Person\",\"@id\":\"https:\/\/sulsc.com\/#\/schema\/person\/84d2fc571684f6248ba83092f07750a3\",\"name\":\"Reda\u00e7\u00e3o Sul SC\",\"image\":{\"@type\":\"ImageObject\",\"inLanguage\":\"en-US\",\"@id\":\"https:\/\/sulsc.com\/#\/schema\/person\/image\/e08d7fe2cc4ed596372063bbe852b8d0\",\"url\":\"https:\/\/sulsc.com\/wp-content\/uploads\/2023\/09\/redacao.png\",\"contentUrl\":\"https:\/\/sulsc.com\/wp-content\/uploads\/2023\/09\/redacao.png\",\"caption\":\"Reda\u00e7\u00e3o Sul SC\"},\"description\":\"Foco em um jornalismo imparcial, voltado \u00e0 qualidade dos seus conte\u00fados e, assim, levar informa\u00e7\u00e3o de valor que agregue \u00e0 vida dos leitores. Esta \u00e9 grande miss\u00e3o do Portal de Not\u00edcias Sul SC. N\u00e3o \u00e9 quantidade que muda o mundo, sempre foi e seguir\u00e1 sendo qualidade!\",\"sameAs\":[\"https:\/\/sulsc.com\/\",\"https:\/\/www.facebook.com\/profile.php?id=61559278119680\",\"https:\/\/www.instagram.com\/sulscportal\/?hl=pt-br\",\"https:\/\/twitter.com\/https:\/\/twitter.com\/PortalSulSC\",\"https:\/\/www.youtube.com\/channel\/UCv_BE8GeySluDov2n8qhVmw\"],\"url\":\"https:\/\/sulsc.com\/index.php\/author\/redacao\/\"}]}<\/script>\n<!-- \/ Yoast SEO plugin. -->","yoast_head_json":{"title":"Quinta-feira (27) com sol entre nuvens calor e temporais -","description":"Os temporais v\u00eam acompanhados por raios rajadas de vento e chuva pontualmente intensa em curtos per\u00edodos de tempo","robots":{"index":"index","follow":"follow","max-snippet":"max-snippet:-1","max-image-preview":"max-image-preview:large","max-video-preview":"max-video-preview:-1"},"canonical":"https:\/\/sulsc.com\/index.php\/2025\/03\/27\/quinta-feira-27-com-sol-entre-nuvens-calor-e-temporais\/","og_locale":"en_US","og_type":"article","og_title":"Quinta-feira (27) com sol entre nuvens calor e temporais -","og_description":"Os temporais v\u00eam acompanhados por raios rajadas de vento e chuva pontualmente intensa em curtos per\u00edodos de tempo","og_url":"https:\/\/sulsc.com\/index.php\/2025\/03\/27\/quinta-feira-27-com-sol-entre-nuvens-calor-e-temporais\/","article_author":"https:\/\/www.facebook.com\/profile.php?id=61559278119680","article_published_time":"2025-03-27T09:57:10+00:00","og_image":[{"width":1080,"height":1318,"url":"http:\/\/sulsc.com\/wp-content\/uploads\/2025\/03\/1f108c15-8ccd-48a0-92aa-f3d0d612711f-1.jpg","type":"image\/jpeg"}],"author":"Reda\u00e7\u00e3o Sul SC","twitter_card":"summary_large_image","twitter_creator":"@https:\/\/twitter.com\/PortalSulSC","twitter_misc":{"Written by":"Reda\u00e7\u00e3o Sul SC","Est. reading time":"1 minute"},"schema":{"@context":"https:\/\/schema.org","@graph":[{"@type":"WebPage","@id":"https:\/\/sulsc.com\/index.php\/2025\/03\/27\/quinta-feira-27-com-sol-entre-nuvens-calor-e-temporais\/","url":"https:\/\/sulsc.com\/index.php\/2025\/03\/27\/quinta-feira-27-com-sol-entre-nuvens-calor-e-temporais\/","name":"Quinta-feira (27) com sol entre nuvens calor e temporais -","isPartOf":{"@id":"https:\/\/sulsc.com\/#website"},"datePublished":"2025-03-27T09:57:10+00:00","dateModified":"2025-03-27T09:57:10+00:00","author":{"@id":"https:\/\/sulsc.com\/#\/schema\/person\/84d2fc571684f6248ba83092f07750a3"},"description":"Os temporais v\u00eam acompanhados por raios rajadas de vento e chuva pontualmente intensa em curtos per\u00edodos de tempo","breadcrumb":{"@id":"https:\/\/sulsc.com\/index.php\/2025\/03\/27\/quinta-feira-27-com-sol-entre-nuvens-calor-e-temporais\/#breadcrumb"},"inLanguage":"en-US","potentialAction":[{"@type":"ReadAction","target":["https:\/\/sulsc.com\/index.php\/2025\/03\/27\/quinta-feira-27-com-sol-entre-nuvens-calor-e-temporais\/"]}]},{"@type":"BreadcrumbList","@id":"https:\/\/sulsc.com\/index.php\/2025\/03\/27\/quinta-feira-27-com-sol-entre-nuvens-calor-e-temporais\/#breadcrumb","itemListElement":[{"@type":"ListItem","position":1,"name":"In\u00edcio","item":"https:\/\/sulsc.com\/"},{"@type":"ListItem","position":2,"name":"Quinta-feira (27) com sol entre nuvens calor e temporais"}]},{"@type":"WebSite","@id":"https:\/\/sulsc.com\/#website","url":"https:\/\/sulsc.com\/","name":"","description":"","potentialAction":[{"@type":"SearchAction","target":{"@type":"EntryPoint","urlTemplate":"https:\/\/sulsc.com\/?s={search_term_string}"},"query-input":"required name=search_term_string"}],"inLanguage":"en-US"},{"@type":"Person","@id":"https:\/\/sulsc.com\/#\/schema\/person\/84d2fc571684f6248ba83092f07750a3","name":"Reda\u00e7\u00e3o Sul SC","image":{"@type":"ImageObject","inLanguage":"en-US","@id":"https:\/\/sulsc.com\/#\/schema\/person\/image\/e08d7fe2cc4ed596372063bbe852b8d0","url":"https:\/\/sulsc.com\/wp-content\/uploads\/2023\/09\/redacao.png","contentUrl":"https:\/\/sulsc.com\/wp-content\/uploads\/2023\/09\/redacao.png","caption":"Reda\u00e7\u00e3o Sul SC"},"description":"Foco em um jornalismo imparcial, voltado \u00e0 qualidade dos seus conte\u00fados e, assim, levar informa\u00e7\u00e3o de valor que agregue \u00e0 vida dos leitores. Esta \u00e9 grande miss\u00e3o do Portal de Not\u00edcias Sul SC. N\u00e3o \u00e9 quantidade que muda o mundo, sempre foi e seguir\u00e1 sendo qualidade!","sameAs":["https:\/\/sulsc.com\/","https:\/\/www.facebook.com\/profile.php?id=61559278119680","https:\/\/www.instagram.com\/sulscportal\/?hl=pt-br","https:\/\/twitter.com\/https:\/\/twitter.com\/PortalSulSC","https:\/\/www.youtube.com\/channel\/UCv_BE8GeySluDov2n8qhVmw"],"url":"https:\/\/sulsc.com\/index.php\/author\/redacao\/"}]}},"authors":[],"_links":{"self":[{"href":"https:\/\/sulsc.com\/index.php\/wp-json\/wp\/v2\/posts\/21933"}],"collection":[{"href":"https:\/\/sulsc.com\/index.php\/wp-json\/wp\/v2\/posts"}],"about":[{"href":"https:\/\/sulsc.com\/index.php\/wp-json\/wp\/v2\/types\/post"}],"author":[{"embeddable":true,"href":"https:\/\/sulsc.com\/index.php\/wp-json\/wp\/v2\/users\/3"}],"replies":[{"embeddable":true,"href":"https:\/\/sulsc.com\/index.php\/wp-json\/wp\/v2\/comments?post=21933"}],"version-history":[{"count":1,"href":"https:\/\/sulsc.com\/index.php\/wp-json\/wp\/v2\/posts\/21933\/revisions"}],"predecessor-version":[{"id":21936,"href":"https:\/\/sulsc.com\/index.php\/wp-json\/wp\/v2\/posts\/21933\/revisions\/21936"}],"wp:featuredmedia":[{"embeddable":true,"href":"https:\/\/sulsc.com\/index.php\/wp-json\/wp\/v2\/media\/21935"}],"wp:attachment":[{"href":"https:\/\/sulsc.com\/index.php\/wp-json\/wp\/v2\/media?parent=21933"}],"wp:term":[{"taxonomy":"category","embeddable":true,"href":"https:\/\/sulsc.com\/index.php\/wp-json\/wp\/v2\/categories?post=21933"},{"taxonomy":"post_tag","embeddable":true,"href":"https:\/\/sulsc.com\/index.php\/wp-json\/wp\/v2\/tags?post=21933"}],"curies":[{"name":"wp","href":"https:\/\/api.w.org\/{rel}","templated":true}]}}