{"id":21947,"date":"2025-03-27T08:30:58","date_gmt":"2025-03-27T11:30:58","guid":{"rendered":"https:\/\/sulsc.com\/?p=21947"},"modified":"2025-03-27T08:37:27","modified_gmt":"2025-03-27T11:37:27","slug":"prefeitura-de-capivari-de-baixo-e-alvo-do-gaeco","status":"publish","type":"post","link":"https:\/\/sulsc.com\/index.php\/2025\/03\/27\/prefeitura-de-capivari-de-baixo-e-alvo-do-gaeco\/","title":{"rendered":"Prefeitura de Capivari de Baixo \u00e9 alvo do GAECO"},"content":{"rendered":"<p><span style=\"vertical-align: inherit;\"><span style=\"vertical-align: inherit;\">A prefeitura de Capivari de Baixo foi alvo de uma medida de busca e compreens\u00e3o realizada pelo Grupo de Atua\u00e7\u00e3o Especial de Combate \u00e0s Organiza\u00e7\u00f5es Criminosas (Gaeco), em apoio \u00e0 Promotoria de Justi\u00e7a de Santa Catarina, na manh\u00e3 desta quinta-feira (27).<\/span><\/span><\/p>\n<p><img fetchpriority=\"high\" decoding=\"async\" class=\" wp-image-21948 alignleft\" src=\"http:\/\/sulsc.com\/wp-content\/uploads\/2025\/03\/01-G-3.jpg\" alt=\"\" width=\"541\" height=\"323\" srcset=\"https:\/\/sulsc.com\/wp-content\/uploads\/2025\/03\/01-G-3.jpg 701w, https:\/\/sulsc.com\/wp-content\/uploads\/2025\/03\/01-G-3-300x179.jpg 300w\" sizes=\"(max-width: 541px) 100vw, 541px\" \/><\/p>\n<p><span style=\"vertical-align: inherit;\"><span style=\"vertical-align: inherit;\">O mandato de busca e apreens\u00e3o visa ao recolhimento de materiais e documentos que tenham rela\u00e7\u00e3o com contratos da prefeitura com duas empresas fornecedoras de servi\u00e7os\/materiais, referentes aos anos de 2021 e 2023. A opera\u00e7\u00e3o do Gaeco \u00e9 denominada CTRL C.<\/span><\/span><\/p>\n<p><span style=\"vertical-align: inherit;\"><span style=\"vertical-align: inherit;\">Em um comunicado publicado nas redes sociais da prefeitura, a Administra\u00e7\u00e3o Municipal ressaltou que colocou-se \u00e0 disposi\u00e7\u00e3o das autoridades policiais, facilitando a identifica\u00e7\u00e3o de que quaisquer documentos que venham sejam considerados relevantes \u00e0 pe\u00e7a comprobat\u00f3ria da Promotoria. \u201c <\/span><\/span><em><span style=\"vertical-align: inherit;\"><span style=\"vertical-align: inherit;\">A Administra\u00e7\u00e3o reitera ainda o seu compromisso com a transpar\u00eancia dos seus atos para se manter dispon\u00edvel ao atendimento e esclarecimento de quaisquer outras medidas\u201d,\u00a0<\/span><\/span><\/em><span style=\"vertical-align: inherit;\"><span style=\"vertical-align: inherit;\"> diz a nota.<\/span><\/span><\/p>\n","protected":false},"excerpt":{"rendered":"<p>A prefeitura de Capivari de Baixo foi alvo de uma medida de busca e compreens\u00e3o realizada pelo Grupo de Atua\u00e7\u00e3o Especial de Combate \u00e0s Organiza\u00e7\u00f5es Criminosas (Gaeco), em apoio \u00e0 Promotoria de Justi\u00e7a de Santa Catarina, na manh\u00e3 desta quinta-feira (27). O mandato de busca e apreens\u00e3o visa ao recolhimento de materiais e documentos que &hellip;<\/p>\n<p class=\"read-more\"> <a class=\"\" href=\"https:\/\/sulsc.com\/index.php\/2025\/03\/27\/prefeitura-de-capivari-de-baixo-e-alvo-do-gaeco\/\"> <span class=\"screen-reader-text\">Prefeitura de Capivari de Baixo \u00e9 alvo do GAECO<\/span> Read More &raquo;<\/a><\/p>\n","protected":false},"author":3,"featured_media":21948,"comment_status":"open","ping_status":"open","sticky":false,"template":"","format":"standard","meta":{"site-sidebar-layout":"default","site-content-layout":"","ast-site-content-layout":"default","site-content-style":"default","site-sidebar-style":"default","ast-global-header-display":"","ast-banner-title-visibility":"","ast-main-header-display":"","ast-hfb-above-header-display":"","ast-hfb-below-header-display":"","ast-hfb-mobile-header-display":"","site-post-title":"","ast-breadcrumbs-content":"","ast-featured-img":"","footer-sml-layout":"","theme-transparent-header-meta":"default","adv-header-id-meta":"","stick-header-meta":"","header-above-stick-meta":"","header-main-stick-meta":"","header-below-stick-meta":"","astra-migrate-meta-layouts":"set","footnotes":""},"categories":[1],"tags":[104],"yoast_head":"<!-- This site is optimized with the Yoast SEO plugin v21.4 - https:\/\/yoast.com\/wordpress\/plugins\/seo\/ -->\n<title>Prefeitura de Capivari de Baixo \u00e9 alvo do GAECO -<\/title>\n<meta name=\"robots\" content=\"index, follow, max-snippet:-1, max-image-preview:large, max-video-preview:-1\" \/>\n<link rel=\"canonical\" href=\"https:\/\/sulsc.com\/index.php\/2025\/03\/27\/prefeitura-de-capivari-de-baixo-e-alvo-do-gaeco\/\" \/>\n<meta property=\"og:locale\" content=\"en_US\" \/>\n<meta property=\"og:type\" content=\"article\" \/>\n<meta property=\"og:title\" content=\"Prefeitura de Capivari de Baixo \u00e9 alvo do GAECO -\" \/>\n<meta property=\"og:description\" content=\"A prefeitura de Capivari de Baixo foi alvo de uma medida de busca e compreens\u00e3o realizada pelo Grupo de Atua\u00e7\u00e3o Especial de Combate \u00e0s Organiza\u00e7\u00f5es Criminosas (Gaeco), em apoio \u00e0 Promotoria de Justi\u00e7a de Santa Catarina, na manh\u00e3 desta quinta-feira (27). O mandato de busca e apreens\u00e3o visa ao recolhimento de materiais e documentos que &hellip; Prefeitura de Capivari de Baixo \u00e9 alvo do GAECO Read More &raquo;\" \/>\n<meta property=\"og:url\" content=\"https:\/\/sulsc.com\/index.php\/2025\/03\/27\/prefeitura-de-capivari-de-baixo-e-alvo-do-gaeco\/\" \/>\n<meta property=\"article:author\" content=\"https:\/\/www.facebook.com\/profile.php?id=61559278119680\" \/>\n<meta property=\"article:published_time\" content=\"2025-03-27T11:30:58+00:00\" \/>\n<meta property=\"article:modified_time\" content=\"2025-03-27T11:37:27+00:00\" \/>\n<meta property=\"og:image\" content=\"http:\/\/sulsc.com\/wp-content\/uploads\/2025\/03\/01-G-3.jpg\" \/>\n\t<meta property=\"og:image:width\" content=\"701\" \/>\n\t<meta property=\"og:image:height\" content=\"418\" \/>\n\t<meta property=\"og:image:type\" content=\"image\/jpeg\" \/>\n<meta name=\"author\" content=\"Reda\u00e7\u00e3o Sul SC\" \/>\n<meta name=\"twitter:card\" content=\"summary_large_image\" \/>\n<meta name=\"twitter:creator\" content=\"@https:\/\/twitter.com\/PortalSulSC\" \/>\n<meta name=\"twitter:label1\" content=\"Written by\" \/>\n\t<meta name=\"twitter:data1\" content=\"Reda\u00e7\u00e3o Sul SC\" \/>\n\t<meta name=\"twitter:label2\" content=\"Est. reading time\" \/>\n\t<meta name=\"twitter:data2\" content=\"1 minute\" \/>\n<script type=\"application\/ld+json\" class=\"yoast-schema-graph\">{\"@context\":\"https:\/\/schema.org\",\"@graph\":[{\"@type\":\"WebPage\",\"@id\":\"https:\/\/sulsc.com\/index.php\/2025\/03\/27\/prefeitura-de-capivari-de-baixo-e-alvo-do-gaeco\/\",\"url\":\"https:\/\/sulsc.com\/index.php\/2025\/03\/27\/prefeitura-de-capivari-de-baixo-e-alvo-do-gaeco\/\",\"name\":\"Prefeitura de Capivari de Baixo \u00e9 alvo do GAECO -\",\"isPartOf\":{\"@id\":\"https:\/\/sulsc.com\/#website\"},\"datePublished\":\"2025-03-27T11:30:58+00:00\",\"dateModified\":\"2025-03-27T11:37:27+00:00\",\"author\":{\"@id\":\"https:\/\/sulsc.com\/#\/schema\/person\/84d2fc571684f6248ba83092f07750a3\"},\"breadcrumb\":{\"@id\":\"https:\/\/sulsc.com\/index.php\/2025\/03\/27\/prefeitura-de-capivari-de-baixo-e-alvo-do-gaeco\/#breadcrumb\"},\"inLanguage\":\"en-US\",\"potentialAction\":[{\"@type\":\"ReadAction\",\"target\":[\"https:\/\/sulsc.com\/index.php\/2025\/03\/27\/prefeitura-de-capivari-de-baixo-e-alvo-do-gaeco\/\"]}]},{\"@type\":\"BreadcrumbList\",\"@id\":\"https:\/\/sulsc.com\/index.php\/2025\/03\/27\/prefeitura-de-capivari-de-baixo-e-alvo-do-gaeco\/#breadcrumb\",\"itemListElement\":[{\"@type\":\"ListItem\",\"position\":1,\"name\":\"In\u00edcio\",\"item\":\"https:\/\/sulsc.com\/\"},{\"@type\":\"ListItem\",\"position\":2,\"name\":\"Prefeitura de Capivari de Baixo \u00e9 alvo do GAECO\"}]},{\"@type\":\"WebSite\",\"@id\":\"https:\/\/sulsc.com\/#website\",\"url\":\"https:\/\/sulsc.com\/\",\"name\":\"\",\"description\":\"\",\"potentialAction\":[{\"@type\":\"SearchAction\",\"target\":{\"@type\":\"EntryPoint\",\"urlTemplate\":\"https:\/\/sulsc.com\/?s={search_term_string}\"},\"query-input\":\"required name=search_term_string\"}],\"inLanguage\":\"en-US\"},{\"@type\":\"Person\",\"@id\":\"https:\/\/sulsc.com\/#\/schema\/person\/84d2fc571684f6248ba83092f07750a3\",\"name\":\"Reda\u00e7\u00e3o Sul SC\",\"image\":{\"@type\":\"ImageObject\",\"inLanguage\":\"en-US\",\"@id\":\"https:\/\/sulsc.com\/#\/schema\/person\/image\/e08d7fe2cc4ed596372063bbe852b8d0\",\"url\":\"https:\/\/sulsc.com\/wp-content\/uploads\/2023\/09\/redacao.png\",\"contentUrl\":\"https:\/\/sulsc.com\/wp-content\/uploads\/2023\/09\/redacao.png\",\"caption\":\"Reda\u00e7\u00e3o Sul SC\"},\"description\":\"Foco em um jornalismo imparcial, voltado \u00e0 qualidade dos seus conte\u00fados e, assim, levar informa\u00e7\u00e3o de valor que agregue \u00e0 vida dos leitores. Esta \u00e9 grande miss\u00e3o do Portal de Not\u00edcias Sul SC. N\u00e3o \u00e9 quantidade que muda o mundo, sempre foi e seguir\u00e1 sendo qualidade!\",\"sameAs\":[\"https:\/\/sulsc.com\/\",\"https:\/\/www.facebook.com\/profile.php?id=61559278119680\",\"https:\/\/www.instagram.com\/sulscportal\/?hl=pt-br\",\"https:\/\/twitter.com\/https:\/\/twitter.com\/PortalSulSC\",\"https:\/\/www.youtube.com\/channel\/UCv_BE8GeySluDov2n8qhVmw\"],\"url\":\"https:\/\/sulsc.com\/index.php\/author\/redacao\/\"}]}<\/script>\n<!-- \/ Yoast SEO plugin. -->","yoast_head_json":{"title":"Prefeitura de Capivari de Baixo \u00e9 alvo do GAECO -","robots":{"index":"index","follow":"follow","max-snippet":"max-snippet:-1","max-image-preview":"max-image-preview:large","max-video-preview":"max-video-preview:-1"},"canonical":"https:\/\/sulsc.com\/index.php\/2025\/03\/27\/prefeitura-de-capivari-de-baixo-e-alvo-do-gaeco\/","og_locale":"en_US","og_type":"article","og_title":"Prefeitura de Capivari de Baixo \u00e9 alvo do GAECO -","og_description":"A prefeitura de Capivari de Baixo foi alvo de uma medida de busca e compreens\u00e3o realizada pelo Grupo de Atua\u00e7\u00e3o Especial de Combate \u00e0s Organiza\u00e7\u00f5es Criminosas (Gaeco), em apoio \u00e0 Promotoria de Justi\u00e7a de Santa Catarina, na manh\u00e3 desta quinta-feira (27). O mandato de busca e apreens\u00e3o visa ao recolhimento de materiais e documentos que &hellip; Prefeitura de Capivari de Baixo \u00e9 alvo do GAECO Read More &raquo;","og_url":"https:\/\/sulsc.com\/index.php\/2025\/03\/27\/prefeitura-de-capivari-de-baixo-e-alvo-do-gaeco\/","article_author":"https:\/\/www.facebook.com\/profile.php?id=61559278119680","article_published_time":"2025-03-27T11:30:58+00:00","article_modified_time":"2025-03-27T11:37:27+00:00","og_image":[{"width":701,"height":418,"url":"http:\/\/sulsc.com\/wp-content\/uploads\/2025\/03\/01-G-3.jpg","type":"image\/jpeg"}],"author":"Reda\u00e7\u00e3o Sul SC","twitter_card":"summary_large_image","twitter_creator":"@https:\/\/twitter.com\/PortalSulSC","twitter_misc":{"Written by":"Reda\u00e7\u00e3o Sul SC","Est. reading time":"1 minute"},"schema":{"@context":"https:\/\/schema.org","@graph":[{"@type":"WebPage","@id":"https:\/\/sulsc.com\/index.php\/2025\/03\/27\/prefeitura-de-capivari-de-baixo-e-alvo-do-gaeco\/","url":"https:\/\/sulsc.com\/index.php\/2025\/03\/27\/prefeitura-de-capivari-de-baixo-e-alvo-do-gaeco\/","name":"Prefeitura de Capivari de Baixo \u00e9 alvo do GAECO -","isPartOf":{"@id":"https:\/\/sulsc.com\/#website"},"datePublished":"2025-03-27T11:30:58+00:00","dateModified":"2025-03-27T11:37:27+00:00","author":{"@id":"https:\/\/sulsc.com\/#\/schema\/person\/84d2fc571684f6248ba83092f07750a3"},"breadcrumb":{"@id":"https:\/\/sulsc.com\/index.php\/2025\/03\/27\/prefeitura-de-capivari-de-baixo-e-alvo-do-gaeco\/#breadcrumb"},"inLanguage":"en-US","potentialAction":[{"@type":"ReadAction","target":["https:\/\/sulsc.com\/index.php\/2025\/03\/27\/prefeitura-de-capivari-de-baixo-e-alvo-do-gaeco\/"]}]},{"@type":"BreadcrumbList","@id":"https:\/\/sulsc.com\/index.php\/2025\/03\/27\/prefeitura-de-capivari-de-baixo-e-alvo-do-gaeco\/#breadcrumb","itemListElement":[{"@type":"ListItem","position":1,"name":"In\u00edcio","item":"https:\/\/sulsc.com\/"},{"@type":"ListItem","position":2,"name":"Prefeitura de Capivari de Baixo \u00e9 alvo do GAECO"}]},{"@type":"WebSite","@id":"https:\/\/sulsc.com\/#website","url":"https:\/\/sulsc.com\/","name":"","description":"","potentialAction":[{"@type":"SearchAction","target":{"@type":"EntryPoint","urlTemplate":"https:\/\/sulsc.com\/?s={search_term_string}"},"query-input":"required name=search_term_string"}],"inLanguage":"en-US"},{"@type":"Person","@id":"https:\/\/sulsc.com\/#\/schema\/person\/84d2fc571684f6248ba83092f07750a3","name":"Reda\u00e7\u00e3o Sul SC","image":{"@type":"ImageObject","inLanguage":"en-US","@id":"https:\/\/sulsc.com\/#\/schema\/person\/image\/e08d7fe2cc4ed596372063bbe852b8d0","url":"https:\/\/sulsc.com\/wp-content\/uploads\/2023\/09\/redacao.png","contentUrl":"https:\/\/sulsc.com\/wp-content\/uploads\/2023\/09\/redacao.png","caption":"Reda\u00e7\u00e3o Sul SC"},"description":"Foco em um jornalismo imparcial, voltado \u00e0 qualidade dos seus conte\u00fados e, assim, levar informa\u00e7\u00e3o de valor que agregue \u00e0 vida dos leitores. Esta \u00e9 grande miss\u00e3o do Portal de Not\u00edcias Sul SC. N\u00e3o \u00e9 quantidade que muda o mundo, sempre foi e seguir\u00e1 sendo qualidade!","sameAs":["https:\/\/sulsc.com\/","https:\/\/www.facebook.com\/profile.php?id=61559278119680","https:\/\/www.instagram.com\/sulscportal\/?hl=pt-br","https:\/\/twitter.com\/https:\/\/twitter.com\/PortalSulSC","https:\/\/www.youtube.com\/channel\/UCv_BE8GeySluDov2n8qhVmw"],"url":"https:\/\/sulsc.com\/index.php\/author\/redacao\/"}]}},"authors":[],"_links":{"self":[{"href":"https:\/\/sulsc.com\/index.php\/wp-json\/wp\/v2\/posts\/21947"}],"collection":[{"href":"https:\/\/sulsc.com\/index.php\/wp-json\/wp\/v2\/posts"}],"about":[{"href":"https:\/\/sulsc.com\/index.php\/wp-json\/wp\/v2\/types\/post"}],"author":[{"embeddable":true,"href":"https:\/\/sulsc.com\/index.php\/wp-json\/wp\/v2\/users\/3"}],"replies":[{"embeddable":true,"href":"https:\/\/sulsc.com\/index.php\/wp-json\/wp\/v2\/comments?post=21947"}],"version-history":[{"count":2,"href":"https:\/\/sulsc.com\/index.php\/wp-json\/wp\/v2\/posts\/21947\/revisions"}],"predecessor-version":[{"id":21950,"href":"https:\/\/sulsc.com\/index.php\/wp-json\/wp\/v2\/posts\/21947\/revisions\/21950"}],"wp:featuredmedia":[{"embeddable":true,"href":"https:\/\/sulsc.com\/index.php\/wp-json\/wp\/v2\/media\/21948"}],"wp:attachment":[{"href":"https:\/\/sulsc.com\/index.php\/wp-json\/wp\/v2\/media?parent=21947"}],"wp:term":[{"taxonomy":"category","embeddable":true,"href":"https:\/\/sulsc.com\/index.php\/wp-json\/wp\/v2\/categories?post=21947"},{"taxonomy":"post_tag","embeddable":true,"href":"https:\/\/sulsc.com\/index.php\/wp-json\/wp\/v2\/tags?post=21947"}],"curies":[{"name":"wp","href":"https:\/\/api.w.org\/{rel}","templated":true}]}}