{"id":21980,"date":"2025-03-28T07:52:51","date_gmt":"2025-03-28T10:52:51","guid":{"rendered":"https:\/\/sulsc.com\/?p=21980"},"modified":"2025-03-28T07:52:51","modified_gmt":"2025-03-28T10:52:51","slug":"sexta-feira-29-com-dia-parcialmente-nublado-e-maximas-nas-casas-dos-32oc","status":"publish","type":"post","link":"https:\/\/sulsc.com\/index.php\/2025\/03\/28\/sexta-feira-29-com-dia-parcialmente-nublado-e-maximas-nas-casas-dos-32oc\/","title":{"rendered":"Sexta-feira (29) com dia parcialmente nublado e m\u00e1ximas nas casas dos 32\u00baC"},"content":{"rendered":"<p>Sexta-feira (28), o tempo segue inst\u00e1vel em todo o estado. O dia come\u00e7ou com chuva madrugada em parte de SC, especialmente no Grande Oeste. Ainda pela manh\u00e3 a chuva diminui e o sol aparece entre nebulosidade vari\u00e1vel, mas com condi\u00e7\u00f5es para chuva fraca\/chuviscos isolados nas regi\u00f5es litor\u00e2neas.<\/p>\n<p><img fetchpriority=\"high\" decoding=\"async\" class=\"aligncenter size-full wp-image-21981\" src=\"http:\/\/sulsc.com\/wp-content\/uploads\/2025\/03\/6-1.png\" alt=\"\" width=\"1489\" height=\"1015\" srcset=\"https:\/\/sulsc.com\/wp-content\/uploads\/2025\/03\/6-1.png 1489w, https:\/\/sulsc.com\/wp-content\/uploads\/2025\/03\/6-1-300x204.png 300w, https:\/\/sulsc.com\/wp-content\/uploads\/2025\/03\/6-1-1024x698.png 1024w, https:\/\/sulsc.com\/wp-content\/uploads\/2025\/03\/6-1-768x524.png 768w\" sizes=\"(max-width: 1489px) 100vw, 1489px\" \/><\/p>\n<p><img decoding=\"async\" class=\"aligncenter  wp-image-21800\" src=\"http:\/\/sulsc.com\/wp-content\/uploads\/2025\/03\/Tempo-1.png\" alt=\"\" width=\"642\" height=\"118\" srcset=\"https:\/\/sulsc.com\/wp-content\/uploads\/2025\/03\/Tempo-1.png 1024w, https:\/\/sulsc.com\/wp-content\/uploads\/2025\/03\/Tempo-1-300x55.png 300w, https:\/\/sulsc.com\/wp-content\/uploads\/2025\/03\/Tempo-1-768x142.png 768w\" sizes=\"(max-width: 642px) 100vw, 642px\" \/><\/p>\n<p>As temperatura sobe com as aberturas de sol, chegando aos 34\u00b0C no Oeste e 32\u00b0C no Litoral. A partir da tarde, com o calor, umidade e aproxima\u00e7\u00e3o de uma nova frente fria, h\u00e1 condi\u00e7\u00f5es para temporais acompanhados por raios, rajadas de vento e chuva pontualmente intensa. O risco permanece moderado a alto para ocorr\u00eancias associadas aos temporais. Amanh\u00e3 s\u00e1bado (29), as instabilidades diminuem em todo o estado, j\u00e1 as temperaturas\u00a0 no litoral o dia come\u00e7a abafado, com m\u00ednimas entre 22\u00b0C e 25\u00b0C e m\u00e1ximas no per\u00edodo da tarde chegando aos 32\u00baC.<\/p>\n<p>Fonte\/Defesa Civil SC<\/p>\n<p>Fotos\/Portal Sul SC<\/p>\n","protected":false},"excerpt":{"rendered":"<p>Sexta-feira (28), o tempo segue inst\u00e1vel em todo o estado. O dia come\u00e7ou com chuva madrugada em parte de SC, especialmente no Grande Oeste. Ainda pela manh\u00e3 a chuva diminui e o sol aparece entre nebulosidade vari\u00e1vel, mas com condi\u00e7\u00f5es para chuva fraca\/chuviscos isolados nas regi\u00f5es litor\u00e2neas. As temperatura sobe com as aberturas de sol, &hellip;<\/p>\n<p class=\"read-more\"> <a class=\"\" href=\"https:\/\/sulsc.com\/index.php\/2025\/03\/28\/sexta-feira-29-com-dia-parcialmente-nublado-e-maximas-nas-casas-dos-32oc\/\"> <span class=\"screen-reader-text\">Sexta-feira (29) com dia parcialmente nublado e m\u00e1ximas nas casas dos 32\u00baC<\/span> Read More &raquo;<\/a><\/p>\n","protected":false},"author":3,"featured_media":21984,"comment_status":"open","ping_status":"open","sticky":false,"template":"","format":"standard","meta":{"site-sidebar-layout":"default","site-content-layout":"","ast-site-content-layout":"default","site-content-style":"default","site-sidebar-style":"default","ast-global-header-display":"","ast-banner-title-visibility":"","ast-main-header-display":"","ast-hfb-above-header-display":"","ast-hfb-below-header-display":"","ast-hfb-mobile-header-display":"","site-post-title":"","ast-breadcrumbs-content":"","ast-featured-img":"","footer-sml-layout":"","theme-transparent-header-meta":"default","adv-header-id-meta":"","stick-header-meta":"","header-above-stick-meta":"","header-main-stick-meta":"","header-below-stick-meta":"","astra-migrate-meta-layouts":"set","footnotes":""},"categories":[38],"tags":[90],"yoast_head":"<!-- This site is optimized with the Yoast SEO plugin v21.4 - https:\/\/yoast.com\/wordpress\/plugins\/seo\/ -->\n<title>Sexta-feira (29) com dia parcialmente nublado e m\u00e1ximas nas casas dos 32\u00baC -<\/title>\n<meta name=\"description\" content=\"A partir da tarde com o calor umidade e aproxima\u00e7\u00e3o de uma nova frente fria h\u00e1 condi\u00e7\u00f5es para temporais com chuva pontualmente intensa\" \/>\n<meta name=\"robots\" content=\"index, follow, max-snippet:-1, max-image-preview:large, max-video-preview:-1\" \/>\n<link rel=\"canonical\" href=\"https:\/\/sulsc.com\/index.php\/2025\/03\/28\/sexta-feira-29-com-dia-parcialmente-nublado-e-maximas-nas-casas-dos-32oc\/\" \/>\n<meta property=\"og:locale\" content=\"en_US\" \/>\n<meta property=\"og:type\" content=\"article\" \/>\n<meta property=\"og:title\" content=\"Sexta-feira (29) com dia parcialmente nublado e m\u00e1ximas nas casas dos 32\u00baC -\" \/>\n<meta property=\"og:description\" content=\"A partir da tarde com o calor umidade e aproxima\u00e7\u00e3o de uma nova frente fria h\u00e1 condi\u00e7\u00f5es para temporais com chuva pontualmente intensa\" \/>\n<meta property=\"og:url\" content=\"https:\/\/sulsc.com\/index.php\/2025\/03\/28\/sexta-feira-29-com-dia-parcialmente-nublado-e-maximas-nas-casas-dos-32oc\/\" \/>\n<meta property=\"article:author\" content=\"https:\/\/www.facebook.com\/profile.php?id=61559278119680\" \/>\n<meta property=\"article:published_time\" content=\"2025-03-28T10:52:51+00:00\" \/>\n<meta property=\"og:image\" content=\"http:\/\/sulsc.com\/wp-content\/uploads\/2025\/03\/6d87aa09-ddf2-4c73-bcdb-515421510b81.jpg\" \/>\n\t<meta property=\"og:image:width\" content=\"1600\" \/>\n\t<meta property=\"og:image:height\" content=\"720\" \/>\n\t<meta property=\"og:image:type\" content=\"image\/jpeg\" \/>\n<meta name=\"author\" content=\"Reda\u00e7\u00e3o Sul SC\" \/>\n<meta name=\"twitter:card\" content=\"summary_large_image\" \/>\n<meta name=\"twitter:creator\" content=\"@https:\/\/twitter.com\/PortalSulSC\" \/>\n<meta name=\"twitter:label1\" content=\"Written by\" \/>\n\t<meta name=\"twitter:data1\" content=\"Reda\u00e7\u00e3o Sul SC\" \/>\n\t<meta name=\"twitter:label2\" content=\"Est. reading time\" \/>\n\t<meta name=\"twitter:data2\" content=\"2 minutes\" \/>\n<script type=\"application\/ld+json\" class=\"yoast-schema-graph\">{\"@context\":\"https:\/\/schema.org\",\"@graph\":[{\"@type\":\"WebPage\",\"@id\":\"https:\/\/sulsc.com\/index.php\/2025\/03\/28\/sexta-feira-29-com-dia-parcialmente-nublado-e-maximas-nas-casas-dos-32oc\/\",\"url\":\"https:\/\/sulsc.com\/index.php\/2025\/03\/28\/sexta-feira-29-com-dia-parcialmente-nublado-e-maximas-nas-casas-dos-32oc\/\",\"name\":\"Sexta-feira (29) com dia parcialmente nublado e m\u00e1ximas nas casas dos 32\u00baC -\",\"isPartOf\":{\"@id\":\"https:\/\/sulsc.com\/#website\"},\"datePublished\":\"2025-03-28T10:52:51+00:00\",\"dateModified\":\"2025-03-28T10:52:51+00:00\",\"author\":{\"@id\":\"https:\/\/sulsc.com\/#\/schema\/person\/84d2fc571684f6248ba83092f07750a3\"},\"description\":\"A partir da tarde com o calor umidade e aproxima\u00e7\u00e3o de uma nova frente fria h\u00e1 condi\u00e7\u00f5es para temporais com chuva pontualmente intensa\",\"breadcrumb\":{\"@id\":\"https:\/\/sulsc.com\/index.php\/2025\/03\/28\/sexta-feira-29-com-dia-parcialmente-nublado-e-maximas-nas-casas-dos-32oc\/#breadcrumb\"},\"inLanguage\":\"en-US\",\"potentialAction\":[{\"@type\":\"ReadAction\",\"target\":[\"https:\/\/sulsc.com\/index.php\/2025\/03\/28\/sexta-feira-29-com-dia-parcialmente-nublado-e-maximas-nas-casas-dos-32oc\/\"]}]},{\"@type\":\"BreadcrumbList\",\"@id\":\"https:\/\/sulsc.com\/index.php\/2025\/03\/28\/sexta-feira-29-com-dia-parcialmente-nublado-e-maximas-nas-casas-dos-32oc\/#breadcrumb\",\"itemListElement\":[{\"@type\":\"ListItem\",\"position\":1,\"name\":\"In\u00edcio\",\"item\":\"https:\/\/sulsc.com\/\"},{\"@type\":\"ListItem\",\"position\":2,\"name\":\"Sexta-feira (29) com dia parcialmente nublado e m\u00e1ximas nas casas dos 32\u00baC\"}]},{\"@type\":\"WebSite\",\"@id\":\"https:\/\/sulsc.com\/#website\",\"url\":\"https:\/\/sulsc.com\/\",\"name\":\"\",\"description\":\"\",\"potentialAction\":[{\"@type\":\"SearchAction\",\"target\":{\"@type\":\"EntryPoint\",\"urlTemplate\":\"https:\/\/sulsc.com\/?s={search_term_string}\"},\"query-input\":\"required name=search_term_string\"}],\"inLanguage\":\"en-US\"},{\"@type\":\"Person\",\"@id\":\"https:\/\/sulsc.com\/#\/schema\/person\/84d2fc571684f6248ba83092f07750a3\",\"name\":\"Reda\u00e7\u00e3o Sul SC\",\"image\":{\"@type\":\"ImageObject\",\"inLanguage\":\"en-US\",\"@id\":\"https:\/\/sulsc.com\/#\/schema\/person\/image\/e08d7fe2cc4ed596372063bbe852b8d0\",\"url\":\"https:\/\/sulsc.com\/wp-content\/uploads\/2023\/09\/redacao.png\",\"contentUrl\":\"https:\/\/sulsc.com\/wp-content\/uploads\/2023\/09\/redacao.png\",\"caption\":\"Reda\u00e7\u00e3o Sul SC\"},\"description\":\"Foco em um jornalismo imparcial, voltado \u00e0 qualidade dos seus conte\u00fados e, assim, levar informa\u00e7\u00e3o de valor que agregue \u00e0 vida dos leitores. Esta \u00e9 grande miss\u00e3o do Portal de Not\u00edcias Sul SC. N\u00e3o \u00e9 quantidade que muda o mundo, sempre foi e seguir\u00e1 sendo qualidade!\",\"sameAs\":[\"https:\/\/sulsc.com\/\",\"https:\/\/www.facebook.com\/profile.php?id=61559278119680\",\"https:\/\/www.instagram.com\/sulscportal\/?hl=pt-br\",\"https:\/\/twitter.com\/https:\/\/twitter.com\/PortalSulSC\",\"https:\/\/www.youtube.com\/channel\/UCv_BE8GeySluDov2n8qhVmw\"],\"url\":\"https:\/\/sulsc.com\/index.php\/author\/redacao\/\"}]}<\/script>\n<!-- \/ Yoast SEO plugin. -->","yoast_head_json":{"title":"Sexta-feira (29) com dia parcialmente nublado e m\u00e1ximas nas casas dos 32\u00baC -","description":"A partir da tarde com o calor umidade e aproxima\u00e7\u00e3o de uma nova frente fria h\u00e1 condi\u00e7\u00f5es para temporais com chuva pontualmente intensa","robots":{"index":"index","follow":"follow","max-snippet":"max-snippet:-1","max-image-preview":"max-image-preview:large","max-video-preview":"max-video-preview:-1"},"canonical":"https:\/\/sulsc.com\/index.php\/2025\/03\/28\/sexta-feira-29-com-dia-parcialmente-nublado-e-maximas-nas-casas-dos-32oc\/","og_locale":"en_US","og_type":"article","og_title":"Sexta-feira (29) com dia parcialmente nublado e m\u00e1ximas nas casas dos 32\u00baC -","og_description":"A partir da tarde com o calor umidade e aproxima\u00e7\u00e3o de uma nova frente fria h\u00e1 condi\u00e7\u00f5es para temporais com chuva pontualmente intensa","og_url":"https:\/\/sulsc.com\/index.php\/2025\/03\/28\/sexta-feira-29-com-dia-parcialmente-nublado-e-maximas-nas-casas-dos-32oc\/","article_author":"https:\/\/www.facebook.com\/profile.php?id=61559278119680","article_published_time":"2025-03-28T10:52:51+00:00","og_image":[{"width":1600,"height":720,"url":"http:\/\/sulsc.com\/wp-content\/uploads\/2025\/03\/6d87aa09-ddf2-4c73-bcdb-515421510b81.jpg","type":"image\/jpeg"}],"author":"Reda\u00e7\u00e3o Sul SC","twitter_card":"summary_large_image","twitter_creator":"@https:\/\/twitter.com\/PortalSulSC","twitter_misc":{"Written by":"Reda\u00e7\u00e3o Sul SC","Est. reading time":"2 minutes"},"schema":{"@context":"https:\/\/schema.org","@graph":[{"@type":"WebPage","@id":"https:\/\/sulsc.com\/index.php\/2025\/03\/28\/sexta-feira-29-com-dia-parcialmente-nublado-e-maximas-nas-casas-dos-32oc\/","url":"https:\/\/sulsc.com\/index.php\/2025\/03\/28\/sexta-feira-29-com-dia-parcialmente-nublado-e-maximas-nas-casas-dos-32oc\/","name":"Sexta-feira (29) com dia parcialmente nublado e m\u00e1ximas nas casas dos 32\u00baC -","isPartOf":{"@id":"https:\/\/sulsc.com\/#website"},"datePublished":"2025-03-28T10:52:51+00:00","dateModified":"2025-03-28T10:52:51+00:00","author":{"@id":"https:\/\/sulsc.com\/#\/schema\/person\/84d2fc571684f6248ba83092f07750a3"},"description":"A partir da tarde com o calor umidade e aproxima\u00e7\u00e3o de uma nova frente fria h\u00e1 condi\u00e7\u00f5es para temporais com chuva pontualmente intensa","breadcrumb":{"@id":"https:\/\/sulsc.com\/index.php\/2025\/03\/28\/sexta-feira-29-com-dia-parcialmente-nublado-e-maximas-nas-casas-dos-32oc\/#breadcrumb"},"inLanguage":"en-US","potentialAction":[{"@type":"ReadAction","target":["https:\/\/sulsc.com\/index.php\/2025\/03\/28\/sexta-feira-29-com-dia-parcialmente-nublado-e-maximas-nas-casas-dos-32oc\/"]}]},{"@type":"BreadcrumbList","@id":"https:\/\/sulsc.com\/index.php\/2025\/03\/28\/sexta-feira-29-com-dia-parcialmente-nublado-e-maximas-nas-casas-dos-32oc\/#breadcrumb","itemListElement":[{"@type":"ListItem","position":1,"name":"In\u00edcio","item":"https:\/\/sulsc.com\/"},{"@type":"ListItem","position":2,"name":"Sexta-feira (29) com dia parcialmente nublado e m\u00e1ximas nas casas dos 32\u00baC"}]},{"@type":"WebSite","@id":"https:\/\/sulsc.com\/#website","url":"https:\/\/sulsc.com\/","name":"","description":"","potentialAction":[{"@type":"SearchAction","target":{"@type":"EntryPoint","urlTemplate":"https:\/\/sulsc.com\/?s={search_term_string}"},"query-input":"required name=search_term_string"}],"inLanguage":"en-US"},{"@type":"Person","@id":"https:\/\/sulsc.com\/#\/schema\/person\/84d2fc571684f6248ba83092f07750a3","name":"Reda\u00e7\u00e3o Sul SC","image":{"@type":"ImageObject","inLanguage":"en-US","@id":"https:\/\/sulsc.com\/#\/schema\/person\/image\/e08d7fe2cc4ed596372063bbe852b8d0","url":"https:\/\/sulsc.com\/wp-content\/uploads\/2023\/09\/redacao.png","contentUrl":"https:\/\/sulsc.com\/wp-content\/uploads\/2023\/09\/redacao.png","caption":"Reda\u00e7\u00e3o Sul SC"},"description":"Foco em um jornalismo imparcial, voltado \u00e0 qualidade dos seus conte\u00fados e, assim, levar informa\u00e7\u00e3o de valor que agregue \u00e0 vida dos leitores. Esta \u00e9 grande miss\u00e3o do Portal de Not\u00edcias Sul SC. N\u00e3o \u00e9 quantidade que muda o mundo, sempre foi e seguir\u00e1 sendo qualidade!","sameAs":["https:\/\/sulsc.com\/","https:\/\/www.facebook.com\/profile.php?id=61559278119680","https:\/\/www.instagram.com\/sulscportal\/?hl=pt-br","https:\/\/twitter.com\/https:\/\/twitter.com\/PortalSulSC","https:\/\/www.youtube.com\/channel\/UCv_BE8GeySluDov2n8qhVmw"],"url":"https:\/\/sulsc.com\/index.php\/author\/redacao\/"}]}},"authors":[],"_links":{"self":[{"href":"https:\/\/sulsc.com\/index.php\/wp-json\/wp\/v2\/posts\/21980"}],"collection":[{"href":"https:\/\/sulsc.com\/index.php\/wp-json\/wp\/v2\/posts"}],"about":[{"href":"https:\/\/sulsc.com\/index.php\/wp-json\/wp\/v2\/types\/post"}],"author":[{"embeddable":true,"href":"https:\/\/sulsc.com\/index.php\/wp-json\/wp\/v2\/users\/3"}],"replies":[{"embeddable":true,"href":"https:\/\/sulsc.com\/index.php\/wp-json\/wp\/v2\/comments?post=21980"}],"version-history":[{"count":1,"href":"https:\/\/sulsc.com\/index.php\/wp-json\/wp\/v2\/posts\/21980\/revisions"}],"predecessor-version":[{"id":21985,"href":"https:\/\/sulsc.com\/index.php\/wp-json\/wp\/v2\/posts\/21980\/revisions\/21985"}],"wp:featuredmedia":[{"embeddable":true,"href":"https:\/\/sulsc.com\/index.php\/wp-json\/wp\/v2\/media\/21984"}],"wp:attachment":[{"href":"https:\/\/sulsc.com\/index.php\/wp-json\/wp\/v2\/media?parent=21980"}],"wp:term":[{"taxonomy":"category","embeddable":true,"href":"https:\/\/sulsc.com\/index.php\/wp-json\/wp\/v2\/categories?post=21980"},{"taxonomy":"post_tag","embeddable":true,"href":"https:\/\/sulsc.com\/index.php\/wp-json\/wp\/v2\/tags?post=21980"}],"curies":[{"name":"wp","href":"https:\/\/api.w.org\/{rel}","templated":true}]}}