{"id":22093,"date":"2025-03-31T07:33:34","date_gmt":"2025-03-31T10:33:34","guid":{"rendered":"https:\/\/sulsc.com\/?p=22093"},"modified":"2025-03-31T07:33:34","modified_gmt":"2025-03-31T10:33:34","slug":"santa-catarina-se-prepara-para-temporais-e-calor-intenso-nesta-segunda-feira-31","status":"publish","type":"post","link":"https:\/\/sulsc.com\/index.php\/2025\/03\/31\/santa-catarina-se-prepara-para-temporais-e-calor-intenso-nesta-segunda-feira-31\/","title":{"rendered":"Santa Catarina se prepara para temporais e calor intenso nesta segunda-feira (31)"},"content":{"rendered":"<p data-sourcepos=\"3:1-3:345\">Santa Catarina se prepara para uma segunda-feira (31) com tempo inst\u00e1vel e possibilidade de temporais, especialmente no Grande Oeste e nas \u00e1reas de divisa com o Rio Grande do Sul. A combina\u00e7\u00e3o de uma baixa press\u00e3o no interior do continente e a aproxima\u00e7\u00e3o de uma nova frente fria deve provocar mudan\u00e7as clim\u00e1ticas significativas ao longo do dia.<\/p>\n<p data-sourcepos=\"5:1-5:239\">Pela manh\u00e3, o sol deve predominar em todo o estado, com temperaturas amenas no Meio-Oeste e nos Planaltos, variando entre 14\u00b0C e 20\u00b0C, e um pouco mais baixas nas regi\u00f5es serranas. Nas demais \u00e1reas, as m\u00ednimas devem ficar entre 19\u00b0C e 24\u00b0C.<\/p>\n<p data-sourcepos=\"5:1-5:239\"><img fetchpriority=\"high\" decoding=\"async\" class=\"wp-image-22094 alignleft\" src=\"http:\/\/sulsc.com\/wp-content\/uploads\/2025\/03\/unnamed-3.png\" alt=\"\" width=\"548\" height=\"375\" srcset=\"https:\/\/sulsc.com\/wp-content\/uploads\/2025\/03\/unnamed-3.png 1489w, https:\/\/sulsc.com\/wp-content\/uploads\/2025\/03\/unnamed-3-300x205.png 300w, https:\/\/sulsc.com\/wp-content\/uploads\/2025\/03\/unnamed-3-1024x700.png 1024w, https:\/\/sulsc.com\/wp-content\/uploads\/2025\/03\/unnamed-3-768x525.png 768w\" sizes=\"(max-width: 548px) 100vw, 548px\" \/><\/p>\n<p data-sourcepos=\"7:1-7:236\">A partir da tarde, no entanto, a previs\u00e3o \u00e9 de temporais isolados em diversas regi\u00f5es, com maior risco no Grande Oeste e nas \u00e1reas pr\u00f3ximas ao Rio Grande do Sul. O risco de ocorr\u00eancias meteorol\u00f3gicas nessas \u00e1reas \u00e9 considerado moderado.<\/p>\n<p data-sourcepos=\"9:1-9:228\">As temperaturas tamb\u00e9m devem subir consideravelmente durante a tarde, com os term\u00f4metros ultrapassando os 30\u00b0C em todas as regi\u00f5es. No Oeste e no Litoral Sul, o calor pode ser ainda mais intenso, com temperaturas acima dos 35\u00b0C.<\/p>\n","protected":false},"excerpt":{"rendered":"<p>Santa Catarina se prepara para uma segunda-feira (31) com tempo inst\u00e1vel e possibilidade de temporais, especialmente no Grande Oeste e nas \u00e1reas de divisa com o Rio Grande do Sul. A combina\u00e7\u00e3o de uma baixa press\u00e3o no interior do continente e a aproxima\u00e7\u00e3o de uma nova frente fria deve provocar mudan\u00e7as clim\u00e1ticas significativas ao longo &hellip;<\/p>\n<p class=\"read-more\"> <a class=\"\" href=\"https:\/\/sulsc.com\/index.php\/2025\/03\/31\/santa-catarina-se-prepara-para-temporais-e-calor-intenso-nesta-segunda-feira-31\/\"> <span class=\"screen-reader-text\">Santa Catarina se prepara para temporais e calor intenso nesta segunda-feira (31)<\/span> Read More &raquo;<\/a><\/p>\n","protected":false},"author":3,"featured_media":22094,"comment_status":"open","ping_status":"open","sticky":false,"template":"","format":"standard","meta":{"site-sidebar-layout":"default","site-content-layout":"","ast-site-content-layout":"default","site-content-style":"default","site-sidebar-style":"default","ast-global-header-display":"","ast-banner-title-visibility":"","ast-main-header-display":"","ast-hfb-above-header-display":"","ast-hfb-below-header-display":"","ast-hfb-mobile-header-display":"","site-post-title":"","ast-breadcrumbs-content":"","ast-featured-img":"","footer-sml-layout":"","theme-transparent-header-meta":"default","adv-header-id-meta":"","stick-header-meta":"","header-above-stick-meta":"","header-main-stick-meta":"","header-below-stick-meta":"","astra-migrate-meta-layouts":"set","footnotes":""},"categories":[38],"tags":[174],"yoast_head":"<!-- This site is optimized with the Yoast SEO plugin v21.4 - https:\/\/yoast.com\/wordpress\/plugins\/seo\/ -->\n<title>Santa Catarina se prepara para temporais e calor intenso nesta segunda-feira (31) -<\/title>\n<meta name=\"robots\" content=\"index, follow, max-snippet:-1, max-image-preview:large, max-video-preview:-1\" \/>\n<link rel=\"canonical\" href=\"https:\/\/sulsc.com\/index.php\/2025\/03\/31\/santa-catarina-se-prepara-para-temporais-e-calor-intenso-nesta-segunda-feira-31\/\" \/>\n<meta property=\"og:locale\" content=\"en_US\" \/>\n<meta property=\"og:type\" content=\"article\" \/>\n<meta property=\"og:title\" content=\"Santa Catarina se prepara para temporais e calor intenso nesta segunda-feira (31) -\" \/>\n<meta property=\"og:description\" content=\"Santa Catarina se prepara para uma segunda-feira (31) com tempo inst\u00e1vel e possibilidade de temporais, especialmente no Grande Oeste e nas \u00e1reas de divisa com o Rio Grande do Sul. A combina\u00e7\u00e3o de uma baixa press\u00e3o no interior do continente e a aproxima\u00e7\u00e3o de uma nova frente fria deve provocar mudan\u00e7as clim\u00e1ticas significativas ao longo &hellip; Santa Catarina se prepara para temporais e calor intenso nesta segunda-feira (31) Read More &raquo;\" \/>\n<meta property=\"og:url\" content=\"https:\/\/sulsc.com\/index.php\/2025\/03\/31\/santa-catarina-se-prepara-para-temporais-e-calor-intenso-nesta-segunda-feira-31\/\" \/>\n<meta property=\"article:author\" content=\"https:\/\/www.facebook.com\/profile.php?id=61559278119680\" \/>\n<meta property=\"article:published_time\" content=\"2025-03-31T10:33:34+00:00\" \/>\n<meta property=\"og:image\" content=\"http:\/\/sulsc.com\/wp-content\/uploads\/2025\/03\/unnamed-3.png\" \/>\n\t<meta property=\"og:image:width\" content=\"1489\" \/>\n\t<meta property=\"og:image:height\" content=\"1018\" \/>\n\t<meta property=\"og:image:type\" content=\"image\/png\" \/>\n<meta name=\"author\" content=\"Reda\u00e7\u00e3o Sul SC\" \/>\n<meta name=\"twitter:card\" content=\"summary_large_image\" \/>\n<meta name=\"twitter:creator\" content=\"@https:\/\/twitter.com\/PortalSulSC\" \/>\n<meta name=\"twitter:label1\" content=\"Written by\" \/>\n\t<meta name=\"twitter:data1\" content=\"Reda\u00e7\u00e3o Sul SC\" \/>\n\t<meta name=\"twitter:label2\" content=\"Est. reading time\" \/>\n\t<meta name=\"twitter:data2\" content=\"1 minute\" \/>\n<script type=\"application\/ld+json\" class=\"yoast-schema-graph\">{\"@context\":\"https:\/\/schema.org\",\"@graph\":[{\"@type\":\"WebPage\",\"@id\":\"https:\/\/sulsc.com\/index.php\/2025\/03\/31\/santa-catarina-se-prepara-para-temporais-e-calor-intenso-nesta-segunda-feira-31\/\",\"url\":\"https:\/\/sulsc.com\/index.php\/2025\/03\/31\/santa-catarina-se-prepara-para-temporais-e-calor-intenso-nesta-segunda-feira-31\/\",\"name\":\"Santa Catarina se prepara para temporais e calor intenso nesta segunda-feira (31) -\",\"isPartOf\":{\"@id\":\"https:\/\/sulsc.com\/#website\"},\"datePublished\":\"2025-03-31T10:33:34+00:00\",\"dateModified\":\"2025-03-31T10:33:34+00:00\",\"author\":{\"@id\":\"https:\/\/sulsc.com\/#\/schema\/person\/84d2fc571684f6248ba83092f07750a3\"},\"breadcrumb\":{\"@id\":\"https:\/\/sulsc.com\/index.php\/2025\/03\/31\/santa-catarina-se-prepara-para-temporais-e-calor-intenso-nesta-segunda-feira-31\/#breadcrumb\"},\"inLanguage\":\"en-US\",\"potentialAction\":[{\"@type\":\"ReadAction\",\"target\":[\"https:\/\/sulsc.com\/index.php\/2025\/03\/31\/santa-catarina-se-prepara-para-temporais-e-calor-intenso-nesta-segunda-feira-31\/\"]}]},{\"@type\":\"BreadcrumbList\",\"@id\":\"https:\/\/sulsc.com\/index.php\/2025\/03\/31\/santa-catarina-se-prepara-para-temporais-e-calor-intenso-nesta-segunda-feira-31\/#breadcrumb\",\"itemListElement\":[{\"@type\":\"ListItem\",\"position\":1,\"name\":\"In\u00edcio\",\"item\":\"https:\/\/sulsc.com\/\"},{\"@type\":\"ListItem\",\"position\":2,\"name\":\"Santa Catarina se prepara para temporais e calor intenso nesta segunda-feira (31)\"}]},{\"@type\":\"WebSite\",\"@id\":\"https:\/\/sulsc.com\/#website\",\"url\":\"https:\/\/sulsc.com\/\",\"name\":\"\",\"description\":\"\",\"potentialAction\":[{\"@type\":\"SearchAction\",\"target\":{\"@type\":\"EntryPoint\",\"urlTemplate\":\"https:\/\/sulsc.com\/?s={search_term_string}\"},\"query-input\":\"required name=search_term_string\"}],\"inLanguage\":\"en-US\"},{\"@type\":\"Person\",\"@id\":\"https:\/\/sulsc.com\/#\/schema\/person\/84d2fc571684f6248ba83092f07750a3\",\"name\":\"Reda\u00e7\u00e3o Sul SC\",\"image\":{\"@type\":\"ImageObject\",\"inLanguage\":\"en-US\",\"@id\":\"https:\/\/sulsc.com\/#\/schema\/person\/image\/e08d7fe2cc4ed596372063bbe852b8d0\",\"url\":\"https:\/\/sulsc.com\/wp-content\/uploads\/2023\/09\/redacao.png\",\"contentUrl\":\"https:\/\/sulsc.com\/wp-content\/uploads\/2023\/09\/redacao.png\",\"caption\":\"Reda\u00e7\u00e3o Sul SC\"},\"description\":\"Foco em um jornalismo imparcial, voltado \u00e0 qualidade dos seus conte\u00fados e, assim, levar informa\u00e7\u00e3o de valor que agregue \u00e0 vida dos leitores. Esta \u00e9 grande miss\u00e3o do Portal de Not\u00edcias Sul SC. N\u00e3o \u00e9 quantidade que muda o mundo, sempre foi e seguir\u00e1 sendo qualidade!\",\"sameAs\":[\"https:\/\/sulsc.com\/\",\"https:\/\/www.facebook.com\/profile.php?id=61559278119680\",\"https:\/\/www.instagram.com\/sulscportal\/?hl=pt-br\",\"https:\/\/twitter.com\/https:\/\/twitter.com\/PortalSulSC\",\"https:\/\/www.youtube.com\/channel\/UCv_BE8GeySluDov2n8qhVmw\"],\"url\":\"https:\/\/sulsc.com\/index.php\/author\/redacao\/\"}]}<\/script>\n<!-- \/ Yoast SEO plugin. -->","yoast_head_json":{"title":"Santa Catarina se prepara para temporais e calor intenso nesta segunda-feira (31) -","robots":{"index":"index","follow":"follow","max-snippet":"max-snippet:-1","max-image-preview":"max-image-preview:large","max-video-preview":"max-video-preview:-1"},"canonical":"https:\/\/sulsc.com\/index.php\/2025\/03\/31\/santa-catarina-se-prepara-para-temporais-e-calor-intenso-nesta-segunda-feira-31\/","og_locale":"en_US","og_type":"article","og_title":"Santa Catarina se prepara para temporais e calor intenso nesta segunda-feira (31) -","og_description":"Santa Catarina se prepara para uma segunda-feira (31) com tempo inst\u00e1vel e possibilidade de temporais, especialmente no Grande Oeste e nas \u00e1reas de divisa com o Rio Grande do Sul. A combina\u00e7\u00e3o de uma baixa press\u00e3o no interior do continente e a aproxima\u00e7\u00e3o de uma nova frente fria deve provocar mudan\u00e7as clim\u00e1ticas significativas ao longo &hellip; Santa Catarina se prepara para temporais e calor intenso nesta segunda-feira (31) Read More &raquo;","og_url":"https:\/\/sulsc.com\/index.php\/2025\/03\/31\/santa-catarina-se-prepara-para-temporais-e-calor-intenso-nesta-segunda-feira-31\/","article_author":"https:\/\/www.facebook.com\/profile.php?id=61559278119680","article_published_time":"2025-03-31T10:33:34+00:00","og_image":[{"width":1489,"height":1018,"url":"http:\/\/sulsc.com\/wp-content\/uploads\/2025\/03\/unnamed-3.png","type":"image\/png"}],"author":"Reda\u00e7\u00e3o Sul SC","twitter_card":"summary_large_image","twitter_creator":"@https:\/\/twitter.com\/PortalSulSC","twitter_misc":{"Written by":"Reda\u00e7\u00e3o Sul SC","Est. reading time":"1 minute"},"schema":{"@context":"https:\/\/schema.org","@graph":[{"@type":"WebPage","@id":"https:\/\/sulsc.com\/index.php\/2025\/03\/31\/santa-catarina-se-prepara-para-temporais-e-calor-intenso-nesta-segunda-feira-31\/","url":"https:\/\/sulsc.com\/index.php\/2025\/03\/31\/santa-catarina-se-prepara-para-temporais-e-calor-intenso-nesta-segunda-feira-31\/","name":"Santa Catarina se prepara para temporais e calor intenso nesta segunda-feira (31) -","isPartOf":{"@id":"https:\/\/sulsc.com\/#website"},"datePublished":"2025-03-31T10:33:34+00:00","dateModified":"2025-03-31T10:33:34+00:00","author":{"@id":"https:\/\/sulsc.com\/#\/schema\/person\/84d2fc571684f6248ba83092f07750a3"},"breadcrumb":{"@id":"https:\/\/sulsc.com\/index.php\/2025\/03\/31\/santa-catarina-se-prepara-para-temporais-e-calor-intenso-nesta-segunda-feira-31\/#breadcrumb"},"inLanguage":"en-US","potentialAction":[{"@type":"ReadAction","target":["https:\/\/sulsc.com\/index.php\/2025\/03\/31\/santa-catarina-se-prepara-para-temporais-e-calor-intenso-nesta-segunda-feira-31\/"]}]},{"@type":"BreadcrumbList","@id":"https:\/\/sulsc.com\/index.php\/2025\/03\/31\/santa-catarina-se-prepara-para-temporais-e-calor-intenso-nesta-segunda-feira-31\/#breadcrumb","itemListElement":[{"@type":"ListItem","position":1,"name":"In\u00edcio","item":"https:\/\/sulsc.com\/"},{"@type":"ListItem","position":2,"name":"Santa Catarina se prepara para temporais e calor intenso nesta segunda-feira (31)"}]},{"@type":"WebSite","@id":"https:\/\/sulsc.com\/#website","url":"https:\/\/sulsc.com\/","name":"","description":"","potentialAction":[{"@type":"SearchAction","target":{"@type":"EntryPoint","urlTemplate":"https:\/\/sulsc.com\/?s={search_term_string}"},"query-input":"required name=search_term_string"}],"inLanguage":"en-US"},{"@type":"Person","@id":"https:\/\/sulsc.com\/#\/schema\/person\/84d2fc571684f6248ba83092f07750a3","name":"Reda\u00e7\u00e3o Sul SC","image":{"@type":"ImageObject","inLanguage":"en-US","@id":"https:\/\/sulsc.com\/#\/schema\/person\/image\/e08d7fe2cc4ed596372063bbe852b8d0","url":"https:\/\/sulsc.com\/wp-content\/uploads\/2023\/09\/redacao.png","contentUrl":"https:\/\/sulsc.com\/wp-content\/uploads\/2023\/09\/redacao.png","caption":"Reda\u00e7\u00e3o Sul SC"},"description":"Foco em um jornalismo imparcial, voltado \u00e0 qualidade dos seus conte\u00fados e, assim, levar informa\u00e7\u00e3o de valor que agregue \u00e0 vida dos leitores. Esta \u00e9 grande miss\u00e3o do Portal de Not\u00edcias Sul SC. N\u00e3o \u00e9 quantidade que muda o mundo, sempre foi e seguir\u00e1 sendo qualidade!","sameAs":["https:\/\/sulsc.com\/","https:\/\/www.facebook.com\/profile.php?id=61559278119680","https:\/\/www.instagram.com\/sulscportal\/?hl=pt-br","https:\/\/twitter.com\/https:\/\/twitter.com\/PortalSulSC","https:\/\/www.youtube.com\/channel\/UCv_BE8GeySluDov2n8qhVmw"],"url":"https:\/\/sulsc.com\/index.php\/author\/redacao\/"}]}},"authors":[],"_links":{"self":[{"href":"https:\/\/sulsc.com\/index.php\/wp-json\/wp\/v2\/posts\/22093"}],"collection":[{"href":"https:\/\/sulsc.com\/index.php\/wp-json\/wp\/v2\/posts"}],"about":[{"href":"https:\/\/sulsc.com\/index.php\/wp-json\/wp\/v2\/types\/post"}],"author":[{"embeddable":true,"href":"https:\/\/sulsc.com\/index.php\/wp-json\/wp\/v2\/users\/3"}],"replies":[{"embeddable":true,"href":"https:\/\/sulsc.com\/index.php\/wp-json\/wp\/v2\/comments?post=22093"}],"version-history":[{"count":1,"href":"https:\/\/sulsc.com\/index.php\/wp-json\/wp\/v2\/posts\/22093\/revisions"}],"predecessor-version":[{"id":22095,"href":"https:\/\/sulsc.com\/index.php\/wp-json\/wp\/v2\/posts\/22093\/revisions\/22095"}],"wp:featuredmedia":[{"embeddable":true,"href":"https:\/\/sulsc.com\/index.php\/wp-json\/wp\/v2\/media\/22094"}],"wp:attachment":[{"href":"https:\/\/sulsc.com\/index.php\/wp-json\/wp\/v2\/media?parent=22093"}],"wp:term":[{"taxonomy":"category","embeddable":true,"href":"https:\/\/sulsc.com\/index.php\/wp-json\/wp\/v2\/categories?post=22093"},{"taxonomy":"post_tag","embeddable":true,"href":"https:\/\/sulsc.com\/index.php\/wp-json\/wp\/v2\/tags?post=22093"}],"curies":[{"name":"wp","href":"https:\/\/api.w.org\/{rel}","templated":true}]}}