{"id":2214,"date":"2023-10-11T17:00:22","date_gmt":"2023-10-11T20:00:22","guid":{"rendered":"https:\/\/sulsc.com\/?p=2214"},"modified":"2023-10-11T16:39:16","modified_gmt":"2023-10-11T19:39:16","slug":"movimenta-laguna-domingo-tem-novo-passeio-de-maria-fumaca","status":"publish","type":"post","link":"https:\/\/sulsc.com\/index.php\/2023\/10\/11\/movimenta-laguna-domingo-tem-novo-passeio-de-maria-fumaca\/","title":{"rendered":"Movimenta Laguna: domingo tem novo passeio de Maria Fuma\u00e7a"},"content":{"rendered":"<article id=\"post-63966\" class=\"post-63966 post type-post status-publish format-standard has-post-thumbnail hentry category-movimenta-laguna category-noticias\">\n<div class=\"article-content clearfix\">\n<div class=\"entry-content clearfix\">\n<p>Depois do sucesso dos \u00faltimos passeios de Maria Fuma\u00e7a em agosto e setembro, com a presen\u00e7a de mais de 270 turistas que visitaram Laguna, o Museu Ferrovi\u00e1rio j\u00e1 confirmou a pr\u00f3xima data.\u00a0O pr\u00f3ximo ocorre neste domingo (15), seguindo o mesmo roteiro das \u00faltimas viagens.<\/p>\n<p>De acordo com o Museu Ferrovi\u00e1rio, a sa\u00edda ocorre \u00e0s 8h30 de Tubar\u00e3o, com desembarque em frente \u00e0 Escola Saul Ulyss\u00e9a, em Cabe\u00e7uda, onde todos ser\u00e3o recebidos em \u00f4nibus com passeios programados pelo Centro Hist\u00f3rico e em outros pontos tur\u00edsticos da cidade.<\/p>\n<p>Todo o roteiro ser\u00e1 orientado por guias de turismo cadastrado no Minist\u00e9rio do Turismo e contar\u00e1 com o apoio da Funda\u00e7\u00e3o Lagunense de Cultura (FLC) e Secretaria de Turismo e Lazer.<\/p>\n<p>&nbsp;<\/p>\n<p><strong>Veja a programa\u00e7\u00e3o:<\/strong><\/p>\n<p>9h \u00e0s 17h \u2013 Feira de Artesanato na Pra\u00e7a Vidal Ramos<br \/>\n10h30 \u2013 Recep\u00e7\u00e3o com Anita e Giuseppe no Mercado P\u00fablico<br \/>\n10h30 \u2013 Apresenta\u00e7\u00e3o Forte Guerreira no Mercado P\u00fablico<br \/>\n11h \u2013 Boi de Mam\u00e3o no Mercado P\u00fablico<br \/>\n11h30 \u2013 Sonora Dueto na Pra\u00e7a Vidal Ramos<br \/>\n12h \u2013 Gastronomia local<\/p>\n<div class=\"wp-block-image\">\n<figure class=\"aligncenter size-large is-resized\"><a class=\"glg-a-custom-wrap\" href=\"https:\/\/laguna.sc.gov.br\/uploads\/sites\/142\/2023\/10\/arte-passeio-trem-15-out-1024x1024.png\"><img decoding=\"async\" class=\"wp-image-63465 tg-image-to-reveal-fade-in tg-image-to-reveal-fade-in--is-revealed\" src=\"https:\/\/laguna.sc.gov.br\/uploads\/sites\/142\/2023\/10\/arte-passeio-trem-15-out-1024x1024.png\" sizes=\"(max-width: 1024px) 100vw, 1024px\" srcset=\"https:\/\/laguna.sc.gov.br\/uploads\/sites\/142\/2023\/10\/arte-passeio-trem-15-out-1024x1024.png 1024w, https:\/\/laguna.sc.gov.br\/uploads\/sites\/142\/2023\/10\/arte-passeio-trem-15-out-300x300.png 300w, https:\/\/laguna.sc.gov.br\/uploads\/sites\/142\/2023\/10\/arte-passeio-trem-15-out-150x150.png 150w, https:\/\/laguna.sc.gov.br\/uploads\/sites\/142\/2023\/10\/arte-passeio-trem-15-out-768x768.png 768w, https:\/\/laguna.sc.gov.br\/uploads\/sites\/142\/2023\/10\/arte-passeio-trem-15-out.png 1080w\" alt=\"\" width=\"700\" \/><\/a><\/figure>\n<\/div>\n<div class=\"history-att-content galeria-arquivos\"><\/div>\n<\/div>\n<div class=\"history-att-content galeria-arquivos\">Fonte: Pref. Laguna<\/div>\n<div class=\"entry-content clearfix\">\n<div class=\"history-att-content\"><\/div>\n<\/div>\n<\/div>\n<\/article>\n","protected":false},"excerpt":{"rendered":"<p>Depois do sucesso dos \u00faltimos passeios de Maria Fuma\u00e7a em agosto e setembro, com a presen\u00e7a de mais de 270 turistas que visitaram Laguna, o Museu Ferrovi\u00e1rio j\u00e1 confirmou a pr\u00f3xima data.\u00a0O pr\u00f3ximo ocorre neste domingo (15), seguindo o mesmo roteiro das \u00faltimas viagens. De acordo com o Museu Ferrovi\u00e1rio, a sa\u00edda ocorre \u00e0s 8h30 &hellip;<\/p>\n<p class=\"read-more\"> <a class=\"\" href=\"https:\/\/sulsc.com\/index.php\/2023\/10\/11\/movimenta-laguna-domingo-tem-novo-passeio-de-maria-fumaca\/\"> <span class=\"screen-reader-text\">Movimenta Laguna: domingo tem novo passeio de Maria Fuma\u00e7a<\/span> Read More &raquo;<\/a><\/p>\n","protected":false},"author":3,"featured_media":2215,"comment_status":"open","ping_status":"open","sticky":false,"template":"","format":"standard","meta":{"site-sidebar-layout":"default","site-content-layout":"","ast-site-content-layout":"default","site-content-style":"default","site-sidebar-style":"default","ast-global-header-display":"","ast-banner-title-visibility":"","ast-main-header-display":"","ast-hfb-above-header-display":"","ast-hfb-below-header-display":"","ast-hfb-mobile-header-display":"","site-post-title":"","ast-breadcrumbs-content":"","ast-featured-img":"","footer-sml-layout":"","theme-transparent-header-meta":"default","adv-header-id-meta":"","stick-header-meta":"","header-above-stick-meta":"","header-main-stick-meta":"","header-below-stick-meta":"","astra-migrate-meta-layouts":"set","footnotes":""},"categories":[18,1,22],"tags":[],"yoast_head":"<!-- This site is optimized with the Yoast SEO plugin v21.4 - https:\/\/yoast.com\/wordpress\/plugins\/seo\/ -->\n<title>Movimenta Laguna: domingo tem novo passeio de Maria Fuma\u00e7a -<\/title>\n<meta name=\"robots\" content=\"index, follow, max-snippet:-1, max-image-preview:large, max-video-preview:-1\" \/>\n<link rel=\"canonical\" href=\"https:\/\/sulsc.com\/index.php\/2023\/10\/11\/movimenta-laguna-domingo-tem-novo-passeio-de-maria-fumaca\/\" \/>\n<meta property=\"og:locale\" content=\"en_US\" \/>\n<meta property=\"og:type\" content=\"article\" \/>\n<meta property=\"og:title\" content=\"Movimenta Laguna: domingo tem novo passeio de Maria Fuma\u00e7a -\" \/>\n<meta property=\"og:description\" content=\"Depois do sucesso dos \u00faltimos passeios de Maria Fuma\u00e7a em agosto e setembro, com a presen\u00e7a de mais de 270 turistas que visitaram Laguna, o Museu Ferrovi\u00e1rio j\u00e1 confirmou a pr\u00f3xima data.\u00a0O pr\u00f3ximo ocorre neste domingo (15), seguindo o mesmo roteiro das \u00faltimas viagens. De acordo com o Museu Ferrovi\u00e1rio, a sa\u00edda ocorre \u00e0s 8h30 &hellip; Movimenta Laguna: domingo tem novo passeio de Maria Fuma\u00e7a Read More &raquo;\" \/>\n<meta property=\"og:url\" content=\"https:\/\/sulsc.com\/index.php\/2023\/10\/11\/movimenta-laguna-domingo-tem-novo-passeio-de-maria-fumaca\/\" \/>\n<meta property=\"article:author\" content=\"https:\/\/www.facebook.com\/profile.php?id=61559278119680\" \/>\n<meta property=\"article:published_time\" content=\"2023-10-11T20:00:22+00:00\" \/>\n<meta property=\"article:modified_time\" content=\"2023-10-11T19:39:16+00:00\" \/>\n<meta property=\"og:image\" content=\"https:\/\/sulsc.com\/wp-content\/uploads\/2023\/10\/maria-fumaca-trem-20-de-agosto-2023-2-800x445-1.jpeg\" \/>\n\t<meta property=\"og:image:width\" content=\"800\" \/>\n\t<meta property=\"og:image:height\" content=\"445\" \/>\n\t<meta property=\"og:image:type\" content=\"image\/jpeg\" \/>\n<meta name=\"author\" content=\"Reda\u00e7\u00e3o Sul SC\" \/>\n<meta name=\"twitter:card\" content=\"summary_large_image\" \/>\n<meta name=\"twitter:creator\" content=\"@https:\/\/twitter.com\/PortalSulSC\" \/>\n<meta name=\"twitter:label1\" content=\"Written by\" \/>\n\t<meta name=\"twitter:data1\" content=\"Reda\u00e7\u00e3o Sul SC\" \/>\n\t<meta name=\"twitter:label2\" content=\"Est. reading time\" \/>\n\t<meta name=\"twitter:data2\" content=\"1 minute\" \/>\n<script type=\"application\/ld+json\" class=\"yoast-schema-graph\">{\"@context\":\"https:\/\/schema.org\",\"@graph\":[{\"@type\":\"WebPage\",\"@id\":\"https:\/\/sulsc.com\/index.php\/2023\/10\/11\/movimenta-laguna-domingo-tem-novo-passeio-de-maria-fumaca\/\",\"url\":\"https:\/\/sulsc.com\/index.php\/2023\/10\/11\/movimenta-laguna-domingo-tem-novo-passeio-de-maria-fumaca\/\",\"name\":\"Movimenta Laguna: domingo tem novo passeio de Maria Fuma\u00e7a -\",\"isPartOf\":{\"@id\":\"https:\/\/sulsc.com\/#website\"},\"datePublished\":\"2023-10-11T20:00:22+00:00\",\"dateModified\":\"2023-10-11T19:39:16+00:00\",\"author\":{\"@id\":\"https:\/\/sulsc.com\/#\/schema\/person\/84d2fc571684f6248ba83092f07750a3\"},\"breadcrumb\":{\"@id\":\"https:\/\/sulsc.com\/index.php\/2023\/10\/11\/movimenta-laguna-domingo-tem-novo-passeio-de-maria-fumaca\/#breadcrumb\"},\"inLanguage\":\"en-US\",\"potentialAction\":[{\"@type\":\"ReadAction\",\"target\":[\"https:\/\/sulsc.com\/index.php\/2023\/10\/11\/movimenta-laguna-domingo-tem-novo-passeio-de-maria-fumaca\/\"]}]},{\"@type\":\"BreadcrumbList\",\"@id\":\"https:\/\/sulsc.com\/index.php\/2023\/10\/11\/movimenta-laguna-domingo-tem-novo-passeio-de-maria-fumaca\/#breadcrumb\",\"itemListElement\":[{\"@type\":\"ListItem\",\"position\":1,\"name\":\"In\u00edcio\",\"item\":\"https:\/\/sulsc.com\/\"},{\"@type\":\"ListItem\",\"position\":2,\"name\":\"Movimenta Laguna: domingo tem novo passeio de Maria Fuma\u00e7a\"}]},{\"@type\":\"WebSite\",\"@id\":\"https:\/\/sulsc.com\/#website\",\"url\":\"https:\/\/sulsc.com\/\",\"name\":\"\",\"description\":\"\",\"potentialAction\":[{\"@type\":\"SearchAction\",\"target\":{\"@type\":\"EntryPoint\",\"urlTemplate\":\"https:\/\/sulsc.com\/?s={search_term_string}\"},\"query-input\":\"required name=search_term_string\"}],\"inLanguage\":\"en-US\"},{\"@type\":\"Person\",\"@id\":\"https:\/\/sulsc.com\/#\/schema\/person\/84d2fc571684f6248ba83092f07750a3\",\"name\":\"Reda\u00e7\u00e3o Sul SC\",\"image\":{\"@type\":\"ImageObject\",\"inLanguage\":\"en-US\",\"@id\":\"https:\/\/sulsc.com\/#\/schema\/person\/image\/e08d7fe2cc4ed596372063bbe852b8d0\",\"url\":\"https:\/\/sulsc.com\/wp-content\/uploads\/2023\/09\/redacao.png\",\"contentUrl\":\"https:\/\/sulsc.com\/wp-content\/uploads\/2023\/09\/redacao.png\",\"caption\":\"Reda\u00e7\u00e3o Sul SC\"},\"description\":\"Foco em um jornalismo imparcial, voltado \u00e0 qualidade dos seus conte\u00fados e, assim, levar informa\u00e7\u00e3o de valor que agregue \u00e0 vida dos leitores. Esta \u00e9 grande miss\u00e3o do Portal de Not\u00edcias Sul SC. N\u00e3o \u00e9 quantidade que muda o mundo, sempre foi e seguir\u00e1 sendo qualidade!\",\"sameAs\":[\"https:\/\/sulsc.com\/\",\"https:\/\/www.facebook.com\/profile.php?id=61559278119680\",\"https:\/\/www.instagram.com\/sulscportal\/?hl=pt-br\",\"https:\/\/twitter.com\/https:\/\/twitter.com\/PortalSulSC\",\"https:\/\/www.youtube.com\/channel\/UCv_BE8GeySluDov2n8qhVmw\"],\"url\":\"https:\/\/sulsc.com\/index.php\/author\/redacao\/\"}]}<\/script>\n<!-- \/ Yoast SEO plugin. -->","yoast_head_json":{"title":"Movimenta Laguna: domingo tem novo passeio de Maria Fuma\u00e7a -","robots":{"index":"index","follow":"follow","max-snippet":"max-snippet:-1","max-image-preview":"max-image-preview:large","max-video-preview":"max-video-preview:-1"},"canonical":"https:\/\/sulsc.com\/index.php\/2023\/10\/11\/movimenta-laguna-domingo-tem-novo-passeio-de-maria-fumaca\/","og_locale":"en_US","og_type":"article","og_title":"Movimenta Laguna: domingo tem novo passeio de Maria Fuma\u00e7a -","og_description":"Depois do sucesso dos \u00faltimos passeios de Maria Fuma\u00e7a em agosto e setembro, com a presen\u00e7a de mais de 270 turistas que visitaram Laguna, o Museu Ferrovi\u00e1rio j\u00e1 confirmou a pr\u00f3xima data.\u00a0O pr\u00f3ximo ocorre neste domingo (15), seguindo o mesmo roteiro das \u00faltimas viagens. De acordo com o Museu Ferrovi\u00e1rio, a sa\u00edda ocorre \u00e0s 8h30 &hellip; Movimenta Laguna: domingo tem novo passeio de Maria Fuma\u00e7a Read More &raquo;","og_url":"https:\/\/sulsc.com\/index.php\/2023\/10\/11\/movimenta-laguna-domingo-tem-novo-passeio-de-maria-fumaca\/","article_author":"https:\/\/www.facebook.com\/profile.php?id=61559278119680","article_published_time":"2023-10-11T20:00:22+00:00","article_modified_time":"2023-10-11T19:39:16+00:00","og_image":[{"width":800,"height":445,"url":"https:\/\/sulsc.com\/wp-content\/uploads\/2023\/10\/maria-fumaca-trem-20-de-agosto-2023-2-800x445-1.jpeg","type":"image\/jpeg"}],"author":"Reda\u00e7\u00e3o Sul SC","twitter_card":"summary_large_image","twitter_creator":"@https:\/\/twitter.com\/PortalSulSC","twitter_misc":{"Written by":"Reda\u00e7\u00e3o Sul SC","Est. reading time":"1 minute"},"schema":{"@context":"https:\/\/schema.org","@graph":[{"@type":"WebPage","@id":"https:\/\/sulsc.com\/index.php\/2023\/10\/11\/movimenta-laguna-domingo-tem-novo-passeio-de-maria-fumaca\/","url":"https:\/\/sulsc.com\/index.php\/2023\/10\/11\/movimenta-laguna-domingo-tem-novo-passeio-de-maria-fumaca\/","name":"Movimenta Laguna: domingo tem novo passeio de Maria Fuma\u00e7a -","isPartOf":{"@id":"https:\/\/sulsc.com\/#website"},"datePublished":"2023-10-11T20:00:22+00:00","dateModified":"2023-10-11T19:39:16+00:00","author":{"@id":"https:\/\/sulsc.com\/#\/schema\/person\/84d2fc571684f6248ba83092f07750a3"},"breadcrumb":{"@id":"https:\/\/sulsc.com\/index.php\/2023\/10\/11\/movimenta-laguna-domingo-tem-novo-passeio-de-maria-fumaca\/#breadcrumb"},"inLanguage":"en-US","potentialAction":[{"@type":"ReadAction","target":["https:\/\/sulsc.com\/index.php\/2023\/10\/11\/movimenta-laguna-domingo-tem-novo-passeio-de-maria-fumaca\/"]}]},{"@type":"BreadcrumbList","@id":"https:\/\/sulsc.com\/index.php\/2023\/10\/11\/movimenta-laguna-domingo-tem-novo-passeio-de-maria-fumaca\/#breadcrumb","itemListElement":[{"@type":"ListItem","position":1,"name":"In\u00edcio","item":"https:\/\/sulsc.com\/"},{"@type":"ListItem","position":2,"name":"Movimenta Laguna: domingo tem novo passeio de Maria Fuma\u00e7a"}]},{"@type":"WebSite","@id":"https:\/\/sulsc.com\/#website","url":"https:\/\/sulsc.com\/","name":"","description":"","potentialAction":[{"@type":"SearchAction","target":{"@type":"EntryPoint","urlTemplate":"https:\/\/sulsc.com\/?s={search_term_string}"},"query-input":"required name=search_term_string"}],"inLanguage":"en-US"},{"@type":"Person","@id":"https:\/\/sulsc.com\/#\/schema\/person\/84d2fc571684f6248ba83092f07750a3","name":"Reda\u00e7\u00e3o Sul SC","image":{"@type":"ImageObject","inLanguage":"en-US","@id":"https:\/\/sulsc.com\/#\/schema\/person\/image\/e08d7fe2cc4ed596372063bbe852b8d0","url":"https:\/\/sulsc.com\/wp-content\/uploads\/2023\/09\/redacao.png","contentUrl":"https:\/\/sulsc.com\/wp-content\/uploads\/2023\/09\/redacao.png","caption":"Reda\u00e7\u00e3o Sul SC"},"description":"Foco em um jornalismo imparcial, voltado \u00e0 qualidade dos seus conte\u00fados e, assim, levar informa\u00e7\u00e3o de valor que agregue \u00e0 vida dos leitores. Esta \u00e9 grande miss\u00e3o do Portal de Not\u00edcias Sul SC. N\u00e3o \u00e9 quantidade que muda o mundo, sempre foi e seguir\u00e1 sendo qualidade!","sameAs":["https:\/\/sulsc.com\/","https:\/\/www.facebook.com\/profile.php?id=61559278119680","https:\/\/www.instagram.com\/sulscportal\/?hl=pt-br","https:\/\/twitter.com\/https:\/\/twitter.com\/PortalSulSC","https:\/\/www.youtube.com\/channel\/UCv_BE8GeySluDov2n8qhVmw"],"url":"https:\/\/sulsc.com\/index.php\/author\/redacao\/"}]}},"authors":[],"_links":{"self":[{"href":"https:\/\/sulsc.com\/index.php\/wp-json\/wp\/v2\/posts\/2214"}],"collection":[{"href":"https:\/\/sulsc.com\/index.php\/wp-json\/wp\/v2\/posts"}],"about":[{"href":"https:\/\/sulsc.com\/index.php\/wp-json\/wp\/v2\/types\/post"}],"author":[{"embeddable":true,"href":"https:\/\/sulsc.com\/index.php\/wp-json\/wp\/v2\/users\/3"}],"replies":[{"embeddable":true,"href":"https:\/\/sulsc.com\/index.php\/wp-json\/wp\/v2\/comments?post=2214"}],"version-history":[{"count":1,"href":"https:\/\/sulsc.com\/index.php\/wp-json\/wp\/v2\/posts\/2214\/revisions"}],"predecessor-version":[{"id":2216,"href":"https:\/\/sulsc.com\/index.php\/wp-json\/wp\/v2\/posts\/2214\/revisions\/2216"}],"wp:featuredmedia":[{"embeddable":true,"href":"https:\/\/sulsc.com\/index.php\/wp-json\/wp\/v2\/media\/2215"}],"wp:attachment":[{"href":"https:\/\/sulsc.com\/index.php\/wp-json\/wp\/v2\/media?parent=2214"}],"wp:term":[{"taxonomy":"category","embeddable":true,"href":"https:\/\/sulsc.com\/index.php\/wp-json\/wp\/v2\/categories?post=2214"},{"taxonomy":"post_tag","embeddable":true,"href":"https:\/\/sulsc.com\/index.php\/wp-json\/wp\/v2\/tags?post=2214"}],"curies":[{"name":"wp","href":"https:\/\/api.w.org\/{rel}","templated":true}]}}