{"id":22206,"date":"2025-04-03T07:01:44","date_gmt":"2025-04-03T10:01:44","guid":{"rendered":"https:\/\/sulsc.com\/?p=22206"},"modified":"2025-04-03T07:01:44","modified_gmt":"2025-04-03T10:01:44","slug":"quinta-feira-03-04-com-dia-fechado-e-com-condicoes-de-temporais-no-litoral","status":"publish","type":"post","link":"https:\/\/sulsc.com\/index.php\/2025\/04\/03\/quinta-feira-03-04-com-dia-fechado-e-com-condicoes-de-temporais-no-litoral\/","title":{"rendered":"Quinta-feira 03\/04 com dia fechado e com condi\u00e7\u00f5es de temporais no litoral"},"content":{"rendered":"<p>Frente fria se afasta para alto mar, por\u00e9m mant\u00e9m as condi\u00e7\u00f5es de tempo inst\u00e1vel, com muitas nuvens e chuva a qualquer hora em todo o estado nesta quinta-feira 03\/04. \u00c0 tarde, aumentam as condi\u00e7\u00f5es para temporais com chuva pontualmente intensa, acompanhados por raios, rajadas de vento e eventual queda de granizo, especialmente dos Planaltos ao Litoral.<\/p>\n<p><img fetchpriority=\"high\" decoding=\"async\" class=\"aligncenter size-full wp-image-22207\" src=\"http:\/\/sulsc.com\/wp-content\/uploads\/2025\/04\/A.png\" alt=\"\" width=\"1470\" height=\"999\" srcset=\"https:\/\/sulsc.com\/wp-content\/uploads\/2025\/04\/A.png 1470w, https:\/\/sulsc.com\/wp-content\/uploads\/2025\/04\/A-300x204.png 300w, https:\/\/sulsc.com\/wp-content\/uploads\/2025\/04\/A-1024x696.png 1024w, https:\/\/sulsc.com\/wp-content\/uploads\/2025\/04\/A-768x522.png 768w\" sizes=\"(max-width: 1470px) 100vw, 1470px\" \/><\/p>\n<p><img decoding=\"async\" class=\"aligncenter  wp-image-21800\" src=\"http:\/\/sulsc.com\/wp-content\/uploads\/2025\/03\/Tempo-1.png\" alt=\"\" width=\"614\" height=\"113\" srcset=\"https:\/\/sulsc.com\/wp-content\/uploads\/2025\/03\/Tempo-1.png 1024w, https:\/\/sulsc.com\/wp-content\/uploads\/2025\/03\/Tempo-1-300x55.png 300w, https:\/\/sulsc.com\/wp-content\/uploads\/2025\/03\/Tempo-1-768x142.png 768w\" sizes=\"(max-width: 614px) 100vw, 614px\" \/><\/p>\n<p>O risco segue moderado para ocorr\u00eancias associadas a alagamentos, enxurradas pontuais, queda de galhos e \u00e1rvores e destelhamentos, especialmente na metade leste catarinense.<\/p>\n<p><strong>Temperaturas<\/strong><\/p>\n<p>Os term\u00f4metros n\u00e3o sobem muito, com m\u00e1ximas n\u00e3o ultrapassando os 27\u00b0C.<\/p>\n<p>Fonte\/Defesa Civil SC<\/p>\n","protected":false},"excerpt":{"rendered":"<p>Frente fria se afasta para alto mar, por\u00e9m mant\u00e9m as condi\u00e7\u00f5es de tempo inst\u00e1vel, com muitas nuvens e chuva a qualquer hora em todo o estado nesta quinta-feira 03\/04. \u00c0 tarde, aumentam as condi\u00e7\u00f5es para temporais com chuva pontualmente intensa, acompanhados por raios, rajadas de vento e eventual queda de granizo, especialmente dos Planaltos ao &hellip;<\/p>\n<p class=\"read-more\"> <a class=\"\" href=\"https:\/\/sulsc.com\/index.php\/2025\/04\/03\/quinta-feira-03-04-com-dia-fechado-e-com-condicoes-de-temporais-no-litoral\/\"> <span class=\"screen-reader-text\">Quinta-feira 03\/04 com dia fechado e com condi\u00e7\u00f5es de temporais no litoral<\/span> Read More &raquo;<\/a><\/p>\n","protected":false},"author":3,"featured_media":13306,"comment_status":"open","ping_status":"open","sticky":false,"template":"","format":"standard","meta":{"site-sidebar-layout":"default","site-content-layout":"","ast-site-content-layout":"default","site-content-style":"default","site-sidebar-style":"default","ast-global-header-display":"","ast-banner-title-visibility":"","ast-main-header-display":"","ast-hfb-above-header-display":"","ast-hfb-below-header-display":"","ast-hfb-mobile-header-display":"","site-post-title":"","ast-breadcrumbs-content":"","ast-featured-img":"","footer-sml-layout":"","theme-transparent-header-meta":"default","adv-header-id-meta":"","stick-header-meta":"","header-above-stick-meta":"","header-main-stick-meta":"","header-below-stick-meta":"","astra-migrate-meta-layouts":"set","footnotes":""},"categories":[38],"tags":[90],"yoast_head":"<!-- This site is optimized with the Yoast SEO plugin v21.4 - https:\/\/yoast.com\/wordpress\/plugins\/seo\/ -->\n<title>Quinta-feira 03\/04 com dia fechado e com condi\u00e7\u00f5es de temporais no litoral -<\/title>\n<meta name=\"description\" content=\"Na parte da tarde a condi\u00e7\u00f5es para temporais com chuva pontualmente intensa acompanhados por raios rajadas de vento e eventual queda de granizo\" \/>\n<meta name=\"robots\" content=\"index, follow, max-snippet:-1, max-image-preview:large, max-video-preview:-1\" \/>\n<link rel=\"canonical\" href=\"https:\/\/sulsc.com\/index.php\/2025\/04\/03\/quinta-feira-03-04-com-dia-fechado-e-com-condicoes-de-temporais-no-litoral\/\" \/>\n<meta property=\"og:locale\" content=\"en_US\" \/>\n<meta property=\"og:type\" content=\"article\" \/>\n<meta property=\"og:title\" content=\"Quinta-feira 03\/04 com dia fechado e com condi\u00e7\u00f5es de temporais no litoral -\" \/>\n<meta property=\"og:description\" content=\"Na parte da tarde a condi\u00e7\u00f5es para temporais com chuva pontualmente intensa acompanhados por raios rajadas de vento e eventual queda de granizo\" \/>\n<meta property=\"og:url\" content=\"https:\/\/sulsc.com\/index.php\/2025\/04\/03\/quinta-feira-03-04-com-dia-fechado-e-com-condicoes-de-temporais-no-litoral\/\" \/>\n<meta property=\"article:author\" content=\"https:\/\/www.facebook.com\/profile.php?id=61559278119680\" \/>\n<meta property=\"article:published_time\" content=\"2025-04-03T10:01:44+00:00\" \/>\n<meta property=\"og:image\" content=\"http:\/\/sulsc.com\/wp-content\/uploads\/2024\/06\/tempo.jpg\" \/>\n\t<meta property=\"og:image:width\" content=\"1500\" \/>\n\t<meta property=\"og:image:height\" content=\"1000\" \/>\n\t<meta property=\"og:image:type\" content=\"image\/jpeg\" \/>\n<meta name=\"author\" content=\"Reda\u00e7\u00e3o Sul SC\" \/>\n<meta name=\"twitter:card\" content=\"summary_large_image\" \/>\n<meta name=\"twitter:creator\" content=\"@https:\/\/twitter.com\/PortalSulSC\" \/>\n<meta name=\"twitter:label1\" content=\"Written by\" \/>\n\t<meta name=\"twitter:data1\" content=\"Reda\u00e7\u00e3o Sul SC\" \/>\n\t<meta name=\"twitter:label2\" content=\"Est. reading time\" \/>\n\t<meta name=\"twitter:data2\" content=\"1 minute\" \/>\n<script type=\"application\/ld+json\" class=\"yoast-schema-graph\">{\"@context\":\"https:\/\/schema.org\",\"@graph\":[{\"@type\":\"WebPage\",\"@id\":\"https:\/\/sulsc.com\/index.php\/2025\/04\/03\/quinta-feira-03-04-com-dia-fechado-e-com-condicoes-de-temporais-no-litoral\/\",\"url\":\"https:\/\/sulsc.com\/index.php\/2025\/04\/03\/quinta-feira-03-04-com-dia-fechado-e-com-condicoes-de-temporais-no-litoral\/\",\"name\":\"Quinta-feira 03\/04 com dia fechado e com condi\u00e7\u00f5es de temporais no litoral -\",\"isPartOf\":{\"@id\":\"https:\/\/sulsc.com\/#website\"},\"datePublished\":\"2025-04-03T10:01:44+00:00\",\"dateModified\":\"2025-04-03T10:01:44+00:00\",\"author\":{\"@id\":\"https:\/\/sulsc.com\/#\/schema\/person\/84d2fc571684f6248ba83092f07750a3\"},\"description\":\"Na parte da tarde a condi\u00e7\u00f5es para temporais com chuva pontualmente intensa acompanhados por raios rajadas de vento e eventual queda de granizo\",\"breadcrumb\":{\"@id\":\"https:\/\/sulsc.com\/index.php\/2025\/04\/03\/quinta-feira-03-04-com-dia-fechado-e-com-condicoes-de-temporais-no-litoral\/#breadcrumb\"},\"inLanguage\":\"en-US\",\"potentialAction\":[{\"@type\":\"ReadAction\",\"target\":[\"https:\/\/sulsc.com\/index.php\/2025\/04\/03\/quinta-feira-03-04-com-dia-fechado-e-com-condicoes-de-temporais-no-litoral\/\"]}]},{\"@type\":\"BreadcrumbList\",\"@id\":\"https:\/\/sulsc.com\/index.php\/2025\/04\/03\/quinta-feira-03-04-com-dia-fechado-e-com-condicoes-de-temporais-no-litoral\/#breadcrumb\",\"itemListElement\":[{\"@type\":\"ListItem\",\"position\":1,\"name\":\"In\u00edcio\",\"item\":\"https:\/\/sulsc.com\/\"},{\"@type\":\"ListItem\",\"position\":2,\"name\":\"Quinta-feira 03\/04 com dia fechado e com condi\u00e7\u00f5es de temporais no litoral\"}]},{\"@type\":\"WebSite\",\"@id\":\"https:\/\/sulsc.com\/#website\",\"url\":\"https:\/\/sulsc.com\/\",\"name\":\"\",\"description\":\"\",\"potentialAction\":[{\"@type\":\"SearchAction\",\"target\":{\"@type\":\"EntryPoint\",\"urlTemplate\":\"https:\/\/sulsc.com\/?s={search_term_string}\"},\"query-input\":\"required name=search_term_string\"}],\"inLanguage\":\"en-US\"},{\"@type\":\"Person\",\"@id\":\"https:\/\/sulsc.com\/#\/schema\/person\/84d2fc571684f6248ba83092f07750a3\",\"name\":\"Reda\u00e7\u00e3o Sul SC\",\"image\":{\"@type\":\"ImageObject\",\"inLanguage\":\"en-US\",\"@id\":\"https:\/\/sulsc.com\/#\/schema\/person\/image\/e08d7fe2cc4ed596372063bbe852b8d0\",\"url\":\"https:\/\/sulsc.com\/wp-content\/uploads\/2023\/09\/redacao.png\",\"contentUrl\":\"https:\/\/sulsc.com\/wp-content\/uploads\/2023\/09\/redacao.png\",\"caption\":\"Reda\u00e7\u00e3o Sul SC\"},\"description\":\"Foco em um jornalismo imparcial, voltado \u00e0 qualidade dos seus conte\u00fados e, assim, levar informa\u00e7\u00e3o de valor que agregue \u00e0 vida dos leitores. Esta \u00e9 grande miss\u00e3o do Portal de Not\u00edcias Sul SC. N\u00e3o \u00e9 quantidade que muda o mundo, sempre foi e seguir\u00e1 sendo qualidade!\",\"sameAs\":[\"https:\/\/sulsc.com\/\",\"https:\/\/www.facebook.com\/profile.php?id=61559278119680\",\"https:\/\/www.instagram.com\/sulscportal\/?hl=pt-br\",\"https:\/\/twitter.com\/https:\/\/twitter.com\/PortalSulSC\",\"https:\/\/www.youtube.com\/channel\/UCv_BE8GeySluDov2n8qhVmw\"],\"url\":\"https:\/\/sulsc.com\/index.php\/author\/redacao\/\"}]}<\/script>\n<!-- \/ Yoast SEO plugin. -->","yoast_head_json":{"title":"Quinta-feira 03\/04 com dia fechado e com condi\u00e7\u00f5es de temporais no litoral -","description":"Na parte da tarde a condi\u00e7\u00f5es para temporais com chuva pontualmente intensa acompanhados por raios rajadas de vento e eventual queda de granizo","robots":{"index":"index","follow":"follow","max-snippet":"max-snippet:-1","max-image-preview":"max-image-preview:large","max-video-preview":"max-video-preview:-1"},"canonical":"https:\/\/sulsc.com\/index.php\/2025\/04\/03\/quinta-feira-03-04-com-dia-fechado-e-com-condicoes-de-temporais-no-litoral\/","og_locale":"en_US","og_type":"article","og_title":"Quinta-feira 03\/04 com dia fechado e com condi\u00e7\u00f5es de temporais no litoral -","og_description":"Na parte da tarde a condi\u00e7\u00f5es para temporais com chuva pontualmente intensa acompanhados por raios rajadas de vento e eventual queda de granizo","og_url":"https:\/\/sulsc.com\/index.php\/2025\/04\/03\/quinta-feira-03-04-com-dia-fechado-e-com-condicoes-de-temporais-no-litoral\/","article_author":"https:\/\/www.facebook.com\/profile.php?id=61559278119680","article_published_time":"2025-04-03T10:01:44+00:00","og_image":[{"width":1500,"height":1000,"url":"http:\/\/sulsc.com\/wp-content\/uploads\/2024\/06\/tempo.jpg","type":"image\/jpeg"}],"author":"Reda\u00e7\u00e3o Sul SC","twitter_card":"summary_large_image","twitter_creator":"@https:\/\/twitter.com\/PortalSulSC","twitter_misc":{"Written by":"Reda\u00e7\u00e3o Sul SC","Est. reading time":"1 minute"},"schema":{"@context":"https:\/\/schema.org","@graph":[{"@type":"WebPage","@id":"https:\/\/sulsc.com\/index.php\/2025\/04\/03\/quinta-feira-03-04-com-dia-fechado-e-com-condicoes-de-temporais-no-litoral\/","url":"https:\/\/sulsc.com\/index.php\/2025\/04\/03\/quinta-feira-03-04-com-dia-fechado-e-com-condicoes-de-temporais-no-litoral\/","name":"Quinta-feira 03\/04 com dia fechado e com condi\u00e7\u00f5es de temporais no litoral -","isPartOf":{"@id":"https:\/\/sulsc.com\/#website"},"datePublished":"2025-04-03T10:01:44+00:00","dateModified":"2025-04-03T10:01:44+00:00","author":{"@id":"https:\/\/sulsc.com\/#\/schema\/person\/84d2fc571684f6248ba83092f07750a3"},"description":"Na parte da tarde a condi\u00e7\u00f5es para temporais com chuva pontualmente intensa acompanhados por raios rajadas de vento e eventual queda de granizo","breadcrumb":{"@id":"https:\/\/sulsc.com\/index.php\/2025\/04\/03\/quinta-feira-03-04-com-dia-fechado-e-com-condicoes-de-temporais-no-litoral\/#breadcrumb"},"inLanguage":"en-US","potentialAction":[{"@type":"ReadAction","target":["https:\/\/sulsc.com\/index.php\/2025\/04\/03\/quinta-feira-03-04-com-dia-fechado-e-com-condicoes-de-temporais-no-litoral\/"]}]},{"@type":"BreadcrumbList","@id":"https:\/\/sulsc.com\/index.php\/2025\/04\/03\/quinta-feira-03-04-com-dia-fechado-e-com-condicoes-de-temporais-no-litoral\/#breadcrumb","itemListElement":[{"@type":"ListItem","position":1,"name":"In\u00edcio","item":"https:\/\/sulsc.com\/"},{"@type":"ListItem","position":2,"name":"Quinta-feira 03\/04 com dia fechado e com condi\u00e7\u00f5es de temporais no litoral"}]},{"@type":"WebSite","@id":"https:\/\/sulsc.com\/#website","url":"https:\/\/sulsc.com\/","name":"","description":"","potentialAction":[{"@type":"SearchAction","target":{"@type":"EntryPoint","urlTemplate":"https:\/\/sulsc.com\/?s={search_term_string}"},"query-input":"required name=search_term_string"}],"inLanguage":"en-US"},{"@type":"Person","@id":"https:\/\/sulsc.com\/#\/schema\/person\/84d2fc571684f6248ba83092f07750a3","name":"Reda\u00e7\u00e3o Sul SC","image":{"@type":"ImageObject","inLanguage":"en-US","@id":"https:\/\/sulsc.com\/#\/schema\/person\/image\/e08d7fe2cc4ed596372063bbe852b8d0","url":"https:\/\/sulsc.com\/wp-content\/uploads\/2023\/09\/redacao.png","contentUrl":"https:\/\/sulsc.com\/wp-content\/uploads\/2023\/09\/redacao.png","caption":"Reda\u00e7\u00e3o Sul SC"},"description":"Foco em um jornalismo imparcial, voltado \u00e0 qualidade dos seus conte\u00fados e, assim, levar informa\u00e7\u00e3o de valor que agregue \u00e0 vida dos leitores. Esta \u00e9 grande miss\u00e3o do Portal de Not\u00edcias Sul SC. N\u00e3o \u00e9 quantidade que muda o mundo, sempre foi e seguir\u00e1 sendo qualidade!","sameAs":["https:\/\/sulsc.com\/","https:\/\/www.facebook.com\/profile.php?id=61559278119680","https:\/\/www.instagram.com\/sulscportal\/?hl=pt-br","https:\/\/twitter.com\/https:\/\/twitter.com\/PortalSulSC","https:\/\/www.youtube.com\/channel\/UCv_BE8GeySluDov2n8qhVmw"],"url":"https:\/\/sulsc.com\/index.php\/author\/redacao\/"}]}},"authors":[],"_links":{"self":[{"href":"https:\/\/sulsc.com\/index.php\/wp-json\/wp\/v2\/posts\/22206"}],"collection":[{"href":"https:\/\/sulsc.com\/index.php\/wp-json\/wp\/v2\/posts"}],"about":[{"href":"https:\/\/sulsc.com\/index.php\/wp-json\/wp\/v2\/types\/post"}],"author":[{"embeddable":true,"href":"https:\/\/sulsc.com\/index.php\/wp-json\/wp\/v2\/users\/3"}],"replies":[{"embeddable":true,"href":"https:\/\/sulsc.com\/index.php\/wp-json\/wp\/v2\/comments?post=22206"}],"version-history":[{"count":1,"href":"https:\/\/sulsc.com\/index.php\/wp-json\/wp\/v2\/posts\/22206\/revisions"}],"predecessor-version":[{"id":22209,"href":"https:\/\/sulsc.com\/index.php\/wp-json\/wp\/v2\/posts\/22206\/revisions\/22209"}],"wp:featuredmedia":[{"embeddable":true,"href":"https:\/\/sulsc.com\/index.php\/wp-json\/wp\/v2\/media\/13306"}],"wp:attachment":[{"href":"https:\/\/sulsc.com\/index.php\/wp-json\/wp\/v2\/media?parent=22206"}],"wp:term":[{"taxonomy":"category","embeddable":true,"href":"https:\/\/sulsc.com\/index.php\/wp-json\/wp\/v2\/categories?post=22206"},{"taxonomy":"post_tag","embeddable":true,"href":"https:\/\/sulsc.com\/index.php\/wp-json\/wp\/v2\/tags?post=22206"}],"curies":[{"name":"wp","href":"https:\/\/api.w.org\/{rel}","templated":true}]}}