{"id":2223,"date":"2023-10-11T17:30:18","date_gmt":"2023-10-11T20:30:18","guid":{"rendered":"https:\/\/sulsc.com\/?p=2223"},"modified":"2023-10-11T16:55:19","modified_gmt":"2023-10-11T19:55:19","slug":"reuniao-discute-a-mobilidade-urbana-na-regiao-da-praia-do-rosa","status":"publish","type":"post","link":"https:\/\/sulsc.com\/index.php\/2023\/10\/11\/reuniao-discute-a-mobilidade-urbana-na-regiao-da-praia-do-rosa\/","title":{"rendered":"Reuni\u00e3o discute a mobilidade urbana na regi\u00e3o da Praia do Rosa"},"content":{"rendered":"<p>A equipe da Secretaria Municipal de Desenvolvimento Econ\u00f4mico, Tur\u00edstico e Portu\u00e1rio (Sedetur) esteve reunida, nesta ter\u00e7a-feira (10), com representantes de diferentes setores econ\u00f4micos da Praia do Rosa. A inten\u00e7\u00e3o foi alinhar as a\u00e7\u00f5es voltadas a mobilidade urbana da comunidade.<\/p>\n<p>A grande circula\u00e7\u00e3o de ve\u00edculos, principalmente nos feriados e na temporada de ver\u00e3o, tem preocupado os segmentos que trabalham com o turismo na regi\u00e3o norte do munic\u00edpio.\u00a0Entre os assuntos, foram debatidas, as poss\u00edveis altera\u00e7\u00f5es no tr\u00e2nsito, a organiza\u00e7\u00e3o de estacionamentos e a implanta\u00e7\u00e3o de faixas de pedestres. Temas que ser\u00e3o apresentados na pr\u00f3xima ao Conselho Municipal de Desenvolvimento Local (DEL).<\/p>\n<p>\u201cAl\u00e9m das c\u00e2meras de videomonitoramento, vamos implementar outras a\u00e7\u00f5es em parceria com a Associa\u00e7\u00e3o Empresarial de Imbituba (ACIM), N\u00facleo Praia do Rosa, para melhorarmos o fluxo de pedestres e de carros na temporada de ver\u00e3o\u201d, disse o Secret\u00e1rio de Desenvolvimento Econ\u00f4mico, Tur\u00edstico e Portu\u00e1rio, Alex Bondan.<\/p>\n<p>&nbsp;<\/p>\n<p>Pref. Imbituba<\/p>\n","protected":false},"excerpt":{"rendered":"<p>A equipe da Secretaria Municipal de Desenvolvimento Econ\u00f4mico, Tur\u00edstico e Portu\u00e1rio (Sedetur) esteve reunida, nesta ter\u00e7a-feira (10), com representantes de diferentes setores econ\u00f4micos da Praia do Rosa. A inten\u00e7\u00e3o foi alinhar as a\u00e7\u00f5es voltadas a mobilidade urbana da comunidade. A grande circula\u00e7\u00e3o de ve\u00edculos, principalmente nos feriados e na temporada de ver\u00e3o, tem preocupado os &hellip;<\/p>\n<p class=\"read-more\"> <a class=\"\" href=\"https:\/\/sulsc.com\/index.php\/2023\/10\/11\/reuniao-discute-a-mobilidade-urbana-na-regiao-da-praia-do-rosa\/\"> <span class=\"screen-reader-text\">Reuni\u00e3o discute a mobilidade urbana na regi\u00e3o da Praia do Rosa<\/span> Read More &raquo;<\/a><\/p>\n","protected":false},"author":3,"featured_media":2224,"comment_status":"open","ping_status":"open","sticky":false,"template":"","format":"standard","meta":{"site-sidebar-layout":"default","site-content-layout":"","ast-site-content-layout":"default","site-content-style":"default","site-sidebar-style":"default","ast-global-header-display":"","ast-banner-title-visibility":"","ast-main-header-display":"","ast-hfb-above-header-display":"","ast-hfb-below-header-display":"","ast-hfb-mobile-header-display":"","site-post-title":"","ast-breadcrumbs-content":"","ast-featured-img":"","footer-sml-layout":"","theme-transparent-header-meta":"default","adv-header-id-meta":"","stick-header-meta":"","header-above-stick-meta":"","header-main-stick-meta":"","header-below-stick-meta":"","astra-migrate-meta-layouts":"set","footnotes":""},"categories":[1,41],"tags":[],"yoast_head":"<!-- This site is optimized with the Yoast SEO plugin v21.4 - https:\/\/yoast.com\/wordpress\/plugins\/seo\/ -->\n<title>Reuni\u00e3o discute a mobilidade urbana na regi\u00e3o da Praia do Rosa -<\/title>\n<meta name=\"robots\" content=\"index, follow, max-snippet:-1, max-image-preview:large, max-video-preview:-1\" \/>\n<link rel=\"canonical\" href=\"https:\/\/sulsc.com\/index.php\/2023\/10\/11\/reuniao-discute-a-mobilidade-urbana-na-regiao-da-praia-do-rosa\/\" \/>\n<meta property=\"og:locale\" content=\"en_US\" \/>\n<meta property=\"og:type\" content=\"article\" \/>\n<meta property=\"og:title\" content=\"Reuni\u00e3o discute a mobilidade urbana na regi\u00e3o da Praia do Rosa -\" \/>\n<meta property=\"og:description\" content=\"A equipe da Secretaria Municipal de Desenvolvimento Econ\u00f4mico, Tur\u00edstico e Portu\u00e1rio (Sedetur) esteve reunida, nesta ter\u00e7a-feira (10), com representantes de diferentes setores econ\u00f4micos da Praia do Rosa. A inten\u00e7\u00e3o foi alinhar as a\u00e7\u00f5es voltadas a mobilidade urbana da comunidade. A grande circula\u00e7\u00e3o de ve\u00edculos, principalmente nos feriados e na temporada de ver\u00e3o, tem preocupado os &hellip; Reuni\u00e3o discute a mobilidade urbana na regi\u00e3o da Praia do Rosa Read More &raquo;\" \/>\n<meta property=\"og:url\" content=\"https:\/\/sulsc.com\/index.php\/2023\/10\/11\/reuniao-discute-a-mobilidade-urbana-na-regiao-da-praia-do-rosa\/\" \/>\n<meta property=\"article:author\" content=\"https:\/\/www.facebook.com\/profile.php?id=61559278119680\" \/>\n<meta property=\"article:published_time\" content=\"2023-10-11T20:30:18+00:00\" \/>\n<meta property=\"article:modified_time\" content=\"2023-10-11T19:55:19+00:00\" \/>\n<meta property=\"og:image\" content=\"https:\/\/sulsc.com\/wp-content\/uploads\/2023\/10\/WhatsApp-Image-2023-10-10-at-18.02.04-800x445-1.jpeg\" \/>\n\t<meta property=\"og:image:width\" content=\"800\" \/>\n\t<meta property=\"og:image:height\" content=\"445\" \/>\n\t<meta property=\"og:image:type\" content=\"image\/jpeg\" \/>\n<meta name=\"author\" content=\"Reda\u00e7\u00e3o Sul SC\" \/>\n<meta name=\"twitter:card\" content=\"summary_large_image\" \/>\n<meta name=\"twitter:creator\" content=\"@https:\/\/twitter.com\/PortalSulSC\" \/>\n<meta name=\"twitter:label1\" content=\"Written by\" \/>\n\t<meta name=\"twitter:data1\" content=\"Reda\u00e7\u00e3o Sul SC\" \/>\n\t<meta name=\"twitter:label2\" content=\"Est. reading time\" \/>\n\t<meta name=\"twitter:data2\" content=\"1 minute\" \/>\n<script type=\"application\/ld+json\" class=\"yoast-schema-graph\">{\"@context\":\"https:\/\/schema.org\",\"@graph\":[{\"@type\":\"WebPage\",\"@id\":\"https:\/\/sulsc.com\/index.php\/2023\/10\/11\/reuniao-discute-a-mobilidade-urbana-na-regiao-da-praia-do-rosa\/\",\"url\":\"https:\/\/sulsc.com\/index.php\/2023\/10\/11\/reuniao-discute-a-mobilidade-urbana-na-regiao-da-praia-do-rosa\/\",\"name\":\"Reuni\u00e3o discute a mobilidade urbana na regi\u00e3o da Praia do Rosa -\",\"isPartOf\":{\"@id\":\"https:\/\/sulsc.com\/#website\"},\"datePublished\":\"2023-10-11T20:30:18+00:00\",\"dateModified\":\"2023-10-11T19:55:19+00:00\",\"author\":{\"@id\":\"https:\/\/sulsc.com\/#\/schema\/person\/84d2fc571684f6248ba83092f07750a3\"},\"breadcrumb\":{\"@id\":\"https:\/\/sulsc.com\/index.php\/2023\/10\/11\/reuniao-discute-a-mobilidade-urbana-na-regiao-da-praia-do-rosa\/#breadcrumb\"},\"inLanguage\":\"en-US\",\"potentialAction\":[{\"@type\":\"ReadAction\",\"target\":[\"https:\/\/sulsc.com\/index.php\/2023\/10\/11\/reuniao-discute-a-mobilidade-urbana-na-regiao-da-praia-do-rosa\/\"]}]},{\"@type\":\"BreadcrumbList\",\"@id\":\"https:\/\/sulsc.com\/index.php\/2023\/10\/11\/reuniao-discute-a-mobilidade-urbana-na-regiao-da-praia-do-rosa\/#breadcrumb\",\"itemListElement\":[{\"@type\":\"ListItem\",\"position\":1,\"name\":\"In\u00edcio\",\"item\":\"https:\/\/sulsc.com\/\"},{\"@type\":\"ListItem\",\"position\":2,\"name\":\"Reuni\u00e3o discute a mobilidade urbana na regi\u00e3o da Praia do Rosa\"}]},{\"@type\":\"WebSite\",\"@id\":\"https:\/\/sulsc.com\/#website\",\"url\":\"https:\/\/sulsc.com\/\",\"name\":\"\",\"description\":\"\",\"potentialAction\":[{\"@type\":\"SearchAction\",\"target\":{\"@type\":\"EntryPoint\",\"urlTemplate\":\"https:\/\/sulsc.com\/?s={search_term_string}\"},\"query-input\":\"required name=search_term_string\"}],\"inLanguage\":\"en-US\"},{\"@type\":\"Person\",\"@id\":\"https:\/\/sulsc.com\/#\/schema\/person\/84d2fc571684f6248ba83092f07750a3\",\"name\":\"Reda\u00e7\u00e3o Sul SC\",\"image\":{\"@type\":\"ImageObject\",\"inLanguage\":\"en-US\",\"@id\":\"https:\/\/sulsc.com\/#\/schema\/person\/image\/e08d7fe2cc4ed596372063bbe852b8d0\",\"url\":\"https:\/\/sulsc.com\/wp-content\/uploads\/2023\/09\/redacao.png\",\"contentUrl\":\"https:\/\/sulsc.com\/wp-content\/uploads\/2023\/09\/redacao.png\",\"caption\":\"Reda\u00e7\u00e3o Sul SC\"},\"description\":\"Foco em um jornalismo imparcial, voltado \u00e0 qualidade dos seus conte\u00fados e, assim, levar informa\u00e7\u00e3o de valor que agregue \u00e0 vida dos leitores. Esta \u00e9 grande miss\u00e3o do Portal de Not\u00edcias Sul SC. N\u00e3o \u00e9 quantidade que muda o mundo, sempre foi e seguir\u00e1 sendo qualidade!\",\"sameAs\":[\"https:\/\/sulsc.com\/\",\"https:\/\/www.facebook.com\/profile.php?id=61559278119680\",\"https:\/\/www.instagram.com\/sulscportal\/?hl=pt-br\",\"https:\/\/twitter.com\/https:\/\/twitter.com\/PortalSulSC\",\"https:\/\/www.youtube.com\/channel\/UCv_BE8GeySluDov2n8qhVmw\"],\"url\":\"https:\/\/sulsc.com\/index.php\/author\/redacao\/\"}]}<\/script>\n<!-- \/ Yoast SEO plugin. -->","yoast_head_json":{"title":"Reuni\u00e3o discute a mobilidade urbana na regi\u00e3o da Praia do Rosa -","robots":{"index":"index","follow":"follow","max-snippet":"max-snippet:-1","max-image-preview":"max-image-preview:large","max-video-preview":"max-video-preview:-1"},"canonical":"https:\/\/sulsc.com\/index.php\/2023\/10\/11\/reuniao-discute-a-mobilidade-urbana-na-regiao-da-praia-do-rosa\/","og_locale":"en_US","og_type":"article","og_title":"Reuni\u00e3o discute a mobilidade urbana na regi\u00e3o da Praia do Rosa -","og_description":"A equipe da Secretaria Municipal de Desenvolvimento Econ\u00f4mico, Tur\u00edstico e Portu\u00e1rio (Sedetur) esteve reunida, nesta ter\u00e7a-feira (10), com representantes de diferentes setores econ\u00f4micos da Praia do Rosa. A inten\u00e7\u00e3o foi alinhar as a\u00e7\u00f5es voltadas a mobilidade urbana da comunidade. A grande circula\u00e7\u00e3o de ve\u00edculos, principalmente nos feriados e na temporada de ver\u00e3o, tem preocupado os &hellip; Reuni\u00e3o discute a mobilidade urbana na regi\u00e3o da Praia do Rosa Read More &raquo;","og_url":"https:\/\/sulsc.com\/index.php\/2023\/10\/11\/reuniao-discute-a-mobilidade-urbana-na-regiao-da-praia-do-rosa\/","article_author":"https:\/\/www.facebook.com\/profile.php?id=61559278119680","article_published_time":"2023-10-11T20:30:18+00:00","article_modified_time":"2023-10-11T19:55:19+00:00","og_image":[{"width":800,"height":445,"url":"https:\/\/sulsc.com\/wp-content\/uploads\/2023\/10\/WhatsApp-Image-2023-10-10-at-18.02.04-800x445-1.jpeg","type":"image\/jpeg"}],"author":"Reda\u00e7\u00e3o Sul SC","twitter_card":"summary_large_image","twitter_creator":"@https:\/\/twitter.com\/PortalSulSC","twitter_misc":{"Written by":"Reda\u00e7\u00e3o Sul SC","Est. reading time":"1 minute"},"schema":{"@context":"https:\/\/schema.org","@graph":[{"@type":"WebPage","@id":"https:\/\/sulsc.com\/index.php\/2023\/10\/11\/reuniao-discute-a-mobilidade-urbana-na-regiao-da-praia-do-rosa\/","url":"https:\/\/sulsc.com\/index.php\/2023\/10\/11\/reuniao-discute-a-mobilidade-urbana-na-regiao-da-praia-do-rosa\/","name":"Reuni\u00e3o discute a mobilidade urbana na regi\u00e3o da Praia do Rosa -","isPartOf":{"@id":"https:\/\/sulsc.com\/#website"},"datePublished":"2023-10-11T20:30:18+00:00","dateModified":"2023-10-11T19:55:19+00:00","author":{"@id":"https:\/\/sulsc.com\/#\/schema\/person\/84d2fc571684f6248ba83092f07750a3"},"breadcrumb":{"@id":"https:\/\/sulsc.com\/index.php\/2023\/10\/11\/reuniao-discute-a-mobilidade-urbana-na-regiao-da-praia-do-rosa\/#breadcrumb"},"inLanguage":"en-US","potentialAction":[{"@type":"ReadAction","target":["https:\/\/sulsc.com\/index.php\/2023\/10\/11\/reuniao-discute-a-mobilidade-urbana-na-regiao-da-praia-do-rosa\/"]}]},{"@type":"BreadcrumbList","@id":"https:\/\/sulsc.com\/index.php\/2023\/10\/11\/reuniao-discute-a-mobilidade-urbana-na-regiao-da-praia-do-rosa\/#breadcrumb","itemListElement":[{"@type":"ListItem","position":1,"name":"In\u00edcio","item":"https:\/\/sulsc.com\/"},{"@type":"ListItem","position":2,"name":"Reuni\u00e3o discute a mobilidade urbana na regi\u00e3o da Praia do Rosa"}]},{"@type":"WebSite","@id":"https:\/\/sulsc.com\/#website","url":"https:\/\/sulsc.com\/","name":"","description":"","potentialAction":[{"@type":"SearchAction","target":{"@type":"EntryPoint","urlTemplate":"https:\/\/sulsc.com\/?s={search_term_string}"},"query-input":"required name=search_term_string"}],"inLanguage":"en-US"},{"@type":"Person","@id":"https:\/\/sulsc.com\/#\/schema\/person\/84d2fc571684f6248ba83092f07750a3","name":"Reda\u00e7\u00e3o Sul SC","image":{"@type":"ImageObject","inLanguage":"en-US","@id":"https:\/\/sulsc.com\/#\/schema\/person\/image\/e08d7fe2cc4ed596372063bbe852b8d0","url":"https:\/\/sulsc.com\/wp-content\/uploads\/2023\/09\/redacao.png","contentUrl":"https:\/\/sulsc.com\/wp-content\/uploads\/2023\/09\/redacao.png","caption":"Reda\u00e7\u00e3o Sul SC"},"description":"Foco em um jornalismo imparcial, voltado \u00e0 qualidade dos seus conte\u00fados e, assim, levar informa\u00e7\u00e3o de valor que agregue \u00e0 vida dos leitores. Esta \u00e9 grande miss\u00e3o do Portal de Not\u00edcias Sul SC. N\u00e3o \u00e9 quantidade que muda o mundo, sempre foi e seguir\u00e1 sendo qualidade!","sameAs":["https:\/\/sulsc.com\/","https:\/\/www.facebook.com\/profile.php?id=61559278119680","https:\/\/www.instagram.com\/sulscportal\/?hl=pt-br","https:\/\/twitter.com\/https:\/\/twitter.com\/PortalSulSC","https:\/\/www.youtube.com\/channel\/UCv_BE8GeySluDov2n8qhVmw"],"url":"https:\/\/sulsc.com\/index.php\/author\/redacao\/"}]}},"authors":[],"_links":{"self":[{"href":"https:\/\/sulsc.com\/index.php\/wp-json\/wp\/v2\/posts\/2223"}],"collection":[{"href":"https:\/\/sulsc.com\/index.php\/wp-json\/wp\/v2\/posts"}],"about":[{"href":"https:\/\/sulsc.com\/index.php\/wp-json\/wp\/v2\/types\/post"}],"author":[{"embeddable":true,"href":"https:\/\/sulsc.com\/index.php\/wp-json\/wp\/v2\/users\/3"}],"replies":[{"embeddable":true,"href":"https:\/\/sulsc.com\/index.php\/wp-json\/wp\/v2\/comments?post=2223"}],"version-history":[{"count":1,"href":"https:\/\/sulsc.com\/index.php\/wp-json\/wp\/v2\/posts\/2223\/revisions"}],"predecessor-version":[{"id":2225,"href":"https:\/\/sulsc.com\/index.php\/wp-json\/wp\/v2\/posts\/2223\/revisions\/2225"}],"wp:featuredmedia":[{"embeddable":true,"href":"https:\/\/sulsc.com\/index.php\/wp-json\/wp\/v2\/media\/2224"}],"wp:attachment":[{"href":"https:\/\/sulsc.com\/index.php\/wp-json\/wp\/v2\/media?parent=2223"}],"wp:term":[{"taxonomy":"category","embeddable":true,"href":"https:\/\/sulsc.com\/index.php\/wp-json\/wp\/v2\/categories?post=2223"},{"taxonomy":"post_tag","embeddable":true,"href":"https:\/\/sulsc.com\/index.php\/wp-json\/wp\/v2\/tags?post=2223"}],"curies":[{"name":"wp","href":"https:\/\/api.w.org\/{rel}","templated":true}]}}