{"id":2226,"date":"2023-10-11T18:00:46","date_gmt":"2023-10-11T21:00:46","guid":{"rendered":"https:\/\/sulsc.com\/?p=2226"},"modified":"2023-10-11T18:13:33","modified_gmt":"2023-10-11T21:13:33","slug":"estado-e-prefeituras-debatem-solucoes-para-pavimentacao-da-rodovia-ageu-medeiros-entre-laguna-e-tubarao","status":"publish","type":"post","link":"https:\/\/sulsc.com\/index.php\/2023\/10\/11\/estado-e-prefeituras-debatem-solucoes-para-pavimentacao-da-rodovia-ageu-medeiros-entre-laguna-e-tubarao\/","title":{"rendered":"Estado e prefeituras debatem solu\u00e7\u00f5es para pavimenta\u00e7\u00e3o da rodovia Ageu Medeiros entre Laguna e Tubar\u00e3o"},"content":{"rendered":"<p>Em uma reuni\u00e3o realizada nesta quarta-feira (11), com a presen\u00e7a de representantes da Associa\u00e7\u00e3o de Munic\u00edpios da Regi\u00e3o de Laguna (Amurel), das prefeituras de Laguna e Tubar\u00e3o, do Governo do Estado, que financia a obra, foram discutidas solu\u00e7\u00f5es para os desafios enfrentados na pavimenta\u00e7\u00e3o da rodovia municipal Ageu Medeiros, que liga Laguna a Tubar\u00e3o.<\/p>\n<p>Apesar do repasse inicial de R$ 8 milh\u00f5es em julho, o avan\u00e7o da pavimenta\u00e7\u00e3o n\u00e3o atingiu o ritmo esperado pelos \u00f3rg\u00e3os envolvidos, devido a dificuldades encontradas. Entre elas a desapropria\u00e7\u00e3o de terrenos na cabeceira da ponte St\u00e9lio Cascaes Boabaid (j\u00e1 resolvida), a supress\u00e3o de vegeta\u00e7\u00e3o, modifica\u00e7\u00f5es no projeto de rede el\u00e9trica e a necessidade de ajustar a altura da pista para que a rodovia tamb\u00e9m funcione como um dique, protegendo contra inunda\u00e7\u00f5es do Rio Tubar\u00e3o em dias de chuvas intensas.<\/p>\n<p>\u201cInicialmente, consideramos aumentar a eleva\u00e7\u00e3o da pista em um metro em toda a extens\u00e3o da rodovia. No entanto, foi decidido que a solu\u00e7\u00e3o mais eficaz \u00e9 manter o projeto de pavimenta\u00e7\u00e3o como est\u00e1 e iniciar um novo conv\u00eanio para uma nova obra para construir diques nos pontos cr\u00edticos, evitando assim a entrada de \u00e1gua do Rio Tubar\u00e3o nos terrenos que margeiam a rodovia\u201d, explicou o presidente do Cons\u00f3rcio da Amurel, prefeito H\u00e9lio Alberton.<\/p>\n<p>A pr\u00f3xima etapa envolver\u00e1 a elabora\u00e7\u00e3o de um projeto, por cada munic\u00edpio (Tubar\u00e3o e Laguna), para determinar os locais e alturas ideais para a constru\u00e7\u00e3o dos diques. Com isso, existe a expectativa de avan\u00e7ar a obra consideravelmente at\u00e9 o final do ano.<\/p>\n<p>O secret\u00e1rio de Estado da Casa Civil, Est\u00eaner Soratto, destacou que o Governo de Santa Catarina atua como financiador da obra, visto que a rodovia Ageu Medeiros \u00e9 uma estrada municipal. \u201cO Governador Jorginho Mello autorizou o repasse de R$ 15 milh\u00f5es em 2023. O recurso n\u00e3o est\u00e1 sendo o problema, mas sim essas quest\u00f5es pontuais de altera\u00e7\u00e3o do projeto\u201d, ressaltou.<\/p>\n<p>&nbsp;<\/p>\n<p>Fonte: Gov. SC<\/p>\n","protected":false},"excerpt":{"rendered":"<p>Em uma reuni\u00e3o realizada nesta quarta-feira (11), com a presen\u00e7a de representantes da Associa\u00e7\u00e3o de Munic\u00edpios da Regi\u00e3o de Laguna (Amurel), das prefeituras de Laguna e Tubar\u00e3o, do Governo do Estado, que financia a obra, foram discutidas solu\u00e7\u00f5es para os desafios enfrentados na pavimenta\u00e7\u00e3o da rodovia municipal Ageu Medeiros, que liga Laguna a Tubar\u00e3o. Apesar &hellip;<\/p>\n<p class=\"read-more\"> <a class=\"\" href=\"https:\/\/sulsc.com\/index.php\/2023\/10\/11\/estado-e-prefeituras-debatem-solucoes-para-pavimentacao-da-rodovia-ageu-medeiros-entre-laguna-e-tubarao\/\"> <span class=\"screen-reader-text\">Estado e prefeituras debatem solu\u00e7\u00f5es para pavimenta\u00e7\u00e3o da rodovia Ageu Medeiros entre Laguna e Tubar\u00e3o<\/span> Read More &raquo;<\/a><\/p>\n","protected":false},"author":3,"featured_media":2227,"comment_status":"open","ping_status":"open","sticky":false,"template":"","format":"standard","meta":{"site-sidebar-layout":"default","site-content-layout":"","ast-site-content-layout":"default","site-content-style":"default","site-sidebar-style":"default","ast-global-header-display":"","ast-banner-title-visibility":"","ast-main-header-display":"","ast-hfb-above-header-display":"","ast-hfb-below-header-display":"","ast-hfb-mobile-header-display":"","site-post-title":"","ast-breadcrumbs-content":"","ast-featured-img":"","footer-sml-layout":"","theme-transparent-header-meta":"default","adv-header-id-meta":"","stick-header-meta":"","header-above-stick-meta":"","header-main-stick-meta":"","header-below-stick-meta":"","astra-migrate-meta-layouts":"set","footnotes":""},"categories":[1],"tags":[],"yoast_head":"<!-- This site is optimized with the Yoast SEO plugin v21.4 - https:\/\/yoast.com\/wordpress\/plugins\/seo\/ -->\n<title>Estado e prefeituras debatem solu\u00e7\u00f5es para pavimenta\u00e7\u00e3o da rodovia Ageu Medeiros entre Laguna e Tubar\u00e3o -<\/title>\n<meta name=\"robots\" content=\"index, follow, max-snippet:-1, max-image-preview:large, max-video-preview:-1\" \/>\n<link rel=\"canonical\" href=\"https:\/\/sulsc.com\/index.php\/2023\/10\/11\/estado-e-prefeituras-debatem-solucoes-para-pavimentacao-da-rodovia-ageu-medeiros-entre-laguna-e-tubarao\/\" \/>\n<meta property=\"og:locale\" content=\"en_US\" \/>\n<meta property=\"og:type\" content=\"article\" \/>\n<meta property=\"og:title\" content=\"Estado e prefeituras debatem solu\u00e7\u00f5es para pavimenta\u00e7\u00e3o da rodovia Ageu Medeiros entre Laguna e Tubar\u00e3o -\" \/>\n<meta property=\"og:description\" content=\"Em uma reuni\u00e3o realizada nesta quarta-feira (11), com a presen\u00e7a de representantes da Associa\u00e7\u00e3o de Munic\u00edpios da Regi\u00e3o de Laguna (Amurel), das prefeituras de Laguna e Tubar\u00e3o, do Governo do Estado, que financia a obra, foram discutidas solu\u00e7\u00f5es para os desafios enfrentados na pavimenta\u00e7\u00e3o da rodovia municipal Ageu Medeiros, que liga Laguna a Tubar\u00e3o. Apesar &hellip; Estado e prefeituras debatem solu\u00e7\u00f5es para pavimenta\u00e7\u00e3o da rodovia Ageu Medeiros entre Laguna e Tubar\u00e3o Read More &raquo;\" \/>\n<meta property=\"og:url\" content=\"https:\/\/sulsc.com\/index.php\/2023\/10\/11\/estado-e-prefeituras-debatem-solucoes-para-pavimentacao-da-rodovia-ageu-medeiros-entre-laguna-e-tubarao\/\" \/>\n<meta property=\"article:author\" content=\"https:\/\/www.facebook.com\/profile.php?id=61559278119680\" \/>\n<meta property=\"article:published_time\" content=\"2023-10-11T21:00:46+00:00\" \/>\n<meta property=\"article:modified_time\" content=\"2023-10-11T21:13:33+00:00\" \/>\n<meta property=\"og:image\" content=\"https:\/\/sulsc.com\/wp-content\/uploads\/2023\/10\/Reuniao-Casa-Civil_1110.jpg\" \/>\n\t<meta property=\"og:image:width\" content=\"1024\" \/>\n\t<meta property=\"og:image:height\" content=\"673\" \/>\n\t<meta property=\"og:image:type\" content=\"image\/jpeg\" \/>\n<meta name=\"author\" content=\"Reda\u00e7\u00e3o Sul SC\" \/>\n<meta name=\"twitter:card\" content=\"summary_large_image\" \/>\n<meta name=\"twitter:creator\" content=\"@https:\/\/twitter.com\/PortalSulSC\" \/>\n<meta name=\"twitter:label1\" content=\"Written by\" \/>\n\t<meta name=\"twitter:data1\" content=\"Reda\u00e7\u00e3o Sul SC\" \/>\n\t<meta name=\"twitter:label2\" content=\"Est. reading time\" \/>\n\t<meta name=\"twitter:data2\" content=\"2 minutes\" \/>\n<script type=\"application\/ld+json\" class=\"yoast-schema-graph\">{\"@context\":\"https:\/\/schema.org\",\"@graph\":[{\"@type\":\"WebPage\",\"@id\":\"https:\/\/sulsc.com\/index.php\/2023\/10\/11\/estado-e-prefeituras-debatem-solucoes-para-pavimentacao-da-rodovia-ageu-medeiros-entre-laguna-e-tubarao\/\",\"url\":\"https:\/\/sulsc.com\/index.php\/2023\/10\/11\/estado-e-prefeituras-debatem-solucoes-para-pavimentacao-da-rodovia-ageu-medeiros-entre-laguna-e-tubarao\/\",\"name\":\"Estado e prefeituras debatem solu\u00e7\u00f5es para pavimenta\u00e7\u00e3o da rodovia Ageu Medeiros entre Laguna e Tubar\u00e3o -\",\"isPartOf\":{\"@id\":\"https:\/\/sulsc.com\/#website\"},\"datePublished\":\"2023-10-11T21:00:46+00:00\",\"dateModified\":\"2023-10-11T21:13:33+00:00\",\"author\":{\"@id\":\"https:\/\/sulsc.com\/#\/schema\/person\/84d2fc571684f6248ba83092f07750a3\"},\"breadcrumb\":{\"@id\":\"https:\/\/sulsc.com\/index.php\/2023\/10\/11\/estado-e-prefeituras-debatem-solucoes-para-pavimentacao-da-rodovia-ageu-medeiros-entre-laguna-e-tubarao\/#breadcrumb\"},\"inLanguage\":\"en-US\",\"potentialAction\":[{\"@type\":\"ReadAction\",\"target\":[\"https:\/\/sulsc.com\/index.php\/2023\/10\/11\/estado-e-prefeituras-debatem-solucoes-para-pavimentacao-da-rodovia-ageu-medeiros-entre-laguna-e-tubarao\/\"]}]},{\"@type\":\"BreadcrumbList\",\"@id\":\"https:\/\/sulsc.com\/index.php\/2023\/10\/11\/estado-e-prefeituras-debatem-solucoes-para-pavimentacao-da-rodovia-ageu-medeiros-entre-laguna-e-tubarao\/#breadcrumb\",\"itemListElement\":[{\"@type\":\"ListItem\",\"position\":1,\"name\":\"In\u00edcio\",\"item\":\"https:\/\/sulsc.com\/\"},{\"@type\":\"ListItem\",\"position\":2,\"name\":\"Estado e prefeituras debatem solu\u00e7\u00f5es para pavimenta\u00e7\u00e3o da rodovia Ageu Medeiros entre Laguna e Tubar\u00e3o\"}]},{\"@type\":\"WebSite\",\"@id\":\"https:\/\/sulsc.com\/#website\",\"url\":\"https:\/\/sulsc.com\/\",\"name\":\"\",\"description\":\"\",\"potentialAction\":[{\"@type\":\"SearchAction\",\"target\":{\"@type\":\"EntryPoint\",\"urlTemplate\":\"https:\/\/sulsc.com\/?s={search_term_string}\"},\"query-input\":\"required name=search_term_string\"}],\"inLanguage\":\"en-US\"},{\"@type\":\"Person\",\"@id\":\"https:\/\/sulsc.com\/#\/schema\/person\/84d2fc571684f6248ba83092f07750a3\",\"name\":\"Reda\u00e7\u00e3o Sul SC\",\"image\":{\"@type\":\"ImageObject\",\"inLanguage\":\"en-US\",\"@id\":\"https:\/\/sulsc.com\/#\/schema\/person\/image\/e08d7fe2cc4ed596372063bbe852b8d0\",\"url\":\"https:\/\/sulsc.com\/wp-content\/uploads\/2023\/09\/redacao.png\",\"contentUrl\":\"https:\/\/sulsc.com\/wp-content\/uploads\/2023\/09\/redacao.png\",\"caption\":\"Reda\u00e7\u00e3o Sul SC\"},\"description\":\"Foco em um jornalismo imparcial, voltado \u00e0 qualidade dos seus conte\u00fados e, assim, levar informa\u00e7\u00e3o de valor que agregue \u00e0 vida dos leitores. Esta \u00e9 grande miss\u00e3o do Portal de Not\u00edcias Sul SC. N\u00e3o \u00e9 quantidade que muda o mundo, sempre foi e seguir\u00e1 sendo qualidade!\",\"sameAs\":[\"https:\/\/sulsc.com\/\",\"https:\/\/www.facebook.com\/profile.php?id=61559278119680\",\"https:\/\/www.instagram.com\/sulscportal\/?hl=pt-br\",\"https:\/\/twitter.com\/https:\/\/twitter.com\/PortalSulSC\",\"https:\/\/www.youtube.com\/channel\/UCv_BE8GeySluDov2n8qhVmw\"],\"url\":\"https:\/\/sulsc.com\/index.php\/author\/redacao\/\"}]}<\/script>\n<!-- \/ Yoast SEO plugin. -->","yoast_head_json":{"title":"Estado e prefeituras debatem solu\u00e7\u00f5es para pavimenta\u00e7\u00e3o da rodovia Ageu Medeiros entre Laguna e Tubar\u00e3o -","robots":{"index":"index","follow":"follow","max-snippet":"max-snippet:-1","max-image-preview":"max-image-preview:large","max-video-preview":"max-video-preview:-1"},"canonical":"https:\/\/sulsc.com\/index.php\/2023\/10\/11\/estado-e-prefeituras-debatem-solucoes-para-pavimentacao-da-rodovia-ageu-medeiros-entre-laguna-e-tubarao\/","og_locale":"en_US","og_type":"article","og_title":"Estado e prefeituras debatem solu\u00e7\u00f5es para pavimenta\u00e7\u00e3o da rodovia Ageu Medeiros entre Laguna e Tubar\u00e3o -","og_description":"Em uma reuni\u00e3o realizada nesta quarta-feira (11), com a presen\u00e7a de representantes da Associa\u00e7\u00e3o de Munic\u00edpios da Regi\u00e3o de Laguna (Amurel), das prefeituras de Laguna e Tubar\u00e3o, do Governo do Estado, que financia a obra, foram discutidas solu\u00e7\u00f5es para os desafios enfrentados na pavimenta\u00e7\u00e3o da rodovia municipal Ageu Medeiros, que liga Laguna a Tubar\u00e3o. Apesar &hellip; Estado e prefeituras debatem solu\u00e7\u00f5es para pavimenta\u00e7\u00e3o da rodovia Ageu Medeiros entre Laguna e Tubar\u00e3o Read More &raquo;","og_url":"https:\/\/sulsc.com\/index.php\/2023\/10\/11\/estado-e-prefeituras-debatem-solucoes-para-pavimentacao-da-rodovia-ageu-medeiros-entre-laguna-e-tubarao\/","article_author":"https:\/\/www.facebook.com\/profile.php?id=61559278119680","article_published_time":"2023-10-11T21:00:46+00:00","article_modified_time":"2023-10-11T21:13:33+00:00","og_image":[{"width":1024,"height":673,"url":"https:\/\/sulsc.com\/wp-content\/uploads\/2023\/10\/Reuniao-Casa-Civil_1110.jpg","type":"image\/jpeg"}],"author":"Reda\u00e7\u00e3o Sul SC","twitter_card":"summary_large_image","twitter_creator":"@https:\/\/twitter.com\/PortalSulSC","twitter_misc":{"Written by":"Reda\u00e7\u00e3o Sul SC","Est. reading time":"2 minutes"},"schema":{"@context":"https:\/\/schema.org","@graph":[{"@type":"WebPage","@id":"https:\/\/sulsc.com\/index.php\/2023\/10\/11\/estado-e-prefeituras-debatem-solucoes-para-pavimentacao-da-rodovia-ageu-medeiros-entre-laguna-e-tubarao\/","url":"https:\/\/sulsc.com\/index.php\/2023\/10\/11\/estado-e-prefeituras-debatem-solucoes-para-pavimentacao-da-rodovia-ageu-medeiros-entre-laguna-e-tubarao\/","name":"Estado e prefeituras debatem solu\u00e7\u00f5es para pavimenta\u00e7\u00e3o da rodovia Ageu Medeiros entre Laguna e Tubar\u00e3o -","isPartOf":{"@id":"https:\/\/sulsc.com\/#website"},"datePublished":"2023-10-11T21:00:46+00:00","dateModified":"2023-10-11T21:13:33+00:00","author":{"@id":"https:\/\/sulsc.com\/#\/schema\/person\/84d2fc571684f6248ba83092f07750a3"},"breadcrumb":{"@id":"https:\/\/sulsc.com\/index.php\/2023\/10\/11\/estado-e-prefeituras-debatem-solucoes-para-pavimentacao-da-rodovia-ageu-medeiros-entre-laguna-e-tubarao\/#breadcrumb"},"inLanguage":"en-US","potentialAction":[{"@type":"ReadAction","target":["https:\/\/sulsc.com\/index.php\/2023\/10\/11\/estado-e-prefeituras-debatem-solucoes-para-pavimentacao-da-rodovia-ageu-medeiros-entre-laguna-e-tubarao\/"]}]},{"@type":"BreadcrumbList","@id":"https:\/\/sulsc.com\/index.php\/2023\/10\/11\/estado-e-prefeituras-debatem-solucoes-para-pavimentacao-da-rodovia-ageu-medeiros-entre-laguna-e-tubarao\/#breadcrumb","itemListElement":[{"@type":"ListItem","position":1,"name":"In\u00edcio","item":"https:\/\/sulsc.com\/"},{"@type":"ListItem","position":2,"name":"Estado e prefeituras debatem solu\u00e7\u00f5es para pavimenta\u00e7\u00e3o da rodovia Ageu Medeiros entre Laguna e Tubar\u00e3o"}]},{"@type":"WebSite","@id":"https:\/\/sulsc.com\/#website","url":"https:\/\/sulsc.com\/","name":"","description":"","potentialAction":[{"@type":"SearchAction","target":{"@type":"EntryPoint","urlTemplate":"https:\/\/sulsc.com\/?s={search_term_string}"},"query-input":"required name=search_term_string"}],"inLanguage":"en-US"},{"@type":"Person","@id":"https:\/\/sulsc.com\/#\/schema\/person\/84d2fc571684f6248ba83092f07750a3","name":"Reda\u00e7\u00e3o Sul SC","image":{"@type":"ImageObject","inLanguage":"en-US","@id":"https:\/\/sulsc.com\/#\/schema\/person\/image\/e08d7fe2cc4ed596372063bbe852b8d0","url":"https:\/\/sulsc.com\/wp-content\/uploads\/2023\/09\/redacao.png","contentUrl":"https:\/\/sulsc.com\/wp-content\/uploads\/2023\/09\/redacao.png","caption":"Reda\u00e7\u00e3o Sul SC"},"description":"Foco em um jornalismo imparcial, voltado \u00e0 qualidade dos seus conte\u00fados e, assim, levar informa\u00e7\u00e3o de valor que agregue \u00e0 vida dos leitores. Esta \u00e9 grande miss\u00e3o do Portal de Not\u00edcias Sul SC. N\u00e3o \u00e9 quantidade que muda o mundo, sempre foi e seguir\u00e1 sendo qualidade!","sameAs":["https:\/\/sulsc.com\/","https:\/\/www.facebook.com\/profile.php?id=61559278119680","https:\/\/www.instagram.com\/sulscportal\/?hl=pt-br","https:\/\/twitter.com\/https:\/\/twitter.com\/PortalSulSC","https:\/\/www.youtube.com\/channel\/UCv_BE8GeySluDov2n8qhVmw"],"url":"https:\/\/sulsc.com\/index.php\/author\/redacao\/"}]}},"authors":[],"_links":{"self":[{"href":"https:\/\/sulsc.com\/index.php\/wp-json\/wp\/v2\/posts\/2226"}],"collection":[{"href":"https:\/\/sulsc.com\/index.php\/wp-json\/wp\/v2\/posts"}],"about":[{"href":"https:\/\/sulsc.com\/index.php\/wp-json\/wp\/v2\/types\/post"}],"author":[{"embeddable":true,"href":"https:\/\/sulsc.com\/index.php\/wp-json\/wp\/v2\/users\/3"}],"replies":[{"embeddable":true,"href":"https:\/\/sulsc.com\/index.php\/wp-json\/wp\/v2\/comments?post=2226"}],"version-history":[{"count":1,"href":"https:\/\/sulsc.com\/index.php\/wp-json\/wp\/v2\/posts\/2226\/revisions"}],"predecessor-version":[{"id":2228,"href":"https:\/\/sulsc.com\/index.php\/wp-json\/wp\/v2\/posts\/2226\/revisions\/2228"}],"wp:featuredmedia":[{"embeddable":true,"href":"https:\/\/sulsc.com\/index.php\/wp-json\/wp\/v2\/media\/2227"}],"wp:attachment":[{"href":"https:\/\/sulsc.com\/index.php\/wp-json\/wp\/v2\/media?parent=2226"}],"wp:term":[{"taxonomy":"category","embeddable":true,"href":"https:\/\/sulsc.com\/index.php\/wp-json\/wp\/v2\/categories?post=2226"},{"taxonomy":"post_tag","embeddable":true,"href":"https:\/\/sulsc.com\/index.php\/wp-json\/wp\/v2\/tags?post=2226"}],"curies":[{"name":"wp","href":"https:\/\/api.w.org\/{rel}","templated":true}]}}