{"id":2233,"date":"2023-10-12T13:04:46","date_gmt":"2023-10-12T16:04:46","guid":{"rendered":"https:\/\/sulsc.com\/?p=2233"},"modified":"2023-10-12T13:04:46","modified_gmt":"2023-10-12T16:04:46","slug":"camera-de-monitoramento-da-tubarao-saneamento-estara-ao-vivo-ate-sexta-feira-13","status":"publish","type":"post","link":"https:\/\/sulsc.com\/index.php\/2023\/10\/12\/camera-de-monitoramento-da-tubarao-saneamento-estara-ao-vivo-ate-sexta-feira-13\/","title":{"rendered":"C\u00e2mera de monitoramento da Tubar\u00e3o Saneamento estar\u00e1 ao vivo at\u00e9 sexta-feira (13)"},"content":{"rendered":"<p>Ap\u00f3s as fortes chuvas que o munic\u00edpio enfrentou no \u00faltimo final de semana, a Tubar\u00e3o Saneamento entende a preocupa\u00e7\u00e3o dos tubaronenses frente \u00e0s novas condi\u00e7\u00f5es clim\u00e1ticas at\u00e9 a pr\u00f3xima sexta-feira (13). E, diante disso, disponibilizar\u00e1 novamente a c\u00e2mera de monitoramento \u00e0 popula\u00e7\u00e3o.<\/p>\n<p><img fetchpriority=\"high\" decoding=\"async\" class=\"alignnone size-large wp-image-2234\" src=\"http:\/\/sulsc.com\/wp-content\/uploads\/2023\/10\/WhatsApp-Image-2023-10-12-at-13.03.37-1024x453.jpeg\" alt=\"\" width=\"1024\" height=\"453\" srcset=\"https:\/\/sulsc.com\/wp-content\/uploads\/2023\/10\/WhatsApp-Image-2023-10-12-at-13.03.37-1024x453.jpeg 1024w, https:\/\/sulsc.com\/wp-content\/uploads\/2023\/10\/WhatsApp-Image-2023-10-12-at-13.03.37-300x133.jpeg 300w, https:\/\/sulsc.com\/wp-content\/uploads\/2023\/10\/WhatsApp-Image-2023-10-12-at-13.03.37-768x340.jpeg 768w, https:\/\/sulsc.com\/wp-content\/uploads\/2023\/10\/WhatsApp-Image-2023-10-12-at-13.03.37-1536x679.jpeg 1536w, https:\/\/sulsc.com\/wp-content\/uploads\/2023\/10\/WhatsApp-Image-2023-10-12-at-13.03.37.jpeg 1599w\" sizes=\"(max-width: 1024px) 100vw, 1024px\" \/><\/p>\n<p>Localizada na Capta\u00e7\u00e3o de \u00c1gua Bruta (ERAB), parte respons\u00e1vel por captar a \u00e1gua e levar para a Esta\u00e7\u00e3o de Tratamento de \u00c1gua (ETA), a c\u00e2mera de monitoramento estar\u00e1 no ar at\u00e9 a pr\u00f3xima sexta-feira, ao vivo e 24 horas.\u00a0O diretor Marcelo Matos, ainda alerta \u00e0 popula\u00e7\u00e3o para que fa\u00e7a uso consciente de \u00e1gua.<\/p>\n<p>\u201c\u00c9 extremamente importante que, diante o nosso atual cen\u00e1rio, fa\u00e7a o uso da \u00e1gua de maneira consciente. Estamos com o abastecimento normalizado, mas nossos reservat\u00f3rios precisam estar no n\u00edvel normal de abastecimento, para que possamos assegurar a distribui\u00e7\u00e3o aos clientes. A ajuda de todos \u00e9 essencial neste processo\u201d, salienta.<\/p>\n<p>Acesse Rio Tubar\u00e3o ao vivo aqui: <a href=\"https:\/\/bit.ly\/48F4KTk\">https:\/\/bit.ly\/48F4KTk<\/a>.<\/p>\n","protected":false},"excerpt":{"rendered":"<p>Ap\u00f3s as fortes chuvas que o munic\u00edpio enfrentou no \u00faltimo final de semana, a Tubar\u00e3o Saneamento entende a preocupa\u00e7\u00e3o dos tubaronenses frente \u00e0s novas condi\u00e7\u00f5es clim\u00e1ticas at\u00e9 a pr\u00f3xima sexta-feira (13). E, diante disso, disponibilizar\u00e1 novamente a c\u00e2mera de monitoramento \u00e0 popula\u00e7\u00e3o. Localizada na Capta\u00e7\u00e3o de \u00c1gua Bruta (ERAB), parte respons\u00e1vel por captar a \u00e1gua &hellip;<\/p>\n<p class=\"read-more\"> <a class=\"\" href=\"https:\/\/sulsc.com\/index.php\/2023\/10\/12\/camera-de-monitoramento-da-tubarao-saneamento-estara-ao-vivo-ate-sexta-feira-13\/\"> <span class=\"screen-reader-text\">C\u00e2mera de monitoramento da Tubar\u00e3o Saneamento estar\u00e1 ao vivo at\u00e9 sexta-feira (13)<\/span> Read More &raquo;<\/a><\/p>\n","protected":false},"author":3,"featured_media":2234,"comment_status":"open","ping_status":"open","sticky":false,"template":"","format":"standard","meta":{"site-sidebar-layout":"default","site-content-layout":"","ast-site-content-layout":"default","site-content-style":"default","site-sidebar-style":"default","ast-global-header-display":"","ast-banner-title-visibility":"","ast-main-header-display":"","ast-hfb-above-header-display":"","ast-hfb-below-header-display":"","ast-hfb-mobile-header-display":"","site-post-title":"","ast-breadcrumbs-content":"","ast-featured-img":"","footer-sml-layout":"","theme-transparent-header-meta":"default","adv-header-id-meta":"","stick-header-meta":"","header-above-stick-meta":"","header-main-stick-meta":"","header-below-stick-meta":"","astra-migrate-meta-layouts":"set","footnotes":""},"categories":[1,8,21],"tags":[],"yoast_head":"<!-- This site is optimized with the Yoast SEO plugin v21.4 - https:\/\/yoast.com\/wordpress\/plugins\/seo\/ -->\n<title>C\u00e2mera de monitoramento da Tubar\u00e3o Saneamento estar\u00e1 ao vivo at\u00e9 sexta-feira (13) -<\/title>\n<meta name=\"robots\" content=\"index, follow, max-snippet:-1, max-image-preview:large, max-video-preview:-1\" \/>\n<link rel=\"canonical\" href=\"https:\/\/sulsc.com\/index.php\/2023\/10\/12\/camera-de-monitoramento-da-tubarao-saneamento-estara-ao-vivo-ate-sexta-feira-13\/\" \/>\n<meta property=\"og:locale\" content=\"en_US\" \/>\n<meta property=\"og:type\" content=\"article\" \/>\n<meta property=\"og:title\" content=\"C\u00e2mera de monitoramento da Tubar\u00e3o Saneamento estar\u00e1 ao vivo at\u00e9 sexta-feira (13) -\" \/>\n<meta property=\"og:description\" content=\"Ap\u00f3s as fortes chuvas que o munic\u00edpio enfrentou no \u00faltimo final de semana, a Tubar\u00e3o Saneamento entende a preocupa\u00e7\u00e3o dos tubaronenses frente \u00e0s novas condi\u00e7\u00f5es clim\u00e1ticas at\u00e9 a pr\u00f3xima sexta-feira (13). E, diante disso, disponibilizar\u00e1 novamente a c\u00e2mera de monitoramento \u00e0 popula\u00e7\u00e3o. Localizada na Capta\u00e7\u00e3o de \u00c1gua Bruta (ERAB), parte respons\u00e1vel por captar a \u00e1gua &hellip; C\u00e2mera de monitoramento da Tubar\u00e3o Saneamento estar\u00e1 ao vivo at\u00e9 sexta-feira (13) Read More &raquo;\" \/>\n<meta property=\"og:url\" content=\"https:\/\/sulsc.com\/index.php\/2023\/10\/12\/camera-de-monitoramento-da-tubarao-saneamento-estara-ao-vivo-ate-sexta-feira-13\/\" \/>\n<meta property=\"article:author\" content=\"https:\/\/www.facebook.com\/profile.php?id=61559278119680\" \/>\n<meta property=\"article:published_time\" content=\"2023-10-12T16:04:46+00:00\" \/>\n<meta property=\"og:image\" content=\"https:\/\/sulsc.com\/wp-content\/uploads\/2023\/10\/WhatsApp-Image-2023-10-12-at-13.03.37.jpeg\" \/>\n\t<meta property=\"og:image:width\" content=\"1599\" \/>\n\t<meta property=\"og:image:height\" content=\"707\" \/>\n\t<meta property=\"og:image:type\" content=\"image\/jpeg\" \/>\n<meta name=\"author\" content=\"Reda\u00e7\u00e3o Sul SC\" \/>\n<meta name=\"twitter:card\" content=\"summary_large_image\" \/>\n<meta name=\"twitter:creator\" content=\"@https:\/\/twitter.com\/PortalSulSC\" \/>\n<meta name=\"twitter:label1\" content=\"Written by\" \/>\n\t<meta name=\"twitter:data1\" content=\"Reda\u00e7\u00e3o Sul SC\" \/>\n\t<meta name=\"twitter:label2\" content=\"Est. reading time\" \/>\n\t<meta name=\"twitter:data2\" content=\"1 minute\" \/>\n<script type=\"application\/ld+json\" class=\"yoast-schema-graph\">{\"@context\":\"https:\/\/schema.org\",\"@graph\":[{\"@type\":\"WebPage\",\"@id\":\"https:\/\/sulsc.com\/index.php\/2023\/10\/12\/camera-de-monitoramento-da-tubarao-saneamento-estara-ao-vivo-ate-sexta-feira-13\/\",\"url\":\"https:\/\/sulsc.com\/index.php\/2023\/10\/12\/camera-de-monitoramento-da-tubarao-saneamento-estara-ao-vivo-ate-sexta-feira-13\/\",\"name\":\"C\u00e2mera de monitoramento da Tubar\u00e3o Saneamento estar\u00e1 ao vivo at\u00e9 sexta-feira (13) -\",\"isPartOf\":{\"@id\":\"https:\/\/sulsc.com\/#website\"},\"datePublished\":\"2023-10-12T16:04:46+00:00\",\"dateModified\":\"2023-10-12T16:04:46+00:00\",\"author\":{\"@id\":\"https:\/\/sulsc.com\/#\/schema\/person\/84d2fc571684f6248ba83092f07750a3\"},\"breadcrumb\":{\"@id\":\"https:\/\/sulsc.com\/index.php\/2023\/10\/12\/camera-de-monitoramento-da-tubarao-saneamento-estara-ao-vivo-ate-sexta-feira-13\/#breadcrumb\"},\"inLanguage\":\"en-US\",\"potentialAction\":[{\"@type\":\"ReadAction\",\"target\":[\"https:\/\/sulsc.com\/index.php\/2023\/10\/12\/camera-de-monitoramento-da-tubarao-saneamento-estara-ao-vivo-ate-sexta-feira-13\/\"]}]},{\"@type\":\"BreadcrumbList\",\"@id\":\"https:\/\/sulsc.com\/index.php\/2023\/10\/12\/camera-de-monitoramento-da-tubarao-saneamento-estara-ao-vivo-ate-sexta-feira-13\/#breadcrumb\",\"itemListElement\":[{\"@type\":\"ListItem\",\"position\":1,\"name\":\"In\u00edcio\",\"item\":\"https:\/\/sulsc.com\/\"},{\"@type\":\"ListItem\",\"position\":2,\"name\":\"C\u00e2mera de monitoramento da Tubar\u00e3o Saneamento estar\u00e1 ao vivo at\u00e9 sexta-feira (13)\"}]},{\"@type\":\"WebSite\",\"@id\":\"https:\/\/sulsc.com\/#website\",\"url\":\"https:\/\/sulsc.com\/\",\"name\":\"\",\"description\":\"\",\"potentialAction\":[{\"@type\":\"SearchAction\",\"target\":{\"@type\":\"EntryPoint\",\"urlTemplate\":\"https:\/\/sulsc.com\/?s={search_term_string}\"},\"query-input\":\"required name=search_term_string\"}],\"inLanguage\":\"en-US\"},{\"@type\":\"Person\",\"@id\":\"https:\/\/sulsc.com\/#\/schema\/person\/84d2fc571684f6248ba83092f07750a3\",\"name\":\"Reda\u00e7\u00e3o Sul SC\",\"image\":{\"@type\":\"ImageObject\",\"inLanguage\":\"en-US\",\"@id\":\"https:\/\/sulsc.com\/#\/schema\/person\/image\/e08d7fe2cc4ed596372063bbe852b8d0\",\"url\":\"https:\/\/sulsc.com\/wp-content\/uploads\/2023\/09\/redacao.png\",\"contentUrl\":\"https:\/\/sulsc.com\/wp-content\/uploads\/2023\/09\/redacao.png\",\"caption\":\"Reda\u00e7\u00e3o Sul SC\"},\"description\":\"Foco em um jornalismo imparcial, voltado \u00e0 qualidade dos seus conte\u00fados e, assim, levar informa\u00e7\u00e3o de valor que agregue \u00e0 vida dos leitores. Esta \u00e9 grande miss\u00e3o do Portal de Not\u00edcias Sul SC. N\u00e3o \u00e9 quantidade que muda o mundo, sempre foi e seguir\u00e1 sendo qualidade!\",\"sameAs\":[\"https:\/\/sulsc.com\/\",\"https:\/\/www.facebook.com\/profile.php?id=61559278119680\",\"https:\/\/www.instagram.com\/sulscportal\/?hl=pt-br\",\"https:\/\/twitter.com\/https:\/\/twitter.com\/PortalSulSC\",\"https:\/\/www.youtube.com\/channel\/UCv_BE8GeySluDov2n8qhVmw\"],\"url\":\"https:\/\/sulsc.com\/index.php\/author\/redacao\/\"}]}<\/script>\n<!-- \/ Yoast SEO plugin. -->","yoast_head_json":{"title":"C\u00e2mera de monitoramento da Tubar\u00e3o Saneamento estar\u00e1 ao vivo at\u00e9 sexta-feira (13) -","robots":{"index":"index","follow":"follow","max-snippet":"max-snippet:-1","max-image-preview":"max-image-preview:large","max-video-preview":"max-video-preview:-1"},"canonical":"https:\/\/sulsc.com\/index.php\/2023\/10\/12\/camera-de-monitoramento-da-tubarao-saneamento-estara-ao-vivo-ate-sexta-feira-13\/","og_locale":"en_US","og_type":"article","og_title":"C\u00e2mera de monitoramento da Tubar\u00e3o Saneamento estar\u00e1 ao vivo at\u00e9 sexta-feira (13) -","og_description":"Ap\u00f3s as fortes chuvas que o munic\u00edpio enfrentou no \u00faltimo final de semana, a Tubar\u00e3o Saneamento entende a preocupa\u00e7\u00e3o dos tubaronenses frente \u00e0s novas condi\u00e7\u00f5es clim\u00e1ticas at\u00e9 a pr\u00f3xima sexta-feira (13). E, diante disso, disponibilizar\u00e1 novamente a c\u00e2mera de monitoramento \u00e0 popula\u00e7\u00e3o. Localizada na Capta\u00e7\u00e3o de \u00c1gua Bruta (ERAB), parte respons\u00e1vel por captar a \u00e1gua &hellip; C\u00e2mera de monitoramento da Tubar\u00e3o Saneamento estar\u00e1 ao vivo at\u00e9 sexta-feira (13) Read More &raquo;","og_url":"https:\/\/sulsc.com\/index.php\/2023\/10\/12\/camera-de-monitoramento-da-tubarao-saneamento-estara-ao-vivo-ate-sexta-feira-13\/","article_author":"https:\/\/www.facebook.com\/profile.php?id=61559278119680","article_published_time":"2023-10-12T16:04:46+00:00","og_image":[{"width":1599,"height":707,"url":"https:\/\/sulsc.com\/wp-content\/uploads\/2023\/10\/WhatsApp-Image-2023-10-12-at-13.03.37.jpeg","type":"image\/jpeg"}],"author":"Reda\u00e7\u00e3o Sul SC","twitter_card":"summary_large_image","twitter_creator":"@https:\/\/twitter.com\/PortalSulSC","twitter_misc":{"Written by":"Reda\u00e7\u00e3o Sul SC","Est. reading time":"1 minute"},"schema":{"@context":"https:\/\/schema.org","@graph":[{"@type":"WebPage","@id":"https:\/\/sulsc.com\/index.php\/2023\/10\/12\/camera-de-monitoramento-da-tubarao-saneamento-estara-ao-vivo-ate-sexta-feira-13\/","url":"https:\/\/sulsc.com\/index.php\/2023\/10\/12\/camera-de-monitoramento-da-tubarao-saneamento-estara-ao-vivo-ate-sexta-feira-13\/","name":"C\u00e2mera de monitoramento da Tubar\u00e3o Saneamento estar\u00e1 ao vivo at\u00e9 sexta-feira (13) -","isPartOf":{"@id":"https:\/\/sulsc.com\/#website"},"datePublished":"2023-10-12T16:04:46+00:00","dateModified":"2023-10-12T16:04:46+00:00","author":{"@id":"https:\/\/sulsc.com\/#\/schema\/person\/84d2fc571684f6248ba83092f07750a3"},"breadcrumb":{"@id":"https:\/\/sulsc.com\/index.php\/2023\/10\/12\/camera-de-monitoramento-da-tubarao-saneamento-estara-ao-vivo-ate-sexta-feira-13\/#breadcrumb"},"inLanguage":"en-US","potentialAction":[{"@type":"ReadAction","target":["https:\/\/sulsc.com\/index.php\/2023\/10\/12\/camera-de-monitoramento-da-tubarao-saneamento-estara-ao-vivo-ate-sexta-feira-13\/"]}]},{"@type":"BreadcrumbList","@id":"https:\/\/sulsc.com\/index.php\/2023\/10\/12\/camera-de-monitoramento-da-tubarao-saneamento-estara-ao-vivo-ate-sexta-feira-13\/#breadcrumb","itemListElement":[{"@type":"ListItem","position":1,"name":"In\u00edcio","item":"https:\/\/sulsc.com\/"},{"@type":"ListItem","position":2,"name":"C\u00e2mera de monitoramento da Tubar\u00e3o Saneamento estar\u00e1 ao vivo at\u00e9 sexta-feira (13)"}]},{"@type":"WebSite","@id":"https:\/\/sulsc.com\/#website","url":"https:\/\/sulsc.com\/","name":"","description":"","potentialAction":[{"@type":"SearchAction","target":{"@type":"EntryPoint","urlTemplate":"https:\/\/sulsc.com\/?s={search_term_string}"},"query-input":"required name=search_term_string"}],"inLanguage":"en-US"},{"@type":"Person","@id":"https:\/\/sulsc.com\/#\/schema\/person\/84d2fc571684f6248ba83092f07750a3","name":"Reda\u00e7\u00e3o Sul SC","image":{"@type":"ImageObject","inLanguage":"en-US","@id":"https:\/\/sulsc.com\/#\/schema\/person\/image\/e08d7fe2cc4ed596372063bbe852b8d0","url":"https:\/\/sulsc.com\/wp-content\/uploads\/2023\/09\/redacao.png","contentUrl":"https:\/\/sulsc.com\/wp-content\/uploads\/2023\/09\/redacao.png","caption":"Reda\u00e7\u00e3o Sul SC"},"description":"Foco em um jornalismo imparcial, voltado \u00e0 qualidade dos seus conte\u00fados e, assim, levar informa\u00e7\u00e3o de valor que agregue \u00e0 vida dos leitores. Esta \u00e9 grande miss\u00e3o do Portal de Not\u00edcias Sul SC. N\u00e3o \u00e9 quantidade que muda o mundo, sempre foi e seguir\u00e1 sendo qualidade!","sameAs":["https:\/\/sulsc.com\/","https:\/\/www.facebook.com\/profile.php?id=61559278119680","https:\/\/www.instagram.com\/sulscportal\/?hl=pt-br","https:\/\/twitter.com\/https:\/\/twitter.com\/PortalSulSC","https:\/\/www.youtube.com\/channel\/UCv_BE8GeySluDov2n8qhVmw"],"url":"https:\/\/sulsc.com\/index.php\/author\/redacao\/"}]}},"authors":[],"_links":{"self":[{"href":"https:\/\/sulsc.com\/index.php\/wp-json\/wp\/v2\/posts\/2233"}],"collection":[{"href":"https:\/\/sulsc.com\/index.php\/wp-json\/wp\/v2\/posts"}],"about":[{"href":"https:\/\/sulsc.com\/index.php\/wp-json\/wp\/v2\/types\/post"}],"author":[{"embeddable":true,"href":"https:\/\/sulsc.com\/index.php\/wp-json\/wp\/v2\/users\/3"}],"replies":[{"embeddable":true,"href":"https:\/\/sulsc.com\/index.php\/wp-json\/wp\/v2\/comments?post=2233"}],"version-history":[{"count":1,"href":"https:\/\/sulsc.com\/index.php\/wp-json\/wp\/v2\/posts\/2233\/revisions"}],"predecessor-version":[{"id":2235,"href":"https:\/\/sulsc.com\/index.php\/wp-json\/wp\/v2\/posts\/2233\/revisions\/2235"}],"wp:featuredmedia":[{"embeddable":true,"href":"https:\/\/sulsc.com\/index.php\/wp-json\/wp\/v2\/media\/2234"}],"wp:attachment":[{"href":"https:\/\/sulsc.com\/index.php\/wp-json\/wp\/v2\/media?parent=2233"}],"wp:term":[{"taxonomy":"category","embeddable":true,"href":"https:\/\/sulsc.com\/index.php\/wp-json\/wp\/v2\/categories?post=2233"},{"taxonomy":"post_tag","embeddable":true,"href":"https:\/\/sulsc.com\/index.php\/wp-json\/wp\/v2\/tags?post=2233"}],"curies":[{"name":"wp","href":"https:\/\/api.w.org\/{rel}","templated":true}]}}