{"id":22427,"date":"2025-04-09T08:09:00","date_gmt":"2025-04-09T11:09:00","guid":{"rendered":"https:\/\/sulsc.com\/?p=22427"},"modified":"2025-04-09T08:09:00","modified_gmt":"2025-04-09T11:09:00","slug":"quarta-feira-09-04-o-dia-sera-com-periodo-de-melhoras-e-temperaturas-podendo-chegar-em-28oc","status":"publish","type":"post","link":"https:\/\/sulsc.com\/index.php\/2025\/04\/09\/quarta-feira-09-04-o-dia-sera-com-periodo-de-melhoras-e-temperaturas-podendo-chegar-em-28oc\/","title":{"rendered":"Quarta-feira 09\/04 o dia ser\u00e1 com per\u00edodo de melhoras e temperaturas podendo chegar em 28\u00baC"},"content":{"rendered":"<p>O tempo volta a ficar mais est\u00e1vel entre o Grande Oeste e o Planalto Sul nesta quarta-feira 09\/04, com a presen\u00e7a de muitas nuvens. No Planalto Norte e no Litoral, os temporais cessam, mas a circula\u00e7\u00e3o mar\u00edtima ganha for\u00e7a, dando condi\u00e7\u00f5es para pancadas de chuva no decorrer do dia, alternando com per\u00edodos de melhoria. O risco \u00e9 moderado a pontualmente alto para ocorr\u00eancias meteorol\u00f3gicas. Pela manh\u00e3, as temperaturas variam entre 12\u00b0C e 21\u00b0C.<\/p>\n<p><img fetchpriority=\"high\" decoding=\"async\" class=\"aligncenter size-full wp-image-22428\" src=\"http:\/\/sulsc.com\/wp-content\/uploads\/2025\/04\/4.png\" alt=\"\" width=\"1323\" height=\"909\" srcset=\"https:\/\/sulsc.com\/wp-content\/uploads\/2025\/04\/4.png 1323w, https:\/\/sulsc.com\/wp-content\/uploads\/2025\/04\/4-300x206.png 300w, https:\/\/sulsc.com\/wp-content\/uploads\/2025\/04\/4-1024x704.png 1024w, https:\/\/sulsc.com\/wp-content\/uploads\/2025\/04\/4-768x528.png 768w\" sizes=\"(max-width: 1323px) 100vw, 1323px\" \/><\/p>\n<p><img decoding=\"async\" class=\"aligncenter  wp-image-22254\" src=\"http:\/\/sulsc.com\/wp-content\/uploads\/2025\/04\/Tempo.png\" alt=\"\" width=\"647\" height=\"119\" srcset=\"https:\/\/sulsc.com\/wp-content\/uploads\/2025\/04\/Tempo.png 1024w, https:\/\/sulsc.com\/wp-content\/uploads\/2025\/04\/Tempo-300x55.png 300w, https:\/\/sulsc.com\/wp-content\/uploads\/2025\/04\/Tempo-768x142.png 768w\" sizes=\"(max-width: 647px) 100vw, 647px\" \/><\/p>\n<p><strong>Temperaturas<\/strong><\/p>\n<p>\u00c0 tarde, mesmo com a presen\u00e7a de muitas nuvens, o sol aparece mais e as temperaturas sobem, variando entre 22\u00b0C e 28\u00b0C em todo o estado, com valores ligeiramente menores nas \u00e1reas de serra. A partir da tarde o mar fica agitado no Litoral Sul, com ondas de sudeste que podem chegar a 3m.<\/p>\n<p>Fonte\/Defesa Civil SC<\/p>\n","protected":false},"excerpt":{"rendered":"<p>O tempo volta a ficar mais est\u00e1vel entre o Grande Oeste e o Planalto Sul nesta quarta-feira 09\/04, com a presen\u00e7a de muitas nuvens. No Planalto Norte e no Litoral, os temporais cessam, mas a circula\u00e7\u00e3o mar\u00edtima ganha for\u00e7a, dando condi\u00e7\u00f5es para pancadas de chuva no decorrer do dia, alternando com per\u00edodos de melhoria. O &hellip;<\/p>\n<p class=\"read-more\"> <a class=\"\" href=\"https:\/\/sulsc.com\/index.php\/2025\/04\/09\/quarta-feira-09-04-o-dia-sera-com-periodo-de-melhoras-e-temperaturas-podendo-chegar-em-28oc\/\"> <span class=\"screen-reader-text\">Quarta-feira 09\/04 o dia ser\u00e1 com per\u00edodo de melhoras e temperaturas podendo chegar em 28\u00baC<\/span> Read More &raquo;<\/a><\/p>\n","protected":false},"author":3,"featured_media":14277,"comment_status":"open","ping_status":"open","sticky":false,"template":"","format":"standard","meta":{"site-sidebar-layout":"default","site-content-layout":"","ast-site-content-layout":"default","site-content-style":"default","site-sidebar-style":"default","ast-global-header-display":"","ast-banner-title-visibility":"","ast-main-header-display":"","ast-hfb-above-header-display":"","ast-hfb-below-header-display":"","ast-hfb-mobile-header-display":"","site-post-title":"","ast-breadcrumbs-content":"","ast-featured-img":"","footer-sml-layout":"","theme-transparent-header-meta":"default","adv-header-id-meta":"","stick-header-meta":"","header-above-stick-meta":"","header-main-stick-meta":"","header-below-stick-meta":"","astra-migrate-meta-layouts":"set","footnotes":""},"categories":[38],"tags":[],"yoast_head":"<!-- This site is optimized with the Yoast SEO plugin v21.4 - https:\/\/yoast.com\/wordpress\/plugins\/seo\/ -->\n<title>Quarta-feira 09\/04 o dia ser\u00e1 com per\u00edodo de melhoras e temperaturas podendo chegar em 28\u00baC -<\/title>\n<meta name=\"description\" content=\"A partir da tarde o mar fica agitado no Litoral Sul, com ondas de sudeste que podem chegar a 3m\" \/>\n<meta name=\"robots\" content=\"index, follow, max-snippet:-1, max-image-preview:large, max-video-preview:-1\" \/>\n<link rel=\"canonical\" href=\"https:\/\/sulsc.com\/index.php\/2025\/04\/09\/quarta-feira-09-04-o-dia-sera-com-periodo-de-melhoras-e-temperaturas-podendo-chegar-em-28oc\/\" \/>\n<meta property=\"og:locale\" content=\"en_US\" \/>\n<meta property=\"og:type\" content=\"article\" \/>\n<meta property=\"og:title\" content=\"Quarta-feira 09\/04 o dia ser\u00e1 com per\u00edodo de melhoras e temperaturas podendo chegar em 28\u00baC -\" \/>\n<meta property=\"og:description\" content=\"A partir da tarde o mar fica agitado no Litoral Sul, com ondas de sudeste que podem chegar a 3m\" \/>\n<meta property=\"og:url\" content=\"https:\/\/sulsc.com\/index.php\/2025\/04\/09\/quarta-feira-09-04-o-dia-sera-com-periodo-de-melhoras-e-temperaturas-podendo-chegar-em-28oc\/\" \/>\n<meta property=\"article:author\" content=\"https:\/\/www.facebook.com\/profile.php?id=61559278119680\" \/>\n<meta property=\"article:published_time\" content=\"2025-04-09T11:09:00+00:00\" \/>\n<meta property=\"og:image\" content=\"http:\/\/sulsc.com\/wp-content\/uploads\/2024\/07\/tempo-nublado.jpeg\" \/>\n\t<meta property=\"og:image:width\" content=\"1600\" \/>\n\t<meta property=\"og:image:height\" content=\"900\" \/>\n\t<meta property=\"og:image:type\" content=\"image\/jpeg\" \/>\n<meta name=\"author\" content=\"Reda\u00e7\u00e3o Sul SC\" \/>\n<meta name=\"twitter:card\" content=\"summary_large_image\" \/>\n<meta name=\"twitter:creator\" content=\"@https:\/\/twitter.com\/PortalSulSC\" \/>\n<meta name=\"twitter:label1\" content=\"Written by\" \/>\n\t<meta name=\"twitter:data1\" content=\"Reda\u00e7\u00e3o Sul SC\" \/>\n\t<meta name=\"twitter:label2\" content=\"Est. reading time\" \/>\n\t<meta name=\"twitter:data2\" content=\"1 minute\" \/>\n<script type=\"application\/ld+json\" class=\"yoast-schema-graph\">{\"@context\":\"https:\/\/schema.org\",\"@graph\":[{\"@type\":\"WebPage\",\"@id\":\"https:\/\/sulsc.com\/index.php\/2025\/04\/09\/quarta-feira-09-04-o-dia-sera-com-periodo-de-melhoras-e-temperaturas-podendo-chegar-em-28oc\/\",\"url\":\"https:\/\/sulsc.com\/index.php\/2025\/04\/09\/quarta-feira-09-04-o-dia-sera-com-periodo-de-melhoras-e-temperaturas-podendo-chegar-em-28oc\/\",\"name\":\"Quarta-feira 09\/04 o dia ser\u00e1 com per\u00edodo de melhoras e temperaturas podendo chegar em 28\u00baC -\",\"isPartOf\":{\"@id\":\"https:\/\/sulsc.com\/#website\"},\"datePublished\":\"2025-04-09T11:09:00+00:00\",\"dateModified\":\"2025-04-09T11:09:00+00:00\",\"author\":{\"@id\":\"https:\/\/sulsc.com\/#\/schema\/person\/84d2fc571684f6248ba83092f07750a3\"},\"description\":\"A partir da tarde o mar fica agitado no Litoral Sul, com ondas de sudeste que podem chegar a 3m\",\"breadcrumb\":{\"@id\":\"https:\/\/sulsc.com\/index.php\/2025\/04\/09\/quarta-feira-09-04-o-dia-sera-com-periodo-de-melhoras-e-temperaturas-podendo-chegar-em-28oc\/#breadcrumb\"},\"inLanguage\":\"en-US\",\"potentialAction\":[{\"@type\":\"ReadAction\",\"target\":[\"https:\/\/sulsc.com\/index.php\/2025\/04\/09\/quarta-feira-09-04-o-dia-sera-com-periodo-de-melhoras-e-temperaturas-podendo-chegar-em-28oc\/\"]}]},{\"@type\":\"BreadcrumbList\",\"@id\":\"https:\/\/sulsc.com\/index.php\/2025\/04\/09\/quarta-feira-09-04-o-dia-sera-com-periodo-de-melhoras-e-temperaturas-podendo-chegar-em-28oc\/#breadcrumb\",\"itemListElement\":[{\"@type\":\"ListItem\",\"position\":1,\"name\":\"In\u00edcio\",\"item\":\"https:\/\/sulsc.com\/\"},{\"@type\":\"ListItem\",\"position\":2,\"name\":\"Quarta-feira 09\/04 o dia ser\u00e1 com per\u00edodo de melhoras e temperaturas podendo chegar em 28\u00baC\"}]},{\"@type\":\"WebSite\",\"@id\":\"https:\/\/sulsc.com\/#website\",\"url\":\"https:\/\/sulsc.com\/\",\"name\":\"\",\"description\":\"\",\"potentialAction\":[{\"@type\":\"SearchAction\",\"target\":{\"@type\":\"EntryPoint\",\"urlTemplate\":\"https:\/\/sulsc.com\/?s={search_term_string}\"},\"query-input\":\"required name=search_term_string\"}],\"inLanguage\":\"en-US\"},{\"@type\":\"Person\",\"@id\":\"https:\/\/sulsc.com\/#\/schema\/person\/84d2fc571684f6248ba83092f07750a3\",\"name\":\"Reda\u00e7\u00e3o Sul SC\",\"image\":{\"@type\":\"ImageObject\",\"inLanguage\":\"en-US\",\"@id\":\"https:\/\/sulsc.com\/#\/schema\/person\/image\/e08d7fe2cc4ed596372063bbe852b8d0\",\"url\":\"https:\/\/sulsc.com\/wp-content\/uploads\/2023\/09\/redacao.png\",\"contentUrl\":\"https:\/\/sulsc.com\/wp-content\/uploads\/2023\/09\/redacao.png\",\"caption\":\"Reda\u00e7\u00e3o Sul SC\"},\"description\":\"Foco em um jornalismo imparcial, voltado \u00e0 qualidade dos seus conte\u00fados e, assim, levar informa\u00e7\u00e3o de valor que agregue \u00e0 vida dos leitores. Esta \u00e9 grande miss\u00e3o do Portal de Not\u00edcias Sul SC. N\u00e3o \u00e9 quantidade que muda o mundo, sempre foi e seguir\u00e1 sendo qualidade!\",\"sameAs\":[\"https:\/\/sulsc.com\/\",\"https:\/\/www.facebook.com\/profile.php?id=61559278119680\",\"https:\/\/www.instagram.com\/sulscportal\/?hl=pt-br\",\"https:\/\/twitter.com\/https:\/\/twitter.com\/PortalSulSC\",\"https:\/\/www.youtube.com\/channel\/UCv_BE8GeySluDov2n8qhVmw\"],\"url\":\"https:\/\/sulsc.com\/index.php\/author\/redacao\/\"}]}<\/script>\n<!-- \/ Yoast SEO plugin. -->","yoast_head_json":{"title":"Quarta-feira 09\/04 o dia ser\u00e1 com per\u00edodo de melhoras e temperaturas podendo chegar em 28\u00baC -","description":"A partir da tarde o mar fica agitado no Litoral Sul, com ondas de sudeste que podem chegar a 3m","robots":{"index":"index","follow":"follow","max-snippet":"max-snippet:-1","max-image-preview":"max-image-preview:large","max-video-preview":"max-video-preview:-1"},"canonical":"https:\/\/sulsc.com\/index.php\/2025\/04\/09\/quarta-feira-09-04-o-dia-sera-com-periodo-de-melhoras-e-temperaturas-podendo-chegar-em-28oc\/","og_locale":"en_US","og_type":"article","og_title":"Quarta-feira 09\/04 o dia ser\u00e1 com per\u00edodo de melhoras e temperaturas podendo chegar em 28\u00baC -","og_description":"A partir da tarde o mar fica agitado no Litoral Sul, com ondas de sudeste que podem chegar a 3m","og_url":"https:\/\/sulsc.com\/index.php\/2025\/04\/09\/quarta-feira-09-04-o-dia-sera-com-periodo-de-melhoras-e-temperaturas-podendo-chegar-em-28oc\/","article_author":"https:\/\/www.facebook.com\/profile.php?id=61559278119680","article_published_time":"2025-04-09T11:09:00+00:00","og_image":[{"width":1600,"height":900,"url":"http:\/\/sulsc.com\/wp-content\/uploads\/2024\/07\/tempo-nublado.jpeg","type":"image\/jpeg"}],"author":"Reda\u00e7\u00e3o Sul SC","twitter_card":"summary_large_image","twitter_creator":"@https:\/\/twitter.com\/PortalSulSC","twitter_misc":{"Written by":"Reda\u00e7\u00e3o Sul SC","Est. reading time":"1 minute"},"schema":{"@context":"https:\/\/schema.org","@graph":[{"@type":"WebPage","@id":"https:\/\/sulsc.com\/index.php\/2025\/04\/09\/quarta-feira-09-04-o-dia-sera-com-periodo-de-melhoras-e-temperaturas-podendo-chegar-em-28oc\/","url":"https:\/\/sulsc.com\/index.php\/2025\/04\/09\/quarta-feira-09-04-o-dia-sera-com-periodo-de-melhoras-e-temperaturas-podendo-chegar-em-28oc\/","name":"Quarta-feira 09\/04 o dia ser\u00e1 com per\u00edodo de melhoras e temperaturas podendo chegar em 28\u00baC -","isPartOf":{"@id":"https:\/\/sulsc.com\/#website"},"datePublished":"2025-04-09T11:09:00+00:00","dateModified":"2025-04-09T11:09:00+00:00","author":{"@id":"https:\/\/sulsc.com\/#\/schema\/person\/84d2fc571684f6248ba83092f07750a3"},"description":"A partir da tarde o mar fica agitado no Litoral Sul, com ondas de sudeste que podem chegar a 3m","breadcrumb":{"@id":"https:\/\/sulsc.com\/index.php\/2025\/04\/09\/quarta-feira-09-04-o-dia-sera-com-periodo-de-melhoras-e-temperaturas-podendo-chegar-em-28oc\/#breadcrumb"},"inLanguage":"en-US","potentialAction":[{"@type":"ReadAction","target":["https:\/\/sulsc.com\/index.php\/2025\/04\/09\/quarta-feira-09-04-o-dia-sera-com-periodo-de-melhoras-e-temperaturas-podendo-chegar-em-28oc\/"]}]},{"@type":"BreadcrumbList","@id":"https:\/\/sulsc.com\/index.php\/2025\/04\/09\/quarta-feira-09-04-o-dia-sera-com-periodo-de-melhoras-e-temperaturas-podendo-chegar-em-28oc\/#breadcrumb","itemListElement":[{"@type":"ListItem","position":1,"name":"In\u00edcio","item":"https:\/\/sulsc.com\/"},{"@type":"ListItem","position":2,"name":"Quarta-feira 09\/04 o dia ser\u00e1 com per\u00edodo de melhoras e temperaturas podendo chegar em 28\u00baC"}]},{"@type":"WebSite","@id":"https:\/\/sulsc.com\/#website","url":"https:\/\/sulsc.com\/","name":"","description":"","potentialAction":[{"@type":"SearchAction","target":{"@type":"EntryPoint","urlTemplate":"https:\/\/sulsc.com\/?s={search_term_string}"},"query-input":"required name=search_term_string"}],"inLanguage":"en-US"},{"@type":"Person","@id":"https:\/\/sulsc.com\/#\/schema\/person\/84d2fc571684f6248ba83092f07750a3","name":"Reda\u00e7\u00e3o Sul SC","image":{"@type":"ImageObject","inLanguage":"en-US","@id":"https:\/\/sulsc.com\/#\/schema\/person\/image\/e08d7fe2cc4ed596372063bbe852b8d0","url":"https:\/\/sulsc.com\/wp-content\/uploads\/2023\/09\/redacao.png","contentUrl":"https:\/\/sulsc.com\/wp-content\/uploads\/2023\/09\/redacao.png","caption":"Reda\u00e7\u00e3o Sul SC"},"description":"Foco em um jornalismo imparcial, voltado \u00e0 qualidade dos seus conte\u00fados e, assim, levar informa\u00e7\u00e3o de valor que agregue \u00e0 vida dos leitores. Esta \u00e9 grande miss\u00e3o do Portal de Not\u00edcias Sul SC. N\u00e3o \u00e9 quantidade que muda o mundo, sempre foi e seguir\u00e1 sendo qualidade!","sameAs":["https:\/\/sulsc.com\/","https:\/\/www.facebook.com\/profile.php?id=61559278119680","https:\/\/www.instagram.com\/sulscportal\/?hl=pt-br","https:\/\/twitter.com\/https:\/\/twitter.com\/PortalSulSC","https:\/\/www.youtube.com\/channel\/UCv_BE8GeySluDov2n8qhVmw"],"url":"https:\/\/sulsc.com\/index.php\/author\/redacao\/"}]}},"authors":[],"_links":{"self":[{"href":"https:\/\/sulsc.com\/index.php\/wp-json\/wp\/v2\/posts\/22427"}],"collection":[{"href":"https:\/\/sulsc.com\/index.php\/wp-json\/wp\/v2\/posts"}],"about":[{"href":"https:\/\/sulsc.com\/index.php\/wp-json\/wp\/v2\/types\/post"}],"author":[{"embeddable":true,"href":"https:\/\/sulsc.com\/index.php\/wp-json\/wp\/v2\/users\/3"}],"replies":[{"embeddable":true,"href":"https:\/\/sulsc.com\/index.php\/wp-json\/wp\/v2\/comments?post=22427"}],"version-history":[{"count":1,"href":"https:\/\/sulsc.com\/index.php\/wp-json\/wp\/v2\/posts\/22427\/revisions"}],"predecessor-version":[{"id":22429,"href":"https:\/\/sulsc.com\/index.php\/wp-json\/wp\/v2\/posts\/22427\/revisions\/22429"}],"wp:featuredmedia":[{"embeddable":true,"href":"https:\/\/sulsc.com\/index.php\/wp-json\/wp\/v2\/media\/14277"}],"wp:attachment":[{"href":"https:\/\/sulsc.com\/index.php\/wp-json\/wp\/v2\/media?parent=22427"}],"wp:term":[{"taxonomy":"category","embeddable":true,"href":"https:\/\/sulsc.com\/index.php\/wp-json\/wp\/v2\/categories?post=22427"},{"taxonomy":"post_tag","embeddable":true,"href":"https:\/\/sulsc.com\/index.php\/wp-json\/wp\/v2\/tags?post=22427"}],"curies":[{"name":"wp","href":"https:\/\/api.w.org\/{rel}","templated":true}]}}