{"id":2245,"date":"2023-10-13T08:30:36","date_gmt":"2023-10-13T11:30:36","guid":{"rendered":"https:\/\/sulsc.com\/?p=2245"},"modified":"2023-10-13T07:58:11","modified_gmt":"2023-10-13T10:58:11","slug":"pai-tem-filho-levado-a-forca-por-ex-mulher-em-braco-do-norte","status":"publish","type":"post","link":"https:\/\/sulsc.com\/index.php\/2023\/10\/13\/pai-tem-filho-levado-a-forca-por-ex-mulher-em-braco-do-norte\/","title":{"rendered":"Pai tem filho levado a for\u00e7a por ex-mulher, em Bra\u00e7o do Norte"},"content":{"rendered":"<p>Um crime de les\u00e3o corporal dolosa foi registrado em Bra\u00e7o do Norte. A guarni\u00e7\u00e3o da Pol\u00edcia Militar foi acionada, via Copom, para atender uma ocorr\u00eancia por volta das 12h.<\/p>\n<p>A informa\u00e7\u00e3o \u00e9 de que a ex-mulher do comunicante pegou o filho de ambos e levou a for\u00e7a. <span style=\"font-size: 16px;\">No local a guarni\u00e7\u00e3o conversou com o comunicante que relatou que sua ex-mulher, junto com o companheiro atual, chegaram em sua resid\u00eancia para pegar seu filho.\u00a0<\/span><span style=\"font-size: 16px;\">Vale ressaltar que a guarda \u00e9 d<\/span><span style=\"font-size: 16px;\">o pai.<\/span><\/p>\n<p>Ao tentar impedir, a v\u00edtima, al\u00e9m de ser jogada ao ch\u00e3o, levou um tapa na cara do atual companheiro da sua ex-esposa, o que resultou em algumas les\u00f5es. Diante do fato a guarni\u00e7\u00e3o confeccionou o boletim de ocorr\u00eancia.<\/p>\n<p><img fetchpriority=\"high\" decoding=\"async\" class=\"alignnone size-large wp-image-2204\" src=\"http:\/\/sulsc.com\/wp-content\/uploads\/2023\/10\/giroflex-1024x526.webp\" alt=\"\" width=\"1024\" height=\"526\" srcset=\"https:\/\/sulsc.com\/wp-content\/uploads\/2023\/10\/giroflex-1024x526.webp 1024w, https:\/\/sulsc.com\/wp-content\/uploads\/2023\/10\/giroflex-300x154.webp 300w, https:\/\/sulsc.com\/wp-content\/uploads\/2023\/10\/giroflex-768x394.webp 768w, https:\/\/sulsc.com\/wp-content\/uploads\/2023\/10\/giroflex.webp 1130w\" sizes=\"(max-width: 1024px) 100vw, 1024px\" \/><\/p>\n","protected":false},"excerpt":{"rendered":"<p>Um crime de les\u00e3o corporal dolosa foi registrado em Bra\u00e7o do Norte. A guarni\u00e7\u00e3o da Pol\u00edcia Militar foi acionada, via Copom, para atender uma ocorr\u00eancia por volta das 12h. A informa\u00e7\u00e3o \u00e9 de que a ex-mulher do comunicante pegou o filho de ambos e levou a for\u00e7a. No local a guarni\u00e7\u00e3o conversou com o comunicante &hellip;<\/p>\n<p class=\"read-more\"> <a class=\"\" href=\"https:\/\/sulsc.com\/index.php\/2023\/10\/13\/pai-tem-filho-levado-a-forca-por-ex-mulher-em-braco-do-norte\/\"> <span class=\"screen-reader-text\">Pai tem filho levado a for\u00e7a por ex-mulher, em Bra\u00e7o do Norte<\/span> Read More &raquo;<\/a><\/p>\n","protected":false},"author":3,"featured_media":2018,"comment_status":"open","ping_status":"open","sticky":false,"template":"","format":"standard","meta":{"site-sidebar-layout":"default","site-content-layout":"","ast-site-content-layout":"default","site-content-style":"default","site-sidebar-style":"default","ast-global-header-display":"","ast-banner-title-visibility":"","ast-main-header-display":"","ast-hfb-above-header-display":"","ast-hfb-below-header-display":"","ast-hfb-mobile-header-display":"","site-post-title":"","ast-breadcrumbs-content":"","ast-featured-img":"","footer-sml-layout":"","theme-transparent-header-meta":"default","adv-header-id-meta":"","stick-header-meta":"","header-above-stick-meta":"","header-main-stick-meta":"","header-below-stick-meta":"","astra-migrate-meta-layouts":"set","footnotes":""},"categories":[8],"tags":[],"yoast_head":"<!-- This site is optimized with the Yoast SEO plugin v21.4 - https:\/\/yoast.com\/wordpress\/plugins\/seo\/ -->\n<title>Pai tem filho levado a for\u00e7a por ex-mulher, em Bra\u00e7o do Norte -<\/title>\n<meta name=\"robots\" content=\"index, follow, max-snippet:-1, max-image-preview:large, max-video-preview:-1\" \/>\n<link rel=\"canonical\" href=\"https:\/\/sulsc.com\/index.php\/2023\/10\/13\/pai-tem-filho-levado-a-forca-por-ex-mulher-em-braco-do-norte\/\" \/>\n<meta property=\"og:locale\" content=\"en_US\" \/>\n<meta property=\"og:type\" content=\"article\" \/>\n<meta property=\"og:title\" content=\"Pai tem filho levado a for\u00e7a por ex-mulher, em Bra\u00e7o do Norte -\" \/>\n<meta property=\"og:description\" content=\"Um crime de les\u00e3o corporal dolosa foi registrado em Bra\u00e7o do Norte. A guarni\u00e7\u00e3o da Pol\u00edcia Militar foi acionada, via Copom, para atender uma ocorr\u00eancia por volta das 12h. A informa\u00e7\u00e3o \u00e9 de que a ex-mulher do comunicante pegou o filho de ambos e levou a for\u00e7a. No local a guarni\u00e7\u00e3o conversou com o comunicante &hellip; Pai tem filho levado a for\u00e7a por ex-mulher, em Bra\u00e7o do Norte Read More &raquo;\" \/>\n<meta property=\"og:url\" content=\"https:\/\/sulsc.com\/index.php\/2023\/10\/13\/pai-tem-filho-levado-a-forca-por-ex-mulher-em-braco-do-norte\/\" \/>\n<meta property=\"article:author\" content=\"https:\/\/www.facebook.com\/profile.php?id=61559278119680\" \/>\n<meta property=\"article:published_time\" content=\"2023-10-13T11:30:36+00:00\" \/>\n<meta property=\"article:modified_time\" content=\"2023-10-13T10:58:11+00:00\" \/>\n<meta property=\"og:image\" content=\"https:\/\/sulsc.com\/wp-content\/uploads\/2023\/10\/giroflex-4.jpg\" \/>\n\t<meta property=\"og:image:width\" content=\"615\" \/>\n\t<meta property=\"og:image:height\" content=\"300\" \/>\n\t<meta property=\"og:image:type\" content=\"image\/jpeg\" \/>\n<meta name=\"author\" content=\"Reda\u00e7\u00e3o Sul SC\" \/>\n<meta name=\"twitter:card\" content=\"summary_large_image\" \/>\n<meta name=\"twitter:creator\" content=\"@https:\/\/twitter.com\/PortalSulSC\" \/>\n<meta name=\"twitter:label1\" content=\"Written by\" \/>\n\t<meta name=\"twitter:data1\" content=\"Reda\u00e7\u00e3o Sul SC\" \/>\n\t<meta name=\"twitter:label2\" content=\"Est. reading time\" \/>\n\t<meta name=\"twitter:data2\" content=\"1 minute\" \/>\n<script type=\"application\/ld+json\" class=\"yoast-schema-graph\">{\"@context\":\"https:\/\/schema.org\",\"@graph\":[{\"@type\":\"WebPage\",\"@id\":\"https:\/\/sulsc.com\/index.php\/2023\/10\/13\/pai-tem-filho-levado-a-forca-por-ex-mulher-em-braco-do-norte\/\",\"url\":\"https:\/\/sulsc.com\/index.php\/2023\/10\/13\/pai-tem-filho-levado-a-forca-por-ex-mulher-em-braco-do-norte\/\",\"name\":\"Pai tem filho levado a for\u00e7a por ex-mulher, em Bra\u00e7o do Norte -\",\"isPartOf\":{\"@id\":\"https:\/\/sulsc.com\/#website\"},\"datePublished\":\"2023-10-13T11:30:36+00:00\",\"dateModified\":\"2023-10-13T10:58:11+00:00\",\"author\":{\"@id\":\"https:\/\/sulsc.com\/#\/schema\/person\/84d2fc571684f6248ba83092f07750a3\"},\"breadcrumb\":{\"@id\":\"https:\/\/sulsc.com\/index.php\/2023\/10\/13\/pai-tem-filho-levado-a-forca-por-ex-mulher-em-braco-do-norte\/#breadcrumb\"},\"inLanguage\":\"en-US\",\"potentialAction\":[{\"@type\":\"ReadAction\",\"target\":[\"https:\/\/sulsc.com\/index.php\/2023\/10\/13\/pai-tem-filho-levado-a-forca-por-ex-mulher-em-braco-do-norte\/\"]}]},{\"@type\":\"BreadcrumbList\",\"@id\":\"https:\/\/sulsc.com\/index.php\/2023\/10\/13\/pai-tem-filho-levado-a-forca-por-ex-mulher-em-braco-do-norte\/#breadcrumb\",\"itemListElement\":[{\"@type\":\"ListItem\",\"position\":1,\"name\":\"In\u00edcio\",\"item\":\"https:\/\/sulsc.com\/\"},{\"@type\":\"ListItem\",\"position\":2,\"name\":\"Pai tem filho levado a for\u00e7a por ex-mulher, em Bra\u00e7o do Norte\"}]},{\"@type\":\"WebSite\",\"@id\":\"https:\/\/sulsc.com\/#website\",\"url\":\"https:\/\/sulsc.com\/\",\"name\":\"\",\"description\":\"\",\"potentialAction\":[{\"@type\":\"SearchAction\",\"target\":{\"@type\":\"EntryPoint\",\"urlTemplate\":\"https:\/\/sulsc.com\/?s={search_term_string}\"},\"query-input\":\"required name=search_term_string\"}],\"inLanguage\":\"en-US\"},{\"@type\":\"Person\",\"@id\":\"https:\/\/sulsc.com\/#\/schema\/person\/84d2fc571684f6248ba83092f07750a3\",\"name\":\"Reda\u00e7\u00e3o Sul SC\",\"image\":{\"@type\":\"ImageObject\",\"inLanguage\":\"en-US\",\"@id\":\"https:\/\/sulsc.com\/#\/schema\/person\/image\/e08d7fe2cc4ed596372063bbe852b8d0\",\"url\":\"https:\/\/sulsc.com\/wp-content\/uploads\/2023\/09\/redacao.png\",\"contentUrl\":\"https:\/\/sulsc.com\/wp-content\/uploads\/2023\/09\/redacao.png\",\"caption\":\"Reda\u00e7\u00e3o Sul SC\"},\"description\":\"Foco em um jornalismo imparcial, voltado \u00e0 qualidade dos seus conte\u00fados e, assim, levar informa\u00e7\u00e3o de valor que agregue \u00e0 vida dos leitores. Esta \u00e9 grande miss\u00e3o do Portal de Not\u00edcias Sul SC. N\u00e3o \u00e9 quantidade que muda o mundo, sempre foi e seguir\u00e1 sendo qualidade!\",\"sameAs\":[\"https:\/\/sulsc.com\/\",\"https:\/\/www.facebook.com\/profile.php?id=61559278119680\",\"https:\/\/www.instagram.com\/sulscportal\/?hl=pt-br\",\"https:\/\/twitter.com\/https:\/\/twitter.com\/PortalSulSC\",\"https:\/\/www.youtube.com\/channel\/UCv_BE8GeySluDov2n8qhVmw\"],\"url\":\"https:\/\/sulsc.com\/index.php\/author\/redacao\/\"}]}<\/script>\n<!-- \/ Yoast SEO plugin. -->","yoast_head_json":{"title":"Pai tem filho levado a for\u00e7a por ex-mulher, em Bra\u00e7o do Norte -","robots":{"index":"index","follow":"follow","max-snippet":"max-snippet:-1","max-image-preview":"max-image-preview:large","max-video-preview":"max-video-preview:-1"},"canonical":"https:\/\/sulsc.com\/index.php\/2023\/10\/13\/pai-tem-filho-levado-a-forca-por-ex-mulher-em-braco-do-norte\/","og_locale":"en_US","og_type":"article","og_title":"Pai tem filho levado a for\u00e7a por ex-mulher, em Bra\u00e7o do Norte -","og_description":"Um crime de les\u00e3o corporal dolosa foi registrado em Bra\u00e7o do Norte. A guarni\u00e7\u00e3o da Pol\u00edcia Militar foi acionada, via Copom, para atender uma ocorr\u00eancia por volta das 12h. A informa\u00e7\u00e3o \u00e9 de que a ex-mulher do comunicante pegou o filho de ambos e levou a for\u00e7a. No local a guarni\u00e7\u00e3o conversou com o comunicante &hellip; Pai tem filho levado a for\u00e7a por ex-mulher, em Bra\u00e7o do Norte Read More &raquo;","og_url":"https:\/\/sulsc.com\/index.php\/2023\/10\/13\/pai-tem-filho-levado-a-forca-por-ex-mulher-em-braco-do-norte\/","article_author":"https:\/\/www.facebook.com\/profile.php?id=61559278119680","article_published_time":"2023-10-13T11:30:36+00:00","article_modified_time":"2023-10-13T10:58:11+00:00","og_image":[{"width":615,"height":300,"url":"https:\/\/sulsc.com\/wp-content\/uploads\/2023\/10\/giroflex-4.jpg","type":"image\/jpeg"}],"author":"Reda\u00e7\u00e3o Sul SC","twitter_card":"summary_large_image","twitter_creator":"@https:\/\/twitter.com\/PortalSulSC","twitter_misc":{"Written by":"Reda\u00e7\u00e3o Sul SC","Est. reading time":"1 minute"},"schema":{"@context":"https:\/\/schema.org","@graph":[{"@type":"WebPage","@id":"https:\/\/sulsc.com\/index.php\/2023\/10\/13\/pai-tem-filho-levado-a-forca-por-ex-mulher-em-braco-do-norte\/","url":"https:\/\/sulsc.com\/index.php\/2023\/10\/13\/pai-tem-filho-levado-a-forca-por-ex-mulher-em-braco-do-norte\/","name":"Pai tem filho levado a for\u00e7a por ex-mulher, em Bra\u00e7o do Norte -","isPartOf":{"@id":"https:\/\/sulsc.com\/#website"},"datePublished":"2023-10-13T11:30:36+00:00","dateModified":"2023-10-13T10:58:11+00:00","author":{"@id":"https:\/\/sulsc.com\/#\/schema\/person\/84d2fc571684f6248ba83092f07750a3"},"breadcrumb":{"@id":"https:\/\/sulsc.com\/index.php\/2023\/10\/13\/pai-tem-filho-levado-a-forca-por-ex-mulher-em-braco-do-norte\/#breadcrumb"},"inLanguage":"en-US","potentialAction":[{"@type":"ReadAction","target":["https:\/\/sulsc.com\/index.php\/2023\/10\/13\/pai-tem-filho-levado-a-forca-por-ex-mulher-em-braco-do-norte\/"]}]},{"@type":"BreadcrumbList","@id":"https:\/\/sulsc.com\/index.php\/2023\/10\/13\/pai-tem-filho-levado-a-forca-por-ex-mulher-em-braco-do-norte\/#breadcrumb","itemListElement":[{"@type":"ListItem","position":1,"name":"In\u00edcio","item":"https:\/\/sulsc.com\/"},{"@type":"ListItem","position":2,"name":"Pai tem filho levado a for\u00e7a por ex-mulher, em Bra\u00e7o do Norte"}]},{"@type":"WebSite","@id":"https:\/\/sulsc.com\/#website","url":"https:\/\/sulsc.com\/","name":"","description":"","potentialAction":[{"@type":"SearchAction","target":{"@type":"EntryPoint","urlTemplate":"https:\/\/sulsc.com\/?s={search_term_string}"},"query-input":"required name=search_term_string"}],"inLanguage":"en-US"},{"@type":"Person","@id":"https:\/\/sulsc.com\/#\/schema\/person\/84d2fc571684f6248ba83092f07750a3","name":"Reda\u00e7\u00e3o Sul SC","image":{"@type":"ImageObject","inLanguage":"en-US","@id":"https:\/\/sulsc.com\/#\/schema\/person\/image\/e08d7fe2cc4ed596372063bbe852b8d0","url":"https:\/\/sulsc.com\/wp-content\/uploads\/2023\/09\/redacao.png","contentUrl":"https:\/\/sulsc.com\/wp-content\/uploads\/2023\/09\/redacao.png","caption":"Reda\u00e7\u00e3o Sul SC"},"description":"Foco em um jornalismo imparcial, voltado \u00e0 qualidade dos seus conte\u00fados e, assim, levar informa\u00e7\u00e3o de valor que agregue \u00e0 vida dos leitores. Esta \u00e9 grande miss\u00e3o do Portal de Not\u00edcias Sul SC. N\u00e3o \u00e9 quantidade que muda o mundo, sempre foi e seguir\u00e1 sendo qualidade!","sameAs":["https:\/\/sulsc.com\/","https:\/\/www.facebook.com\/profile.php?id=61559278119680","https:\/\/www.instagram.com\/sulscportal\/?hl=pt-br","https:\/\/twitter.com\/https:\/\/twitter.com\/PortalSulSC","https:\/\/www.youtube.com\/channel\/UCv_BE8GeySluDov2n8qhVmw"],"url":"https:\/\/sulsc.com\/index.php\/author\/redacao\/"}]}},"authors":[],"_links":{"self":[{"href":"https:\/\/sulsc.com\/index.php\/wp-json\/wp\/v2\/posts\/2245"}],"collection":[{"href":"https:\/\/sulsc.com\/index.php\/wp-json\/wp\/v2\/posts"}],"about":[{"href":"https:\/\/sulsc.com\/index.php\/wp-json\/wp\/v2\/types\/post"}],"author":[{"embeddable":true,"href":"https:\/\/sulsc.com\/index.php\/wp-json\/wp\/v2\/users\/3"}],"replies":[{"embeddable":true,"href":"https:\/\/sulsc.com\/index.php\/wp-json\/wp\/v2\/comments?post=2245"}],"version-history":[{"count":1,"href":"https:\/\/sulsc.com\/index.php\/wp-json\/wp\/v2\/posts\/2245\/revisions"}],"predecessor-version":[{"id":2246,"href":"https:\/\/sulsc.com\/index.php\/wp-json\/wp\/v2\/posts\/2245\/revisions\/2246"}],"wp:featuredmedia":[{"embeddable":true,"href":"https:\/\/sulsc.com\/index.php\/wp-json\/wp\/v2\/media\/2018"}],"wp:attachment":[{"href":"https:\/\/sulsc.com\/index.php\/wp-json\/wp\/v2\/media?parent=2245"}],"wp:term":[{"taxonomy":"category","embeddable":true,"href":"https:\/\/sulsc.com\/index.php\/wp-json\/wp\/v2\/categories?post=2245"},{"taxonomy":"post_tag","embeddable":true,"href":"https:\/\/sulsc.com\/index.php\/wp-json\/wp\/v2\/tags?post=2245"}],"curies":[{"name":"wp","href":"https:\/\/api.w.org\/{rel}","templated":true}]}}