{"id":2252,"date":"2023-10-13T10:00:24","date_gmt":"2023-10-13T13:00:24","guid":{"rendered":"https:\/\/sulsc.com\/?p=2252"},"modified":"2023-10-13T10:00:48","modified_gmt":"2023-10-13T13:00:48","slug":"santa-catarina-tem-142-municipios-afetados-pelas-chuvas-e-112-em-situacao-de-emergencia","status":"publish","type":"post","link":"https:\/\/sulsc.com\/index.php\/2023\/10\/13\/santa-catarina-tem-142-municipios-afetados-pelas-chuvas-e-112-em-situacao-de-emergencia\/","title":{"rendered":"Santa Catarina tem 142 munic\u00edpios afetados pelas chuvas e 112 em situa\u00e7\u00e3o de emerg\u00eancia"},"content":{"rendered":"<p data-raofz=\"16\">Relat\u00f3rio mais recente da Defesa Civil divulgado na noite desta quinta-feira (12), aponta que subiu para 142 o n\u00famero de munic\u00edpios com ocorr\u00eancias relacionadas \u00e0s chuvas no estado. Destes, 112 emitiram o decreto de situa\u00e7\u00e3o de emerg\u00eancia. S\u00e3o contabilizados, desde o \u00faltimo dia 4 de outubro, registros de chuvas intensas, alagamentos, deslizamentos e granizo que atingiram resid\u00eancias, estradas e centros urbanos em diversas regi\u00f5es.<\/p>\n<p data-raofz=\"16\">Equipes municipais com o apoio do Corpo de Bombeiros Militar, Pol\u00edcia Militar, Assist\u00eancia Social e demais estruturas do Governo do Estado al\u00e9m de contar com o apoio de estruturas federais como a Marinha do Brasil, Ex\u00e9rcito Brasileiro e Pol\u00edcia Rodovi\u00e1ria Federal continuam prestando atendimento aos afetados. At\u00e9 agora, o Governo do Estado j\u00e1 realizou a entrega de 62.488\u00a0itens de assist\u00eancia humanit\u00e1ria para 22 munic\u00edpios que solicitaram a ajuda.<\/p>\n<p data-raofz=\"16\">\n<p><strong>Aviso Meteorol\u00f3gico<\/strong><\/p>\n<p>As condi\u00e7\u00f5es geol\u00f3gicas para\u00a0deslizamentos est\u00e3o em n\u00edveis de alerta para as regi\u00f5es de Planaltos e todo o Vale do Itaja\u00ed,\u00a0devido ao acumulado de chuvas registradas no estado nos \u00faltimos dias.\u00a0Todas as regi\u00f5es do estado j\u00e1 apresentam solo encharcado e ocorr\u00eancias pontuais de movimenta\u00e7\u00e3o de massa.\u00a0Dessa forma, recomenda-se atentar-se aos sinais como, rachaduras em paredes e encostas, inclina\u00e7\u00e3o de postes, \u00e1rvores e muros e \u00e1gua vertendo do solo.<\/p>\n<figure class=\"wp-block-image size-full\"><img fetchpriority=\"high\" decoding=\"async\" class=\"wp-image-262956\" src=\"https:\/\/estado.sc.gov.br\/noticias\/wp-content\/uploads\/sites\/3\/2023\/10\/site2-3.png\" alt=\"\" width=\"1080\" height=\"587\" \/><\/figure>\n<p><strong>Corpo de Bombeiros Militar envia novas equipes ao Litoral de SC<\/strong><\/p>\n<p>Na tarde desta quinta-feira (12), novas equipes especializadas do CBMSC, as For\u00e7as-Tarefa (FT), foram acionadas para suporte em regi\u00f5es atingidas pela chuva.\u00a0Uma equipe da FT 04 foi para a regi\u00e3o de Itaja\u00ed; uma equipe da FT 08 est\u00e1 deslocando para a regi\u00e3o de Blumenau; uma equipe da FT 13 est\u00e1 pronta para atendimento nas regi\u00f5es de S\u00e3o Jo\u00e3o Batista e Tijucas.\u00a0A equipe da FT 07 j\u00e1 atua em Itaja\u00ed e a FT 03 em prontid\u00e3o, em Blumenau.<\/p>\n<p data-raofz=\"16\">\n<p data-raofz=\"16\"><strong>Estrutura no Alto Vale:<\/strong><\/p>\n<p data-raofz=\"16\">Posto de Comando; Batalh\u00e3o de Ajuda Humanit\u00e1ria; 2 helic\u00f3pteros; FTs: 01; 02; 03; 04; 05; 06; 08; 10; 11; 12; 13; 14; 15. Caminh\u00f5es da FT 03, 05 e 15.<\/p>\n<p data-raofz=\"16\"><strong>Estrutura no Planalto Norte:<\/strong><br \/>\nFT 09, FT 01.<\/p>\n<p data-raofz=\"16\"><strong>Atendimentos<\/strong><\/p>\n<p data-raofz=\"16\">Ocorr\u00eancias relacionadas com as chuvas registradas entre os dias 11 e 12 de outubro:<\/p>\n<ul>\n<li data-raofz=\"16\">335 atendimentos;<\/li>\n<li data-raofz=\"16\">123 viaturas;<\/li>\n<li data-raofz=\"16\">65 munic\u00edpios;<\/li>\n<li data-raofz=\"16\">380 bombeiros empenhados<\/li>\n<\/ul>\n<p data-raofz=\"16\">No Alto Vale do Itaja\u00ed foram 191 ocorr\u00eancias registradas.<\/p>\n<p data-raofz=\"16\">\n<p data-raofz=\"16\"><strong>Acumulado de ocorr\u00eancias e recursos desde o dia 03:<\/strong><\/p>\n<ul>\n<li data-raofz=\"16\">1.339 atendimentos;<\/li>\n<li data-raofz=\"16\">297 viaturas;<\/li>\n<li data-raofz=\"16\">1134 munic\u00edpios;<\/li>\n<li data-raofz=\"16\">1.151 bombeiros empenhados.<\/li>\n<\/ul>\n<p>&nbsp;<\/p>\n<p><strong>Opera\u00e7\u00e3o das barragens<\/strong><\/p>\n<p>Dia 12\/10\/2023 Leitura: 17hrs<br \/>\nFonte: R\u00e9gua ANA -N\u00edveis CIDADES<\/p>\n<ul>\n<li data-raofz=\"16\"><strong>Barragem Sul (Ituporanga\/SC )<\/strong><\/li>\n<li data-raofz=\"16\">Montante: 33,51 m IBGE: 403,51 m<\/li>\n<li data-raofz=\"16\">Jusante: 5,50 m<\/li>\n<li data-raofz=\"16\">L\u00e2mina vertedouro 2,51 m<\/li>\n<li data-raofz=\"16\">Comportas abertas: 0<\/li>\n<li data-raofz=\"16\">Comportas fechadas: 5<\/li>\n<li data-raofz=\"16\">Canal extravasor: Fechado.<\/li>\n<li data-raofz=\"16\">L\u00e2mina d\u2019\u00e1gua C.E.: 0,0 cm<\/li>\n<li data-raofz=\"16\">Tempo: Nublado.<\/li>\n<li data-raofz=\"16\">Pluviometria: 0,0 mm<\/li>\n<li data-raofz=\"16\">Reservat\u00f3rio: 126,31%<\/li>\n<li data-raofz=\"16\"><strong>Barragem Oeste (Tai\u00f3\/SC)<\/strong><\/li>\n<li data-raofz=\"16\">Montante: 24,82 m IBGE: 363,82 m<\/li>\n<li data-raofz=\"16\">Jusante: m<\/li>\n<li data-raofz=\"16\">L\u00e2mina vertedouro. 1,62 m<\/li>\n<li data-raofz=\"16\">Comportas Abertas: 0<\/li>\n<li data-raofz=\"16\">Comportas fechadas: 7<\/li>\n<li data-raofz=\"16\">Canal extravasor: Fechado.<\/li>\n<li data-raofz=\"16\">L\u00e2mina d\u2019\u00e1gua C.E.: 0,0cm<\/li>\n<li data-raofz=\"16\">Tempo: Bom.<\/li>\n<li data-raofz=\"16\">Pluviometria: 0,0 mm<\/li>\n<li data-raofz=\"16\">Reservat\u00f3rio: 114,38 %<\/li>\n<li data-raofz=\"16\"><strong>Barragem Norte (Jos\u00e9 Boiteux\/SC)<\/strong><\/li>\n<li data-raofz=\"16\">Montante: 41,50 m<\/li>\n<li data-raofz=\"16\">IBGE: 297,50 m<\/li>\n<li data-raofz=\"16\">Comportas abertas: 0<\/li>\n<li data-raofz=\"16\">Comportas fechadas: 2<\/li>\n<li data-raofz=\"16\">Tempo: Nublado.<\/li>\n<li data-raofz=\"16\">Pluviometria: 0,0 mm<\/li>\n<li data-raofz=\"16\">Reservat\u00f3rio: 80,0 %<br \/>\n<strong>N\u00edvel dos rios: CIDADES<\/strong><\/li>\n<li data-raofz=\"16\">Referente \u00e0s 16hrs.<\/li>\n<li data-raofz=\"16\">Tai\u00f3:(16hrs) 10,36 m<\/li>\n<li data-raofz=\"16\">Tai\u00f3: (Sdc local 17hrs) 10,58 m<\/li>\n<li data-raofz=\"16\">Ituporanga: (sdc local 17hrs) 3,56 m<\/li>\n<li data-raofz=\"16\">Rio do Sul (15hrs) 10,98 m<\/li>\n<li data-raofz=\"16\">Rio do Sul: (Sdc local 17hrs) 11,34 m<\/li>\n<li data-raofz=\"16\">Blumenau: 10,07 m (16hrs)<\/li>\n<\/ul>\n<p><strong>Situa\u00e7\u00e3o de emerg\u00eancia<\/strong><\/p>\n<figure class=\"wp-block-image size-full\"><img decoding=\"async\" class=\"wp-image-262955\" src=\"https:\/\/estado.sc.gov.br\/noticias\/wp-content\/uploads\/sites\/3\/2023\/10\/WhatsApp-Image-2023-10-12-at-7.52.27-PM.jpeg\" alt=\"\" width=\"922\" height=\"634\" \/><\/figure>\n<p><strong>Tend\u00eancias para os pr\u00f3ximos dias<\/strong><\/p>\n<p>No\u00a0domingo (15),\u00a0uma \u00e1rea de baixa press\u00e3o favorece o retorno das chuvas pelo estado, mas com intensidade fraca. Na\u00a0segunda-feira (16), o fluxo de calor e umidade da regi\u00e3o norte volta a ficar direcionado para SC, provocando temporais e chuvas intensas principalmente do Extremo Oeste aos planaltos.<\/p>\n<p>&nbsp;<\/p>\n<p>Fonte: Gov. SC<\/p>\n<div class=\"addtoany_share_save_container addtoany_content addtoany_content_bottom\" data-raofz=\"16\">\n<div class=\"a2a_kit a2a_kit_size_22 addtoany_list\" data-a2a-url=\"https:\/\/estado.sc.gov.br\/noticias\/santa-catarina-tem-142-municipios-afetados-pelas-chuvas-e-112-em-situacao-de-emergencia\/\" data-a2a-title=\"Santa Catarina tem 142 munic\u00edpios afetados pelas chuvas e 112 em situa\u00e7\u00e3o de emerg\u00eancia\" data-raofz=\"16\"><\/div>\n<\/div>\n","protected":false},"excerpt":{"rendered":"<p>Relat\u00f3rio mais recente da Defesa Civil divulgado na noite desta quinta-feira (12), aponta que subiu para 142 o n\u00famero de munic\u00edpios com ocorr\u00eancias relacionadas \u00e0s chuvas no estado. Destes, 112 emitiram o decreto de situa\u00e7\u00e3o de emerg\u00eancia. S\u00e3o contabilizados, desde o \u00faltimo dia 4 de outubro, registros de chuvas intensas, alagamentos, deslizamentos e granizo que &hellip;<\/p>\n<p class=\"read-more\"> <a class=\"\" href=\"https:\/\/sulsc.com\/index.php\/2023\/10\/13\/santa-catarina-tem-142-municipios-afetados-pelas-chuvas-e-112-em-situacao-de-emergencia\/\"> <span class=\"screen-reader-text\">Santa Catarina tem 142 munic\u00edpios afetados pelas chuvas e 112 em situa\u00e7\u00e3o de emerg\u00eancia<\/span> Read More &raquo;<\/a><\/p>\n","protected":false},"author":3,"featured_media":2253,"comment_status":"open","ping_status":"open","sticky":false,"template":"","format":"standard","meta":{"site-sidebar-layout":"default","site-content-layout":"","ast-site-content-layout":"default","site-content-style":"default","site-sidebar-style":"default","ast-global-header-display":"","ast-banner-title-visibility":"","ast-main-header-display":"","ast-hfb-above-header-display":"","ast-hfb-below-header-display":"","ast-hfb-mobile-header-display":"","site-post-title":"","ast-breadcrumbs-content":"","ast-featured-img":"","footer-sml-layout":"","theme-transparent-header-meta":"default","adv-header-id-meta":"","stick-header-meta":"","header-above-stick-meta":"","header-main-stick-meta":"","header-below-stick-meta":"","astra-migrate-meta-layouts":"set","footnotes":""},"categories":[1,8],"tags":[],"yoast_head":"<!-- This site is optimized with the Yoast SEO plugin v21.4 - https:\/\/yoast.com\/wordpress\/plugins\/seo\/ -->\n<title>Santa Catarina tem 142 munic\u00edpios afetados pelas chuvas e 112 em situa\u00e7\u00e3o de emerg\u00eancia -<\/title>\n<meta name=\"robots\" content=\"index, follow, max-snippet:-1, max-image-preview:large, max-video-preview:-1\" \/>\n<link rel=\"canonical\" href=\"https:\/\/sulsc.com\/index.php\/2023\/10\/13\/santa-catarina-tem-142-municipios-afetados-pelas-chuvas-e-112-em-situacao-de-emergencia\/\" \/>\n<meta property=\"og:locale\" content=\"en_US\" \/>\n<meta property=\"og:type\" content=\"article\" \/>\n<meta property=\"og:title\" content=\"Santa Catarina tem 142 munic\u00edpios afetados pelas chuvas e 112 em situa\u00e7\u00e3o de emerg\u00eancia -\" \/>\n<meta property=\"og:description\" content=\"Relat\u00f3rio mais recente da Defesa Civil divulgado na noite desta quinta-feira (12), aponta que subiu para 142 o n\u00famero de munic\u00edpios com ocorr\u00eancias relacionadas \u00e0s chuvas no estado. Destes, 112 emitiram o decreto de situa\u00e7\u00e3o de emerg\u00eancia. S\u00e3o contabilizados, desde o \u00faltimo dia 4 de outubro, registros de chuvas intensas, alagamentos, deslizamentos e granizo que &hellip; Santa Catarina tem 142 munic\u00edpios afetados pelas chuvas e 112 em situa\u00e7\u00e3o de emerg\u00eancia Read More &raquo;\" \/>\n<meta property=\"og:url\" content=\"https:\/\/sulsc.com\/index.php\/2023\/10\/13\/santa-catarina-tem-142-municipios-afetados-pelas-chuvas-e-112-em-situacao-de-emergencia\/\" \/>\n<meta property=\"article:author\" content=\"https:\/\/www.facebook.com\/profile.php?id=61559278119680\" \/>\n<meta property=\"article:published_time\" content=\"2023-10-13T13:00:24+00:00\" \/>\n<meta property=\"article:modified_time\" content=\"2023-10-13T13:00:48+00:00\" \/>\n<meta property=\"og:image\" content=\"https:\/\/sulsc.com\/wp-content\/uploads\/2023\/10\/FT-01-Rio-do-suL-5-1.jpeg\" \/>\n\t<meta property=\"og:image:width\" content=\"900\" \/>\n\t<meta property=\"og:image:height\" content=\"866\" \/>\n\t<meta property=\"og:image:type\" content=\"image\/jpeg\" \/>\n<meta name=\"author\" content=\"Reda\u00e7\u00e3o Sul SC\" \/>\n<meta name=\"twitter:card\" content=\"summary_large_image\" \/>\n<meta name=\"twitter:creator\" content=\"@https:\/\/twitter.com\/PortalSulSC\" \/>\n<meta name=\"twitter:label1\" content=\"Written by\" \/>\n\t<meta name=\"twitter:data1\" content=\"Reda\u00e7\u00e3o Sul SC\" \/>\n\t<meta name=\"twitter:label2\" content=\"Est. reading time\" \/>\n\t<meta name=\"twitter:data2\" content=\"3 minutes\" \/>\n<script type=\"application\/ld+json\" class=\"yoast-schema-graph\">{\"@context\":\"https:\/\/schema.org\",\"@graph\":[{\"@type\":\"WebPage\",\"@id\":\"https:\/\/sulsc.com\/index.php\/2023\/10\/13\/santa-catarina-tem-142-municipios-afetados-pelas-chuvas-e-112-em-situacao-de-emergencia\/\",\"url\":\"https:\/\/sulsc.com\/index.php\/2023\/10\/13\/santa-catarina-tem-142-municipios-afetados-pelas-chuvas-e-112-em-situacao-de-emergencia\/\",\"name\":\"Santa Catarina tem 142 munic\u00edpios afetados pelas chuvas e 112 em situa\u00e7\u00e3o de emerg\u00eancia -\",\"isPartOf\":{\"@id\":\"https:\/\/sulsc.com\/#website\"},\"datePublished\":\"2023-10-13T13:00:24+00:00\",\"dateModified\":\"2023-10-13T13:00:48+00:00\",\"author\":{\"@id\":\"https:\/\/sulsc.com\/#\/schema\/person\/84d2fc571684f6248ba83092f07750a3\"},\"breadcrumb\":{\"@id\":\"https:\/\/sulsc.com\/index.php\/2023\/10\/13\/santa-catarina-tem-142-municipios-afetados-pelas-chuvas-e-112-em-situacao-de-emergencia\/#breadcrumb\"},\"inLanguage\":\"en-US\",\"potentialAction\":[{\"@type\":\"ReadAction\",\"target\":[\"https:\/\/sulsc.com\/index.php\/2023\/10\/13\/santa-catarina-tem-142-municipios-afetados-pelas-chuvas-e-112-em-situacao-de-emergencia\/\"]}]},{\"@type\":\"BreadcrumbList\",\"@id\":\"https:\/\/sulsc.com\/index.php\/2023\/10\/13\/santa-catarina-tem-142-municipios-afetados-pelas-chuvas-e-112-em-situacao-de-emergencia\/#breadcrumb\",\"itemListElement\":[{\"@type\":\"ListItem\",\"position\":1,\"name\":\"In\u00edcio\",\"item\":\"https:\/\/sulsc.com\/\"},{\"@type\":\"ListItem\",\"position\":2,\"name\":\"Santa Catarina tem 142 munic\u00edpios afetados pelas chuvas e 112 em situa\u00e7\u00e3o de emerg\u00eancia\"}]},{\"@type\":\"WebSite\",\"@id\":\"https:\/\/sulsc.com\/#website\",\"url\":\"https:\/\/sulsc.com\/\",\"name\":\"\",\"description\":\"\",\"potentialAction\":[{\"@type\":\"SearchAction\",\"target\":{\"@type\":\"EntryPoint\",\"urlTemplate\":\"https:\/\/sulsc.com\/?s={search_term_string}\"},\"query-input\":\"required name=search_term_string\"}],\"inLanguage\":\"en-US\"},{\"@type\":\"Person\",\"@id\":\"https:\/\/sulsc.com\/#\/schema\/person\/84d2fc571684f6248ba83092f07750a3\",\"name\":\"Reda\u00e7\u00e3o Sul SC\",\"image\":{\"@type\":\"ImageObject\",\"inLanguage\":\"en-US\",\"@id\":\"https:\/\/sulsc.com\/#\/schema\/person\/image\/e08d7fe2cc4ed596372063bbe852b8d0\",\"url\":\"https:\/\/sulsc.com\/wp-content\/uploads\/2023\/09\/redacao.png\",\"contentUrl\":\"https:\/\/sulsc.com\/wp-content\/uploads\/2023\/09\/redacao.png\",\"caption\":\"Reda\u00e7\u00e3o Sul SC\"},\"description\":\"Foco em um jornalismo imparcial, voltado \u00e0 qualidade dos seus conte\u00fados e, assim, levar informa\u00e7\u00e3o de valor que agregue \u00e0 vida dos leitores. Esta \u00e9 grande miss\u00e3o do Portal de Not\u00edcias Sul SC. N\u00e3o \u00e9 quantidade que muda o mundo, sempre foi e seguir\u00e1 sendo qualidade!\",\"sameAs\":[\"https:\/\/sulsc.com\/\",\"https:\/\/www.facebook.com\/profile.php?id=61559278119680\",\"https:\/\/www.instagram.com\/sulscportal\/?hl=pt-br\",\"https:\/\/twitter.com\/https:\/\/twitter.com\/PortalSulSC\",\"https:\/\/www.youtube.com\/channel\/UCv_BE8GeySluDov2n8qhVmw\"],\"url\":\"https:\/\/sulsc.com\/index.php\/author\/redacao\/\"}]}<\/script>\n<!-- \/ Yoast SEO plugin. -->","yoast_head_json":{"title":"Santa Catarina tem 142 munic\u00edpios afetados pelas chuvas e 112 em situa\u00e7\u00e3o de emerg\u00eancia -","robots":{"index":"index","follow":"follow","max-snippet":"max-snippet:-1","max-image-preview":"max-image-preview:large","max-video-preview":"max-video-preview:-1"},"canonical":"https:\/\/sulsc.com\/index.php\/2023\/10\/13\/santa-catarina-tem-142-municipios-afetados-pelas-chuvas-e-112-em-situacao-de-emergencia\/","og_locale":"en_US","og_type":"article","og_title":"Santa Catarina tem 142 munic\u00edpios afetados pelas chuvas e 112 em situa\u00e7\u00e3o de emerg\u00eancia -","og_description":"Relat\u00f3rio mais recente da Defesa Civil divulgado na noite desta quinta-feira (12), aponta que subiu para 142 o n\u00famero de munic\u00edpios com ocorr\u00eancias relacionadas \u00e0s chuvas no estado. Destes, 112 emitiram o decreto de situa\u00e7\u00e3o de emerg\u00eancia. S\u00e3o contabilizados, desde o \u00faltimo dia 4 de outubro, registros de chuvas intensas, alagamentos, deslizamentos e granizo que &hellip; Santa Catarina tem 142 munic\u00edpios afetados pelas chuvas e 112 em situa\u00e7\u00e3o de emerg\u00eancia Read More &raquo;","og_url":"https:\/\/sulsc.com\/index.php\/2023\/10\/13\/santa-catarina-tem-142-municipios-afetados-pelas-chuvas-e-112-em-situacao-de-emergencia\/","article_author":"https:\/\/www.facebook.com\/profile.php?id=61559278119680","article_published_time":"2023-10-13T13:00:24+00:00","article_modified_time":"2023-10-13T13:00:48+00:00","og_image":[{"width":900,"height":866,"url":"https:\/\/sulsc.com\/wp-content\/uploads\/2023\/10\/FT-01-Rio-do-suL-5-1.jpeg","type":"image\/jpeg"}],"author":"Reda\u00e7\u00e3o Sul SC","twitter_card":"summary_large_image","twitter_creator":"@https:\/\/twitter.com\/PortalSulSC","twitter_misc":{"Written by":"Reda\u00e7\u00e3o Sul SC","Est. reading time":"3 minutes"},"schema":{"@context":"https:\/\/schema.org","@graph":[{"@type":"WebPage","@id":"https:\/\/sulsc.com\/index.php\/2023\/10\/13\/santa-catarina-tem-142-municipios-afetados-pelas-chuvas-e-112-em-situacao-de-emergencia\/","url":"https:\/\/sulsc.com\/index.php\/2023\/10\/13\/santa-catarina-tem-142-municipios-afetados-pelas-chuvas-e-112-em-situacao-de-emergencia\/","name":"Santa Catarina tem 142 munic\u00edpios afetados pelas chuvas e 112 em situa\u00e7\u00e3o de emerg\u00eancia -","isPartOf":{"@id":"https:\/\/sulsc.com\/#website"},"datePublished":"2023-10-13T13:00:24+00:00","dateModified":"2023-10-13T13:00:48+00:00","author":{"@id":"https:\/\/sulsc.com\/#\/schema\/person\/84d2fc571684f6248ba83092f07750a3"},"breadcrumb":{"@id":"https:\/\/sulsc.com\/index.php\/2023\/10\/13\/santa-catarina-tem-142-municipios-afetados-pelas-chuvas-e-112-em-situacao-de-emergencia\/#breadcrumb"},"inLanguage":"en-US","potentialAction":[{"@type":"ReadAction","target":["https:\/\/sulsc.com\/index.php\/2023\/10\/13\/santa-catarina-tem-142-municipios-afetados-pelas-chuvas-e-112-em-situacao-de-emergencia\/"]}]},{"@type":"BreadcrumbList","@id":"https:\/\/sulsc.com\/index.php\/2023\/10\/13\/santa-catarina-tem-142-municipios-afetados-pelas-chuvas-e-112-em-situacao-de-emergencia\/#breadcrumb","itemListElement":[{"@type":"ListItem","position":1,"name":"In\u00edcio","item":"https:\/\/sulsc.com\/"},{"@type":"ListItem","position":2,"name":"Santa Catarina tem 142 munic\u00edpios afetados pelas chuvas e 112 em situa\u00e7\u00e3o de emerg\u00eancia"}]},{"@type":"WebSite","@id":"https:\/\/sulsc.com\/#website","url":"https:\/\/sulsc.com\/","name":"","description":"","potentialAction":[{"@type":"SearchAction","target":{"@type":"EntryPoint","urlTemplate":"https:\/\/sulsc.com\/?s={search_term_string}"},"query-input":"required name=search_term_string"}],"inLanguage":"en-US"},{"@type":"Person","@id":"https:\/\/sulsc.com\/#\/schema\/person\/84d2fc571684f6248ba83092f07750a3","name":"Reda\u00e7\u00e3o Sul SC","image":{"@type":"ImageObject","inLanguage":"en-US","@id":"https:\/\/sulsc.com\/#\/schema\/person\/image\/e08d7fe2cc4ed596372063bbe852b8d0","url":"https:\/\/sulsc.com\/wp-content\/uploads\/2023\/09\/redacao.png","contentUrl":"https:\/\/sulsc.com\/wp-content\/uploads\/2023\/09\/redacao.png","caption":"Reda\u00e7\u00e3o Sul SC"},"description":"Foco em um jornalismo imparcial, voltado \u00e0 qualidade dos seus conte\u00fados e, assim, levar informa\u00e7\u00e3o de valor que agregue \u00e0 vida dos leitores. Esta \u00e9 grande miss\u00e3o do Portal de Not\u00edcias Sul SC. N\u00e3o \u00e9 quantidade que muda o mundo, sempre foi e seguir\u00e1 sendo qualidade!","sameAs":["https:\/\/sulsc.com\/","https:\/\/www.facebook.com\/profile.php?id=61559278119680","https:\/\/www.instagram.com\/sulscportal\/?hl=pt-br","https:\/\/twitter.com\/https:\/\/twitter.com\/PortalSulSC","https:\/\/www.youtube.com\/channel\/UCv_BE8GeySluDov2n8qhVmw"],"url":"https:\/\/sulsc.com\/index.php\/author\/redacao\/"}]}},"authors":[],"_links":{"self":[{"href":"https:\/\/sulsc.com\/index.php\/wp-json\/wp\/v2\/posts\/2252"}],"collection":[{"href":"https:\/\/sulsc.com\/index.php\/wp-json\/wp\/v2\/posts"}],"about":[{"href":"https:\/\/sulsc.com\/index.php\/wp-json\/wp\/v2\/types\/post"}],"author":[{"embeddable":true,"href":"https:\/\/sulsc.com\/index.php\/wp-json\/wp\/v2\/users\/3"}],"replies":[{"embeddable":true,"href":"https:\/\/sulsc.com\/index.php\/wp-json\/wp\/v2\/comments?post=2252"}],"version-history":[{"count":1,"href":"https:\/\/sulsc.com\/index.php\/wp-json\/wp\/v2\/posts\/2252\/revisions"}],"predecessor-version":[{"id":2254,"href":"https:\/\/sulsc.com\/index.php\/wp-json\/wp\/v2\/posts\/2252\/revisions\/2254"}],"wp:featuredmedia":[{"embeddable":true,"href":"https:\/\/sulsc.com\/index.php\/wp-json\/wp\/v2\/media\/2253"}],"wp:attachment":[{"href":"https:\/\/sulsc.com\/index.php\/wp-json\/wp\/v2\/media?parent=2252"}],"wp:term":[{"taxonomy":"category","embeddable":true,"href":"https:\/\/sulsc.com\/index.php\/wp-json\/wp\/v2\/categories?post=2252"},{"taxonomy":"post_tag","embeddable":true,"href":"https:\/\/sulsc.com\/index.php\/wp-json\/wp\/v2\/tags?post=2252"}],"curies":[{"name":"wp","href":"https:\/\/api.w.org\/{rel}","templated":true}]}}