{"id":22536,"date":"2025-04-12T09:59:23","date_gmt":"2025-04-12T12:59:23","guid":{"rendered":"https:\/\/sulsc.com\/?p=22536"},"modified":"2025-04-12T09:59:23","modified_gmt":"2025-04-12T12:59:23","slug":"sabado-12-com-sol-entre-nuvens-e-maximas-de-25oc","status":"publish","type":"post","link":"https:\/\/sulsc.com\/index.php\/2025\/04\/12\/sabado-12-com-sol-entre-nuvens-e-maximas-de-25oc\/","title":{"rendered":"S\u00e1bado (12) com sol entre nuvens e m\u00e1ximas de 25\u00baC"},"content":{"rendered":"<p>Neste s\u00e1bado (12) no Litoral, o sol aparece entre muitas nuvens e h\u00e1 condi\u00e7\u00f5es para chuvas r\u00e1pidas de fraca intensidade. No Oeste, um sistema de baixa press\u00e3o, associado a uma frente fria que avan\u00e7a a partir do RS, favorece a forma\u00e7\u00e3o de temporais isolados com chuva pontualmente intensa, raios, fortes rajadas de vento e eventual precipita\u00e7\u00e3o de granizo, especialmente a partir da tarde, oferecendo risco moderado para ocorr\u00eancias associadas.<\/p>\n<p><img fetchpriority=\"high\" decoding=\"async\" class=\"aligncenter size-full wp-image-22537\" src=\"http:\/\/sulsc.com\/wp-content\/uploads\/2025\/04\/Sab.png\" alt=\"\" width=\"1312\" height=\"898\" srcset=\"https:\/\/sulsc.com\/wp-content\/uploads\/2025\/04\/Sab.png 1312w, https:\/\/sulsc.com\/wp-content\/uploads\/2025\/04\/Sab-300x205.png 300w, https:\/\/sulsc.com\/wp-content\/uploads\/2025\/04\/Sab-1024x701.png 1024w, https:\/\/sulsc.com\/wp-content\/uploads\/2025\/04\/Sab-768x526.png 768w\" sizes=\"(max-width: 1312px) 100vw, 1312px\" \/><\/p>\n<p><img decoding=\"async\" class=\"aligncenter  wp-image-22538\" src=\"http:\/\/sulsc.com\/wp-content\/uploads\/2025\/04\/Tempo-1.png\" alt=\"\" width=\"620\" height=\"114\" srcset=\"https:\/\/sulsc.com\/wp-content\/uploads\/2025\/04\/Tempo-1.png 1024w, https:\/\/sulsc.com\/wp-content\/uploads\/2025\/04\/Tempo-1-300x55.png 300w, https:\/\/sulsc.com\/wp-content\/uploads\/2025\/04\/Tempo-1-768x142.png 768w\" sizes=\"(max-width: 620px) 100vw, 620px\" \/><\/p>\n<p><strong>Temperaturas<\/strong><\/p>\n<p>No amanhecer, as temperaturas m\u00ednimas variam entre 10\u00b0C e 16\u00b0C nos Planaltos e de 16 a 21\u00b0C o restante das regi\u00f5es. \u00c0 tarde, as temperaturas variam entre 24\u00b0C e 28\u00b0C no Oeste e ao longo de todo Litoral e Oeste e de 19\u00b0C a 25\u00b0C nas demais regi\u00f5es. A agita\u00e7\u00e3o mar\u00edtima diminui em todo Litoral com ondas de sudeste\/leste entre 1,5 e 2,3 m. J\u00e1 amanh\u00e3\u00a0 domingo (13), a r\u00e1pida passagem de uma frente fria pelo estado, segue mantendo tempo inst\u00e1vel em todas as regi\u00f5es, desde a madrugada entre o Grande Oeste e os Planaltos e no restante do estado ao longo do dia.<\/p>\n<p>Fonte\/Defesa Civil SC<\/p>\n","protected":false},"excerpt":{"rendered":"<p>Neste s\u00e1bado (12) no Litoral, o sol aparece entre muitas nuvens e h\u00e1 condi\u00e7\u00f5es para chuvas r\u00e1pidas de fraca intensidade. No Oeste, um sistema de baixa press\u00e3o, associado a uma frente fria que avan\u00e7a a partir do RS, favorece a forma\u00e7\u00e3o de temporais isolados com chuva pontualmente intensa, raios, fortes rajadas de vento e eventual &hellip;<\/p>\n<p class=\"read-more\"> <a class=\"\" href=\"https:\/\/sulsc.com\/index.php\/2025\/04\/12\/sabado-12-com-sol-entre-nuvens-e-maximas-de-25oc\/\"> <span class=\"screen-reader-text\">S\u00e1bado (12) com sol entre nuvens e m\u00e1ximas de 25\u00baC<\/span> Read More &raquo;<\/a><\/p>\n","protected":false},"author":3,"featured_media":22539,"comment_status":"open","ping_status":"open","sticky":false,"template":"","format":"standard","meta":{"site-sidebar-layout":"default","site-content-layout":"","ast-site-content-layout":"default","site-content-style":"default","site-sidebar-style":"default","ast-global-header-display":"","ast-banner-title-visibility":"","ast-main-header-display":"","ast-hfb-above-header-display":"","ast-hfb-below-header-display":"","ast-hfb-mobile-header-display":"","site-post-title":"","ast-breadcrumbs-content":"","ast-featured-img":"","footer-sml-layout":"","theme-transparent-header-meta":"default","adv-header-id-meta":"","stick-header-meta":"","header-above-stick-meta":"","header-main-stick-meta":"","header-below-stick-meta":"","astra-migrate-meta-layouts":"set","footnotes":""},"categories":[38],"tags":[90],"yoast_head":"<!-- This site is optimized with the Yoast SEO plugin v21.4 - https:\/\/yoast.com\/wordpress\/plugins\/seo\/ -->\n<title>S\u00e1bado (12) com sol entre nuvens e m\u00e1ximas de 25\u00baC -<\/title>\n<meta name=\"description\" content=\"A agita\u00e7\u00e3o mar\u00edtima diminui em todo Litoral com ondas de sudeste leste entre 1,5 e 2,3 m\" \/>\n<meta name=\"robots\" content=\"index, follow, max-snippet:-1, max-image-preview:large, max-video-preview:-1\" \/>\n<link rel=\"canonical\" href=\"https:\/\/sulsc.com\/index.php\/2025\/04\/12\/sabado-12-com-sol-entre-nuvens-e-maximas-de-25oc\/\" \/>\n<meta property=\"og:locale\" content=\"en_US\" \/>\n<meta property=\"og:type\" content=\"article\" \/>\n<meta property=\"og:title\" content=\"S\u00e1bado (12) com sol entre nuvens e m\u00e1ximas de 25\u00baC -\" \/>\n<meta property=\"og:description\" content=\"A agita\u00e7\u00e3o mar\u00edtima diminui em todo Litoral com ondas de sudeste leste entre 1,5 e 2,3 m\" \/>\n<meta property=\"og:url\" content=\"https:\/\/sulsc.com\/index.php\/2025\/04\/12\/sabado-12-com-sol-entre-nuvens-e-maximas-de-25oc\/\" \/>\n<meta property=\"article:author\" content=\"https:\/\/www.facebook.com\/profile.php?id=61559278119680\" \/>\n<meta property=\"article:published_time\" content=\"2025-04-12T12:59:23+00:00\" \/>\n<meta property=\"og:image\" content=\"http:\/\/sulsc.com\/wp-content\/uploads\/2025\/04\/8572b93d-6c05-49f0-b27e-98c3de382d9d.jpg\" \/>\n\t<meta property=\"og:image:width\" content=\"1600\" \/>\n\t<meta property=\"og:image:height\" content=\"719\" \/>\n\t<meta property=\"og:image:type\" content=\"image\/jpeg\" \/>\n<meta name=\"author\" content=\"Reda\u00e7\u00e3o Sul SC\" \/>\n<meta name=\"twitter:card\" content=\"summary_large_image\" \/>\n<meta name=\"twitter:creator\" content=\"@https:\/\/twitter.com\/PortalSulSC\" \/>\n<meta name=\"twitter:label1\" content=\"Written by\" \/>\n\t<meta name=\"twitter:data1\" content=\"Reda\u00e7\u00e3o Sul SC\" \/>\n\t<meta name=\"twitter:label2\" content=\"Est. reading time\" \/>\n\t<meta name=\"twitter:data2\" content=\"2 minutes\" \/>\n<script type=\"application\/ld+json\" class=\"yoast-schema-graph\">{\"@context\":\"https:\/\/schema.org\",\"@graph\":[{\"@type\":\"WebPage\",\"@id\":\"https:\/\/sulsc.com\/index.php\/2025\/04\/12\/sabado-12-com-sol-entre-nuvens-e-maximas-de-25oc\/\",\"url\":\"https:\/\/sulsc.com\/index.php\/2025\/04\/12\/sabado-12-com-sol-entre-nuvens-e-maximas-de-25oc\/\",\"name\":\"S\u00e1bado (12) com sol entre nuvens e m\u00e1ximas de 25\u00baC -\",\"isPartOf\":{\"@id\":\"https:\/\/sulsc.com\/#website\"},\"datePublished\":\"2025-04-12T12:59:23+00:00\",\"dateModified\":\"2025-04-12T12:59:23+00:00\",\"author\":{\"@id\":\"https:\/\/sulsc.com\/#\/schema\/person\/84d2fc571684f6248ba83092f07750a3\"},\"description\":\"A agita\u00e7\u00e3o mar\u00edtima diminui em todo Litoral com ondas de sudeste leste entre 1,5 e 2,3 m\",\"breadcrumb\":{\"@id\":\"https:\/\/sulsc.com\/index.php\/2025\/04\/12\/sabado-12-com-sol-entre-nuvens-e-maximas-de-25oc\/#breadcrumb\"},\"inLanguage\":\"en-US\",\"potentialAction\":[{\"@type\":\"ReadAction\",\"target\":[\"https:\/\/sulsc.com\/index.php\/2025\/04\/12\/sabado-12-com-sol-entre-nuvens-e-maximas-de-25oc\/\"]}]},{\"@type\":\"BreadcrumbList\",\"@id\":\"https:\/\/sulsc.com\/index.php\/2025\/04\/12\/sabado-12-com-sol-entre-nuvens-e-maximas-de-25oc\/#breadcrumb\",\"itemListElement\":[{\"@type\":\"ListItem\",\"position\":1,\"name\":\"In\u00edcio\",\"item\":\"https:\/\/sulsc.com\/\"},{\"@type\":\"ListItem\",\"position\":2,\"name\":\"S\u00e1bado (12) com sol entre nuvens e m\u00e1ximas de 25\u00baC\"}]},{\"@type\":\"WebSite\",\"@id\":\"https:\/\/sulsc.com\/#website\",\"url\":\"https:\/\/sulsc.com\/\",\"name\":\"\",\"description\":\"\",\"potentialAction\":[{\"@type\":\"SearchAction\",\"target\":{\"@type\":\"EntryPoint\",\"urlTemplate\":\"https:\/\/sulsc.com\/?s={search_term_string}\"},\"query-input\":\"required name=search_term_string\"}],\"inLanguage\":\"en-US\"},{\"@type\":\"Person\",\"@id\":\"https:\/\/sulsc.com\/#\/schema\/person\/84d2fc571684f6248ba83092f07750a3\",\"name\":\"Reda\u00e7\u00e3o Sul SC\",\"image\":{\"@type\":\"ImageObject\",\"inLanguage\":\"en-US\",\"@id\":\"https:\/\/sulsc.com\/#\/schema\/person\/image\/e08d7fe2cc4ed596372063bbe852b8d0\",\"url\":\"https:\/\/sulsc.com\/wp-content\/uploads\/2023\/09\/redacao.png\",\"contentUrl\":\"https:\/\/sulsc.com\/wp-content\/uploads\/2023\/09\/redacao.png\",\"caption\":\"Reda\u00e7\u00e3o Sul SC\"},\"description\":\"Foco em um jornalismo imparcial, voltado \u00e0 qualidade dos seus conte\u00fados e, assim, levar informa\u00e7\u00e3o de valor que agregue \u00e0 vida dos leitores. Esta \u00e9 grande miss\u00e3o do Portal de Not\u00edcias Sul SC. N\u00e3o \u00e9 quantidade que muda o mundo, sempre foi e seguir\u00e1 sendo qualidade!\",\"sameAs\":[\"https:\/\/sulsc.com\/\",\"https:\/\/www.facebook.com\/profile.php?id=61559278119680\",\"https:\/\/www.instagram.com\/sulscportal\/?hl=pt-br\",\"https:\/\/twitter.com\/https:\/\/twitter.com\/PortalSulSC\",\"https:\/\/www.youtube.com\/channel\/UCv_BE8GeySluDov2n8qhVmw\"],\"url\":\"https:\/\/sulsc.com\/index.php\/author\/redacao\/\"}]}<\/script>\n<!-- \/ Yoast SEO plugin. -->","yoast_head_json":{"title":"S\u00e1bado (12) com sol entre nuvens e m\u00e1ximas de 25\u00baC -","description":"A agita\u00e7\u00e3o mar\u00edtima diminui em todo Litoral com ondas de sudeste leste entre 1,5 e 2,3 m","robots":{"index":"index","follow":"follow","max-snippet":"max-snippet:-1","max-image-preview":"max-image-preview:large","max-video-preview":"max-video-preview:-1"},"canonical":"https:\/\/sulsc.com\/index.php\/2025\/04\/12\/sabado-12-com-sol-entre-nuvens-e-maximas-de-25oc\/","og_locale":"en_US","og_type":"article","og_title":"S\u00e1bado (12) com sol entre nuvens e m\u00e1ximas de 25\u00baC -","og_description":"A agita\u00e7\u00e3o mar\u00edtima diminui em todo Litoral com ondas de sudeste leste entre 1,5 e 2,3 m","og_url":"https:\/\/sulsc.com\/index.php\/2025\/04\/12\/sabado-12-com-sol-entre-nuvens-e-maximas-de-25oc\/","article_author":"https:\/\/www.facebook.com\/profile.php?id=61559278119680","article_published_time":"2025-04-12T12:59:23+00:00","og_image":[{"width":1600,"height":719,"url":"http:\/\/sulsc.com\/wp-content\/uploads\/2025\/04\/8572b93d-6c05-49f0-b27e-98c3de382d9d.jpg","type":"image\/jpeg"}],"author":"Reda\u00e7\u00e3o Sul SC","twitter_card":"summary_large_image","twitter_creator":"@https:\/\/twitter.com\/PortalSulSC","twitter_misc":{"Written by":"Reda\u00e7\u00e3o Sul SC","Est. reading time":"2 minutes"},"schema":{"@context":"https:\/\/schema.org","@graph":[{"@type":"WebPage","@id":"https:\/\/sulsc.com\/index.php\/2025\/04\/12\/sabado-12-com-sol-entre-nuvens-e-maximas-de-25oc\/","url":"https:\/\/sulsc.com\/index.php\/2025\/04\/12\/sabado-12-com-sol-entre-nuvens-e-maximas-de-25oc\/","name":"S\u00e1bado (12) com sol entre nuvens e m\u00e1ximas de 25\u00baC -","isPartOf":{"@id":"https:\/\/sulsc.com\/#website"},"datePublished":"2025-04-12T12:59:23+00:00","dateModified":"2025-04-12T12:59:23+00:00","author":{"@id":"https:\/\/sulsc.com\/#\/schema\/person\/84d2fc571684f6248ba83092f07750a3"},"description":"A agita\u00e7\u00e3o mar\u00edtima diminui em todo Litoral com ondas de sudeste leste entre 1,5 e 2,3 m","breadcrumb":{"@id":"https:\/\/sulsc.com\/index.php\/2025\/04\/12\/sabado-12-com-sol-entre-nuvens-e-maximas-de-25oc\/#breadcrumb"},"inLanguage":"en-US","potentialAction":[{"@type":"ReadAction","target":["https:\/\/sulsc.com\/index.php\/2025\/04\/12\/sabado-12-com-sol-entre-nuvens-e-maximas-de-25oc\/"]}]},{"@type":"BreadcrumbList","@id":"https:\/\/sulsc.com\/index.php\/2025\/04\/12\/sabado-12-com-sol-entre-nuvens-e-maximas-de-25oc\/#breadcrumb","itemListElement":[{"@type":"ListItem","position":1,"name":"In\u00edcio","item":"https:\/\/sulsc.com\/"},{"@type":"ListItem","position":2,"name":"S\u00e1bado (12) com sol entre nuvens e m\u00e1ximas de 25\u00baC"}]},{"@type":"WebSite","@id":"https:\/\/sulsc.com\/#website","url":"https:\/\/sulsc.com\/","name":"","description":"","potentialAction":[{"@type":"SearchAction","target":{"@type":"EntryPoint","urlTemplate":"https:\/\/sulsc.com\/?s={search_term_string}"},"query-input":"required name=search_term_string"}],"inLanguage":"en-US"},{"@type":"Person","@id":"https:\/\/sulsc.com\/#\/schema\/person\/84d2fc571684f6248ba83092f07750a3","name":"Reda\u00e7\u00e3o Sul SC","image":{"@type":"ImageObject","inLanguage":"en-US","@id":"https:\/\/sulsc.com\/#\/schema\/person\/image\/e08d7fe2cc4ed596372063bbe852b8d0","url":"https:\/\/sulsc.com\/wp-content\/uploads\/2023\/09\/redacao.png","contentUrl":"https:\/\/sulsc.com\/wp-content\/uploads\/2023\/09\/redacao.png","caption":"Reda\u00e7\u00e3o Sul SC"},"description":"Foco em um jornalismo imparcial, voltado \u00e0 qualidade dos seus conte\u00fados e, assim, levar informa\u00e7\u00e3o de valor que agregue \u00e0 vida dos leitores. Esta \u00e9 grande miss\u00e3o do Portal de Not\u00edcias Sul SC. N\u00e3o \u00e9 quantidade que muda o mundo, sempre foi e seguir\u00e1 sendo qualidade!","sameAs":["https:\/\/sulsc.com\/","https:\/\/www.facebook.com\/profile.php?id=61559278119680","https:\/\/www.instagram.com\/sulscportal\/?hl=pt-br","https:\/\/twitter.com\/https:\/\/twitter.com\/PortalSulSC","https:\/\/www.youtube.com\/channel\/UCv_BE8GeySluDov2n8qhVmw"],"url":"https:\/\/sulsc.com\/index.php\/author\/redacao\/"}]}},"authors":[],"_links":{"self":[{"href":"https:\/\/sulsc.com\/index.php\/wp-json\/wp\/v2\/posts\/22536"}],"collection":[{"href":"https:\/\/sulsc.com\/index.php\/wp-json\/wp\/v2\/posts"}],"about":[{"href":"https:\/\/sulsc.com\/index.php\/wp-json\/wp\/v2\/types\/post"}],"author":[{"embeddable":true,"href":"https:\/\/sulsc.com\/index.php\/wp-json\/wp\/v2\/users\/3"}],"replies":[{"embeddable":true,"href":"https:\/\/sulsc.com\/index.php\/wp-json\/wp\/v2\/comments?post=22536"}],"version-history":[{"count":1,"href":"https:\/\/sulsc.com\/index.php\/wp-json\/wp\/v2\/posts\/22536\/revisions"}],"predecessor-version":[{"id":22540,"href":"https:\/\/sulsc.com\/index.php\/wp-json\/wp\/v2\/posts\/22536\/revisions\/22540"}],"wp:featuredmedia":[{"embeddable":true,"href":"https:\/\/sulsc.com\/index.php\/wp-json\/wp\/v2\/media\/22539"}],"wp:attachment":[{"href":"https:\/\/sulsc.com\/index.php\/wp-json\/wp\/v2\/media?parent=22536"}],"wp:term":[{"taxonomy":"category","embeddable":true,"href":"https:\/\/sulsc.com\/index.php\/wp-json\/wp\/v2\/categories?post=22536"},{"taxonomy":"post_tag","embeddable":true,"href":"https:\/\/sulsc.com\/index.php\/wp-json\/wp\/v2\/tags?post=22536"}],"curies":[{"name":"wp","href":"https:\/\/api.w.org\/{rel}","templated":true}]}}