{"id":22552,"date":"2025-04-13T08:52:01","date_gmt":"2025-04-13T11:52:01","guid":{"rendered":"https:\/\/sulsc.com\/?p=22552"},"modified":"2025-04-13T08:52:01","modified_gmt":"2025-04-13T11:52:01","slug":"tempo-instavel-com-periodo-de-melhoras-neste-domingo-13","status":"publish","type":"post","link":"https:\/\/sulsc.com\/index.php\/2025\/04\/13\/tempo-instavel-com-periodo-de-melhoras-neste-domingo-13\/","title":{"rendered":"Tempo inst\u00e1vel com per\u00edodo de melhoras neste domingo (13)"},"content":{"rendered":"<p>Neste domingo (13), a r\u00e1pida passagem de uma frente fria pelo estado, segue mantendo tempo inst\u00e1vel em todas as regi\u00f5es, com pancadas de chuva intercalando com per\u00edodos de melhoria. Al\u00e9m disso, h\u00e1 condi\u00e7\u00f5es favor\u00e1veis para forma\u00e7\u00e3o de temporais isolados, oferecendo risco baixo a moderado para ocorr\u00eancias associadas \u00e0 destelhamentos, danos na rede el\u00e9trica e alagamentos pontuais. A partir da noite, com o afastamento do sistema, o tempo volta a melhorar a partir das \u00e1reas pr\u00f3ximas \u00e0 divisa com o RS.<\/p>\n<p><img fetchpriority=\"high\" decoding=\"async\" class=\"aligncenter size-full wp-image-22553\" src=\"http:\/\/sulsc.com\/wp-content\/uploads\/2025\/04\/A-3.png\" alt=\"\" width=\"1317\" height=\"897\" srcset=\"https:\/\/sulsc.com\/wp-content\/uploads\/2025\/04\/A-3.png 1317w, https:\/\/sulsc.com\/wp-content\/uploads\/2025\/04\/A-3-300x204.png 300w, https:\/\/sulsc.com\/wp-content\/uploads\/2025\/04\/A-3-1024x697.png 1024w, https:\/\/sulsc.com\/wp-content\/uploads\/2025\/04\/A-3-768x523.png 768w\" sizes=\"(max-width: 1317px) 100vw, 1317px\" \/><\/p>\n<p><img decoding=\"async\" class=\"aligncenter  wp-image-22538\" src=\"http:\/\/sulsc.com\/wp-content\/uploads\/2025\/04\/Tempo-1.png\" alt=\"\" width=\"631\" height=\"116\" srcset=\"https:\/\/sulsc.com\/wp-content\/uploads\/2025\/04\/Tempo-1.png 1024w, https:\/\/sulsc.com\/wp-content\/uploads\/2025\/04\/Tempo-1-300x55.png 300w, https:\/\/sulsc.com\/wp-content\/uploads\/2025\/04\/Tempo-1-768x142.png 768w\" sizes=\"(max-width: 631px) 100vw, 631px\" \/><\/p>\n<p><strong>Temperaturas<\/strong><\/p>\n<p>No amanhecer, as temperaturas variam de 13\u00b0C a 18\u00b0C entre os Planaltos, Grande Oeste e Grd. Florian\u00f3polis Serrana e de 19\u00b0C a 22\u00b0C no Litoral. Durante \u00e0 tarde, oscilam entre 24\u00b0C e 28\u00b0C no Litoral e 17\u00b0C a 23\u00b0C entre os Planaltos e o Meio-Oeste. A agita\u00e7\u00e3o mar\u00edtima diminui, com ondas pr\u00f3ximas dos 1,5 m.<\/p>\n<p>Fonte\/Defesa Civil SC<\/p>\n","protected":false},"excerpt":{"rendered":"<p>Neste domingo (13), a r\u00e1pida passagem de uma frente fria pelo estado, segue mantendo tempo inst\u00e1vel em todas as regi\u00f5es, com pancadas de chuva intercalando com per\u00edodos de melhoria. Al\u00e9m disso, h\u00e1 condi\u00e7\u00f5es favor\u00e1veis para forma\u00e7\u00e3o de temporais isolados, oferecendo risco baixo a moderado para ocorr\u00eancias associadas \u00e0 destelhamentos, danos na rede el\u00e9trica e alagamentos &hellip;<\/p>\n<p class=\"read-more\"> <a class=\"\" href=\"https:\/\/sulsc.com\/index.php\/2025\/04\/13\/tempo-instavel-com-periodo-de-melhoras-neste-domingo-13\/\"> <span class=\"screen-reader-text\">Tempo inst\u00e1vel com per\u00edodo de melhoras neste domingo (13)<\/span> Read More &raquo;<\/a><\/p>\n","protected":false},"author":3,"featured_media":22554,"comment_status":"open","ping_status":"open","sticky":false,"template":"","format":"standard","meta":{"site-sidebar-layout":"default","site-content-layout":"","ast-site-content-layout":"default","site-content-style":"default","site-sidebar-style":"default","ast-global-header-display":"","ast-banner-title-visibility":"","ast-main-header-display":"","ast-hfb-above-header-display":"","ast-hfb-below-header-display":"","ast-hfb-mobile-header-display":"","site-post-title":"","ast-breadcrumbs-content":"","ast-featured-img":"","footer-sml-layout":"","theme-transparent-header-meta":"default","adv-header-id-meta":"","stick-header-meta":"","header-above-stick-meta":"","header-main-stick-meta":"","header-below-stick-meta":"","astra-migrate-meta-layouts":"set","footnotes":""},"categories":[38],"tags":[90],"yoast_head":"<!-- This site is optimized with the Yoast SEO plugin v21.4 - https:\/\/yoast.com\/wordpress\/plugins\/seo\/ -->\n<title>Tempo inst\u00e1vel com per\u00edodo de melhoras neste domingo (13) -<\/title>\n<meta name=\"description\" content=\"A partir da noite, com o afastamento do sistema, o tempo volta a melhorar a partir das \u00e1reas pr\u00f3ximas \u00e0 divisa com o RS\" \/>\n<meta name=\"robots\" content=\"index, follow, max-snippet:-1, max-image-preview:large, max-video-preview:-1\" \/>\n<link rel=\"canonical\" href=\"https:\/\/sulsc.com\/index.php\/2025\/04\/13\/tempo-instavel-com-periodo-de-melhoras-neste-domingo-13\/\" \/>\n<meta property=\"og:locale\" content=\"en_US\" \/>\n<meta property=\"og:type\" content=\"article\" \/>\n<meta property=\"og:title\" content=\"Tempo inst\u00e1vel com per\u00edodo de melhoras neste domingo (13) -\" \/>\n<meta property=\"og:description\" content=\"A partir da noite, com o afastamento do sistema, o tempo volta a melhorar a partir das \u00e1reas pr\u00f3ximas \u00e0 divisa com o RS\" \/>\n<meta property=\"og:url\" content=\"https:\/\/sulsc.com\/index.php\/2025\/04\/13\/tempo-instavel-com-periodo-de-melhoras-neste-domingo-13\/\" \/>\n<meta property=\"article:author\" content=\"https:\/\/www.facebook.com\/profile.php?id=61559278119680\" \/>\n<meta property=\"article:published_time\" content=\"2025-04-13T11:52:01+00:00\" \/>\n<meta property=\"og:image\" content=\"http:\/\/sulsc.com\/wp-content\/uploads\/2025\/04\/13e8f80a-5f22-4159-a245-8b61699a7d0b.jpg\" \/>\n\t<meta property=\"og:image:width\" content=\"719\" \/>\n\t<meta property=\"og:image:height\" content=\"1600\" \/>\n\t<meta property=\"og:image:type\" content=\"image\/jpeg\" \/>\n<meta name=\"author\" content=\"Reda\u00e7\u00e3o Sul SC\" \/>\n<meta name=\"twitter:card\" content=\"summary_large_image\" \/>\n<meta name=\"twitter:creator\" content=\"@https:\/\/twitter.com\/PortalSulSC\" \/>\n<meta name=\"twitter:label1\" content=\"Written by\" \/>\n\t<meta name=\"twitter:data1\" content=\"Reda\u00e7\u00e3o Sul SC\" \/>\n\t<meta name=\"twitter:label2\" content=\"Est. reading time\" \/>\n\t<meta name=\"twitter:data2\" content=\"2 minutes\" \/>\n<script type=\"application\/ld+json\" class=\"yoast-schema-graph\">{\"@context\":\"https:\/\/schema.org\",\"@graph\":[{\"@type\":\"WebPage\",\"@id\":\"https:\/\/sulsc.com\/index.php\/2025\/04\/13\/tempo-instavel-com-periodo-de-melhoras-neste-domingo-13\/\",\"url\":\"https:\/\/sulsc.com\/index.php\/2025\/04\/13\/tempo-instavel-com-periodo-de-melhoras-neste-domingo-13\/\",\"name\":\"Tempo inst\u00e1vel com per\u00edodo de melhoras neste domingo (13) -\",\"isPartOf\":{\"@id\":\"https:\/\/sulsc.com\/#website\"},\"datePublished\":\"2025-04-13T11:52:01+00:00\",\"dateModified\":\"2025-04-13T11:52:01+00:00\",\"author\":{\"@id\":\"https:\/\/sulsc.com\/#\/schema\/person\/84d2fc571684f6248ba83092f07750a3\"},\"description\":\"A partir da noite, com o afastamento do sistema, o tempo volta a melhorar a partir das \u00e1reas pr\u00f3ximas \u00e0 divisa com o RS\",\"breadcrumb\":{\"@id\":\"https:\/\/sulsc.com\/index.php\/2025\/04\/13\/tempo-instavel-com-periodo-de-melhoras-neste-domingo-13\/#breadcrumb\"},\"inLanguage\":\"en-US\",\"potentialAction\":[{\"@type\":\"ReadAction\",\"target\":[\"https:\/\/sulsc.com\/index.php\/2025\/04\/13\/tempo-instavel-com-periodo-de-melhoras-neste-domingo-13\/\"]}]},{\"@type\":\"BreadcrumbList\",\"@id\":\"https:\/\/sulsc.com\/index.php\/2025\/04\/13\/tempo-instavel-com-periodo-de-melhoras-neste-domingo-13\/#breadcrumb\",\"itemListElement\":[{\"@type\":\"ListItem\",\"position\":1,\"name\":\"In\u00edcio\",\"item\":\"https:\/\/sulsc.com\/\"},{\"@type\":\"ListItem\",\"position\":2,\"name\":\"Tempo inst\u00e1vel com per\u00edodo de melhoras neste domingo (13)\"}]},{\"@type\":\"WebSite\",\"@id\":\"https:\/\/sulsc.com\/#website\",\"url\":\"https:\/\/sulsc.com\/\",\"name\":\"\",\"description\":\"\",\"potentialAction\":[{\"@type\":\"SearchAction\",\"target\":{\"@type\":\"EntryPoint\",\"urlTemplate\":\"https:\/\/sulsc.com\/?s={search_term_string}\"},\"query-input\":\"required name=search_term_string\"}],\"inLanguage\":\"en-US\"},{\"@type\":\"Person\",\"@id\":\"https:\/\/sulsc.com\/#\/schema\/person\/84d2fc571684f6248ba83092f07750a3\",\"name\":\"Reda\u00e7\u00e3o Sul SC\",\"image\":{\"@type\":\"ImageObject\",\"inLanguage\":\"en-US\",\"@id\":\"https:\/\/sulsc.com\/#\/schema\/person\/image\/e08d7fe2cc4ed596372063bbe852b8d0\",\"url\":\"https:\/\/sulsc.com\/wp-content\/uploads\/2023\/09\/redacao.png\",\"contentUrl\":\"https:\/\/sulsc.com\/wp-content\/uploads\/2023\/09\/redacao.png\",\"caption\":\"Reda\u00e7\u00e3o Sul SC\"},\"description\":\"Foco em um jornalismo imparcial, voltado \u00e0 qualidade dos seus conte\u00fados e, assim, levar informa\u00e7\u00e3o de valor que agregue \u00e0 vida dos leitores. Esta \u00e9 grande miss\u00e3o do Portal de Not\u00edcias Sul SC. N\u00e3o \u00e9 quantidade que muda o mundo, sempre foi e seguir\u00e1 sendo qualidade!\",\"sameAs\":[\"https:\/\/sulsc.com\/\",\"https:\/\/www.facebook.com\/profile.php?id=61559278119680\",\"https:\/\/www.instagram.com\/sulscportal\/?hl=pt-br\",\"https:\/\/twitter.com\/https:\/\/twitter.com\/PortalSulSC\",\"https:\/\/www.youtube.com\/channel\/UCv_BE8GeySluDov2n8qhVmw\"],\"url\":\"https:\/\/sulsc.com\/index.php\/author\/redacao\/\"}]}<\/script>\n<!-- \/ Yoast SEO plugin. -->","yoast_head_json":{"title":"Tempo inst\u00e1vel com per\u00edodo de melhoras neste domingo (13) -","description":"A partir da noite, com o afastamento do sistema, o tempo volta a melhorar a partir das \u00e1reas pr\u00f3ximas \u00e0 divisa com o RS","robots":{"index":"index","follow":"follow","max-snippet":"max-snippet:-1","max-image-preview":"max-image-preview:large","max-video-preview":"max-video-preview:-1"},"canonical":"https:\/\/sulsc.com\/index.php\/2025\/04\/13\/tempo-instavel-com-periodo-de-melhoras-neste-domingo-13\/","og_locale":"en_US","og_type":"article","og_title":"Tempo inst\u00e1vel com per\u00edodo de melhoras neste domingo (13) -","og_description":"A partir da noite, com o afastamento do sistema, o tempo volta a melhorar a partir das \u00e1reas pr\u00f3ximas \u00e0 divisa com o RS","og_url":"https:\/\/sulsc.com\/index.php\/2025\/04\/13\/tempo-instavel-com-periodo-de-melhoras-neste-domingo-13\/","article_author":"https:\/\/www.facebook.com\/profile.php?id=61559278119680","article_published_time":"2025-04-13T11:52:01+00:00","og_image":[{"width":719,"height":1600,"url":"http:\/\/sulsc.com\/wp-content\/uploads\/2025\/04\/13e8f80a-5f22-4159-a245-8b61699a7d0b.jpg","type":"image\/jpeg"}],"author":"Reda\u00e7\u00e3o Sul SC","twitter_card":"summary_large_image","twitter_creator":"@https:\/\/twitter.com\/PortalSulSC","twitter_misc":{"Written by":"Reda\u00e7\u00e3o Sul SC","Est. reading time":"2 minutes"},"schema":{"@context":"https:\/\/schema.org","@graph":[{"@type":"WebPage","@id":"https:\/\/sulsc.com\/index.php\/2025\/04\/13\/tempo-instavel-com-periodo-de-melhoras-neste-domingo-13\/","url":"https:\/\/sulsc.com\/index.php\/2025\/04\/13\/tempo-instavel-com-periodo-de-melhoras-neste-domingo-13\/","name":"Tempo inst\u00e1vel com per\u00edodo de melhoras neste domingo (13) -","isPartOf":{"@id":"https:\/\/sulsc.com\/#website"},"datePublished":"2025-04-13T11:52:01+00:00","dateModified":"2025-04-13T11:52:01+00:00","author":{"@id":"https:\/\/sulsc.com\/#\/schema\/person\/84d2fc571684f6248ba83092f07750a3"},"description":"A partir da noite, com o afastamento do sistema, o tempo volta a melhorar a partir das \u00e1reas pr\u00f3ximas \u00e0 divisa com o RS","breadcrumb":{"@id":"https:\/\/sulsc.com\/index.php\/2025\/04\/13\/tempo-instavel-com-periodo-de-melhoras-neste-domingo-13\/#breadcrumb"},"inLanguage":"en-US","potentialAction":[{"@type":"ReadAction","target":["https:\/\/sulsc.com\/index.php\/2025\/04\/13\/tempo-instavel-com-periodo-de-melhoras-neste-domingo-13\/"]}]},{"@type":"BreadcrumbList","@id":"https:\/\/sulsc.com\/index.php\/2025\/04\/13\/tempo-instavel-com-periodo-de-melhoras-neste-domingo-13\/#breadcrumb","itemListElement":[{"@type":"ListItem","position":1,"name":"In\u00edcio","item":"https:\/\/sulsc.com\/"},{"@type":"ListItem","position":2,"name":"Tempo inst\u00e1vel com per\u00edodo de melhoras neste domingo (13)"}]},{"@type":"WebSite","@id":"https:\/\/sulsc.com\/#website","url":"https:\/\/sulsc.com\/","name":"","description":"","potentialAction":[{"@type":"SearchAction","target":{"@type":"EntryPoint","urlTemplate":"https:\/\/sulsc.com\/?s={search_term_string}"},"query-input":"required name=search_term_string"}],"inLanguage":"en-US"},{"@type":"Person","@id":"https:\/\/sulsc.com\/#\/schema\/person\/84d2fc571684f6248ba83092f07750a3","name":"Reda\u00e7\u00e3o Sul SC","image":{"@type":"ImageObject","inLanguage":"en-US","@id":"https:\/\/sulsc.com\/#\/schema\/person\/image\/e08d7fe2cc4ed596372063bbe852b8d0","url":"https:\/\/sulsc.com\/wp-content\/uploads\/2023\/09\/redacao.png","contentUrl":"https:\/\/sulsc.com\/wp-content\/uploads\/2023\/09\/redacao.png","caption":"Reda\u00e7\u00e3o Sul SC"},"description":"Foco em um jornalismo imparcial, voltado \u00e0 qualidade dos seus conte\u00fados e, assim, levar informa\u00e7\u00e3o de valor que agregue \u00e0 vida dos leitores. Esta \u00e9 grande miss\u00e3o do Portal de Not\u00edcias Sul SC. N\u00e3o \u00e9 quantidade que muda o mundo, sempre foi e seguir\u00e1 sendo qualidade!","sameAs":["https:\/\/sulsc.com\/","https:\/\/www.facebook.com\/profile.php?id=61559278119680","https:\/\/www.instagram.com\/sulscportal\/?hl=pt-br","https:\/\/twitter.com\/https:\/\/twitter.com\/PortalSulSC","https:\/\/www.youtube.com\/channel\/UCv_BE8GeySluDov2n8qhVmw"],"url":"https:\/\/sulsc.com\/index.php\/author\/redacao\/"}]}},"authors":[],"_links":{"self":[{"href":"https:\/\/sulsc.com\/index.php\/wp-json\/wp\/v2\/posts\/22552"}],"collection":[{"href":"https:\/\/sulsc.com\/index.php\/wp-json\/wp\/v2\/posts"}],"about":[{"href":"https:\/\/sulsc.com\/index.php\/wp-json\/wp\/v2\/types\/post"}],"author":[{"embeddable":true,"href":"https:\/\/sulsc.com\/index.php\/wp-json\/wp\/v2\/users\/3"}],"replies":[{"embeddable":true,"href":"https:\/\/sulsc.com\/index.php\/wp-json\/wp\/v2\/comments?post=22552"}],"version-history":[{"count":1,"href":"https:\/\/sulsc.com\/index.php\/wp-json\/wp\/v2\/posts\/22552\/revisions"}],"predecessor-version":[{"id":22555,"href":"https:\/\/sulsc.com\/index.php\/wp-json\/wp\/v2\/posts\/22552\/revisions\/22555"}],"wp:featuredmedia":[{"embeddable":true,"href":"https:\/\/sulsc.com\/index.php\/wp-json\/wp\/v2\/media\/22554"}],"wp:attachment":[{"href":"https:\/\/sulsc.com\/index.php\/wp-json\/wp\/v2\/media?parent=22552"}],"wp:term":[{"taxonomy":"category","embeddable":true,"href":"https:\/\/sulsc.com\/index.php\/wp-json\/wp\/v2\/categories?post=22552"},{"taxonomy":"post_tag","embeddable":true,"href":"https:\/\/sulsc.com\/index.php\/wp-json\/wp\/v2\/tags?post=22552"}],"curies":[{"name":"wp","href":"https:\/\/api.w.org\/{rel}","templated":true}]}}