{"id":2258,"date":"2023-10-13T11:00:48","date_gmt":"2023-10-13T14:00:48","guid":{"rendered":"https:\/\/sulsc.com\/?p=2258"},"modified":"2023-10-13T10:29:03","modified_gmt":"2023-10-13T13:29:03","slug":"credito-subsidiado-do-fundo-garantidor-deve-ser-destinado-para-recuperacao-dos-pequenos-negocios-atingidos-pelas-enchentes-em-sc","status":"publish","type":"post","link":"https:\/\/sulsc.com\/index.php\/2023\/10\/13\/credito-subsidiado-do-fundo-garantidor-deve-ser-destinado-para-recuperacao-dos-pequenos-negocios-atingidos-pelas-enchentes-em-sc\/","title":{"rendered":"Cr\u00e9dito subsidiado do Fundo Garantidor deve ser destinado para recupera\u00e7\u00e3o dos pequenos neg\u00f3cios atingidos pelas enchentes em SC"},"content":{"rendered":"<p>O presidente do Sebrae Nacional, D\u00e9cio Lima, afirmou hoje pela manh\u00e3, na entrevista coletiva concedida na Prefeitura de Blumenau com a participa\u00e7\u00e3o dos ministros Waldez G\u00f3es, da Integra\u00e7\u00e3o e Desenvolvimento Regional; e Marina Silva, do Meio Ambiente e Mudan\u00e7a Clim\u00e1tica, que os empreendedores de micro e pequenas empresas, que tiveram seus estabelecimentos atingidos pelas cheias em Santa Catarina, ter\u00e3o acesso aos recursos do fundo garantidor com cr\u00e9dito subsidiado para recuperar os estragos causados pelas enchentes.<\/p>\n<p>\u201c\u00c9 uma vertente distinta da voracidade do mercado financeiro, com juros mais baixos. Mas essa \u00e9 uma atividade posterior, porque, nesse momento, n\u00f3s temos que cuidar das vidas e trazer um processo de recupera\u00e7\u00e3o dos munic\u00edpios. Estamos, todos n\u00f3s aqui juntos, e por isso minha presen\u00e7a aqui, n\u00e3o \u00e9 s\u00f3 na condi\u00e7\u00e3o de presidente do Sebrae. Estou aqui para dar o meu apoio \u00e0 presen\u00e7a imprescind\u00edvel da representa\u00e7\u00e3o do governo do presidente Lula pelo ministro Waldez e pela ministra Marina\u201d, afirmou D\u00e9cio Lima.<\/p>\n<p>Segundo ele, o presidente Lula determinou a realiza\u00e7\u00e3o da visita dos ministros a Santa Catarina para dizer \u00e0 popula\u00e7\u00e3o catarinense que o governo federal est\u00e1 presente nesse momento dif\u00edcil em virtude das chuvas. \u201cO presidente Lula s\u00f3 n\u00e3o est\u00e1 aqui por causa de sua convalesc\u00eancia. Ele esteve aqui em Blumenau, em 2008, quando tivemos um acontecimento muito pior, infelizmente, registrado at\u00e9 o momento. Estamos aqui para dizer ao povo de Santa Catarina que estamos juntos, numa sinergia, diante de todos os acontecimentos para trazer resultados por parte do governo federal tanto na prote\u00e7\u00e3o das vidas, como nos estragos decorrentes de uma situa\u00e7\u00e3o dessa natureza\u201d, destacou.<\/p>\n<p>O ministro Waldez G\u00f3es e a ministra Marina Silva desembarcaram com D\u00e9cio Lima e o governador catarinense, Jorginho Mello, e o secret\u00e1rio nacional de prote\u00e7\u00e3o e Defesa Civil, Wolney Wolff Barreiros, num voo da FAB, por volta das 8h45min desta quarta-feira, no aeroporto de Navegantes, vindo de Bras\u00edlia. L\u00e1, embarcaram em um helic\u00f3ptero que fez um sobrevoo pelos pontos mais cr\u00edticos de Blumenau, principalmente na regi\u00e3o do Morro da Pedreira, na Ponta Aguda, uma \u00e1rea com risco de deslizamento.<\/p>\n<p>Depois de descer no campo do Sesi de Blumenau, eles se dirigiram para a sede da Prefeitura Municipal, onde os ministros mantiveram uma reuni\u00e3o com prefeitos de oito das 14 cidades da Associa\u00e7\u00e3o dos Munic\u00edpios do Vale Europeu. Os prefeitos falaram dos estragos causados em suas cidades, principalmente quanto \u00e0s encostas e barreiras, e receberam as informa\u00e7\u00f5es sobre os procedimentos a serem adotados para o recebimento de recursos emergenciais por parte dos minist\u00e9rios e \u00f3rg\u00e3os federais.<\/p>\n<p>A deputada federal, Ana Paula Lima, vice- l\u00edder do governo federal afirmou que a prioridade no primeiro momento \u00e9 a ajuda humanit\u00e1ria. \u201cO governo federal vai dispor o que for preciso para a necessidade da popula\u00e7\u00e3o. Nossa prioridade \u00e9 proteger vidas reestabelecer o direito de ir e vir e reconstruir os munic\u00edpios\u201d.<\/p>\n","protected":false},"excerpt":{"rendered":"<p>O presidente do Sebrae Nacional, D\u00e9cio Lima, afirmou hoje pela manh\u00e3, na entrevista coletiva concedida na Prefeitura de Blumenau com a participa\u00e7\u00e3o dos ministros Waldez G\u00f3es, da Integra\u00e7\u00e3o e Desenvolvimento Regional; e Marina Silva, do Meio Ambiente e Mudan\u00e7a Clim\u00e1tica, que os empreendedores de micro e pequenas empresas, que tiveram seus estabelecimentos atingidos pelas cheias &hellip;<\/p>\n<p class=\"read-more\"> <a class=\"\" href=\"https:\/\/sulsc.com\/index.php\/2023\/10\/13\/credito-subsidiado-do-fundo-garantidor-deve-ser-destinado-para-recuperacao-dos-pequenos-negocios-atingidos-pelas-enchentes-em-sc\/\"> <span class=\"screen-reader-text\">Cr\u00e9dito subsidiado do Fundo Garantidor deve ser destinado para recupera\u00e7\u00e3o dos pequenos neg\u00f3cios atingidos pelas enchentes em SC<\/span> Read More &raquo;<\/a><\/p>\n","protected":false},"author":3,"featured_media":2259,"comment_status":"open","ping_status":"open","sticky":false,"template":"","format":"standard","meta":{"site-sidebar-layout":"default","site-content-layout":"","ast-site-content-layout":"default","site-content-style":"default","site-sidebar-style":"default","ast-global-header-display":"","ast-banner-title-visibility":"","ast-main-header-display":"","ast-hfb-above-header-display":"","ast-hfb-below-header-display":"","ast-hfb-mobile-header-display":"","site-post-title":"","ast-breadcrumbs-content":"","ast-featured-img":"","footer-sml-layout":"","theme-transparent-header-meta":"default","adv-header-id-meta":"","stick-header-meta":"","header-above-stick-meta":"","header-main-stick-meta":"","header-below-stick-meta":"","astra-migrate-meta-layouts":"set","footnotes":""},"categories":[1],"tags":[],"yoast_head":"<!-- This site is optimized with the Yoast SEO plugin v21.4 - https:\/\/yoast.com\/wordpress\/plugins\/seo\/ -->\n<title>Cr\u00e9dito subsidiado do Fundo Garantidor deve ser destinado para recupera\u00e7\u00e3o dos pequenos neg\u00f3cios atingidos pelas enchentes em SC -<\/title>\n<meta name=\"robots\" content=\"index, follow, max-snippet:-1, max-image-preview:large, max-video-preview:-1\" \/>\n<link rel=\"canonical\" href=\"https:\/\/sulsc.com\/index.php\/2023\/10\/13\/credito-subsidiado-do-fundo-garantidor-deve-ser-destinado-para-recuperacao-dos-pequenos-negocios-atingidos-pelas-enchentes-em-sc\/\" \/>\n<meta property=\"og:locale\" content=\"en_US\" \/>\n<meta property=\"og:type\" content=\"article\" \/>\n<meta property=\"og:title\" content=\"Cr\u00e9dito subsidiado do Fundo Garantidor deve ser destinado para recupera\u00e7\u00e3o dos pequenos neg\u00f3cios atingidos pelas enchentes em SC -\" \/>\n<meta property=\"og:description\" content=\"O presidente do Sebrae Nacional, D\u00e9cio Lima, afirmou hoje pela manh\u00e3, na entrevista coletiva concedida na Prefeitura de Blumenau com a participa\u00e7\u00e3o dos ministros Waldez G\u00f3es, da Integra\u00e7\u00e3o e Desenvolvimento Regional; e Marina Silva, do Meio Ambiente e Mudan\u00e7a Clim\u00e1tica, que os empreendedores de micro e pequenas empresas, que tiveram seus estabelecimentos atingidos pelas cheias &hellip; Cr\u00e9dito subsidiado do Fundo Garantidor deve ser destinado para recupera\u00e7\u00e3o dos pequenos neg\u00f3cios atingidos pelas enchentes em SC Read More &raquo;\" \/>\n<meta property=\"og:url\" content=\"https:\/\/sulsc.com\/index.php\/2023\/10\/13\/credito-subsidiado-do-fundo-garantidor-deve-ser-destinado-para-recuperacao-dos-pequenos-negocios-atingidos-pelas-enchentes-em-sc\/\" \/>\n<meta property=\"article:author\" content=\"https:\/\/www.facebook.com\/profile.php?id=61559278119680\" \/>\n<meta property=\"article:published_time\" content=\"2023-10-13T14:00:48+00:00\" \/>\n<meta property=\"article:modified_time\" content=\"2023-10-13T13:29:03+00:00\" \/>\n<meta property=\"og:image\" content=\"https:\/\/sulsc.com\/wp-content\/uploads\/2023\/10\/WhatsApp-Image-2023-10-13-at-10.09.05.jpeg\" \/>\n\t<meta property=\"og:image:width\" content=\"1024\" \/>\n\t<meta property=\"og:image:height\" content=\"683\" \/>\n\t<meta property=\"og:image:type\" content=\"image\/jpeg\" \/>\n<meta name=\"author\" content=\"Reda\u00e7\u00e3o Sul SC\" \/>\n<meta name=\"twitter:card\" content=\"summary_large_image\" \/>\n<meta name=\"twitter:creator\" content=\"@https:\/\/twitter.com\/PortalSulSC\" \/>\n<meta name=\"twitter:label1\" content=\"Written by\" \/>\n\t<meta name=\"twitter:data1\" content=\"Reda\u00e7\u00e3o Sul SC\" \/>\n\t<meta name=\"twitter:label2\" content=\"Est. reading time\" \/>\n\t<meta name=\"twitter:data2\" content=\"3 minutes\" \/>\n<script type=\"application\/ld+json\" class=\"yoast-schema-graph\">{\"@context\":\"https:\/\/schema.org\",\"@graph\":[{\"@type\":\"WebPage\",\"@id\":\"https:\/\/sulsc.com\/index.php\/2023\/10\/13\/credito-subsidiado-do-fundo-garantidor-deve-ser-destinado-para-recuperacao-dos-pequenos-negocios-atingidos-pelas-enchentes-em-sc\/\",\"url\":\"https:\/\/sulsc.com\/index.php\/2023\/10\/13\/credito-subsidiado-do-fundo-garantidor-deve-ser-destinado-para-recuperacao-dos-pequenos-negocios-atingidos-pelas-enchentes-em-sc\/\",\"name\":\"Cr\u00e9dito subsidiado do Fundo Garantidor deve ser destinado para recupera\u00e7\u00e3o dos pequenos neg\u00f3cios atingidos pelas enchentes em SC -\",\"isPartOf\":{\"@id\":\"https:\/\/sulsc.com\/#website\"},\"datePublished\":\"2023-10-13T14:00:48+00:00\",\"dateModified\":\"2023-10-13T13:29:03+00:00\",\"author\":{\"@id\":\"https:\/\/sulsc.com\/#\/schema\/person\/84d2fc571684f6248ba83092f07750a3\"},\"breadcrumb\":{\"@id\":\"https:\/\/sulsc.com\/index.php\/2023\/10\/13\/credito-subsidiado-do-fundo-garantidor-deve-ser-destinado-para-recuperacao-dos-pequenos-negocios-atingidos-pelas-enchentes-em-sc\/#breadcrumb\"},\"inLanguage\":\"en-US\",\"potentialAction\":[{\"@type\":\"ReadAction\",\"target\":[\"https:\/\/sulsc.com\/index.php\/2023\/10\/13\/credito-subsidiado-do-fundo-garantidor-deve-ser-destinado-para-recuperacao-dos-pequenos-negocios-atingidos-pelas-enchentes-em-sc\/\"]}]},{\"@type\":\"BreadcrumbList\",\"@id\":\"https:\/\/sulsc.com\/index.php\/2023\/10\/13\/credito-subsidiado-do-fundo-garantidor-deve-ser-destinado-para-recuperacao-dos-pequenos-negocios-atingidos-pelas-enchentes-em-sc\/#breadcrumb\",\"itemListElement\":[{\"@type\":\"ListItem\",\"position\":1,\"name\":\"In\u00edcio\",\"item\":\"https:\/\/sulsc.com\/\"},{\"@type\":\"ListItem\",\"position\":2,\"name\":\"Cr\u00e9dito subsidiado do Fundo Garantidor deve ser destinado para recupera\u00e7\u00e3o dos pequenos neg\u00f3cios atingidos pelas enchentes em SC\"}]},{\"@type\":\"WebSite\",\"@id\":\"https:\/\/sulsc.com\/#website\",\"url\":\"https:\/\/sulsc.com\/\",\"name\":\"\",\"description\":\"\",\"potentialAction\":[{\"@type\":\"SearchAction\",\"target\":{\"@type\":\"EntryPoint\",\"urlTemplate\":\"https:\/\/sulsc.com\/?s={search_term_string}\"},\"query-input\":\"required name=search_term_string\"}],\"inLanguage\":\"en-US\"},{\"@type\":\"Person\",\"@id\":\"https:\/\/sulsc.com\/#\/schema\/person\/84d2fc571684f6248ba83092f07750a3\",\"name\":\"Reda\u00e7\u00e3o Sul SC\",\"image\":{\"@type\":\"ImageObject\",\"inLanguage\":\"en-US\",\"@id\":\"https:\/\/sulsc.com\/#\/schema\/person\/image\/e08d7fe2cc4ed596372063bbe852b8d0\",\"url\":\"https:\/\/sulsc.com\/wp-content\/uploads\/2023\/09\/redacao.png\",\"contentUrl\":\"https:\/\/sulsc.com\/wp-content\/uploads\/2023\/09\/redacao.png\",\"caption\":\"Reda\u00e7\u00e3o Sul SC\"},\"description\":\"Foco em um jornalismo imparcial, voltado \u00e0 qualidade dos seus conte\u00fados e, assim, levar informa\u00e7\u00e3o de valor que agregue \u00e0 vida dos leitores. Esta \u00e9 grande miss\u00e3o do Portal de Not\u00edcias Sul SC. N\u00e3o \u00e9 quantidade que muda o mundo, sempre foi e seguir\u00e1 sendo qualidade!\",\"sameAs\":[\"https:\/\/sulsc.com\/\",\"https:\/\/www.facebook.com\/profile.php?id=61559278119680\",\"https:\/\/www.instagram.com\/sulscportal\/?hl=pt-br\",\"https:\/\/twitter.com\/https:\/\/twitter.com\/PortalSulSC\",\"https:\/\/www.youtube.com\/channel\/UCv_BE8GeySluDov2n8qhVmw\"],\"url\":\"https:\/\/sulsc.com\/index.php\/author\/redacao\/\"}]}<\/script>\n<!-- \/ Yoast SEO plugin. -->","yoast_head_json":{"title":"Cr\u00e9dito subsidiado do Fundo Garantidor deve ser destinado para recupera\u00e7\u00e3o dos pequenos neg\u00f3cios atingidos pelas enchentes em SC -","robots":{"index":"index","follow":"follow","max-snippet":"max-snippet:-1","max-image-preview":"max-image-preview:large","max-video-preview":"max-video-preview:-1"},"canonical":"https:\/\/sulsc.com\/index.php\/2023\/10\/13\/credito-subsidiado-do-fundo-garantidor-deve-ser-destinado-para-recuperacao-dos-pequenos-negocios-atingidos-pelas-enchentes-em-sc\/","og_locale":"en_US","og_type":"article","og_title":"Cr\u00e9dito subsidiado do Fundo Garantidor deve ser destinado para recupera\u00e7\u00e3o dos pequenos neg\u00f3cios atingidos pelas enchentes em SC -","og_description":"O presidente do Sebrae Nacional, D\u00e9cio Lima, afirmou hoje pela manh\u00e3, na entrevista coletiva concedida na Prefeitura de Blumenau com a participa\u00e7\u00e3o dos ministros Waldez G\u00f3es, da Integra\u00e7\u00e3o e Desenvolvimento Regional; e Marina Silva, do Meio Ambiente e Mudan\u00e7a Clim\u00e1tica, que os empreendedores de micro e pequenas empresas, que tiveram seus estabelecimentos atingidos pelas cheias &hellip; Cr\u00e9dito subsidiado do Fundo Garantidor deve ser destinado para recupera\u00e7\u00e3o dos pequenos neg\u00f3cios atingidos pelas enchentes em SC Read More &raquo;","og_url":"https:\/\/sulsc.com\/index.php\/2023\/10\/13\/credito-subsidiado-do-fundo-garantidor-deve-ser-destinado-para-recuperacao-dos-pequenos-negocios-atingidos-pelas-enchentes-em-sc\/","article_author":"https:\/\/www.facebook.com\/profile.php?id=61559278119680","article_published_time":"2023-10-13T14:00:48+00:00","article_modified_time":"2023-10-13T13:29:03+00:00","og_image":[{"width":1024,"height":683,"url":"https:\/\/sulsc.com\/wp-content\/uploads\/2023\/10\/WhatsApp-Image-2023-10-13-at-10.09.05.jpeg","type":"image\/jpeg"}],"author":"Reda\u00e7\u00e3o Sul SC","twitter_card":"summary_large_image","twitter_creator":"@https:\/\/twitter.com\/PortalSulSC","twitter_misc":{"Written by":"Reda\u00e7\u00e3o Sul SC","Est. reading time":"3 minutes"},"schema":{"@context":"https:\/\/schema.org","@graph":[{"@type":"WebPage","@id":"https:\/\/sulsc.com\/index.php\/2023\/10\/13\/credito-subsidiado-do-fundo-garantidor-deve-ser-destinado-para-recuperacao-dos-pequenos-negocios-atingidos-pelas-enchentes-em-sc\/","url":"https:\/\/sulsc.com\/index.php\/2023\/10\/13\/credito-subsidiado-do-fundo-garantidor-deve-ser-destinado-para-recuperacao-dos-pequenos-negocios-atingidos-pelas-enchentes-em-sc\/","name":"Cr\u00e9dito subsidiado do Fundo Garantidor deve ser destinado para recupera\u00e7\u00e3o dos pequenos neg\u00f3cios atingidos pelas enchentes em SC -","isPartOf":{"@id":"https:\/\/sulsc.com\/#website"},"datePublished":"2023-10-13T14:00:48+00:00","dateModified":"2023-10-13T13:29:03+00:00","author":{"@id":"https:\/\/sulsc.com\/#\/schema\/person\/84d2fc571684f6248ba83092f07750a3"},"breadcrumb":{"@id":"https:\/\/sulsc.com\/index.php\/2023\/10\/13\/credito-subsidiado-do-fundo-garantidor-deve-ser-destinado-para-recuperacao-dos-pequenos-negocios-atingidos-pelas-enchentes-em-sc\/#breadcrumb"},"inLanguage":"en-US","potentialAction":[{"@type":"ReadAction","target":["https:\/\/sulsc.com\/index.php\/2023\/10\/13\/credito-subsidiado-do-fundo-garantidor-deve-ser-destinado-para-recuperacao-dos-pequenos-negocios-atingidos-pelas-enchentes-em-sc\/"]}]},{"@type":"BreadcrumbList","@id":"https:\/\/sulsc.com\/index.php\/2023\/10\/13\/credito-subsidiado-do-fundo-garantidor-deve-ser-destinado-para-recuperacao-dos-pequenos-negocios-atingidos-pelas-enchentes-em-sc\/#breadcrumb","itemListElement":[{"@type":"ListItem","position":1,"name":"In\u00edcio","item":"https:\/\/sulsc.com\/"},{"@type":"ListItem","position":2,"name":"Cr\u00e9dito subsidiado do Fundo Garantidor deve ser destinado para recupera\u00e7\u00e3o dos pequenos neg\u00f3cios atingidos pelas enchentes em SC"}]},{"@type":"WebSite","@id":"https:\/\/sulsc.com\/#website","url":"https:\/\/sulsc.com\/","name":"","description":"","potentialAction":[{"@type":"SearchAction","target":{"@type":"EntryPoint","urlTemplate":"https:\/\/sulsc.com\/?s={search_term_string}"},"query-input":"required name=search_term_string"}],"inLanguage":"en-US"},{"@type":"Person","@id":"https:\/\/sulsc.com\/#\/schema\/person\/84d2fc571684f6248ba83092f07750a3","name":"Reda\u00e7\u00e3o Sul SC","image":{"@type":"ImageObject","inLanguage":"en-US","@id":"https:\/\/sulsc.com\/#\/schema\/person\/image\/e08d7fe2cc4ed596372063bbe852b8d0","url":"https:\/\/sulsc.com\/wp-content\/uploads\/2023\/09\/redacao.png","contentUrl":"https:\/\/sulsc.com\/wp-content\/uploads\/2023\/09\/redacao.png","caption":"Reda\u00e7\u00e3o Sul SC"},"description":"Foco em um jornalismo imparcial, voltado \u00e0 qualidade dos seus conte\u00fados e, assim, levar informa\u00e7\u00e3o de valor que agregue \u00e0 vida dos leitores. Esta \u00e9 grande miss\u00e3o do Portal de Not\u00edcias Sul SC. N\u00e3o \u00e9 quantidade que muda o mundo, sempre foi e seguir\u00e1 sendo qualidade!","sameAs":["https:\/\/sulsc.com\/","https:\/\/www.facebook.com\/profile.php?id=61559278119680","https:\/\/www.instagram.com\/sulscportal\/?hl=pt-br","https:\/\/twitter.com\/https:\/\/twitter.com\/PortalSulSC","https:\/\/www.youtube.com\/channel\/UCv_BE8GeySluDov2n8qhVmw"],"url":"https:\/\/sulsc.com\/index.php\/author\/redacao\/"}]}},"authors":[],"_links":{"self":[{"href":"https:\/\/sulsc.com\/index.php\/wp-json\/wp\/v2\/posts\/2258"}],"collection":[{"href":"https:\/\/sulsc.com\/index.php\/wp-json\/wp\/v2\/posts"}],"about":[{"href":"https:\/\/sulsc.com\/index.php\/wp-json\/wp\/v2\/types\/post"}],"author":[{"embeddable":true,"href":"https:\/\/sulsc.com\/index.php\/wp-json\/wp\/v2\/users\/3"}],"replies":[{"embeddable":true,"href":"https:\/\/sulsc.com\/index.php\/wp-json\/wp\/v2\/comments?post=2258"}],"version-history":[{"count":1,"href":"https:\/\/sulsc.com\/index.php\/wp-json\/wp\/v2\/posts\/2258\/revisions"}],"predecessor-version":[{"id":2260,"href":"https:\/\/sulsc.com\/index.php\/wp-json\/wp\/v2\/posts\/2258\/revisions\/2260"}],"wp:featuredmedia":[{"embeddable":true,"href":"https:\/\/sulsc.com\/index.php\/wp-json\/wp\/v2\/media\/2259"}],"wp:attachment":[{"href":"https:\/\/sulsc.com\/index.php\/wp-json\/wp\/v2\/media?parent=2258"}],"wp:term":[{"taxonomy":"category","embeddable":true,"href":"https:\/\/sulsc.com\/index.php\/wp-json\/wp\/v2\/categories?post=2258"},{"taxonomy":"post_tag","embeddable":true,"href":"https:\/\/sulsc.com\/index.php\/wp-json\/wp\/v2\/tags?post=2258"}],"curies":[{"name":"wp","href":"https:\/\/api.w.org\/{rel}","templated":true}]}}