{"id":22609,"date":"2025-04-15T08:07:47","date_gmt":"2025-04-15T11:07:47","guid":{"rendered":"https:\/\/sulsc.com\/?p=22609"},"modified":"2025-04-15T08:07:47","modified_gmt":"2025-04-15T11:07:47","slug":"terca-feira-15-de-sol-mas-com-predominio-de-nebulosidade-no-periodo-da-tarde","status":"publish","type":"post","link":"https:\/\/sulsc.com\/index.php\/2025\/04\/15\/terca-feira-15-de-sol-mas-com-predominio-de-nebulosidade-no-periodo-da-tarde\/","title":{"rendered":"Ter\u00e7a-feira (15) de sol mas com predom\u00ednio de nebulosidade no per\u00edodo da tarde"},"content":{"rendered":"<p>A ter\u00e7a-feira (15) come\u00e7a com presen\u00e7a de sol em toda SC, mas, no decorrer da manh\u00e3, a nebulosidade aumenta no Grande Oeste e h\u00e1 condi\u00e7\u00f5es para pancadas de chuva e temporais isolados (com raios, rajadas de vento e eventual queda de granizo), que se estendem at\u00e9 os planaltos entre a tarde e a noite.<\/p>\n<p><img fetchpriority=\"high\" decoding=\"async\" class=\"aligncenter size-full wp-image-22610\" src=\"http:\/\/sulsc.com\/wp-content\/uploads\/2025\/04\/A-4.png\" alt=\"\" width=\"1024\" height=\"694\" srcset=\"https:\/\/sulsc.com\/wp-content\/uploads\/2025\/04\/A-4.png 1024w, https:\/\/sulsc.com\/wp-content\/uploads\/2025\/04\/A-4-300x203.png 300w, https:\/\/sulsc.com\/wp-content\/uploads\/2025\/04\/A-4-768x521.png 768w\" sizes=\"(max-width: 1024px) 100vw, 1024px\" \/><\/p>\n<p><img decoding=\"async\" class=\"aligncenter  wp-image-22538\" src=\"http:\/\/sulsc.com\/wp-content\/uploads\/2025\/04\/Tempo-1.png\" alt=\"\" width=\"631\" height=\"116\" srcset=\"https:\/\/sulsc.com\/wp-content\/uploads\/2025\/04\/Tempo-1.png 1024w, https:\/\/sulsc.com\/wp-content\/uploads\/2025\/04\/Tempo-1-300x55.png 300w, https:\/\/sulsc.com\/wp-content\/uploads\/2025\/04\/Tempo-1-768x142.png 768w\" sizes=\"(max-width: 631px) 100vw, 631px\" \/><\/p>\n<p>No litoral, a chance de chuva \u00e9 menor devido a um sistema de baixa press\u00e3o. O risco \u00e9 baixo a moderado para ocorr\u00eancias associadas a alagamentos, enxurradas pontuais, destelhamentos e danos na rede el\u00e9trica. Nas demais regi\u00f5es, h\u00e1 presen\u00e7a de sol, varia\u00e7\u00e3o de nuvens e chance de chuva isolada no final do dia.<\/p>\n<p><strong>Temperaturas<\/strong><\/p>\n<p>\u00c0 tarde, as temperaturas se aproximam dos 26\u00b0C no Oeste e oscilam entre 23\u00b0C e 25\u00b0C no Litoral.<\/p>\n<p>Fonte\/Defesa Civil SC<\/p>\n","protected":false},"excerpt":{"rendered":"<p>A ter\u00e7a-feira (15) come\u00e7a com presen\u00e7a de sol em toda SC, mas, no decorrer da manh\u00e3, a nebulosidade aumenta no Grande Oeste e h\u00e1 condi\u00e7\u00f5es para pancadas de chuva e temporais isolados (com raios, rajadas de vento e eventual queda de granizo), que se estendem at\u00e9 os planaltos entre a tarde e a noite. No &hellip;<\/p>\n<p class=\"read-more\"> <a class=\"\" href=\"https:\/\/sulsc.com\/index.php\/2025\/04\/15\/terca-feira-15-de-sol-mas-com-predominio-de-nebulosidade-no-periodo-da-tarde\/\"> <span class=\"screen-reader-text\">Ter\u00e7a-feira (15) de sol mas com predom\u00ednio de nebulosidade no per\u00edodo da tarde<\/span> Read More &raquo;<\/a><\/p>\n","protected":false},"author":3,"featured_media":14281,"comment_status":"open","ping_status":"open","sticky":false,"template":"","format":"standard","meta":{"site-sidebar-layout":"default","site-content-layout":"","ast-site-content-layout":"default","site-content-style":"default","site-sidebar-style":"default","ast-global-header-display":"","ast-banner-title-visibility":"","ast-main-header-display":"","ast-hfb-above-header-display":"","ast-hfb-below-header-display":"","ast-hfb-mobile-header-display":"","site-post-title":"","ast-breadcrumbs-content":"","ast-featured-img":"","footer-sml-layout":"","theme-transparent-header-meta":"default","adv-header-id-meta":"","stick-header-meta":"","header-above-stick-meta":"","header-main-stick-meta":"","header-below-stick-meta":"","astra-migrate-meta-layouts":"set","footnotes":""},"categories":[38],"tags":[90],"yoast_head":"<!-- This site is optimized with the Yoast SEO plugin v21.4 - https:\/\/yoast.com\/wordpress\/plugins\/seo\/ -->\n<title>Ter\u00e7a-feira (15) de sol mas com predom\u00ednio de nebulosidade no per\u00edodo da tarde -<\/title>\n<meta name=\"description\" content=\"Nas demais regi\u00f5es h\u00e1 presen\u00e7a de sol, varia\u00e7\u00e3o de nuvens e chance de chuva isolada no final do dia\" \/>\n<meta name=\"robots\" content=\"index, follow, max-snippet:-1, max-image-preview:large, max-video-preview:-1\" \/>\n<link rel=\"canonical\" href=\"https:\/\/sulsc.com\/index.php\/2025\/04\/15\/terca-feira-15-de-sol-mas-com-predominio-de-nebulosidade-no-periodo-da-tarde\/\" \/>\n<meta property=\"og:locale\" content=\"en_US\" \/>\n<meta property=\"og:type\" content=\"article\" \/>\n<meta property=\"og:title\" content=\"Ter\u00e7a-feira (15) de sol mas com predom\u00ednio de nebulosidade no per\u00edodo da tarde -\" \/>\n<meta property=\"og:description\" content=\"Nas demais regi\u00f5es h\u00e1 presen\u00e7a de sol, varia\u00e7\u00e3o de nuvens e chance de chuva isolada no final do dia\" \/>\n<meta property=\"og:url\" content=\"https:\/\/sulsc.com\/index.php\/2025\/04\/15\/terca-feira-15-de-sol-mas-com-predominio-de-nebulosidade-no-periodo-da-tarde\/\" \/>\n<meta property=\"article:author\" content=\"https:\/\/www.facebook.com\/profile.php?id=61559278119680\" \/>\n<meta property=\"article:published_time\" content=\"2025-04-15T11:07:47+00:00\" \/>\n<meta property=\"og:image\" content=\"http:\/\/sulsc.com\/wp-content\/uploads\/2024\/07\/tempo-nublado-3.jpeg\" \/>\n\t<meta property=\"og:image:width\" content=\"1600\" \/>\n\t<meta property=\"og:image:height\" content=\"900\" \/>\n\t<meta property=\"og:image:type\" content=\"image\/jpeg\" \/>\n<meta name=\"author\" content=\"Reda\u00e7\u00e3o Sul SC\" \/>\n<meta name=\"twitter:card\" content=\"summary_large_image\" \/>\n<meta name=\"twitter:creator\" content=\"@https:\/\/twitter.com\/PortalSulSC\" \/>\n<meta name=\"twitter:label1\" content=\"Written by\" \/>\n\t<meta name=\"twitter:data1\" content=\"Reda\u00e7\u00e3o Sul SC\" \/>\n\t<meta name=\"twitter:label2\" content=\"Est. reading time\" \/>\n\t<meta name=\"twitter:data2\" content=\"1 minute\" \/>\n<script type=\"application\/ld+json\" class=\"yoast-schema-graph\">{\"@context\":\"https:\/\/schema.org\",\"@graph\":[{\"@type\":\"WebPage\",\"@id\":\"https:\/\/sulsc.com\/index.php\/2025\/04\/15\/terca-feira-15-de-sol-mas-com-predominio-de-nebulosidade-no-periodo-da-tarde\/\",\"url\":\"https:\/\/sulsc.com\/index.php\/2025\/04\/15\/terca-feira-15-de-sol-mas-com-predominio-de-nebulosidade-no-periodo-da-tarde\/\",\"name\":\"Ter\u00e7a-feira (15) de sol mas com predom\u00ednio de nebulosidade no per\u00edodo da tarde -\",\"isPartOf\":{\"@id\":\"https:\/\/sulsc.com\/#website\"},\"datePublished\":\"2025-04-15T11:07:47+00:00\",\"dateModified\":\"2025-04-15T11:07:47+00:00\",\"author\":{\"@id\":\"https:\/\/sulsc.com\/#\/schema\/person\/84d2fc571684f6248ba83092f07750a3\"},\"description\":\"Nas demais regi\u00f5es h\u00e1 presen\u00e7a de sol, varia\u00e7\u00e3o de nuvens e chance de chuva isolada no final do dia\",\"breadcrumb\":{\"@id\":\"https:\/\/sulsc.com\/index.php\/2025\/04\/15\/terca-feira-15-de-sol-mas-com-predominio-de-nebulosidade-no-periodo-da-tarde\/#breadcrumb\"},\"inLanguage\":\"en-US\",\"potentialAction\":[{\"@type\":\"ReadAction\",\"target\":[\"https:\/\/sulsc.com\/index.php\/2025\/04\/15\/terca-feira-15-de-sol-mas-com-predominio-de-nebulosidade-no-periodo-da-tarde\/\"]}]},{\"@type\":\"BreadcrumbList\",\"@id\":\"https:\/\/sulsc.com\/index.php\/2025\/04\/15\/terca-feira-15-de-sol-mas-com-predominio-de-nebulosidade-no-periodo-da-tarde\/#breadcrumb\",\"itemListElement\":[{\"@type\":\"ListItem\",\"position\":1,\"name\":\"In\u00edcio\",\"item\":\"https:\/\/sulsc.com\/\"},{\"@type\":\"ListItem\",\"position\":2,\"name\":\"Ter\u00e7a-feira (15) de sol mas com predom\u00ednio de nebulosidade no per\u00edodo da tarde\"}]},{\"@type\":\"WebSite\",\"@id\":\"https:\/\/sulsc.com\/#website\",\"url\":\"https:\/\/sulsc.com\/\",\"name\":\"\",\"description\":\"\",\"potentialAction\":[{\"@type\":\"SearchAction\",\"target\":{\"@type\":\"EntryPoint\",\"urlTemplate\":\"https:\/\/sulsc.com\/?s={search_term_string}\"},\"query-input\":\"required name=search_term_string\"}],\"inLanguage\":\"en-US\"},{\"@type\":\"Person\",\"@id\":\"https:\/\/sulsc.com\/#\/schema\/person\/84d2fc571684f6248ba83092f07750a3\",\"name\":\"Reda\u00e7\u00e3o Sul SC\",\"image\":{\"@type\":\"ImageObject\",\"inLanguage\":\"en-US\",\"@id\":\"https:\/\/sulsc.com\/#\/schema\/person\/image\/e08d7fe2cc4ed596372063bbe852b8d0\",\"url\":\"https:\/\/sulsc.com\/wp-content\/uploads\/2023\/09\/redacao.png\",\"contentUrl\":\"https:\/\/sulsc.com\/wp-content\/uploads\/2023\/09\/redacao.png\",\"caption\":\"Reda\u00e7\u00e3o Sul SC\"},\"description\":\"Foco em um jornalismo imparcial, voltado \u00e0 qualidade dos seus conte\u00fados e, assim, levar informa\u00e7\u00e3o de valor que agregue \u00e0 vida dos leitores. Esta \u00e9 grande miss\u00e3o do Portal de Not\u00edcias Sul SC. N\u00e3o \u00e9 quantidade que muda o mundo, sempre foi e seguir\u00e1 sendo qualidade!\",\"sameAs\":[\"https:\/\/sulsc.com\/\",\"https:\/\/www.facebook.com\/profile.php?id=61559278119680\",\"https:\/\/www.instagram.com\/sulscportal\/?hl=pt-br\",\"https:\/\/twitter.com\/https:\/\/twitter.com\/PortalSulSC\",\"https:\/\/www.youtube.com\/channel\/UCv_BE8GeySluDov2n8qhVmw\"],\"url\":\"https:\/\/sulsc.com\/index.php\/author\/redacao\/\"}]}<\/script>\n<!-- \/ Yoast SEO plugin. -->","yoast_head_json":{"title":"Ter\u00e7a-feira (15) de sol mas com predom\u00ednio de nebulosidade no per\u00edodo da tarde -","description":"Nas demais regi\u00f5es h\u00e1 presen\u00e7a de sol, varia\u00e7\u00e3o de nuvens e chance de chuva isolada no final do dia","robots":{"index":"index","follow":"follow","max-snippet":"max-snippet:-1","max-image-preview":"max-image-preview:large","max-video-preview":"max-video-preview:-1"},"canonical":"https:\/\/sulsc.com\/index.php\/2025\/04\/15\/terca-feira-15-de-sol-mas-com-predominio-de-nebulosidade-no-periodo-da-tarde\/","og_locale":"en_US","og_type":"article","og_title":"Ter\u00e7a-feira (15) de sol mas com predom\u00ednio de nebulosidade no per\u00edodo da tarde -","og_description":"Nas demais regi\u00f5es h\u00e1 presen\u00e7a de sol, varia\u00e7\u00e3o de nuvens e chance de chuva isolada no final do dia","og_url":"https:\/\/sulsc.com\/index.php\/2025\/04\/15\/terca-feira-15-de-sol-mas-com-predominio-de-nebulosidade-no-periodo-da-tarde\/","article_author":"https:\/\/www.facebook.com\/profile.php?id=61559278119680","article_published_time":"2025-04-15T11:07:47+00:00","og_image":[{"width":1600,"height":900,"url":"http:\/\/sulsc.com\/wp-content\/uploads\/2024\/07\/tempo-nublado-3.jpeg","type":"image\/jpeg"}],"author":"Reda\u00e7\u00e3o Sul SC","twitter_card":"summary_large_image","twitter_creator":"@https:\/\/twitter.com\/PortalSulSC","twitter_misc":{"Written by":"Reda\u00e7\u00e3o Sul SC","Est. reading time":"1 minute"},"schema":{"@context":"https:\/\/schema.org","@graph":[{"@type":"WebPage","@id":"https:\/\/sulsc.com\/index.php\/2025\/04\/15\/terca-feira-15-de-sol-mas-com-predominio-de-nebulosidade-no-periodo-da-tarde\/","url":"https:\/\/sulsc.com\/index.php\/2025\/04\/15\/terca-feira-15-de-sol-mas-com-predominio-de-nebulosidade-no-periodo-da-tarde\/","name":"Ter\u00e7a-feira (15) de sol mas com predom\u00ednio de nebulosidade no per\u00edodo da tarde -","isPartOf":{"@id":"https:\/\/sulsc.com\/#website"},"datePublished":"2025-04-15T11:07:47+00:00","dateModified":"2025-04-15T11:07:47+00:00","author":{"@id":"https:\/\/sulsc.com\/#\/schema\/person\/84d2fc571684f6248ba83092f07750a3"},"description":"Nas demais regi\u00f5es h\u00e1 presen\u00e7a de sol, varia\u00e7\u00e3o de nuvens e chance de chuva isolada no final do dia","breadcrumb":{"@id":"https:\/\/sulsc.com\/index.php\/2025\/04\/15\/terca-feira-15-de-sol-mas-com-predominio-de-nebulosidade-no-periodo-da-tarde\/#breadcrumb"},"inLanguage":"en-US","potentialAction":[{"@type":"ReadAction","target":["https:\/\/sulsc.com\/index.php\/2025\/04\/15\/terca-feira-15-de-sol-mas-com-predominio-de-nebulosidade-no-periodo-da-tarde\/"]}]},{"@type":"BreadcrumbList","@id":"https:\/\/sulsc.com\/index.php\/2025\/04\/15\/terca-feira-15-de-sol-mas-com-predominio-de-nebulosidade-no-periodo-da-tarde\/#breadcrumb","itemListElement":[{"@type":"ListItem","position":1,"name":"In\u00edcio","item":"https:\/\/sulsc.com\/"},{"@type":"ListItem","position":2,"name":"Ter\u00e7a-feira (15) de sol mas com predom\u00ednio de nebulosidade no per\u00edodo da tarde"}]},{"@type":"WebSite","@id":"https:\/\/sulsc.com\/#website","url":"https:\/\/sulsc.com\/","name":"","description":"","potentialAction":[{"@type":"SearchAction","target":{"@type":"EntryPoint","urlTemplate":"https:\/\/sulsc.com\/?s={search_term_string}"},"query-input":"required name=search_term_string"}],"inLanguage":"en-US"},{"@type":"Person","@id":"https:\/\/sulsc.com\/#\/schema\/person\/84d2fc571684f6248ba83092f07750a3","name":"Reda\u00e7\u00e3o Sul SC","image":{"@type":"ImageObject","inLanguage":"en-US","@id":"https:\/\/sulsc.com\/#\/schema\/person\/image\/e08d7fe2cc4ed596372063bbe852b8d0","url":"https:\/\/sulsc.com\/wp-content\/uploads\/2023\/09\/redacao.png","contentUrl":"https:\/\/sulsc.com\/wp-content\/uploads\/2023\/09\/redacao.png","caption":"Reda\u00e7\u00e3o Sul SC"},"description":"Foco em um jornalismo imparcial, voltado \u00e0 qualidade dos seus conte\u00fados e, assim, levar informa\u00e7\u00e3o de valor que agregue \u00e0 vida dos leitores. Esta \u00e9 grande miss\u00e3o do Portal de Not\u00edcias Sul SC. N\u00e3o \u00e9 quantidade que muda o mundo, sempre foi e seguir\u00e1 sendo qualidade!","sameAs":["https:\/\/sulsc.com\/","https:\/\/www.facebook.com\/profile.php?id=61559278119680","https:\/\/www.instagram.com\/sulscportal\/?hl=pt-br","https:\/\/twitter.com\/https:\/\/twitter.com\/PortalSulSC","https:\/\/www.youtube.com\/channel\/UCv_BE8GeySluDov2n8qhVmw"],"url":"https:\/\/sulsc.com\/index.php\/author\/redacao\/"}]}},"authors":[],"_links":{"self":[{"href":"https:\/\/sulsc.com\/index.php\/wp-json\/wp\/v2\/posts\/22609"}],"collection":[{"href":"https:\/\/sulsc.com\/index.php\/wp-json\/wp\/v2\/posts"}],"about":[{"href":"https:\/\/sulsc.com\/index.php\/wp-json\/wp\/v2\/types\/post"}],"author":[{"embeddable":true,"href":"https:\/\/sulsc.com\/index.php\/wp-json\/wp\/v2\/users\/3"}],"replies":[{"embeddable":true,"href":"https:\/\/sulsc.com\/index.php\/wp-json\/wp\/v2\/comments?post=22609"}],"version-history":[{"count":1,"href":"https:\/\/sulsc.com\/index.php\/wp-json\/wp\/v2\/posts\/22609\/revisions"}],"predecessor-version":[{"id":22611,"href":"https:\/\/sulsc.com\/index.php\/wp-json\/wp\/v2\/posts\/22609\/revisions\/22611"}],"wp:featuredmedia":[{"embeddable":true,"href":"https:\/\/sulsc.com\/index.php\/wp-json\/wp\/v2\/media\/14281"}],"wp:attachment":[{"href":"https:\/\/sulsc.com\/index.php\/wp-json\/wp\/v2\/media?parent=22609"}],"wp:term":[{"taxonomy":"category","embeddable":true,"href":"https:\/\/sulsc.com\/index.php\/wp-json\/wp\/v2\/categories?post=22609"},{"taxonomy":"post_tag","embeddable":true,"href":"https:\/\/sulsc.com\/index.php\/wp-json\/wp\/v2\/tags?post=22609"}],"curies":[{"name":"wp","href":"https:\/\/api.w.org\/{rel}","templated":true}]}}