{"id":2279,"date":"2023-10-13T16:00:35","date_gmt":"2023-10-13T19:00:35","guid":{"rendered":"https:\/\/sulsc.com\/?p=2279"},"modified":"2023-10-13T15:05:38","modified_gmt":"2023-10-13T18:05:38","slug":"influencer-que-ofendeu-pastor-em-video-na-rede-social-pagara-r-12-mil-por-dano-moral","status":"publish","type":"post","link":"https:\/\/sulsc.com\/index.php\/2023\/10\/13\/influencer-que-ofendeu-pastor-em-video-na-rede-social-pagara-r-12-mil-por-dano-moral\/","title":{"rendered":"Influencer que ofendeu pastor em v\u00eddeo na rede social pagar\u00e1 R$ 12 mil por dano moral"},"content":{"rendered":"<p>Uma figura p\u00fablica que se intitula formador de opini\u00e3o e usou canal do YouTube para acusar e ofender um pastor foi condenada ao pagamento de indeniza\u00e7\u00e3o por danos morais no valor de R$ 12 mil, acrescido de juros e corre\u00e7\u00e3o monet\u00e1ria. Na decis\u00e3o da 3\u00aa Vara C\u00edvel da comarca de Lages, o julgador ainda confirma a determina\u00e7\u00e3o de retirada do v\u00eddeo da rede social e alerta que a eventual inclus\u00e3o de outros arquivos de igual conte\u00fado na plataforma sujeitar\u00e1 o influencer a pena de multa di\u00e1ria.<\/p>\n<p>O v\u00eddeo chegou pr\u00f3ximo das 3 mil visualiza\u00e7\u00f5es at\u00e9 ser removido por determina\u00e7\u00e3o judicial. Nele, \u00e9 citado o nome do autor e fatos atinentes a sua posi\u00e7\u00e3o como pastor e presidente da igreja de forma pejorativa, com o uso de palavras de baixo cal\u00e3o e sem provas acerca das acusa\u00e7\u00f5es. As agress\u00f5es verbais foram estendidas a membros da fam\u00edlia do pastor.<\/p>\n<p>Na decis\u00e3o, o magistrado avalia que o lugar menos recomendado para fazer desabafos \u00e9 o YouTube, onde o acesso \u00e9 indiscriminado e feito por uma gama de pessoas. No caso, se o homem discorda de certas atitudes do autor frente \u00e0 atividade pastoral, deveria valer-se das ferramentas e dos caminhos civilizados, democr\u00e1ticos e oficiais para reivindicar as altera\u00e7\u00f5es\/puni\u00e7\u00f5es que entende devidas, desde que comprovadas suas alega\u00e7\u00f5es.<\/p>\n<p><img fetchpriority=\"high\" decoding=\"async\" class=\"alignnone size-large wp-image-1573\" src=\"http:\/\/sulsc.com\/wp-content\/uploads\/2023\/09\/martelo-julgamento-justica-1024x686.jpg\" alt=\"\" width=\"1024\" height=\"686\" srcset=\"https:\/\/sulsc.com\/wp-content\/uploads\/2023\/09\/martelo-julgamento-justica-1024x686.jpg 1024w, https:\/\/sulsc.com\/wp-content\/uploads\/2023\/09\/martelo-julgamento-justica-300x201.jpg 300w, https:\/\/sulsc.com\/wp-content\/uploads\/2023\/09\/martelo-julgamento-justica-768x515.jpg 768w, https:\/\/sulsc.com\/wp-content\/uploads\/2023\/09\/martelo-julgamento-justica-1536x1030.jpg 1536w, https:\/\/sulsc.com\/wp-content\/uploads\/2023\/09\/martelo-julgamento-justica-2048x1373.jpg 2048w\" sizes=\"(max-width: 1024px) 100vw, 1024px\" \/><\/p>\n<p>No entendimento do julgador, a internet n\u00e3o pode servir para acusar e condenar sumariamente, visto que o exerc\u00edcio da liberdade de express\u00e3o n\u00e3o tem esse escopo e deve ser manejado com responsabilidade. \u201cA lesividade de ofensas por meio de redes sociais pode se revelar muito mais danosa do que aquelas realizadas pessoalmente ou por qualquer outro meio, considerando que a mensagem fica armazenada pelo tempo que o ofensor entender conveniente, nada podendo fazer o ofendido para cessar a agress\u00e3o de forma imediata e eficaz, o que de certa forma o torna ref\u00e9m de uma situa\u00e7\u00e3o que muitas vezes n\u00e3o criou.\u201d Cabe recurso da decis\u00e3o ao Tribunal de Justi\u00e7a de Santa Catarina.<\/p>\n<p>&nbsp;<\/p>\n<p>Fonte: TJSC<\/p>\n","protected":false},"excerpt":{"rendered":"<p>Uma figura p\u00fablica que se intitula formador de opini\u00e3o e usou canal do YouTube para acusar e ofender um pastor foi condenada ao pagamento de indeniza\u00e7\u00e3o por danos morais no valor de R$ 12 mil, acrescido de juros e corre\u00e7\u00e3o monet\u00e1ria. Na decis\u00e3o da 3\u00aa Vara C\u00edvel da comarca de Lages, o julgador ainda confirma &hellip;<\/p>\n<p class=\"read-more\"> <a class=\"\" href=\"https:\/\/sulsc.com\/index.php\/2023\/10\/13\/influencer-que-ofendeu-pastor-em-video-na-rede-social-pagara-r-12-mil-por-dano-moral\/\"> <span class=\"screen-reader-text\">Influencer que ofendeu pastor em v\u00eddeo na rede social pagar\u00e1 R$ 12 mil por dano moral<\/span> Read More &raquo;<\/a><\/p>\n","protected":false},"author":3,"featured_media":2280,"comment_status":"open","ping_status":"open","sticky":false,"template":"","format":"standard","meta":{"site-sidebar-layout":"default","site-content-layout":"","ast-site-content-layout":"default","site-content-style":"default","site-sidebar-style":"default","ast-global-header-display":"","ast-banner-title-visibility":"","ast-main-header-display":"","ast-hfb-above-header-display":"","ast-hfb-below-header-display":"","ast-hfb-mobile-header-display":"","site-post-title":"","ast-breadcrumbs-content":"","ast-featured-img":"","footer-sml-layout":"","theme-transparent-header-meta":"default","adv-header-id-meta":"","stick-header-meta":"","header-above-stick-meta":"","header-main-stick-meta":"","header-below-stick-meta":"","astra-migrate-meta-layouts":"set","footnotes":""},"categories":[1,8],"tags":[],"yoast_head":"<!-- This site is optimized with the Yoast SEO plugin v21.4 - https:\/\/yoast.com\/wordpress\/plugins\/seo\/ -->\n<title>Influencer que ofendeu pastor em v\u00eddeo na rede social pagar\u00e1 R$ 12 mil por dano moral -<\/title>\n<meta name=\"robots\" content=\"index, follow, max-snippet:-1, max-image-preview:large, max-video-preview:-1\" \/>\n<link rel=\"canonical\" href=\"https:\/\/sulsc.com\/index.php\/2023\/10\/13\/influencer-que-ofendeu-pastor-em-video-na-rede-social-pagara-r-12-mil-por-dano-moral\/\" \/>\n<meta property=\"og:locale\" content=\"en_US\" \/>\n<meta property=\"og:type\" content=\"article\" \/>\n<meta property=\"og:title\" content=\"Influencer que ofendeu pastor em v\u00eddeo na rede social pagar\u00e1 R$ 12 mil por dano moral -\" \/>\n<meta property=\"og:description\" content=\"Uma figura p\u00fablica que se intitula formador de opini\u00e3o e usou canal do YouTube para acusar e ofender um pastor foi condenada ao pagamento de indeniza\u00e7\u00e3o por danos morais no valor de R$ 12 mil, acrescido de juros e corre\u00e7\u00e3o monet\u00e1ria. Na decis\u00e3o da 3\u00aa Vara C\u00edvel da comarca de Lages, o julgador ainda confirma &hellip; Influencer que ofendeu pastor em v\u00eddeo na rede social pagar\u00e1 R$ 12 mil por dano moral Read More &raquo;\" \/>\n<meta property=\"og:url\" content=\"https:\/\/sulsc.com\/index.php\/2023\/10\/13\/influencer-que-ofendeu-pastor-em-video-na-rede-social-pagara-r-12-mil-por-dano-moral\/\" \/>\n<meta property=\"article:author\" content=\"https:\/\/www.facebook.com\/profile.php?id=61559278119680\" \/>\n<meta property=\"article:published_time\" content=\"2023-10-13T19:00:35+00:00\" \/>\n<meta property=\"article:modified_time\" content=\"2023-10-13T18:05:38+00:00\" \/>\n<meta property=\"og:image\" content=\"https:\/\/sulsc.com\/wp-content\/uploads\/2023\/10\/pessoa-segurando-celular-com-app-de-video-na-tela.jpeg\" \/>\n\t<meta property=\"og:image:width\" content=\"555\" \/>\n\t<meta property=\"og:image:height\" content=\"370\" \/>\n\t<meta property=\"og:image:type\" content=\"image\/jpeg\" \/>\n<meta name=\"author\" content=\"Reda\u00e7\u00e3o Sul SC\" \/>\n<meta name=\"twitter:card\" content=\"summary_large_image\" \/>\n<meta name=\"twitter:creator\" content=\"@https:\/\/twitter.com\/PortalSulSC\" \/>\n<meta name=\"twitter:label1\" content=\"Written by\" \/>\n\t<meta name=\"twitter:data1\" content=\"Reda\u00e7\u00e3o Sul SC\" \/>\n\t<meta name=\"twitter:label2\" content=\"Est. reading time\" \/>\n\t<meta name=\"twitter:data2\" content=\"2 minutes\" \/>\n<script type=\"application\/ld+json\" class=\"yoast-schema-graph\">{\"@context\":\"https:\/\/schema.org\",\"@graph\":[{\"@type\":\"WebPage\",\"@id\":\"https:\/\/sulsc.com\/index.php\/2023\/10\/13\/influencer-que-ofendeu-pastor-em-video-na-rede-social-pagara-r-12-mil-por-dano-moral\/\",\"url\":\"https:\/\/sulsc.com\/index.php\/2023\/10\/13\/influencer-que-ofendeu-pastor-em-video-na-rede-social-pagara-r-12-mil-por-dano-moral\/\",\"name\":\"Influencer que ofendeu pastor em v\u00eddeo na rede social pagar\u00e1 R$ 12 mil por dano moral -\",\"isPartOf\":{\"@id\":\"https:\/\/sulsc.com\/#website\"},\"datePublished\":\"2023-10-13T19:00:35+00:00\",\"dateModified\":\"2023-10-13T18:05:38+00:00\",\"author\":{\"@id\":\"https:\/\/sulsc.com\/#\/schema\/person\/84d2fc571684f6248ba83092f07750a3\"},\"breadcrumb\":{\"@id\":\"https:\/\/sulsc.com\/index.php\/2023\/10\/13\/influencer-que-ofendeu-pastor-em-video-na-rede-social-pagara-r-12-mil-por-dano-moral\/#breadcrumb\"},\"inLanguage\":\"en-US\",\"potentialAction\":[{\"@type\":\"ReadAction\",\"target\":[\"https:\/\/sulsc.com\/index.php\/2023\/10\/13\/influencer-que-ofendeu-pastor-em-video-na-rede-social-pagara-r-12-mil-por-dano-moral\/\"]}]},{\"@type\":\"BreadcrumbList\",\"@id\":\"https:\/\/sulsc.com\/index.php\/2023\/10\/13\/influencer-que-ofendeu-pastor-em-video-na-rede-social-pagara-r-12-mil-por-dano-moral\/#breadcrumb\",\"itemListElement\":[{\"@type\":\"ListItem\",\"position\":1,\"name\":\"In\u00edcio\",\"item\":\"https:\/\/sulsc.com\/\"},{\"@type\":\"ListItem\",\"position\":2,\"name\":\"Influencer que ofendeu pastor em v\u00eddeo na rede social pagar\u00e1 R$ 12 mil por dano moral\"}]},{\"@type\":\"WebSite\",\"@id\":\"https:\/\/sulsc.com\/#website\",\"url\":\"https:\/\/sulsc.com\/\",\"name\":\"\",\"description\":\"\",\"potentialAction\":[{\"@type\":\"SearchAction\",\"target\":{\"@type\":\"EntryPoint\",\"urlTemplate\":\"https:\/\/sulsc.com\/?s={search_term_string}\"},\"query-input\":\"required name=search_term_string\"}],\"inLanguage\":\"en-US\"},{\"@type\":\"Person\",\"@id\":\"https:\/\/sulsc.com\/#\/schema\/person\/84d2fc571684f6248ba83092f07750a3\",\"name\":\"Reda\u00e7\u00e3o Sul SC\",\"image\":{\"@type\":\"ImageObject\",\"inLanguage\":\"en-US\",\"@id\":\"https:\/\/sulsc.com\/#\/schema\/person\/image\/e08d7fe2cc4ed596372063bbe852b8d0\",\"url\":\"https:\/\/sulsc.com\/wp-content\/uploads\/2023\/09\/redacao.png\",\"contentUrl\":\"https:\/\/sulsc.com\/wp-content\/uploads\/2023\/09\/redacao.png\",\"caption\":\"Reda\u00e7\u00e3o Sul SC\"},\"description\":\"Foco em um jornalismo imparcial, voltado \u00e0 qualidade dos seus conte\u00fados e, assim, levar informa\u00e7\u00e3o de valor que agregue \u00e0 vida dos leitores. Esta \u00e9 grande miss\u00e3o do Portal de Not\u00edcias Sul SC. N\u00e3o \u00e9 quantidade que muda o mundo, sempre foi e seguir\u00e1 sendo qualidade!\",\"sameAs\":[\"https:\/\/sulsc.com\/\",\"https:\/\/www.facebook.com\/profile.php?id=61559278119680\",\"https:\/\/www.instagram.com\/sulscportal\/?hl=pt-br\",\"https:\/\/twitter.com\/https:\/\/twitter.com\/PortalSulSC\",\"https:\/\/www.youtube.com\/channel\/UCv_BE8GeySluDov2n8qhVmw\"],\"url\":\"https:\/\/sulsc.com\/index.php\/author\/redacao\/\"}]}<\/script>\n<!-- \/ Yoast SEO plugin. -->","yoast_head_json":{"title":"Influencer que ofendeu pastor em v\u00eddeo na rede social pagar\u00e1 R$ 12 mil por dano moral -","robots":{"index":"index","follow":"follow","max-snippet":"max-snippet:-1","max-image-preview":"max-image-preview:large","max-video-preview":"max-video-preview:-1"},"canonical":"https:\/\/sulsc.com\/index.php\/2023\/10\/13\/influencer-que-ofendeu-pastor-em-video-na-rede-social-pagara-r-12-mil-por-dano-moral\/","og_locale":"en_US","og_type":"article","og_title":"Influencer que ofendeu pastor em v\u00eddeo na rede social pagar\u00e1 R$ 12 mil por dano moral -","og_description":"Uma figura p\u00fablica que se intitula formador de opini\u00e3o e usou canal do YouTube para acusar e ofender um pastor foi condenada ao pagamento de indeniza\u00e7\u00e3o por danos morais no valor de R$ 12 mil, acrescido de juros e corre\u00e7\u00e3o monet\u00e1ria. Na decis\u00e3o da 3\u00aa Vara C\u00edvel da comarca de Lages, o julgador ainda confirma &hellip; Influencer que ofendeu pastor em v\u00eddeo na rede social pagar\u00e1 R$ 12 mil por dano moral Read More &raquo;","og_url":"https:\/\/sulsc.com\/index.php\/2023\/10\/13\/influencer-que-ofendeu-pastor-em-video-na-rede-social-pagara-r-12-mil-por-dano-moral\/","article_author":"https:\/\/www.facebook.com\/profile.php?id=61559278119680","article_published_time":"2023-10-13T19:00:35+00:00","article_modified_time":"2023-10-13T18:05:38+00:00","og_image":[{"width":555,"height":370,"url":"https:\/\/sulsc.com\/wp-content\/uploads\/2023\/10\/pessoa-segurando-celular-com-app-de-video-na-tela.jpeg","type":"image\/jpeg"}],"author":"Reda\u00e7\u00e3o Sul SC","twitter_card":"summary_large_image","twitter_creator":"@https:\/\/twitter.com\/PortalSulSC","twitter_misc":{"Written by":"Reda\u00e7\u00e3o Sul SC","Est. reading time":"2 minutes"},"schema":{"@context":"https:\/\/schema.org","@graph":[{"@type":"WebPage","@id":"https:\/\/sulsc.com\/index.php\/2023\/10\/13\/influencer-que-ofendeu-pastor-em-video-na-rede-social-pagara-r-12-mil-por-dano-moral\/","url":"https:\/\/sulsc.com\/index.php\/2023\/10\/13\/influencer-que-ofendeu-pastor-em-video-na-rede-social-pagara-r-12-mil-por-dano-moral\/","name":"Influencer que ofendeu pastor em v\u00eddeo na rede social pagar\u00e1 R$ 12 mil por dano moral -","isPartOf":{"@id":"https:\/\/sulsc.com\/#website"},"datePublished":"2023-10-13T19:00:35+00:00","dateModified":"2023-10-13T18:05:38+00:00","author":{"@id":"https:\/\/sulsc.com\/#\/schema\/person\/84d2fc571684f6248ba83092f07750a3"},"breadcrumb":{"@id":"https:\/\/sulsc.com\/index.php\/2023\/10\/13\/influencer-que-ofendeu-pastor-em-video-na-rede-social-pagara-r-12-mil-por-dano-moral\/#breadcrumb"},"inLanguage":"en-US","potentialAction":[{"@type":"ReadAction","target":["https:\/\/sulsc.com\/index.php\/2023\/10\/13\/influencer-que-ofendeu-pastor-em-video-na-rede-social-pagara-r-12-mil-por-dano-moral\/"]}]},{"@type":"BreadcrumbList","@id":"https:\/\/sulsc.com\/index.php\/2023\/10\/13\/influencer-que-ofendeu-pastor-em-video-na-rede-social-pagara-r-12-mil-por-dano-moral\/#breadcrumb","itemListElement":[{"@type":"ListItem","position":1,"name":"In\u00edcio","item":"https:\/\/sulsc.com\/"},{"@type":"ListItem","position":2,"name":"Influencer que ofendeu pastor em v\u00eddeo na rede social pagar\u00e1 R$ 12 mil por dano moral"}]},{"@type":"WebSite","@id":"https:\/\/sulsc.com\/#website","url":"https:\/\/sulsc.com\/","name":"","description":"","potentialAction":[{"@type":"SearchAction","target":{"@type":"EntryPoint","urlTemplate":"https:\/\/sulsc.com\/?s={search_term_string}"},"query-input":"required name=search_term_string"}],"inLanguage":"en-US"},{"@type":"Person","@id":"https:\/\/sulsc.com\/#\/schema\/person\/84d2fc571684f6248ba83092f07750a3","name":"Reda\u00e7\u00e3o Sul SC","image":{"@type":"ImageObject","inLanguage":"en-US","@id":"https:\/\/sulsc.com\/#\/schema\/person\/image\/e08d7fe2cc4ed596372063bbe852b8d0","url":"https:\/\/sulsc.com\/wp-content\/uploads\/2023\/09\/redacao.png","contentUrl":"https:\/\/sulsc.com\/wp-content\/uploads\/2023\/09\/redacao.png","caption":"Reda\u00e7\u00e3o Sul SC"},"description":"Foco em um jornalismo imparcial, voltado \u00e0 qualidade dos seus conte\u00fados e, assim, levar informa\u00e7\u00e3o de valor que agregue \u00e0 vida dos leitores. Esta \u00e9 grande miss\u00e3o do Portal de Not\u00edcias Sul SC. N\u00e3o \u00e9 quantidade que muda o mundo, sempre foi e seguir\u00e1 sendo qualidade!","sameAs":["https:\/\/sulsc.com\/","https:\/\/www.facebook.com\/profile.php?id=61559278119680","https:\/\/www.instagram.com\/sulscportal\/?hl=pt-br","https:\/\/twitter.com\/https:\/\/twitter.com\/PortalSulSC","https:\/\/www.youtube.com\/channel\/UCv_BE8GeySluDov2n8qhVmw"],"url":"https:\/\/sulsc.com\/index.php\/author\/redacao\/"}]}},"authors":[],"_links":{"self":[{"href":"https:\/\/sulsc.com\/index.php\/wp-json\/wp\/v2\/posts\/2279"}],"collection":[{"href":"https:\/\/sulsc.com\/index.php\/wp-json\/wp\/v2\/posts"}],"about":[{"href":"https:\/\/sulsc.com\/index.php\/wp-json\/wp\/v2\/types\/post"}],"author":[{"embeddable":true,"href":"https:\/\/sulsc.com\/index.php\/wp-json\/wp\/v2\/users\/3"}],"replies":[{"embeddable":true,"href":"https:\/\/sulsc.com\/index.php\/wp-json\/wp\/v2\/comments?post=2279"}],"version-history":[{"count":1,"href":"https:\/\/sulsc.com\/index.php\/wp-json\/wp\/v2\/posts\/2279\/revisions"}],"predecessor-version":[{"id":2281,"href":"https:\/\/sulsc.com\/index.php\/wp-json\/wp\/v2\/posts\/2279\/revisions\/2281"}],"wp:featuredmedia":[{"embeddable":true,"href":"https:\/\/sulsc.com\/index.php\/wp-json\/wp\/v2\/media\/2280"}],"wp:attachment":[{"href":"https:\/\/sulsc.com\/index.php\/wp-json\/wp\/v2\/media?parent=2279"}],"wp:term":[{"taxonomy":"category","embeddable":true,"href":"https:\/\/sulsc.com\/index.php\/wp-json\/wp\/v2\/categories?post=2279"},{"taxonomy":"post_tag","embeddable":true,"href":"https:\/\/sulsc.com\/index.php\/wp-json\/wp\/v2\/tags?post=2279"}],"curies":[{"name":"wp","href":"https:\/\/api.w.org\/{rel}","templated":true}]}}