{"id":22875,"date":"2025-04-24T08:16:46","date_gmt":"2025-04-24T11:16:46","guid":{"rendered":"https:\/\/sulsc.com\/?p=22875"},"modified":"2025-04-24T08:16:46","modified_gmt":"2025-04-24T11:16:46","slug":"previsao-do-tempo-para-quinta-feira-24-de-abril","status":"publish","type":"post","link":"https:\/\/sulsc.com\/index.php\/2025\/04\/24\/previsao-do-tempo-para-quinta-feira-24-de-abril\/","title":{"rendered":"Previs\u00e3o do Tempo para Quinta-feira, 24 de Abril"},"content":{"rendered":"<p>A \u00faltima quinta-feira do m\u00eas (24) come\u00e7a com tempo inst\u00e1vel em v\u00e1rias regi\u00f5es de Santa Catarina. Espera-se chuva entre o Grande Oeste e o Planalto Norte, uma condi\u00e7\u00e3o que se estender\u00e1 para \u00e1reas como o Vale do Itaja\u00ed e Litoral Norte ao longo do dia, \u00e0 medida que uma frente fria avan\u00e7a pelo mar, associada a um sistema de baixa press\u00e3o.<\/p>\n<p>No entanto, no sul do estado, o tempo dever\u00e1 ser mais firme. O risco de ocorr\u00eancias relacionadas a alagamentos e enxurradas pontuais \u00e9 considerado baixo a moderado, especialmente nas \u00e1reas de divisa com o Paran\u00e1.<\/p>\n<p><img fetchpriority=\"high\" decoding=\"async\" class=\"aligncenter size-full wp-image-22876\" src=\"http:\/\/sulsc.com\/wp-content\/uploads\/2025\/04\/5-2.png\" alt=\"\" width=\"1641\" height=\"1111\" srcset=\"https:\/\/sulsc.com\/wp-content\/uploads\/2025\/04\/5-2.png 1641w, https:\/\/sulsc.com\/wp-content\/uploads\/2025\/04\/5-2-300x203.png 300w, https:\/\/sulsc.com\/wp-content\/uploads\/2025\/04\/5-2-1024x693.png 1024w, https:\/\/sulsc.com\/wp-content\/uploads\/2025\/04\/5-2-768x520.png 768w, https:\/\/sulsc.com\/wp-content\/uploads\/2025\/04\/5-2-1536x1040.png 1536w\" sizes=\"(max-width: 1641px) 100vw, 1641px\" \/><\/p>\n<p><img decoding=\"async\" class=\"aligncenter  wp-image-22836\" src=\"http:\/\/sulsc.com\/wp-content\/uploads\/2025\/04\/Tempo-2.png\" alt=\"\" width=\"609\" height=\"112\" srcset=\"https:\/\/sulsc.com\/wp-content\/uploads\/2025\/04\/Tempo-2.png 1024w, https:\/\/sulsc.com\/wp-content\/uploads\/2025\/04\/Tempo-2-300x55.png 300w, https:\/\/sulsc.com\/wp-content\/uploads\/2025\/04\/Tempo-2-768x142.png 768w\" sizes=\"(max-width: 609px) 100vw, 609px\" \/><\/p>\n<p><strong>Temperaturas<\/strong><\/p>\n<p>No amanhecer, as temperaturas m\u00ednimas variam entre 10\u00b0C e 16\u00b0C nas regi\u00f5es do Meio-Oeste, Planaltos e Grande Florian\u00f3polis Serrana, com valores ainda menores na Serra. Nas demais regi\u00f5es, as m\u00ednimas ficam entre 15\u00b0C e 20\u00b0C. \u00c0 tarde, as temperaturas devem oscilar entre 25\u00b0C e 28\u00b0C no Litoral Sul e Grande Florian\u00f3polis.<\/p>\n<p>Fonte\/Defesa Civil SC<\/p>\n","protected":false},"excerpt":{"rendered":"<p>A \u00faltima quinta-feira do m\u00eas (24) come\u00e7a com tempo inst\u00e1vel em v\u00e1rias regi\u00f5es de Santa Catarina. Espera-se chuva entre o Grande Oeste e o Planalto Norte, uma condi\u00e7\u00e3o que se estender\u00e1 para \u00e1reas como o Vale do Itaja\u00ed e Litoral Norte ao longo do dia, \u00e0 medida que uma frente fria avan\u00e7a pelo mar, associada &hellip;<\/p>\n<p class=\"read-more\"> <a class=\"\" href=\"https:\/\/sulsc.com\/index.php\/2025\/04\/24\/previsao-do-tempo-para-quinta-feira-24-de-abril\/\"> <span class=\"screen-reader-text\">Previs\u00e3o do Tempo para Quinta-feira, 24 de Abril<\/span> Read More &raquo;<\/a><\/p>\n","protected":false},"author":3,"featured_media":22877,"comment_status":"open","ping_status":"open","sticky":false,"template":"","format":"standard","meta":{"site-sidebar-layout":"default","site-content-layout":"","ast-site-content-layout":"default","site-content-style":"default","site-sidebar-style":"default","ast-global-header-display":"","ast-banner-title-visibility":"","ast-main-header-display":"","ast-hfb-above-header-display":"","ast-hfb-below-header-display":"","ast-hfb-mobile-header-display":"","site-post-title":"","ast-breadcrumbs-content":"","ast-featured-img":"","footer-sml-layout":"","theme-transparent-header-meta":"default","adv-header-id-meta":"","stick-header-meta":"","header-above-stick-meta":"","header-main-stick-meta":"","header-below-stick-meta":"","astra-migrate-meta-layouts":"set","footnotes":""},"categories":[38],"tags":[90],"yoast_head":"<!-- This site is optimized with the Yoast SEO plugin v21.4 - https:\/\/yoast.com\/wordpress\/plugins\/seo\/ -->\n<title>Previs\u00e3o do Tempo para Quinta-feira, 24 de Abril -<\/title>\n<meta name=\"description\" content=\"O risco de ocorr\u00eancias relacionadas a alagamentos e enxurradas pontuais \u00e9 considerado baixo a moderado para o dia de hoje\" \/>\n<meta name=\"robots\" content=\"index, follow, max-snippet:-1, max-image-preview:large, max-video-preview:-1\" \/>\n<link rel=\"canonical\" href=\"https:\/\/sulsc.com\/index.php\/2025\/04\/24\/previsao-do-tempo-para-quinta-feira-24-de-abril\/\" \/>\n<meta property=\"og:locale\" content=\"en_US\" \/>\n<meta property=\"og:type\" content=\"article\" \/>\n<meta property=\"og:title\" content=\"Previs\u00e3o do Tempo para Quinta-feira, 24 de Abril -\" \/>\n<meta property=\"og:description\" content=\"O risco de ocorr\u00eancias relacionadas a alagamentos e enxurradas pontuais \u00e9 considerado baixo a moderado para o dia de hoje\" \/>\n<meta property=\"og:url\" content=\"https:\/\/sulsc.com\/index.php\/2025\/04\/24\/previsao-do-tempo-para-quinta-feira-24-de-abril\/\" \/>\n<meta property=\"article:author\" content=\"https:\/\/www.facebook.com\/profile.php?id=61559278119680\" \/>\n<meta property=\"article:published_time\" content=\"2025-04-24T11:16:46+00:00\" \/>\n<meta property=\"og:image\" content=\"http:\/\/sulsc.com\/wp-content\/uploads\/2025\/04\/T.jpg\" \/>\n\t<meta property=\"og:image:width\" content=\"951\" \/>\n\t<meta property=\"og:image:height\" content=\"462\" \/>\n\t<meta property=\"og:image:type\" content=\"image\/jpeg\" \/>\n<meta name=\"author\" content=\"Reda\u00e7\u00e3o Sul SC\" \/>\n<meta name=\"twitter:card\" content=\"summary_large_image\" \/>\n<meta name=\"twitter:creator\" content=\"@https:\/\/twitter.com\/PortalSulSC\" \/>\n<meta name=\"twitter:label1\" content=\"Written by\" \/>\n\t<meta name=\"twitter:data1\" content=\"Reda\u00e7\u00e3o Sul SC\" \/>\n\t<meta name=\"twitter:label2\" content=\"Est. reading time\" \/>\n\t<meta name=\"twitter:data2\" content=\"2 minutes\" \/>\n<script type=\"application\/ld+json\" class=\"yoast-schema-graph\">{\"@context\":\"https:\/\/schema.org\",\"@graph\":[{\"@type\":\"WebPage\",\"@id\":\"https:\/\/sulsc.com\/index.php\/2025\/04\/24\/previsao-do-tempo-para-quinta-feira-24-de-abril\/\",\"url\":\"https:\/\/sulsc.com\/index.php\/2025\/04\/24\/previsao-do-tempo-para-quinta-feira-24-de-abril\/\",\"name\":\"Previs\u00e3o do Tempo para Quinta-feira, 24 de Abril -\",\"isPartOf\":{\"@id\":\"https:\/\/sulsc.com\/#website\"},\"datePublished\":\"2025-04-24T11:16:46+00:00\",\"dateModified\":\"2025-04-24T11:16:46+00:00\",\"author\":{\"@id\":\"https:\/\/sulsc.com\/#\/schema\/person\/84d2fc571684f6248ba83092f07750a3\"},\"description\":\"O risco de ocorr\u00eancias relacionadas a alagamentos e enxurradas pontuais \u00e9 considerado baixo a moderado para o dia de hoje\",\"breadcrumb\":{\"@id\":\"https:\/\/sulsc.com\/index.php\/2025\/04\/24\/previsao-do-tempo-para-quinta-feira-24-de-abril\/#breadcrumb\"},\"inLanguage\":\"en-US\",\"potentialAction\":[{\"@type\":\"ReadAction\",\"target\":[\"https:\/\/sulsc.com\/index.php\/2025\/04\/24\/previsao-do-tempo-para-quinta-feira-24-de-abril\/\"]}]},{\"@type\":\"BreadcrumbList\",\"@id\":\"https:\/\/sulsc.com\/index.php\/2025\/04\/24\/previsao-do-tempo-para-quinta-feira-24-de-abril\/#breadcrumb\",\"itemListElement\":[{\"@type\":\"ListItem\",\"position\":1,\"name\":\"In\u00edcio\",\"item\":\"https:\/\/sulsc.com\/\"},{\"@type\":\"ListItem\",\"position\":2,\"name\":\"Previs\u00e3o do Tempo para Quinta-feira, 24 de Abril\"}]},{\"@type\":\"WebSite\",\"@id\":\"https:\/\/sulsc.com\/#website\",\"url\":\"https:\/\/sulsc.com\/\",\"name\":\"\",\"description\":\"\",\"potentialAction\":[{\"@type\":\"SearchAction\",\"target\":{\"@type\":\"EntryPoint\",\"urlTemplate\":\"https:\/\/sulsc.com\/?s={search_term_string}\"},\"query-input\":\"required name=search_term_string\"}],\"inLanguage\":\"en-US\"},{\"@type\":\"Person\",\"@id\":\"https:\/\/sulsc.com\/#\/schema\/person\/84d2fc571684f6248ba83092f07750a3\",\"name\":\"Reda\u00e7\u00e3o Sul SC\",\"image\":{\"@type\":\"ImageObject\",\"inLanguage\":\"en-US\",\"@id\":\"https:\/\/sulsc.com\/#\/schema\/person\/image\/e08d7fe2cc4ed596372063bbe852b8d0\",\"url\":\"https:\/\/sulsc.com\/wp-content\/uploads\/2023\/09\/redacao.png\",\"contentUrl\":\"https:\/\/sulsc.com\/wp-content\/uploads\/2023\/09\/redacao.png\",\"caption\":\"Reda\u00e7\u00e3o Sul SC\"},\"description\":\"Foco em um jornalismo imparcial, voltado \u00e0 qualidade dos seus conte\u00fados e, assim, levar informa\u00e7\u00e3o de valor que agregue \u00e0 vida dos leitores. Esta \u00e9 grande miss\u00e3o do Portal de Not\u00edcias Sul SC. N\u00e3o \u00e9 quantidade que muda o mundo, sempre foi e seguir\u00e1 sendo qualidade!\",\"sameAs\":[\"https:\/\/sulsc.com\/\",\"https:\/\/www.facebook.com\/profile.php?id=61559278119680\",\"https:\/\/www.instagram.com\/sulscportal\/?hl=pt-br\",\"https:\/\/twitter.com\/https:\/\/twitter.com\/PortalSulSC\",\"https:\/\/www.youtube.com\/channel\/UCv_BE8GeySluDov2n8qhVmw\"],\"url\":\"https:\/\/sulsc.com\/index.php\/author\/redacao\/\"}]}<\/script>\n<!-- \/ Yoast SEO plugin. -->","yoast_head_json":{"title":"Previs\u00e3o do Tempo para Quinta-feira, 24 de Abril -","description":"O risco de ocorr\u00eancias relacionadas a alagamentos e enxurradas pontuais \u00e9 considerado baixo a moderado para o dia de hoje","robots":{"index":"index","follow":"follow","max-snippet":"max-snippet:-1","max-image-preview":"max-image-preview:large","max-video-preview":"max-video-preview:-1"},"canonical":"https:\/\/sulsc.com\/index.php\/2025\/04\/24\/previsao-do-tempo-para-quinta-feira-24-de-abril\/","og_locale":"en_US","og_type":"article","og_title":"Previs\u00e3o do Tempo para Quinta-feira, 24 de Abril -","og_description":"O risco de ocorr\u00eancias relacionadas a alagamentos e enxurradas pontuais \u00e9 considerado baixo a moderado para o dia de hoje","og_url":"https:\/\/sulsc.com\/index.php\/2025\/04\/24\/previsao-do-tempo-para-quinta-feira-24-de-abril\/","article_author":"https:\/\/www.facebook.com\/profile.php?id=61559278119680","article_published_time":"2025-04-24T11:16:46+00:00","og_image":[{"width":951,"height":462,"url":"http:\/\/sulsc.com\/wp-content\/uploads\/2025\/04\/T.jpg","type":"image\/jpeg"}],"author":"Reda\u00e7\u00e3o Sul SC","twitter_card":"summary_large_image","twitter_creator":"@https:\/\/twitter.com\/PortalSulSC","twitter_misc":{"Written by":"Reda\u00e7\u00e3o Sul SC","Est. reading time":"2 minutes"},"schema":{"@context":"https:\/\/schema.org","@graph":[{"@type":"WebPage","@id":"https:\/\/sulsc.com\/index.php\/2025\/04\/24\/previsao-do-tempo-para-quinta-feira-24-de-abril\/","url":"https:\/\/sulsc.com\/index.php\/2025\/04\/24\/previsao-do-tempo-para-quinta-feira-24-de-abril\/","name":"Previs\u00e3o do Tempo para Quinta-feira, 24 de Abril -","isPartOf":{"@id":"https:\/\/sulsc.com\/#website"},"datePublished":"2025-04-24T11:16:46+00:00","dateModified":"2025-04-24T11:16:46+00:00","author":{"@id":"https:\/\/sulsc.com\/#\/schema\/person\/84d2fc571684f6248ba83092f07750a3"},"description":"O risco de ocorr\u00eancias relacionadas a alagamentos e enxurradas pontuais \u00e9 considerado baixo a moderado para o dia de hoje","breadcrumb":{"@id":"https:\/\/sulsc.com\/index.php\/2025\/04\/24\/previsao-do-tempo-para-quinta-feira-24-de-abril\/#breadcrumb"},"inLanguage":"en-US","potentialAction":[{"@type":"ReadAction","target":["https:\/\/sulsc.com\/index.php\/2025\/04\/24\/previsao-do-tempo-para-quinta-feira-24-de-abril\/"]}]},{"@type":"BreadcrumbList","@id":"https:\/\/sulsc.com\/index.php\/2025\/04\/24\/previsao-do-tempo-para-quinta-feira-24-de-abril\/#breadcrumb","itemListElement":[{"@type":"ListItem","position":1,"name":"In\u00edcio","item":"https:\/\/sulsc.com\/"},{"@type":"ListItem","position":2,"name":"Previs\u00e3o do Tempo para Quinta-feira, 24 de Abril"}]},{"@type":"WebSite","@id":"https:\/\/sulsc.com\/#website","url":"https:\/\/sulsc.com\/","name":"","description":"","potentialAction":[{"@type":"SearchAction","target":{"@type":"EntryPoint","urlTemplate":"https:\/\/sulsc.com\/?s={search_term_string}"},"query-input":"required name=search_term_string"}],"inLanguage":"en-US"},{"@type":"Person","@id":"https:\/\/sulsc.com\/#\/schema\/person\/84d2fc571684f6248ba83092f07750a3","name":"Reda\u00e7\u00e3o Sul SC","image":{"@type":"ImageObject","inLanguage":"en-US","@id":"https:\/\/sulsc.com\/#\/schema\/person\/image\/e08d7fe2cc4ed596372063bbe852b8d0","url":"https:\/\/sulsc.com\/wp-content\/uploads\/2023\/09\/redacao.png","contentUrl":"https:\/\/sulsc.com\/wp-content\/uploads\/2023\/09\/redacao.png","caption":"Reda\u00e7\u00e3o Sul SC"},"description":"Foco em um jornalismo imparcial, voltado \u00e0 qualidade dos seus conte\u00fados e, assim, levar informa\u00e7\u00e3o de valor que agregue \u00e0 vida dos leitores. Esta \u00e9 grande miss\u00e3o do Portal de Not\u00edcias Sul SC. N\u00e3o \u00e9 quantidade que muda o mundo, sempre foi e seguir\u00e1 sendo qualidade!","sameAs":["https:\/\/sulsc.com\/","https:\/\/www.facebook.com\/profile.php?id=61559278119680","https:\/\/www.instagram.com\/sulscportal\/?hl=pt-br","https:\/\/twitter.com\/https:\/\/twitter.com\/PortalSulSC","https:\/\/www.youtube.com\/channel\/UCv_BE8GeySluDov2n8qhVmw"],"url":"https:\/\/sulsc.com\/index.php\/author\/redacao\/"}]}},"authors":[],"_links":{"self":[{"href":"https:\/\/sulsc.com\/index.php\/wp-json\/wp\/v2\/posts\/22875"}],"collection":[{"href":"https:\/\/sulsc.com\/index.php\/wp-json\/wp\/v2\/posts"}],"about":[{"href":"https:\/\/sulsc.com\/index.php\/wp-json\/wp\/v2\/types\/post"}],"author":[{"embeddable":true,"href":"https:\/\/sulsc.com\/index.php\/wp-json\/wp\/v2\/users\/3"}],"replies":[{"embeddable":true,"href":"https:\/\/sulsc.com\/index.php\/wp-json\/wp\/v2\/comments?post=22875"}],"version-history":[{"count":1,"href":"https:\/\/sulsc.com\/index.php\/wp-json\/wp\/v2\/posts\/22875\/revisions"}],"predecessor-version":[{"id":22878,"href":"https:\/\/sulsc.com\/index.php\/wp-json\/wp\/v2\/posts\/22875\/revisions\/22878"}],"wp:featuredmedia":[{"embeddable":true,"href":"https:\/\/sulsc.com\/index.php\/wp-json\/wp\/v2\/media\/22877"}],"wp:attachment":[{"href":"https:\/\/sulsc.com\/index.php\/wp-json\/wp\/v2\/media?parent=22875"}],"wp:term":[{"taxonomy":"category","embeddable":true,"href":"https:\/\/sulsc.com\/index.php\/wp-json\/wp\/v2\/categories?post=22875"},{"taxonomy":"post_tag","embeddable":true,"href":"https:\/\/sulsc.com\/index.php\/wp-json\/wp\/v2\/tags?post=22875"}],"curies":[{"name":"wp","href":"https:\/\/api.w.org\/{rel}","templated":true}]}}