{"id":22884,"date":"2025-04-24T11:52:31","date_gmt":"2025-04-24T14:52:31","guid":{"rendered":"https:\/\/sulsc.com\/?p=22884"},"modified":"2025-04-24T11:52:31","modified_gmt":"2025-04-24T14:52:31","slug":"garopaba-publica-novo-edital-para-o-centro-de-inovacao-e-eventos","status":"publish","type":"post","link":"https:\/\/sulsc.com\/index.php\/2025\/04\/24\/garopaba-publica-novo-edital-para-o-centro-de-inovacao-e-eventos\/","title":{"rendered":"Garopaba publica novo edital para o Centro de Inova\u00e7\u00e3o e Eventos"},"content":{"rendered":"<p>O Governo de Garopaba publicou neste m\u00eas de abril um novo edital para a constru\u00e7\u00e3o do 1\u00ba Centro de Inova\u00e7\u00e3o e Eventos da cidade, consolidando mais um avan\u00e7o no plano de desenvolvimento sustent\u00e1vel da cidade. Atrav\u00e9s do Leil\u00e3o Eletr\u00f4nico 001\/2025, a proposta traz atualiza\u00e7\u00f5es importantes em rela\u00e7\u00e3o \u00e0 abordagem inicial e define as novas \u00e1reas destinadas \u00e0s atividades principais do empreendimento.<\/p>\n<p>O novo projeto destina 1.000 m\u00b2 de \u00e1rea constru\u00edda para o Centro de Eventos, que contar\u00e1 com estrutura moderna para recep\u00e7\u00e3o de feiras, palestras, congressos e apresenta\u00e7\u00f5es culturais. J\u00e1 o Polo Tecnol\u00f3gico ter\u00e1 500 m\u00b2 dedicados a iniciativas de inova\u00e7\u00e3o, como coworkings, laborat\u00f3rios, salas de reuni\u00e3o e espa\u00e7os voltados ao desenvolvimento de startups e tecnologia limpa.<\/p>\n<p><img fetchpriority=\"high\" decoding=\"async\" class=\"aligncenter  wp-image-22885\" src=\"http:\/\/sulsc.com\/wp-content\/uploads\/2025\/04\/Area-externa.jpg\" alt=\"\" width=\"765\" height=\"510\" srcset=\"https:\/\/sulsc.com\/wp-content\/uploads\/2025\/04\/Area-externa.jpg 1080w, https:\/\/sulsc.com\/wp-content\/uploads\/2025\/04\/Area-externa-300x200.jpg 300w, https:\/\/sulsc.com\/wp-content\/uploads\/2025\/04\/Area-externa-1024x683.jpg 1024w, https:\/\/sulsc.com\/wp-content\/uploads\/2025\/04\/Area-externa-768x512.jpg 768w\" sizes=\"(max-width: 765px) 100vw, 765px\" \/><\/p>\n<p>O Centro ser\u00e1 implantado no bairro Limpa, pr\u00f3ximo \u00e0 Surfland, em uma \u00e1rea total de aproximadamente 11 mil m\u00b2. A proposta mant\u00e9m o foco em sustentabilidade, com uso de materiais ecol\u00f3gicos, sistemas de efici\u00eancia energ\u00e9tica, gest\u00e3o de res\u00edduos e acessibilidade universal.<\/p>\n<p>\u201cA publica\u00e7\u00e3o do edital refor\u00e7a o compromisso do munic\u00edpio com a gera\u00e7\u00e3o de empregos, o est\u00edmulo ao empreendedorismo e a transforma\u00e7\u00e3o de Garopaba em um hub regional de inova\u00e7\u00e3o e eventos de m\u00e9dio porte\u201d, afirma o secret\u00e1rio-executivo de gest\u00e3o eletr\u00f4nica, Roberto Bento.<\/p>\n<p>O projeto segue integrado ao programa Garopaba em A\u00e7\u00e3o e conta com o apoio t\u00e9cnico do Instituto de Pesquisa e Gest\u00e3o de Cidades (IPGC) e da\u00a0<a href=\"https:\/\/garopaba.atende.net\/cidadao\/noticia\/garopaba-firma-acordo-de-cooperacao-com-a-investsc-para-impulsionar-inovacao-e-investimentos\/\">InvestSC<\/a>. As empresas interessadas j\u00e1 podem acessar o edital completo e os documentos t\u00e9cnicos por meio da p\u00e1gina oficial do projeto clicando\u00a0<a href=\"https:\/\/garopaba.atende.net\/cidadao\/pagina\/centro-de-inovacao-e-eventos\">aqui<\/a>.<\/p>\n","protected":false},"excerpt":{"rendered":"<p>O Governo de Garopaba publicou neste m\u00eas de abril um novo edital para a constru\u00e7\u00e3o do 1\u00ba Centro de Inova\u00e7\u00e3o e Eventos da cidade, consolidando mais um avan\u00e7o no plano de desenvolvimento sustent\u00e1vel da cidade. Atrav\u00e9s do Leil\u00e3o Eletr\u00f4nico 001\/2025, a proposta traz atualiza\u00e7\u00f5es importantes em rela\u00e7\u00e3o \u00e0 abordagem inicial e define as novas \u00e1reas &hellip;<\/p>\n<p class=\"read-more\"> <a class=\"\" href=\"https:\/\/sulsc.com\/index.php\/2025\/04\/24\/garopaba-publica-novo-edital-para-o-centro-de-inovacao-e-eventos\/\"> <span class=\"screen-reader-text\">Garopaba publica novo edital para o Centro de Inova\u00e7\u00e3o e Eventos<\/span> Read More &raquo;<\/a><\/p>\n","protected":false},"author":3,"featured_media":22885,"comment_status":"open","ping_status":"open","sticky":false,"template":"","format":"standard","meta":{"site-sidebar-layout":"default","site-content-layout":"","ast-site-content-layout":"default","site-content-style":"default","site-sidebar-style":"default","ast-global-header-display":"","ast-banner-title-visibility":"","ast-main-header-display":"","ast-hfb-above-header-display":"","ast-hfb-below-header-display":"","ast-hfb-mobile-header-display":"","site-post-title":"","ast-breadcrumbs-content":"","ast-featured-img":"","footer-sml-layout":"","theme-transparent-header-meta":"default","adv-header-id-meta":"","stick-header-meta":"","header-above-stick-meta":"","header-main-stick-meta":"","header-below-stick-meta":"","astra-migrate-meta-layouts":"set","footnotes":""},"categories":[1982],"tags":[],"yoast_head":"<!-- This site is optimized with the Yoast SEO plugin v21.4 - https:\/\/yoast.com\/wordpress\/plugins\/seo\/ -->\n<title>Garopaba publica novo edital para o Centro de Inova\u00e7\u00e3o e Eventos -<\/title>\n<meta name=\"robots\" content=\"index, follow, max-snippet:-1, max-image-preview:large, max-video-preview:-1\" \/>\n<link rel=\"canonical\" href=\"https:\/\/sulsc.com\/index.php\/2025\/04\/24\/garopaba-publica-novo-edital-para-o-centro-de-inovacao-e-eventos\/\" \/>\n<meta property=\"og:locale\" content=\"en_US\" \/>\n<meta property=\"og:type\" content=\"article\" \/>\n<meta property=\"og:title\" content=\"Garopaba publica novo edital para o Centro de Inova\u00e7\u00e3o e Eventos -\" \/>\n<meta property=\"og:description\" content=\"O Governo de Garopaba publicou neste m\u00eas de abril um novo edital para a constru\u00e7\u00e3o do 1\u00ba Centro de Inova\u00e7\u00e3o e Eventos da cidade, consolidando mais um avan\u00e7o no plano de desenvolvimento sustent\u00e1vel da cidade. Atrav\u00e9s do Leil\u00e3o Eletr\u00f4nico 001\/2025, a proposta traz atualiza\u00e7\u00f5es importantes em rela\u00e7\u00e3o \u00e0 abordagem inicial e define as novas \u00e1reas &hellip; Garopaba publica novo edital para o Centro de Inova\u00e7\u00e3o e Eventos Read More &raquo;\" \/>\n<meta property=\"og:url\" content=\"https:\/\/sulsc.com\/index.php\/2025\/04\/24\/garopaba-publica-novo-edital-para-o-centro-de-inovacao-e-eventos\/\" \/>\n<meta property=\"article:author\" content=\"https:\/\/www.facebook.com\/profile.php?id=61559278119680\" \/>\n<meta property=\"article:published_time\" content=\"2025-04-24T14:52:31+00:00\" \/>\n<meta property=\"og:image\" content=\"http:\/\/sulsc.com\/wp-content\/uploads\/2025\/04\/Area-externa.jpg\" \/>\n\t<meta property=\"og:image:width\" content=\"1080\" \/>\n\t<meta property=\"og:image:height\" content=\"720\" \/>\n\t<meta property=\"og:image:type\" content=\"image\/jpeg\" \/>\n<meta name=\"author\" content=\"Reda\u00e7\u00e3o Sul SC\" \/>\n<meta name=\"twitter:card\" content=\"summary_large_image\" \/>\n<meta name=\"twitter:creator\" content=\"@https:\/\/twitter.com\/PortalSulSC\" \/>\n<meta name=\"twitter:label1\" content=\"Written by\" \/>\n\t<meta name=\"twitter:data1\" content=\"Reda\u00e7\u00e3o Sul SC\" \/>\n\t<meta name=\"twitter:label2\" content=\"Est. reading time\" \/>\n\t<meta name=\"twitter:data2\" content=\"2 minutes\" \/>\n<script type=\"application\/ld+json\" class=\"yoast-schema-graph\">{\"@context\":\"https:\/\/schema.org\",\"@graph\":[{\"@type\":\"WebPage\",\"@id\":\"https:\/\/sulsc.com\/index.php\/2025\/04\/24\/garopaba-publica-novo-edital-para-o-centro-de-inovacao-e-eventos\/\",\"url\":\"https:\/\/sulsc.com\/index.php\/2025\/04\/24\/garopaba-publica-novo-edital-para-o-centro-de-inovacao-e-eventos\/\",\"name\":\"Garopaba publica novo edital para o Centro de Inova\u00e7\u00e3o e Eventos -\",\"isPartOf\":{\"@id\":\"https:\/\/sulsc.com\/#website\"},\"datePublished\":\"2025-04-24T14:52:31+00:00\",\"dateModified\":\"2025-04-24T14:52:31+00:00\",\"author\":{\"@id\":\"https:\/\/sulsc.com\/#\/schema\/person\/84d2fc571684f6248ba83092f07750a3\"},\"breadcrumb\":{\"@id\":\"https:\/\/sulsc.com\/index.php\/2025\/04\/24\/garopaba-publica-novo-edital-para-o-centro-de-inovacao-e-eventos\/#breadcrumb\"},\"inLanguage\":\"en-US\",\"potentialAction\":[{\"@type\":\"ReadAction\",\"target\":[\"https:\/\/sulsc.com\/index.php\/2025\/04\/24\/garopaba-publica-novo-edital-para-o-centro-de-inovacao-e-eventos\/\"]}]},{\"@type\":\"BreadcrumbList\",\"@id\":\"https:\/\/sulsc.com\/index.php\/2025\/04\/24\/garopaba-publica-novo-edital-para-o-centro-de-inovacao-e-eventos\/#breadcrumb\",\"itemListElement\":[{\"@type\":\"ListItem\",\"position\":1,\"name\":\"In\u00edcio\",\"item\":\"https:\/\/sulsc.com\/\"},{\"@type\":\"ListItem\",\"position\":2,\"name\":\"Garopaba publica novo edital para o Centro de Inova\u00e7\u00e3o e Eventos\"}]},{\"@type\":\"WebSite\",\"@id\":\"https:\/\/sulsc.com\/#website\",\"url\":\"https:\/\/sulsc.com\/\",\"name\":\"\",\"description\":\"\",\"potentialAction\":[{\"@type\":\"SearchAction\",\"target\":{\"@type\":\"EntryPoint\",\"urlTemplate\":\"https:\/\/sulsc.com\/?s={search_term_string}\"},\"query-input\":\"required name=search_term_string\"}],\"inLanguage\":\"en-US\"},{\"@type\":\"Person\",\"@id\":\"https:\/\/sulsc.com\/#\/schema\/person\/84d2fc571684f6248ba83092f07750a3\",\"name\":\"Reda\u00e7\u00e3o Sul SC\",\"image\":{\"@type\":\"ImageObject\",\"inLanguage\":\"en-US\",\"@id\":\"https:\/\/sulsc.com\/#\/schema\/person\/image\/e08d7fe2cc4ed596372063bbe852b8d0\",\"url\":\"https:\/\/sulsc.com\/wp-content\/uploads\/2023\/09\/redacao.png\",\"contentUrl\":\"https:\/\/sulsc.com\/wp-content\/uploads\/2023\/09\/redacao.png\",\"caption\":\"Reda\u00e7\u00e3o Sul SC\"},\"description\":\"Foco em um jornalismo imparcial, voltado \u00e0 qualidade dos seus conte\u00fados e, assim, levar informa\u00e7\u00e3o de valor que agregue \u00e0 vida dos leitores. Esta \u00e9 grande miss\u00e3o do Portal de Not\u00edcias Sul SC. N\u00e3o \u00e9 quantidade que muda o mundo, sempre foi e seguir\u00e1 sendo qualidade!\",\"sameAs\":[\"https:\/\/sulsc.com\/\",\"https:\/\/www.facebook.com\/profile.php?id=61559278119680\",\"https:\/\/www.instagram.com\/sulscportal\/?hl=pt-br\",\"https:\/\/twitter.com\/https:\/\/twitter.com\/PortalSulSC\",\"https:\/\/www.youtube.com\/channel\/UCv_BE8GeySluDov2n8qhVmw\"],\"url\":\"https:\/\/sulsc.com\/index.php\/author\/redacao\/\"}]}<\/script>\n<!-- \/ Yoast SEO plugin. -->","yoast_head_json":{"title":"Garopaba publica novo edital para o Centro de Inova\u00e7\u00e3o e Eventos -","robots":{"index":"index","follow":"follow","max-snippet":"max-snippet:-1","max-image-preview":"max-image-preview:large","max-video-preview":"max-video-preview:-1"},"canonical":"https:\/\/sulsc.com\/index.php\/2025\/04\/24\/garopaba-publica-novo-edital-para-o-centro-de-inovacao-e-eventos\/","og_locale":"en_US","og_type":"article","og_title":"Garopaba publica novo edital para o Centro de Inova\u00e7\u00e3o e Eventos -","og_description":"O Governo de Garopaba publicou neste m\u00eas de abril um novo edital para a constru\u00e7\u00e3o do 1\u00ba Centro de Inova\u00e7\u00e3o e Eventos da cidade, consolidando mais um avan\u00e7o no plano de desenvolvimento sustent\u00e1vel da cidade. Atrav\u00e9s do Leil\u00e3o Eletr\u00f4nico 001\/2025, a proposta traz atualiza\u00e7\u00f5es importantes em rela\u00e7\u00e3o \u00e0 abordagem inicial e define as novas \u00e1reas &hellip; Garopaba publica novo edital para o Centro de Inova\u00e7\u00e3o e Eventos Read More &raquo;","og_url":"https:\/\/sulsc.com\/index.php\/2025\/04\/24\/garopaba-publica-novo-edital-para-o-centro-de-inovacao-e-eventos\/","article_author":"https:\/\/www.facebook.com\/profile.php?id=61559278119680","article_published_time":"2025-04-24T14:52:31+00:00","og_image":[{"width":1080,"height":720,"url":"http:\/\/sulsc.com\/wp-content\/uploads\/2025\/04\/Area-externa.jpg","type":"image\/jpeg"}],"author":"Reda\u00e7\u00e3o Sul SC","twitter_card":"summary_large_image","twitter_creator":"@https:\/\/twitter.com\/PortalSulSC","twitter_misc":{"Written by":"Reda\u00e7\u00e3o Sul SC","Est. reading time":"2 minutes"},"schema":{"@context":"https:\/\/schema.org","@graph":[{"@type":"WebPage","@id":"https:\/\/sulsc.com\/index.php\/2025\/04\/24\/garopaba-publica-novo-edital-para-o-centro-de-inovacao-e-eventos\/","url":"https:\/\/sulsc.com\/index.php\/2025\/04\/24\/garopaba-publica-novo-edital-para-o-centro-de-inovacao-e-eventos\/","name":"Garopaba publica novo edital para o Centro de Inova\u00e7\u00e3o e Eventos -","isPartOf":{"@id":"https:\/\/sulsc.com\/#website"},"datePublished":"2025-04-24T14:52:31+00:00","dateModified":"2025-04-24T14:52:31+00:00","author":{"@id":"https:\/\/sulsc.com\/#\/schema\/person\/84d2fc571684f6248ba83092f07750a3"},"breadcrumb":{"@id":"https:\/\/sulsc.com\/index.php\/2025\/04\/24\/garopaba-publica-novo-edital-para-o-centro-de-inovacao-e-eventos\/#breadcrumb"},"inLanguage":"en-US","potentialAction":[{"@type":"ReadAction","target":["https:\/\/sulsc.com\/index.php\/2025\/04\/24\/garopaba-publica-novo-edital-para-o-centro-de-inovacao-e-eventos\/"]}]},{"@type":"BreadcrumbList","@id":"https:\/\/sulsc.com\/index.php\/2025\/04\/24\/garopaba-publica-novo-edital-para-o-centro-de-inovacao-e-eventos\/#breadcrumb","itemListElement":[{"@type":"ListItem","position":1,"name":"In\u00edcio","item":"https:\/\/sulsc.com\/"},{"@type":"ListItem","position":2,"name":"Garopaba publica novo edital para o Centro de Inova\u00e7\u00e3o e Eventos"}]},{"@type":"WebSite","@id":"https:\/\/sulsc.com\/#website","url":"https:\/\/sulsc.com\/","name":"","description":"","potentialAction":[{"@type":"SearchAction","target":{"@type":"EntryPoint","urlTemplate":"https:\/\/sulsc.com\/?s={search_term_string}"},"query-input":"required name=search_term_string"}],"inLanguage":"en-US"},{"@type":"Person","@id":"https:\/\/sulsc.com\/#\/schema\/person\/84d2fc571684f6248ba83092f07750a3","name":"Reda\u00e7\u00e3o Sul SC","image":{"@type":"ImageObject","inLanguage":"en-US","@id":"https:\/\/sulsc.com\/#\/schema\/person\/image\/e08d7fe2cc4ed596372063bbe852b8d0","url":"https:\/\/sulsc.com\/wp-content\/uploads\/2023\/09\/redacao.png","contentUrl":"https:\/\/sulsc.com\/wp-content\/uploads\/2023\/09\/redacao.png","caption":"Reda\u00e7\u00e3o Sul SC"},"description":"Foco em um jornalismo imparcial, voltado \u00e0 qualidade dos seus conte\u00fados e, assim, levar informa\u00e7\u00e3o de valor que agregue \u00e0 vida dos leitores. Esta \u00e9 grande miss\u00e3o do Portal de Not\u00edcias Sul SC. N\u00e3o \u00e9 quantidade que muda o mundo, sempre foi e seguir\u00e1 sendo qualidade!","sameAs":["https:\/\/sulsc.com\/","https:\/\/www.facebook.com\/profile.php?id=61559278119680","https:\/\/www.instagram.com\/sulscportal\/?hl=pt-br","https:\/\/twitter.com\/https:\/\/twitter.com\/PortalSulSC","https:\/\/www.youtube.com\/channel\/UCv_BE8GeySluDov2n8qhVmw"],"url":"https:\/\/sulsc.com\/index.php\/author\/redacao\/"}]}},"authors":[],"_links":{"self":[{"href":"https:\/\/sulsc.com\/index.php\/wp-json\/wp\/v2\/posts\/22884"}],"collection":[{"href":"https:\/\/sulsc.com\/index.php\/wp-json\/wp\/v2\/posts"}],"about":[{"href":"https:\/\/sulsc.com\/index.php\/wp-json\/wp\/v2\/types\/post"}],"author":[{"embeddable":true,"href":"https:\/\/sulsc.com\/index.php\/wp-json\/wp\/v2\/users\/3"}],"replies":[{"embeddable":true,"href":"https:\/\/sulsc.com\/index.php\/wp-json\/wp\/v2\/comments?post=22884"}],"version-history":[{"count":1,"href":"https:\/\/sulsc.com\/index.php\/wp-json\/wp\/v2\/posts\/22884\/revisions"}],"predecessor-version":[{"id":22886,"href":"https:\/\/sulsc.com\/index.php\/wp-json\/wp\/v2\/posts\/22884\/revisions\/22886"}],"wp:featuredmedia":[{"embeddable":true,"href":"https:\/\/sulsc.com\/index.php\/wp-json\/wp\/v2\/media\/22885"}],"wp:attachment":[{"href":"https:\/\/sulsc.com\/index.php\/wp-json\/wp\/v2\/media?parent=22884"}],"wp:term":[{"taxonomy":"category","embeddable":true,"href":"https:\/\/sulsc.com\/index.php\/wp-json\/wp\/v2\/categories?post=22884"},{"taxonomy":"post_tag","embeddable":true,"href":"https:\/\/sulsc.com\/index.php\/wp-json\/wp\/v2\/tags?post=22884"}],"curies":[{"name":"wp","href":"https:\/\/api.w.org\/{rel}","templated":true}]}}