{"id":23000,"date":"2025-04-27T11:15:09","date_gmt":"2025-04-27T14:15:09","guid":{"rendered":"https:\/\/sulsc.com\/?p=23000"},"modified":"2025-04-27T11:15:09","modified_gmt":"2025-04-27T14:15:09","slug":"a-passagem-de-uma-frente-fria-traz-temporais-isolados-neste-domingo-27","status":"publish","type":"post","link":"https:\/\/sulsc.com\/index.php\/2025\/04\/27\/a-passagem-de-uma-frente-fria-traz-temporais-isolados-neste-domingo-27\/","title":{"rendered":"A passagem de uma frente fria traz temporais isolados neste domingo (27)"},"content":{"rendered":"<p>Neste domingo (27), a aproxima\u00e7\u00e3o e passagem de uma frente fria deixa o tempo inst\u00e1vel em todo o estado, com condi\u00e7\u00f5es para temporais isolados com raios, fortes rajadas de vento e eventual queda de granizo.<\/p>\n<p>J\u00e1 no final do per\u00edodo da manh\u00e3, os temporais come\u00e7am nas \u00e1reas de divisa com o RS, especialmente no Oeste, Planalto Sul e Litoral Sul. Ao longo do dia, a instabilidade avan\u00e7a para as demais regi\u00f5es catarinenses, provocando chuva e temporais isolados.<\/p>\n<p><img fetchpriority=\"high\" decoding=\"async\" class=\"aligncenter size-full wp-image-23001\" src=\"http:\/\/sulsc.com\/wp-content\/uploads\/2025\/04\/D.png\" alt=\"\" width=\"1645\" height=\"1123\" srcset=\"https:\/\/sulsc.com\/wp-content\/uploads\/2025\/04\/D.png 1645w, https:\/\/sulsc.com\/wp-content\/uploads\/2025\/04\/D-300x205.png 300w, https:\/\/sulsc.com\/wp-content\/uploads\/2025\/04\/D-1024x699.png 1024w, https:\/\/sulsc.com\/wp-content\/uploads\/2025\/04\/D-768x524.png 768w, https:\/\/sulsc.com\/wp-content\/uploads\/2025\/04\/D-1536x1049.png 1536w\" sizes=\"(max-width: 1645px) 100vw, 1645px\" \/><\/p>\n<p><img decoding=\"async\" class=\"aligncenter  wp-image-22836\" src=\"http:\/\/sulsc.com\/wp-content\/uploads\/2025\/04\/Tempo-2.png\" alt=\"\" width=\"484\" height=\"89\" srcset=\"https:\/\/sulsc.com\/wp-content\/uploads\/2025\/04\/Tempo-2.png 1024w, https:\/\/sulsc.com\/wp-content\/uploads\/2025\/04\/Tempo-2-300x55.png 300w, https:\/\/sulsc.com\/wp-content\/uploads\/2025\/04\/Tempo-2-768x142.png 768w\" sizes=\"(max-width: 484px) 100vw, 484px\" \/><\/p>\n<p>O risco \u00e9 baixo a moderado para ocorr\u00eancias associadas a alagamentos e enxurradas pontuais, destelhamentos e danos na rede el\u00e9trica.<\/p>\n<p>Nas primeiras horas da manh\u00e3 os term\u00f4metros variam entre 13 e 18\u00b0C em grande parte do estado, ficando levemente mais ameno nas regi\u00f5es serranas do Planalto Sul. As m\u00e1ximas n\u00e3o passam dos 27\u00b0C no Oeste e no Litoral. Amanh\u00e3 segunda-feira (28) \u00a0come\u00e7a ainda com condi\u00e7\u00f5es para temporais isolados, acompanhados por raios e rajadas de vento, especialmente durante a madrugada. Com temperaturas que variam entre 10 e 14\u00b0C nas \u00e1reas de Serra e ficam entre 13 e 20\u00b0C nas demais regi\u00f5es e m\u00e1ximas variam entre 14 e 26\u00b0C .<\/p>\n<p>Fonte\/Defesa Civil SC<\/p>\n","protected":false},"excerpt":{"rendered":"<p>Neste domingo (27), a aproxima\u00e7\u00e3o e passagem de uma frente fria deixa o tempo inst\u00e1vel em todo o estado, com condi\u00e7\u00f5es para temporais isolados com raios, fortes rajadas de vento e eventual queda de granizo. J\u00e1 no final do per\u00edodo da manh\u00e3, os temporais come\u00e7am nas \u00e1reas de divisa com o RS, especialmente no Oeste, &hellip;<\/p>\n<p class=\"read-more\"> <a class=\"\" href=\"https:\/\/sulsc.com\/index.php\/2025\/04\/27\/a-passagem-de-uma-frente-fria-traz-temporais-isolados-neste-domingo-27\/\"> <span class=\"screen-reader-text\">A passagem de uma frente fria traz temporais isolados neste domingo (27)<\/span> Read More &raquo;<\/a><\/p>\n","protected":false},"author":3,"featured_media":23003,"comment_status":"open","ping_status":"open","sticky":false,"template":"","format":"standard","meta":{"site-sidebar-layout":"default","site-content-layout":"","ast-site-content-layout":"default","site-content-style":"default","site-sidebar-style":"default","ast-global-header-display":"","ast-banner-title-visibility":"","ast-main-header-display":"","ast-hfb-above-header-display":"","ast-hfb-below-header-display":"","ast-hfb-mobile-header-display":"","site-post-title":"","ast-breadcrumbs-content":"","ast-featured-img":"","footer-sml-layout":"","theme-transparent-header-meta":"default","adv-header-id-meta":"","stick-header-meta":"","header-above-stick-meta":"","header-main-stick-meta":"","header-below-stick-meta":"","astra-migrate-meta-layouts":"set","footnotes":""},"categories":[38],"tags":[90],"yoast_head":"<!-- This site is optimized with the Yoast SEO plugin v21.4 - https:\/\/yoast.com\/wordpress\/plugins\/seo\/ -->\n<title>A passagem de uma frente fria traz temporais isolados neste domingo (27) -<\/title>\n<meta name=\"description\" content=\"Os term\u00f4metros variam entre 13 e 18\u00b0C em grande parte do estado com as m\u00e1ximas ficando entre 27\u00b0C no Oeste e no Litoral\" \/>\n<meta name=\"robots\" content=\"index, follow, max-snippet:-1, max-image-preview:large, max-video-preview:-1\" \/>\n<link rel=\"canonical\" href=\"https:\/\/sulsc.com\/index.php\/2025\/04\/27\/a-passagem-de-uma-frente-fria-traz-temporais-isolados-neste-domingo-27\/\" \/>\n<meta property=\"og:locale\" content=\"en_US\" \/>\n<meta property=\"og:type\" content=\"article\" \/>\n<meta property=\"og:title\" content=\"A passagem de uma frente fria traz temporais isolados neste domingo (27) -\" \/>\n<meta property=\"og:description\" content=\"Os term\u00f4metros variam entre 13 e 18\u00b0C em grande parte do estado com as m\u00e1ximas ficando entre 27\u00b0C no Oeste e no Litoral\" \/>\n<meta property=\"og:url\" content=\"https:\/\/sulsc.com\/index.php\/2025\/04\/27\/a-passagem-de-uma-frente-fria-traz-temporais-isolados-neste-domingo-27\/\" \/>\n<meta property=\"article:author\" content=\"https:\/\/www.facebook.com\/profile.php?id=61559278119680\" \/>\n<meta property=\"article:published_time\" content=\"2025-04-27T14:15:09+00:00\" \/>\n<meta property=\"og:image\" content=\"http:\/\/sulsc.com\/wp-content\/uploads\/2025\/04\/C.jpeg\" \/>\n\t<meta property=\"og:image:width\" content=\"1536\" \/>\n\t<meta property=\"og:image:height\" content=\"864\" \/>\n\t<meta property=\"og:image:type\" content=\"image\/jpeg\" \/>\n<meta name=\"author\" content=\"Reda\u00e7\u00e3o Sul SC\" \/>\n<meta name=\"twitter:card\" content=\"summary_large_image\" \/>\n<meta name=\"twitter:creator\" content=\"@https:\/\/twitter.com\/PortalSulSC\" \/>\n<meta name=\"twitter:label1\" content=\"Written by\" \/>\n\t<meta name=\"twitter:data1\" content=\"Reda\u00e7\u00e3o Sul SC\" \/>\n\t<meta name=\"twitter:label2\" content=\"Est. reading time\" \/>\n\t<meta name=\"twitter:data2\" content=\"2 minutes\" \/>\n<script type=\"application\/ld+json\" class=\"yoast-schema-graph\">{\"@context\":\"https:\/\/schema.org\",\"@graph\":[{\"@type\":\"WebPage\",\"@id\":\"https:\/\/sulsc.com\/index.php\/2025\/04\/27\/a-passagem-de-uma-frente-fria-traz-temporais-isolados-neste-domingo-27\/\",\"url\":\"https:\/\/sulsc.com\/index.php\/2025\/04\/27\/a-passagem-de-uma-frente-fria-traz-temporais-isolados-neste-domingo-27\/\",\"name\":\"A passagem de uma frente fria traz temporais isolados neste domingo (27) -\",\"isPartOf\":{\"@id\":\"https:\/\/sulsc.com\/#website\"},\"datePublished\":\"2025-04-27T14:15:09+00:00\",\"dateModified\":\"2025-04-27T14:15:09+00:00\",\"author\":{\"@id\":\"https:\/\/sulsc.com\/#\/schema\/person\/84d2fc571684f6248ba83092f07750a3\"},\"description\":\"Os term\u00f4metros variam entre 13 e 18\u00b0C em grande parte do estado com as m\u00e1ximas ficando entre 27\u00b0C no Oeste e no Litoral\",\"breadcrumb\":{\"@id\":\"https:\/\/sulsc.com\/index.php\/2025\/04\/27\/a-passagem-de-uma-frente-fria-traz-temporais-isolados-neste-domingo-27\/#breadcrumb\"},\"inLanguage\":\"en-US\",\"potentialAction\":[{\"@type\":\"ReadAction\",\"target\":[\"https:\/\/sulsc.com\/index.php\/2025\/04\/27\/a-passagem-de-uma-frente-fria-traz-temporais-isolados-neste-domingo-27\/\"]}]},{\"@type\":\"BreadcrumbList\",\"@id\":\"https:\/\/sulsc.com\/index.php\/2025\/04\/27\/a-passagem-de-uma-frente-fria-traz-temporais-isolados-neste-domingo-27\/#breadcrumb\",\"itemListElement\":[{\"@type\":\"ListItem\",\"position\":1,\"name\":\"In\u00edcio\",\"item\":\"https:\/\/sulsc.com\/\"},{\"@type\":\"ListItem\",\"position\":2,\"name\":\"A passagem de uma frente fria traz temporais isolados neste domingo (27)\"}]},{\"@type\":\"WebSite\",\"@id\":\"https:\/\/sulsc.com\/#website\",\"url\":\"https:\/\/sulsc.com\/\",\"name\":\"\",\"description\":\"\",\"potentialAction\":[{\"@type\":\"SearchAction\",\"target\":{\"@type\":\"EntryPoint\",\"urlTemplate\":\"https:\/\/sulsc.com\/?s={search_term_string}\"},\"query-input\":\"required name=search_term_string\"}],\"inLanguage\":\"en-US\"},{\"@type\":\"Person\",\"@id\":\"https:\/\/sulsc.com\/#\/schema\/person\/84d2fc571684f6248ba83092f07750a3\",\"name\":\"Reda\u00e7\u00e3o Sul SC\",\"image\":{\"@type\":\"ImageObject\",\"inLanguage\":\"en-US\",\"@id\":\"https:\/\/sulsc.com\/#\/schema\/person\/image\/e08d7fe2cc4ed596372063bbe852b8d0\",\"url\":\"https:\/\/sulsc.com\/wp-content\/uploads\/2023\/09\/redacao.png\",\"contentUrl\":\"https:\/\/sulsc.com\/wp-content\/uploads\/2023\/09\/redacao.png\",\"caption\":\"Reda\u00e7\u00e3o Sul SC\"},\"description\":\"Foco em um jornalismo imparcial, voltado \u00e0 qualidade dos seus conte\u00fados e, assim, levar informa\u00e7\u00e3o de valor que agregue \u00e0 vida dos leitores. Esta \u00e9 grande miss\u00e3o do Portal de Not\u00edcias Sul SC. N\u00e3o \u00e9 quantidade que muda o mundo, sempre foi e seguir\u00e1 sendo qualidade!\",\"sameAs\":[\"https:\/\/sulsc.com\/\",\"https:\/\/www.facebook.com\/profile.php?id=61559278119680\",\"https:\/\/www.instagram.com\/sulscportal\/?hl=pt-br\",\"https:\/\/twitter.com\/https:\/\/twitter.com\/PortalSulSC\",\"https:\/\/www.youtube.com\/channel\/UCv_BE8GeySluDov2n8qhVmw\"],\"url\":\"https:\/\/sulsc.com\/index.php\/author\/redacao\/\"}]}<\/script>\n<!-- \/ Yoast SEO plugin. -->","yoast_head_json":{"title":"A passagem de uma frente fria traz temporais isolados neste domingo (27) -","description":"Os term\u00f4metros variam entre 13 e 18\u00b0C em grande parte do estado com as m\u00e1ximas ficando entre 27\u00b0C no Oeste e no Litoral","robots":{"index":"index","follow":"follow","max-snippet":"max-snippet:-1","max-image-preview":"max-image-preview:large","max-video-preview":"max-video-preview:-1"},"canonical":"https:\/\/sulsc.com\/index.php\/2025\/04\/27\/a-passagem-de-uma-frente-fria-traz-temporais-isolados-neste-domingo-27\/","og_locale":"en_US","og_type":"article","og_title":"A passagem de uma frente fria traz temporais isolados neste domingo (27) -","og_description":"Os term\u00f4metros variam entre 13 e 18\u00b0C em grande parte do estado com as m\u00e1ximas ficando entre 27\u00b0C no Oeste e no Litoral","og_url":"https:\/\/sulsc.com\/index.php\/2025\/04\/27\/a-passagem-de-uma-frente-fria-traz-temporais-isolados-neste-domingo-27\/","article_author":"https:\/\/www.facebook.com\/profile.php?id=61559278119680","article_published_time":"2025-04-27T14:15:09+00:00","og_image":[{"width":1536,"height":864,"url":"http:\/\/sulsc.com\/wp-content\/uploads\/2025\/04\/C.jpeg","type":"image\/jpeg"}],"author":"Reda\u00e7\u00e3o Sul SC","twitter_card":"summary_large_image","twitter_creator":"@https:\/\/twitter.com\/PortalSulSC","twitter_misc":{"Written by":"Reda\u00e7\u00e3o Sul SC","Est. reading time":"2 minutes"},"schema":{"@context":"https:\/\/schema.org","@graph":[{"@type":"WebPage","@id":"https:\/\/sulsc.com\/index.php\/2025\/04\/27\/a-passagem-de-uma-frente-fria-traz-temporais-isolados-neste-domingo-27\/","url":"https:\/\/sulsc.com\/index.php\/2025\/04\/27\/a-passagem-de-uma-frente-fria-traz-temporais-isolados-neste-domingo-27\/","name":"A passagem de uma frente fria traz temporais isolados neste domingo (27) -","isPartOf":{"@id":"https:\/\/sulsc.com\/#website"},"datePublished":"2025-04-27T14:15:09+00:00","dateModified":"2025-04-27T14:15:09+00:00","author":{"@id":"https:\/\/sulsc.com\/#\/schema\/person\/84d2fc571684f6248ba83092f07750a3"},"description":"Os term\u00f4metros variam entre 13 e 18\u00b0C em grande parte do estado com as m\u00e1ximas ficando entre 27\u00b0C no Oeste e no Litoral","breadcrumb":{"@id":"https:\/\/sulsc.com\/index.php\/2025\/04\/27\/a-passagem-de-uma-frente-fria-traz-temporais-isolados-neste-domingo-27\/#breadcrumb"},"inLanguage":"en-US","potentialAction":[{"@type":"ReadAction","target":["https:\/\/sulsc.com\/index.php\/2025\/04\/27\/a-passagem-de-uma-frente-fria-traz-temporais-isolados-neste-domingo-27\/"]}]},{"@type":"BreadcrumbList","@id":"https:\/\/sulsc.com\/index.php\/2025\/04\/27\/a-passagem-de-uma-frente-fria-traz-temporais-isolados-neste-domingo-27\/#breadcrumb","itemListElement":[{"@type":"ListItem","position":1,"name":"In\u00edcio","item":"https:\/\/sulsc.com\/"},{"@type":"ListItem","position":2,"name":"A passagem de uma frente fria traz temporais isolados neste domingo (27)"}]},{"@type":"WebSite","@id":"https:\/\/sulsc.com\/#website","url":"https:\/\/sulsc.com\/","name":"","description":"","potentialAction":[{"@type":"SearchAction","target":{"@type":"EntryPoint","urlTemplate":"https:\/\/sulsc.com\/?s={search_term_string}"},"query-input":"required name=search_term_string"}],"inLanguage":"en-US"},{"@type":"Person","@id":"https:\/\/sulsc.com\/#\/schema\/person\/84d2fc571684f6248ba83092f07750a3","name":"Reda\u00e7\u00e3o Sul SC","image":{"@type":"ImageObject","inLanguage":"en-US","@id":"https:\/\/sulsc.com\/#\/schema\/person\/image\/e08d7fe2cc4ed596372063bbe852b8d0","url":"https:\/\/sulsc.com\/wp-content\/uploads\/2023\/09\/redacao.png","contentUrl":"https:\/\/sulsc.com\/wp-content\/uploads\/2023\/09\/redacao.png","caption":"Reda\u00e7\u00e3o Sul SC"},"description":"Foco em um jornalismo imparcial, voltado \u00e0 qualidade dos seus conte\u00fados e, assim, levar informa\u00e7\u00e3o de valor que agregue \u00e0 vida dos leitores. Esta \u00e9 grande miss\u00e3o do Portal de Not\u00edcias Sul SC. N\u00e3o \u00e9 quantidade que muda o mundo, sempre foi e seguir\u00e1 sendo qualidade!","sameAs":["https:\/\/sulsc.com\/","https:\/\/www.facebook.com\/profile.php?id=61559278119680","https:\/\/www.instagram.com\/sulscportal\/?hl=pt-br","https:\/\/twitter.com\/https:\/\/twitter.com\/PortalSulSC","https:\/\/www.youtube.com\/channel\/UCv_BE8GeySluDov2n8qhVmw"],"url":"https:\/\/sulsc.com\/index.php\/author\/redacao\/"}]}},"authors":[],"_links":{"self":[{"href":"https:\/\/sulsc.com\/index.php\/wp-json\/wp\/v2\/posts\/23000"}],"collection":[{"href":"https:\/\/sulsc.com\/index.php\/wp-json\/wp\/v2\/posts"}],"about":[{"href":"https:\/\/sulsc.com\/index.php\/wp-json\/wp\/v2\/types\/post"}],"author":[{"embeddable":true,"href":"https:\/\/sulsc.com\/index.php\/wp-json\/wp\/v2\/users\/3"}],"replies":[{"embeddable":true,"href":"https:\/\/sulsc.com\/index.php\/wp-json\/wp\/v2\/comments?post=23000"}],"version-history":[{"count":1,"href":"https:\/\/sulsc.com\/index.php\/wp-json\/wp\/v2\/posts\/23000\/revisions"}],"predecessor-version":[{"id":23004,"href":"https:\/\/sulsc.com\/index.php\/wp-json\/wp\/v2\/posts\/23000\/revisions\/23004"}],"wp:featuredmedia":[{"embeddable":true,"href":"https:\/\/sulsc.com\/index.php\/wp-json\/wp\/v2\/media\/23003"}],"wp:attachment":[{"href":"https:\/\/sulsc.com\/index.php\/wp-json\/wp\/v2\/media?parent=23000"}],"wp:term":[{"taxonomy":"category","embeddable":true,"href":"https:\/\/sulsc.com\/index.php\/wp-json\/wp\/v2\/categories?post=23000"},{"taxonomy":"post_tag","embeddable":true,"href":"https:\/\/sulsc.com\/index.php\/wp-json\/wp\/v2\/tags?post=23000"}],"curies":[{"name":"wp","href":"https:\/\/api.w.org\/{rel}","templated":true}]}}