{"id":23009,"date":"2025-04-28T08:07:33","date_gmt":"2025-04-28T11:07:33","guid":{"rendered":"https:\/\/sulsc.com\/?p=23009"},"modified":"2025-04-28T08:07:33","modified_gmt":"2025-04-28T11:07:33","slug":"semana-comeca-com-nebulosidades-mas-o-tempo-volta-ficar-firme-na-parte-da-tarde-em-todo-estado","status":"publish","type":"post","link":"https:\/\/sulsc.com\/index.php\/2025\/04\/28\/semana-comeca-com-nebulosidades-mas-o-tempo-volta-ficar-firme-na-parte-da-tarde-em-todo-estado\/","title":{"rendered":"Semana come\u00e7a com nebulosidades mas o tempo volta ficar firme na parte da tarde em todo estado"},"content":{"rendered":"<p>A segunda-feira (28) come\u00e7ou com pancadas de chuva, acompanhadas por rajadas de vento, no leste catarinense, que foi perdendo intensidade ao longo da madrugada. Ainda pela manh\u00e3 h\u00e1 condi\u00e7\u00f5es para chuvas fracas e r\u00e1pidas. No decorrer do dia, o ingresso de uma \u00e1rea de alta press\u00e3o contribui para o retorno de tempo firme em todo o estado.<\/p>\n<p><img fetchpriority=\"high\" decoding=\"async\" class=\"aligncenter size-full wp-image-23010\" src=\"http:\/\/sulsc.com\/wp-content\/uploads\/2025\/04\/2-2.png\" alt=\"\" width=\"827\" height=\"561\" srcset=\"https:\/\/sulsc.com\/wp-content\/uploads\/2025\/04\/2-2.png 827w, https:\/\/sulsc.com\/wp-content\/uploads\/2025\/04\/2-2-300x204.png 300w, https:\/\/sulsc.com\/wp-content\/uploads\/2025\/04\/2-2-768x521.png 768w\" sizes=\"(max-width: 827px) 100vw, 827px\" \/><\/p>\n<p><img decoding=\"async\" class=\"aligncenter  wp-image-22836\" src=\"http:\/\/sulsc.com\/wp-content\/uploads\/2025\/04\/Tempo-2.png\" alt=\"\" width=\"500\" height=\"92\" srcset=\"https:\/\/sulsc.com\/wp-content\/uploads\/2025\/04\/Tempo-2.png 1024w, https:\/\/sulsc.com\/wp-content\/uploads\/2025\/04\/Tempo-2-300x55.png 300w, https:\/\/sulsc.com\/wp-content\/uploads\/2025\/04\/Tempo-2-768x142.png 768w\" sizes=\"(max-width: 500px) 100vw, 500px\" \/><\/p>\n<p>Com a alta press\u00e3o, o vento passa a soprar de de sul\/sudoeste e o mar fica mais agitado, com ondas entre 2 e 2,5m, oferecendo risco baixo a moderado para ocorr\u00eancias associadas a agita\u00e7\u00e3o mar\u00edtima.<\/p>\n<p><strong>Temperaturas<\/strong><\/p>\n<p>No amanhecer, as temperaturas variam entre 8 e 14\u00b0C nas \u00e1reas de Serra e ficam entre 13 e 20\u00b0C nas demais regi\u00f5es. As m\u00e1ximas variam entre 14 e 26\u00b0C em todas as regi\u00f5es catarinenses.<\/p>\n<p>Fonte\/Defesa Civil SC<\/p>\n","protected":false},"excerpt":{"rendered":"<p>A segunda-feira (28) come\u00e7ou com pancadas de chuva, acompanhadas por rajadas de vento, no leste catarinense, que foi perdendo intensidade ao longo da madrugada. Ainda pela manh\u00e3 h\u00e1 condi\u00e7\u00f5es para chuvas fracas e r\u00e1pidas. No decorrer do dia, o ingresso de uma \u00e1rea de alta press\u00e3o contribui para o retorno de tempo firme em todo &hellip;<\/p>\n<p class=\"read-more\"> <a class=\"\" href=\"https:\/\/sulsc.com\/index.php\/2025\/04\/28\/semana-comeca-com-nebulosidades-mas-o-tempo-volta-ficar-firme-na-parte-da-tarde-em-todo-estado\/\"> <span class=\"screen-reader-text\">Semana come\u00e7a com nebulosidades mas o tempo volta ficar firme na parte da tarde em todo estado<\/span> Read More &raquo;<\/a><\/p>\n","protected":false},"author":3,"featured_media":23011,"comment_status":"open","ping_status":"open","sticky":false,"template":"","format":"standard","meta":{"site-sidebar-layout":"default","site-content-layout":"","ast-site-content-layout":"default","site-content-style":"default","site-sidebar-style":"default","ast-global-header-display":"","ast-banner-title-visibility":"","ast-main-header-display":"","ast-hfb-above-header-display":"","ast-hfb-below-header-display":"","ast-hfb-mobile-header-display":"","site-post-title":"","ast-breadcrumbs-content":"","ast-featured-img":"","footer-sml-layout":"","theme-transparent-header-meta":"default","adv-header-id-meta":"","stick-header-meta":"","header-above-stick-meta":"","header-main-stick-meta":"","header-below-stick-meta":"","astra-migrate-meta-layouts":"set","footnotes":""},"categories":[38],"tags":[90],"yoast_head":"<!-- This site is optimized with the Yoast SEO plugin v21.4 - https:\/\/yoast.com\/wordpress\/plugins\/seo\/ -->\n<title>Semana come\u00e7a com nebulosidades mas o tempo volta ficar firme na parte da tarde em todo estado -<\/title>\n<meta name=\"description\" content=\"No decorrer do dia o ingresso de uma \u00e1rea de alta press\u00e3o contribui para o retorno de tempo firme em todo o estado\" \/>\n<meta name=\"robots\" content=\"index, follow, max-snippet:-1, max-image-preview:large, max-video-preview:-1\" \/>\n<link rel=\"canonical\" href=\"https:\/\/sulsc.com\/index.php\/2025\/04\/28\/semana-comeca-com-nebulosidades-mas-o-tempo-volta-ficar-firme-na-parte-da-tarde-em-todo-estado\/\" \/>\n<meta property=\"og:locale\" content=\"en_US\" \/>\n<meta property=\"og:type\" content=\"article\" \/>\n<meta property=\"og:title\" content=\"Semana come\u00e7a com nebulosidades mas o tempo volta ficar firme na parte da tarde em todo estado -\" \/>\n<meta property=\"og:description\" content=\"No decorrer do dia o ingresso de uma \u00e1rea de alta press\u00e3o contribui para o retorno de tempo firme em todo o estado\" \/>\n<meta property=\"og:url\" content=\"https:\/\/sulsc.com\/index.php\/2025\/04\/28\/semana-comeca-com-nebulosidades-mas-o-tempo-volta-ficar-firme-na-parte-da-tarde-em-todo-estado\/\" \/>\n<meta property=\"article:author\" content=\"https:\/\/www.facebook.com\/profile.php?id=61559278119680\" \/>\n<meta property=\"article:published_time\" content=\"2025-04-28T11:07:33+00:00\" \/>\n<meta property=\"og:image\" content=\"http:\/\/sulsc.com\/wp-content\/uploads\/2025\/04\/6d87aa09-ddf2-4c73-bcdb-515421510b81-1.jpg\" \/>\n\t<meta property=\"og:image:width\" content=\"1600\" \/>\n\t<meta property=\"og:image:height\" content=\"720\" \/>\n\t<meta property=\"og:image:type\" content=\"image\/jpeg\" \/>\n<meta name=\"author\" content=\"Reda\u00e7\u00e3o Sul SC\" \/>\n<meta name=\"twitter:card\" content=\"summary_large_image\" \/>\n<meta name=\"twitter:creator\" content=\"@https:\/\/twitter.com\/PortalSulSC\" \/>\n<meta name=\"twitter:label1\" content=\"Written by\" \/>\n\t<meta name=\"twitter:data1\" content=\"Reda\u00e7\u00e3o Sul SC\" \/>\n\t<meta name=\"twitter:label2\" content=\"Est. reading time\" \/>\n\t<meta name=\"twitter:data2\" content=\"1 minute\" \/>\n<script type=\"application\/ld+json\" class=\"yoast-schema-graph\">{\"@context\":\"https:\/\/schema.org\",\"@graph\":[{\"@type\":\"WebPage\",\"@id\":\"https:\/\/sulsc.com\/index.php\/2025\/04\/28\/semana-comeca-com-nebulosidades-mas-o-tempo-volta-ficar-firme-na-parte-da-tarde-em-todo-estado\/\",\"url\":\"https:\/\/sulsc.com\/index.php\/2025\/04\/28\/semana-comeca-com-nebulosidades-mas-o-tempo-volta-ficar-firme-na-parte-da-tarde-em-todo-estado\/\",\"name\":\"Semana come\u00e7a com nebulosidades mas o tempo volta ficar firme na parte da tarde em todo estado -\",\"isPartOf\":{\"@id\":\"https:\/\/sulsc.com\/#website\"},\"datePublished\":\"2025-04-28T11:07:33+00:00\",\"dateModified\":\"2025-04-28T11:07:33+00:00\",\"author\":{\"@id\":\"https:\/\/sulsc.com\/#\/schema\/person\/84d2fc571684f6248ba83092f07750a3\"},\"description\":\"No decorrer do dia o ingresso de uma \u00e1rea de alta press\u00e3o contribui para o retorno de tempo firme em todo o estado\",\"breadcrumb\":{\"@id\":\"https:\/\/sulsc.com\/index.php\/2025\/04\/28\/semana-comeca-com-nebulosidades-mas-o-tempo-volta-ficar-firme-na-parte-da-tarde-em-todo-estado\/#breadcrumb\"},\"inLanguage\":\"en-US\",\"potentialAction\":[{\"@type\":\"ReadAction\",\"target\":[\"https:\/\/sulsc.com\/index.php\/2025\/04\/28\/semana-comeca-com-nebulosidades-mas-o-tempo-volta-ficar-firme-na-parte-da-tarde-em-todo-estado\/\"]}]},{\"@type\":\"BreadcrumbList\",\"@id\":\"https:\/\/sulsc.com\/index.php\/2025\/04\/28\/semana-comeca-com-nebulosidades-mas-o-tempo-volta-ficar-firme-na-parte-da-tarde-em-todo-estado\/#breadcrumb\",\"itemListElement\":[{\"@type\":\"ListItem\",\"position\":1,\"name\":\"In\u00edcio\",\"item\":\"https:\/\/sulsc.com\/\"},{\"@type\":\"ListItem\",\"position\":2,\"name\":\"Semana come\u00e7a com nebulosidades mas o tempo volta ficar firme na parte da tarde em todo estado\"}]},{\"@type\":\"WebSite\",\"@id\":\"https:\/\/sulsc.com\/#website\",\"url\":\"https:\/\/sulsc.com\/\",\"name\":\"\",\"description\":\"\",\"potentialAction\":[{\"@type\":\"SearchAction\",\"target\":{\"@type\":\"EntryPoint\",\"urlTemplate\":\"https:\/\/sulsc.com\/?s={search_term_string}\"},\"query-input\":\"required name=search_term_string\"}],\"inLanguage\":\"en-US\"},{\"@type\":\"Person\",\"@id\":\"https:\/\/sulsc.com\/#\/schema\/person\/84d2fc571684f6248ba83092f07750a3\",\"name\":\"Reda\u00e7\u00e3o Sul SC\",\"image\":{\"@type\":\"ImageObject\",\"inLanguage\":\"en-US\",\"@id\":\"https:\/\/sulsc.com\/#\/schema\/person\/image\/e08d7fe2cc4ed596372063bbe852b8d0\",\"url\":\"https:\/\/sulsc.com\/wp-content\/uploads\/2023\/09\/redacao.png\",\"contentUrl\":\"https:\/\/sulsc.com\/wp-content\/uploads\/2023\/09\/redacao.png\",\"caption\":\"Reda\u00e7\u00e3o Sul SC\"},\"description\":\"Foco em um jornalismo imparcial, voltado \u00e0 qualidade dos seus conte\u00fados e, assim, levar informa\u00e7\u00e3o de valor que agregue \u00e0 vida dos leitores. Esta \u00e9 grande miss\u00e3o do Portal de Not\u00edcias Sul SC. N\u00e3o \u00e9 quantidade que muda o mundo, sempre foi e seguir\u00e1 sendo qualidade!\",\"sameAs\":[\"https:\/\/sulsc.com\/\",\"https:\/\/www.facebook.com\/profile.php?id=61559278119680\",\"https:\/\/www.instagram.com\/sulscportal\/?hl=pt-br\",\"https:\/\/twitter.com\/https:\/\/twitter.com\/PortalSulSC\",\"https:\/\/www.youtube.com\/channel\/UCv_BE8GeySluDov2n8qhVmw\"],\"url\":\"https:\/\/sulsc.com\/index.php\/author\/redacao\/\"}]}<\/script>\n<!-- \/ Yoast SEO plugin. -->","yoast_head_json":{"title":"Semana come\u00e7a com nebulosidades mas o tempo volta ficar firme na parte da tarde em todo estado -","description":"No decorrer do dia o ingresso de uma \u00e1rea de alta press\u00e3o contribui para o retorno de tempo firme em todo o estado","robots":{"index":"index","follow":"follow","max-snippet":"max-snippet:-1","max-image-preview":"max-image-preview:large","max-video-preview":"max-video-preview:-1"},"canonical":"https:\/\/sulsc.com\/index.php\/2025\/04\/28\/semana-comeca-com-nebulosidades-mas-o-tempo-volta-ficar-firme-na-parte-da-tarde-em-todo-estado\/","og_locale":"en_US","og_type":"article","og_title":"Semana come\u00e7a com nebulosidades mas o tempo volta ficar firme na parte da tarde em todo estado -","og_description":"No decorrer do dia o ingresso de uma \u00e1rea de alta press\u00e3o contribui para o retorno de tempo firme em todo o estado","og_url":"https:\/\/sulsc.com\/index.php\/2025\/04\/28\/semana-comeca-com-nebulosidades-mas-o-tempo-volta-ficar-firme-na-parte-da-tarde-em-todo-estado\/","article_author":"https:\/\/www.facebook.com\/profile.php?id=61559278119680","article_published_time":"2025-04-28T11:07:33+00:00","og_image":[{"width":1600,"height":720,"url":"http:\/\/sulsc.com\/wp-content\/uploads\/2025\/04\/6d87aa09-ddf2-4c73-bcdb-515421510b81-1.jpg","type":"image\/jpeg"}],"author":"Reda\u00e7\u00e3o Sul SC","twitter_card":"summary_large_image","twitter_creator":"@https:\/\/twitter.com\/PortalSulSC","twitter_misc":{"Written by":"Reda\u00e7\u00e3o Sul SC","Est. reading time":"1 minute"},"schema":{"@context":"https:\/\/schema.org","@graph":[{"@type":"WebPage","@id":"https:\/\/sulsc.com\/index.php\/2025\/04\/28\/semana-comeca-com-nebulosidades-mas-o-tempo-volta-ficar-firme-na-parte-da-tarde-em-todo-estado\/","url":"https:\/\/sulsc.com\/index.php\/2025\/04\/28\/semana-comeca-com-nebulosidades-mas-o-tempo-volta-ficar-firme-na-parte-da-tarde-em-todo-estado\/","name":"Semana come\u00e7a com nebulosidades mas o tempo volta ficar firme na parte da tarde em todo estado -","isPartOf":{"@id":"https:\/\/sulsc.com\/#website"},"datePublished":"2025-04-28T11:07:33+00:00","dateModified":"2025-04-28T11:07:33+00:00","author":{"@id":"https:\/\/sulsc.com\/#\/schema\/person\/84d2fc571684f6248ba83092f07750a3"},"description":"No decorrer do dia o ingresso de uma \u00e1rea de alta press\u00e3o contribui para o retorno de tempo firme em todo o estado","breadcrumb":{"@id":"https:\/\/sulsc.com\/index.php\/2025\/04\/28\/semana-comeca-com-nebulosidades-mas-o-tempo-volta-ficar-firme-na-parte-da-tarde-em-todo-estado\/#breadcrumb"},"inLanguage":"en-US","potentialAction":[{"@type":"ReadAction","target":["https:\/\/sulsc.com\/index.php\/2025\/04\/28\/semana-comeca-com-nebulosidades-mas-o-tempo-volta-ficar-firme-na-parte-da-tarde-em-todo-estado\/"]}]},{"@type":"BreadcrumbList","@id":"https:\/\/sulsc.com\/index.php\/2025\/04\/28\/semana-comeca-com-nebulosidades-mas-o-tempo-volta-ficar-firme-na-parte-da-tarde-em-todo-estado\/#breadcrumb","itemListElement":[{"@type":"ListItem","position":1,"name":"In\u00edcio","item":"https:\/\/sulsc.com\/"},{"@type":"ListItem","position":2,"name":"Semana come\u00e7a com nebulosidades mas o tempo volta ficar firme na parte da tarde em todo estado"}]},{"@type":"WebSite","@id":"https:\/\/sulsc.com\/#website","url":"https:\/\/sulsc.com\/","name":"","description":"","potentialAction":[{"@type":"SearchAction","target":{"@type":"EntryPoint","urlTemplate":"https:\/\/sulsc.com\/?s={search_term_string}"},"query-input":"required name=search_term_string"}],"inLanguage":"en-US"},{"@type":"Person","@id":"https:\/\/sulsc.com\/#\/schema\/person\/84d2fc571684f6248ba83092f07750a3","name":"Reda\u00e7\u00e3o Sul SC","image":{"@type":"ImageObject","inLanguage":"en-US","@id":"https:\/\/sulsc.com\/#\/schema\/person\/image\/e08d7fe2cc4ed596372063bbe852b8d0","url":"https:\/\/sulsc.com\/wp-content\/uploads\/2023\/09\/redacao.png","contentUrl":"https:\/\/sulsc.com\/wp-content\/uploads\/2023\/09\/redacao.png","caption":"Reda\u00e7\u00e3o Sul SC"},"description":"Foco em um jornalismo imparcial, voltado \u00e0 qualidade dos seus conte\u00fados e, assim, levar informa\u00e7\u00e3o de valor que agregue \u00e0 vida dos leitores. Esta \u00e9 grande miss\u00e3o do Portal de Not\u00edcias Sul SC. N\u00e3o \u00e9 quantidade que muda o mundo, sempre foi e seguir\u00e1 sendo qualidade!","sameAs":["https:\/\/sulsc.com\/","https:\/\/www.facebook.com\/profile.php?id=61559278119680","https:\/\/www.instagram.com\/sulscportal\/?hl=pt-br","https:\/\/twitter.com\/https:\/\/twitter.com\/PortalSulSC","https:\/\/www.youtube.com\/channel\/UCv_BE8GeySluDov2n8qhVmw"],"url":"https:\/\/sulsc.com\/index.php\/author\/redacao\/"}]}},"authors":[],"_links":{"self":[{"href":"https:\/\/sulsc.com\/index.php\/wp-json\/wp\/v2\/posts\/23009"}],"collection":[{"href":"https:\/\/sulsc.com\/index.php\/wp-json\/wp\/v2\/posts"}],"about":[{"href":"https:\/\/sulsc.com\/index.php\/wp-json\/wp\/v2\/types\/post"}],"author":[{"embeddable":true,"href":"https:\/\/sulsc.com\/index.php\/wp-json\/wp\/v2\/users\/3"}],"replies":[{"embeddable":true,"href":"https:\/\/sulsc.com\/index.php\/wp-json\/wp\/v2\/comments?post=23009"}],"version-history":[{"count":1,"href":"https:\/\/sulsc.com\/index.php\/wp-json\/wp\/v2\/posts\/23009\/revisions"}],"predecessor-version":[{"id":23012,"href":"https:\/\/sulsc.com\/index.php\/wp-json\/wp\/v2\/posts\/23009\/revisions\/23012"}],"wp:featuredmedia":[{"embeddable":true,"href":"https:\/\/sulsc.com\/index.php\/wp-json\/wp\/v2\/media\/23011"}],"wp:attachment":[{"href":"https:\/\/sulsc.com\/index.php\/wp-json\/wp\/v2\/media?parent=23009"}],"wp:term":[{"taxonomy":"category","embeddable":true,"href":"https:\/\/sulsc.com\/index.php\/wp-json\/wp\/v2\/categories?post=23009"},{"taxonomy":"post_tag","embeddable":true,"href":"https:\/\/sulsc.com\/index.php\/wp-json\/wp\/v2\/tags?post=23009"}],"curies":[{"name":"wp","href":"https:\/\/api.w.org\/{rel}","templated":true}]}}