{"id":23108,"date":"2025-04-30T11:14:24","date_gmt":"2025-04-30T14:14:24","guid":{"rendered":"https:\/\/sulsc.com\/?p=23108"},"modified":"2025-04-30T11:14:24","modified_gmt":"2025-04-30T14:14:24","slug":"idoso-de-71-anos-e-morto-com-golpes-de-faca-pelo-proprio-filho","status":"publish","type":"post","link":"https:\/\/sulsc.com\/index.php\/2025\/04\/30\/idoso-de-71-anos-e-morto-com-golpes-de-faca-pelo-proprio-filho\/","title":{"rendered":"Idoso de 71 anos \u00e9 morto com golpes de faca pelo pr\u00f3prio filho"},"content":{"rendered":"<p>Por volta das 21h25min desta ter\u00e7a-feira (29), a Pol\u00edcia Militar foi acionada pela Central Regional de Emerg\u00eancias (CRE) para atender a uma ocorr\u00eancia de um homem alterado tentando invadir a casa de um vizinho, em Balne\u00e1rio Arroio do Silva.<\/p>\n<p>Ao chegarem ao local, os policiais se depararam com diversos moradores revoltados com o comportamento de um homem de 46 anos, que, segundo relatos, estaria perturbando a vizinhan\u00e7a h\u00e1 cerca de tr\u00eas dias. Em aparente surto, o indiv\u00edduo invadia resid\u00eancias \u00e0 for\u00e7a e amea\u00e7ava agredir fisicamente as pessoas.<\/p>\n<p><img fetchpriority=\"high\" decoding=\"async\" class=\"aligncenter size-full wp-image-23109\" src=\"http:\/\/sulsc.com\/wp-content\/uploads\/2025\/04\/A12.jpg\" alt=\"\" width=\"1080\" height=\"568\" srcset=\"https:\/\/sulsc.com\/wp-content\/uploads\/2025\/04\/A12.jpg 1080w, https:\/\/sulsc.com\/wp-content\/uploads\/2025\/04\/A12-300x158.jpg 300w, https:\/\/sulsc.com\/wp-content\/uploads\/2025\/04\/A12-1024x539.jpg 1024w, https:\/\/sulsc.com\/wp-content\/uploads\/2025\/04\/A12-768x404.jpg 768w\" sizes=\"(max-width: 1080px) 100vw, 1080px\" \/><\/p>\n<p>O solicitante, um jovem de 25 anos, informou \u00e0 guarni\u00e7\u00e3o que o homem alterado morava sozinho com o pai e que o idoso n\u00e3o era visto na vizinhan\u00e7a h\u00e1 dois dias. Ao entrarem na resid\u00eancia apontada, os policiais abordaram o homem de 46 anos, que resistiu \u00e0 pris\u00e3o e tentou agredir um dos policiais com socos, sendo necess\u00e1rio o uso de for\u00e7a para cont\u00ea-lo.<\/p>\n<p>Deitado no sof\u00e1, foi encontrado o corpo de um idoso de 71 anos, v\u00edtima fatal. Tratava-se do pai do homem detido, que, friamente, confessou ter esfaqueado o pr\u00f3prio pai e afirmado n\u00e3o estar arrependido do ato.<\/p>\n<p>A equipe do Servi\u00e7o de Atendimento M\u00f3vel de Urg\u00eancia (SAMU) chegou ao local para prestar os primeiros socorros ao agressor, que estava ferido, e o conduziu ao Hospital Regional de Ararangu\u00e1. O Instituto Geral de Per\u00edcias (IGP) e o Instituto M\u00e9dico Legal (IML) tamb\u00e9m estiveram presentes para realizar os procedimentos necess\u00e1rios com o corpo da v\u00edtima.<\/p>\n<p>Ap\u00f3s receber atendimento m\u00e9dico, o criminoso de 46 anos foi conduzido \u00e0 Central de Flagrantes, onde dever\u00e1 responder pelo crime de homic\u00eddio.<\/p>\n<p>Fotos\/Divulga\u00e7\u00e3o<\/p>\n","protected":false},"excerpt":{"rendered":"<p>Por volta das 21h25min desta ter\u00e7a-feira (29), a Pol\u00edcia Militar foi acionada pela Central Regional de Emerg\u00eancias (CRE) para atender a uma ocorr\u00eancia de um homem alterado tentando invadir a casa de um vizinho, em Balne\u00e1rio Arroio do Silva. Ao chegarem ao local, os policiais se depararam com diversos moradores revoltados com o comportamento de &hellip;<\/p>\n<p class=\"read-more\"> <a class=\"\" href=\"https:\/\/sulsc.com\/index.php\/2025\/04\/30\/idoso-de-71-anos-e-morto-com-golpes-de-faca-pelo-proprio-filho\/\"> <span class=\"screen-reader-text\">Idoso de 71 anos \u00e9 morto com golpes de faca pelo pr\u00f3prio filho<\/span> Read More &raquo;<\/a><\/p>\n","protected":false},"author":3,"featured_media":23110,"comment_status":"open","ping_status":"open","sticky":false,"template":"","format":"standard","meta":{"site-sidebar-layout":"default","site-content-layout":"","ast-site-content-layout":"default","site-content-style":"default","site-sidebar-style":"default","ast-global-header-display":"","ast-banner-title-visibility":"","ast-main-header-display":"","ast-hfb-above-header-display":"","ast-hfb-below-header-display":"","ast-hfb-mobile-header-display":"","site-post-title":"","ast-breadcrumbs-content":"","ast-featured-img":"","footer-sml-layout":"","theme-transparent-header-meta":"default","adv-header-id-meta":"","stick-header-meta":"","header-above-stick-meta":"","header-main-stick-meta":"","header-below-stick-meta":"","astra-migrate-meta-layouts":"set","footnotes":""},"categories":[24],"tags":[91],"yoast_head":"<!-- This site is optimized with the Yoast SEO plugin v21.4 - https:\/\/yoast.com\/wordpress\/plugins\/seo\/ -->\n<title>Idoso de 71 anos \u00e9 morto com golpes de faca pelo pr\u00f3prio filho -<\/title>\n<meta name=\"description\" content=\"Um jovem de 25 anos informou aos policiais que o homem morava sozinho com o pai e que o idoso n\u00e3o era visto na vizinhan\u00e7a h\u00e1 dois dias\" \/>\n<meta name=\"robots\" content=\"index, follow, max-snippet:-1, max-image-preview:large, max-video-preview:-1\" \/>\n<link rel=\"canonical\" href=\"https:\/\/sulsc.com\/index.php\/2025\/04\/30\/idoso-de-71-anos-e-morto-com-golpes-de-faca-pelo-proprio-filho\/\" \/>\n<meta property=\"og:locale\" content=\"en_US\" \/>\n<meta property=\"og:type\" content=\"article\" \/>\n<meta property=\"og:title\" content=\"Idoso de 71 anos \u00e9 morto com golpes de faca pelo pr\u00f3prio filho -\" \/>\n<meta property=\"og:description\" content=\"Um jovem de 25 anos informou aos policiais que o homem morava sozinho com o pai e que o idoso n\u00e3o era visto na vizinhan\u00e7a h\u00e1 dois dias\" \/>\n<meta property=\"og:url\" content=\"https:\/\/sulsc.com\/index.php\/2025\/04\/30\/idoso-de-71-anos-e-morto-com-golpes-de-faca-pelo-proprio-filho\/\" \/>\n<meta property=\"article:author\" content=\"https:\/\/www.facebook.com\/profile.php?id=61559278119680\" \/>\n<meta property=\"article:published_time\" content=\"2025-04-30T14:14:24+00:00\" \/>\n<meta property=\"og:image\" content=\"http:\/\/sulsc.com\/wp-content\/uploads\/2025\/04\/2c24439a-17c2-4557-ac9c-44fd014c3a3b.jpg\" \/>\n\t<meta property=\"og:image:width\" content=\"1080\" \/>\n\t<meta property=\"og:image:height\" content=\"707\" \/>\n\t<meta property=\"og:image:type\" content=\"image\/jpeg\" \/>\n<meta name=\"author\" content=\"Reda\u00e7\u00e3o Sul SC\" \/>\n<meta name=\"twitter:card\" content=\"summary_large_image\" \/>\n<meta name=\"twitter:creator\" content=\"@https:\/\/twitter.com\/PortalSulSC\" \/>\n<meta name=\"twitter:label1\" content=\"Written by\" \/>\n\t<meta name=\"twitter:data1\" content=\"Reda\u00e7\u00e3o Sul SC\" \/>\n\t<meta name=\"twitter:label2\" content=\"Est. reading time\" \/>\n\t<meta name=\"twitter:data2\" content=\"2 minutes\" \/>\n<script type=\"application\/ld+json\" class=\"yoast-schema-graph\">{\"@context\":\"https:\/\/schema.org\",\"@graph\":[{\"@type\":\"WebPage\",\"@id\":\"https:\/\/sulsc.com\/index.php\/2025\/04\/30\/idoso-de-71-anos-e-morto-com-golpes-de-faca-pelo-proprio-filho\/\",\"url\":\"https:\/\/sulsc.com\/index.php\/2025\/04\/30\/idoso-de-71-anos-e-morto-com-golpes-de-faca-pelo-proprio-filho\/\",\"name\":\"Idoso de 71 anos \u00e9 morto com golpes de faca pelo pr\u00f3prio filho -\",\"isPartOf\":{\"@id\":\"https:\/\/sulsc.com\/#website\"},\"datePublished\":\"2025-04-30T14:14:24+00:00\",\"dateModified\":\"2025-04-30T14:14:24+00:00\",\"author\":{\"@id\":\"https:\/\/sulsc.com\/#\/schema\/person\/84d2fc571684f6248ba83092f07750a3\"},\"description\":\"Um jovem de 25 anos informou aos policiais que o homem morava sozinho com o pai e que o idoso n\u00e3o era visto na vizinhan\u00e7a h\u00e1 dois dias\",\"breadcrumb\":{\"@id\":\"https:\/\/sulsc.com\/index.php\/2025\/04\/30\/idoso-de-71-anos-e-morto-com-golpes-de-faca-pelo-proprio-filho\/#breadcrumb\"},\"inLanguage\":\"en-US\",\"potentialAction\":[{\"@type\":\"ReadAction\",\"target\":[\"https:\/\/sulsc.com\/index.php\/2025\/04\/30\/idoso-de-71-anos-e-morto-com-golpes-de-faca-pelo-proprio-filho\/\"]}]},{\"@type\":\"BreadcrumbList\",\"@id\":\"https:\/\/sulsc.com\/index.php\/2025\/04\/30\/idoso-de-71-anos-e-morto-com-golpes-de-faca-pelo-proprio-filho\/#breadcrumb\",\"itemListElement\":[{\"@type\":\"ListItem\",\"position\":1,\"name\":\"In\u00edcio\",\"item\":\"https:\/\/sulsc.com\/\"},{\"@type\":\"ListItem\",\"position\":2,\"name\":\"Idoso de 71 anos \u00e9 morto com golpes de faca pelo pr\u00f3prio filho\"}]},{\"@type\":\"WebSite\",\"@id\":\"https:\/\/sulsc.com\/#website\",\"url\":\"https:\/\/sulsc.com\/\",\"name\":\"\",\"description\":\"\",\"potentialAction\":[{\"@type\":\"SearchAction\",\"target\":{\"@type\":\"EntryPoint\",\"urlTemplate\":\"https:\/\/sulsc.com\/?s={search_term_string}\"},\"query-input\":\"required name=search_term_string\"}],\"inLanguage\":\"en-US\"},{\"@type\":\"Person\",\"@id\":\"https:\/\/sulsc.com\/#\/schema\/person\/84d2fc571684f6248ba83092f07750a3\",\"name\":\"Reda\u00e7\u00e3o Sul SC\",\"image\":{\"@type\":\"ImageObject\",\"inLanguage\":\"en-US\",\"@id\":\"https:\/\/sulsc.com\/#\/schema\/person\/image\/e08d7fe2cc4ed596372063bbe852b8d0\",\"url\":\"https:\/\/sulsc.com\/wp-content\/uploads\/2023\/09\/redacao.png\",\"contentUrl\":\"https:\/\/sulsc.com\/wp-content\/uploads\/2023\/09\/redacao.png\",\"caption\":\"Reda\u00e7\u00e3o Sul SC\"},\"description\":\"Foco em um jornalismo imparcial, voltado \u00e0 qualidade dos seus conte\u00fados e, assim, levar informa\u00e7\u00e3o de valor que agregue \u00e0 vida dos leitores. Esta \u00e9 grande miss\u00e3o do Portal de Not\u00edcias Sul SC. N\u00e3o \u00e9 quantidade que muda o mundo, sempre foi e seguir\u00e1 sendo qualidade!\",\"sameAs\":[\"https:\/\/sulsc.com\/\",\"https:\/\/www.facebook.com\/profile.php?id=61559278119680\",\"https:\/\/www.instagram.com\/sulscportal\/?hl=pt-br\",\"https:\/\/twitter.com\/https:\/\/twitter.com\/PortalSulSC\",\"https:\/\/www.youtube.com\/channel\/UCv_BE8GeySluDov2n8qhVmw\"],\"url\":\"https:\/\/sulsc.com\/index.php\/author\/redacao\/\"}]}<\/script>\n<!-- \/ Yoast SEO plugin. -->","yoast_head_json":{"title":"Idoso de 71 anos \u00e9 morto com golpes de faca pelo pr\u00f3prio filho -","description":"Um jovem de 25 anos informou aos policiais que o homem morava sozinho com o pai e que o idoso n\u00e3o era visto na vizinhan\u00e7a h\u00e1 dois dias","robots":{"index":"index","follow":"follow","max-snippet":"max-snippet:-1","max-image-preview":"max-image-preview:large","max-video-preview":"max-video-preview:-1"},"canonical":"https:\/\/sulsc.com\/index.php\/2025\/04\/30\/idoso-de-71-anos-e-morto-com-golpes-de-faca-pelo-proprio-filho\/","og_locale":"en_US","og_type":"article","og_title":"Idoso de 71 anos \u00e9 morto com golpes de faca pelo pr\u00f3prio filho -","og_description":"Um jovem de 25 anos informou aos policiais que o homem morava sozinho com o pai e que o idoso n\u00e3o era visto na vizinhan\u00e7a h\u00e1 dois dias","og_url":"https:\/\/sulsc.com\/index.php\/2025\/04\/30\/idoso-de-71-anos-e-morto-com-golpes-de-faca-pelo-proprio-filho\/","article_author":"https:\/\/www.facebook.com\/profile.php?id=61559278119680","article_published_time":"2025-04-30T14:14:24+00:00","og_image":[{"width":1080,"height":707,"url":"http:\/\/sulsc.com\/wp-content\/uploads\/2025\/04\/2c24439a-17c2-4557-ac9c-44fd014c3a3b.jpg","type":"image\/jpeg"}],"author":"Reda\u00e7\u00e3o Sul SC","twitter_card":"summary_large_image","twitter_creator":"@https:\/\/twitter.com\/PortalSulSC","twitter_misc":{"Written by":"Reda\u00e7\u00e3o Sul SC","Est. reading time":"2 minutes"},"schema":{"@context":"https:\/\/schema.org","@graph":[{"@type":"WebPage","@id":"https:\/\/sulsc.com\/index.php\/2025\/04\/30\/idoso-de-71-anos-e-morto-com-golpes-de-faca-pelo-proprio-filho\/","url":"https:\/\/sulsc.com\/index.php\/2025\/04\/30\/idoso-de-71-anos-e-morto-com-golpes-de-faca-pelo-proprio-filho\/","name":"Idoso de 71 anos \u00e9 morto com golpes de faca pelo pr\u00f3prio filho -","isPartOf":{"@id":"https:\/\/sulsc.com\/#website"},"datePublished":"2025-04-30T14:14:24+00:00","dateModified":"2025-04-30T14:14:24+00:00","author":{"@id":"https:\/\/sulsc.com\/#\/schema\/person\/84d2fc571684f6248ba83092f07750a3"},"description":"Um jovem de 25 anos informou aos policiais que o homem morava sozinho com o pai e que o idoso n\u00e3o era visto na vizinhan\u00e7a h\u00e1 dois dias","breadcrumb":{"@id":"https:\/\/sulsc.com\/index.php\/2025\/04\/30\/idoso-de-71-anos-e-morto-com-golpes-de-faca-pelo-proprio-filho\/#breadcrumb"},"inLanguage":"en-US","potentialAction":[{"@type":"ReadAction","target":["https:\/\/sulsc.com\/index.php\/2025\/04\/30\/idoso-de-71-anos-e-morto-com-golpes-de-faca-pelo-proprio-filho\/"]}]},{"@type":"BreadcrumbList","@id":"https:\/\/sulsc.com\/index.php\/2025\/04\/30\/idoso-de-71-anos-e-morto-com-golpes-de-faca-pelo-proprio-filho\/#breadcrumb","itemListElement":[{"@type":"ListItem","position":1,"name":"In\u00edcio","item":"https:\/\/sulsc.com\/"},{"@type":"ListItem","position":2,"name":"Idoso de 71 anos \u00e9 morto com golpes de faca pelo pr\u00f3prio filho"}]},{"@type":"WebSite","@id":"https:\/\/sulsc.com\/#website","url":"https:\/\/sulsc.com\/","name":"","description":"","potentialAction":[{"@type":"SearchAction","target":{"@type":"EntryPoint","urlTemplate":"https:\/\/sulsc.com\/?s={search_term_string}"},"query-input":"required name=search_term_string"}],"inLanguage":"en-US"},{"@type":"Person","@id":"https:\/\/sulsc.com\/#\/schema\/person\/84d2fc571684f6248ba83092f07750a3","name":"Reda\u00e7\u00e3o Sul SC","image":{"@type":"ImageObject","inLanguage":"en-US","@id":"https:\/\/sulsc.com\/#\/schema\/person\/image\/e08d7fe2cc4ed596372063bbe852b8d0","url":"https:\/\/sulsc.com\/wp-content\/uploads\/2023\/09\/redacao.png","contentUrl":"https:\/\/sulsc.com\/wp-content\/uploads\/2023\/09\/redacao.png","caption":"Reda\u00e7\u00e3o Sul SC"},"description":"Foco em um jornalismo imparcial, voltado \u00e0 qualidade dos seus conte\u00fados e, assim, levar informa\u00e7\u00e3o de valor que agregue \u00e0 vida dos leitores. Esta \u00e9 grande miss\u00e3o do Portal de Not\u00edcias Sul SC. N\u00e3o \u00e9 quantidade que muda o mundo, sempre foi e seguir\u00e1 sendo qualidade!","sameAs":["https:\/\/sulsc.com\/","https:\/\/www.facebook.com\/profile.php?id=61559278119680","https:\/\/www.instagram.com\/sulscportal\/?hl=pt-br","https:\/\/twitter.com\/https:\/\/twitter.com\/PortalSulSC","https:\/\/www.youtube.com\/channel\/UCv_BE8GeySluDov2n8qhVmw"],"url":"https:\/\/sulsc.com\/index.php\/author\/redacao\/"}]}},"authors":[],"_links":{"self":[{"href":"https:\/\/sulsc.com\/index.php\/wp-json\/wp\/v2\/posts\/23108"}],"collection":[{"href":"https:\/\/sulsc.com\/index.php\/wp-json\/wp\/v2\/posts"}],"about":[{"href":"https:\/\/sulsc.com\/index.php\/wp-json\/wp\/v2\/types\/post"}],"author":[{"embeddable":true,"href":"https:\/\/sulsc.com\/index.php\/wp-json\/wp\/v2\/users\/3"}],"replies":[{"embeddable":true,"href":"https:\/\/sulsc.com\/index.php\/wp-json\/wp\/v2\/comments?post=23108"}],"version-history":[{"count":1,"href":"https:\/\/sulsc.com\/index.php\/wp-json\/wp\/v2\/posts\/23108\/revisions"}],"predecessor-version":[{"id":23111,"href":"https:\/\/sulsc.com\/index.php\/wp-json\/wp\/v2\/posts\/23108\/revisions\/23111"}],"wp:featuredmedia":[{"embeddable":true,"href":"https:\/\/sulsc.com\/index.php\/wp-json\/wp\/v2\/media\/23110"}],"wp:attachment":[{"href":"https:\/\/sulsc.com\/index.php\/wp-json\/wp\/v2\/media?parent=23108"}],"wp:term":[{"taxonomy":"category","embeddable":true,"href":"https:\/\/sulsc.com\/index.php\/wp-json\/wp\/v2\/categories?post=23108"},{"taxonomy":"post_tag","embeddable":true,"href":"https:\/\/sulsc.com\/index.php\/wp-json\/wp\/v2\/tags?post=23108"}],"curies":[{"name":"wp","href":"https:\/\/api.w.org\/{rel}","templated":true}]}}