{"id":23195,"date":"2025-05-03T09:03:49","date_gmt":"2025-05-03T12:03:49","guid":{"rendered":"https:\/\/sulsc.com\/?p=23195"},"modified":"2025-05-03T09:03:49","modified_gmt":"2025-05-03T12:03:49","slug":"primeiro-sabado-do-mes-inicia-com-instabilidades-mas-ao-logo-do-dia-o-predominio-sera-de-tempo-bom","status":"publish","type":"post","link":"https:\/\/sulsc.com\/index.php\/2025\/05\/03\/primeiro-sabado-do-mes-inicia-com-instabilidades-mas-ao-logo-do-dia-o-predominio-sera-de-tempo-bom\/","title":{"rendered":"Primeiro s\u00e1bado do m\u00eas inicia com instabilidades mas ao logo do dia o predom\u00ednio ser\u00e1 de tempo bom"},"content":{"rendered":"<p>Primeiro s\u00e1bado do m\u00eas (03), o tempo fica inst\u00e1vel durante a madrugada e as primeiras horas da manh\u00e3, com condi\u00e7\u00f5es para chuva fraca, especialmente no Grande Oeste, nas \u00e1reas que fazem divisa com o Rio Grande do Sul e no litoral catarinense.\u00a0\u00a0N\u00e3o h\u00e1 risco para ocorr\u00eancias associadas. Ao longo das horas, as condi\u00e7\u00f5es para chuva diminuem e o tempo firme volta a predominar.<\/p>\n<p><img fetchpriority=\"high\" decoding=\"async\" class=\"aligncenter  wp-image-23199\" src=\"http:\/\/sulsc.com\/wp-content\/uploads\/2025\/05\/A.png\" alt=\"\" width=\"600\" height=\"410\" srcset=\"https:\/\/sulsc.com\/wp-content\/uploads\/2025\/05\/A.png 1648w, https:\/\/sulsc.com\/wp-content\/uploads\/2025\/05\/A-300x205.png 300w, https:\/\/sulsc.com\/wp-content\/uploads\/2025\/05\/A-1024x700.png 1024w, https:\/\/sulsc.com\/wp-content\/uploads\/2025\/05\/A-768x525.png 768w, https:\/\/sulsc.com\/wp-content\/uploads\/2025\/05\/A-1536x1049.png 1536w\" sizes=\"(max-width: 600px) 100vw, 600px\" \/><\/p>\n<p><img decoding=\"async\" class=\"aligncenter  wp-image-22836\" src=\"http:\/\/sulsc.com\/wp-content\/uploads\/2025\/04\/Tempo-2.png\" alt=\"\" width=\"587\" height=\"108\" srcset=\"https:\/\/sulsc.com\/wp-content\/uploads\/2025\/04\/Tempo-2.png 1024w, https:\/\/sulsc.com\/wp-content\/uploads\/2025\/04\/Tempo-2-300x55.png 300w, https:\/\/sulsc.com\/wp-content\/uploads\/2025\/04\/Tempo-2-768x142.png 768w\" sizes=\"(max-width: 587px) 100vw, 587px\" \/><\/p>\n<p><strong>Temperaturas<\/strong><\/p>\n<p>O amanhecer marca temperaturas entre 10 e 15\u00b0C em grande parte do estado, com exce\u00e7\u00e3o do litoral onde registram entre 15 e 18\u00b0C e das regi\u00f5es de serra do Planalto Sul, onde ficam levemente abaixo dos 10\u00b0C. \u00c0 tarde, as temperaturas sobem rapidamente, registrando valores entre 25 e 28\u00b0C. Ao longo do dia, os ventos mudam de quadrante sul para leste\/nordeste, ainda com intensidade mais fraca. Domingo (04), o dia ser\u00e1 de sol predominando na maior parte do estado e n\u00e3o h\u00e1 previs\u00e3o de chuva. As temperaturas nas regi\u00f5es litor\u00e2neas com m\u00ednimas entre 12 e 18\u00b0C e m\u00e1ximas variam entre 20 e 25\u00b0C na parte da tarde.<\/p>\n<p>Fonte\/Defesa Civil SC<\/p>\n","protected":false},"excerpt":{"rendered":"<p>Primeiro s\u00e1bado do m\u00eas (03), o tempo fica inst\u00e1vel durante a madrugada e as primeiras horas da manh\u00e3, com condi\u00e7\u00f5es para chuva fraca, especialmente no Grande Oeste, nas \u00e1reas que fazem divisa com o Rio Grande do Sul e no litoral catarinense.\u00a0\u00a0N\u00e3o h\u00e1 risco para ocorr\u00eancias associadas. Ao longo das horas, as condi\u00e7\u00f5es para chuva &hellip;<\/p>\n<p class=\"read-more\"> <a class=\"\" href=\"https:\/\/sulsc.com\/index.php\/2025\/05\/03\/primeiro-sabado-do-mes-inicia-com-instabilidades-mas-ao-logo-do-dia-o-predominio-sera-de-tempo-bom\/\"> <span class=\"screen-reader-text\">Primeiro s\u00e1bado do m\u00eas inicia com instabilidades mas ao logo do dia o predom\u00ednio ser\u00e1 de tempo bom<\/span> Read More &raquo;<\/a><\/p>\n","protected":false},"author":3,"featured_media":23201,"comment_status":"open","ping_status":"open","sticky":false,"template":"","format":"standard","meta":{"site-sidebar-layout":"default","site-content-layout":"","ast-site-content-layout":"default","site-content-style":"default","site-sidebar-style":"default","ast-global-header-display":"","ast-banner-title-visibility":"","ast-main-header-display":"","ast-hfb-above-header-display":"","ast-hfb-below-header-display":"","ast-hfb-mobile-header-display":"","site-post-title":"","ast-breadcrumbs-content":"","ast-featured-img":"","footer-sml-layout":"","theme-transparent-header-meta":"default","adv-header-id-meta":"","stick-header-meta":"","header-above-stick-meta":"","header-main-stick-meta":"","header-below-stick-meta":"","astra-migrate-meta-layouts":"set","footnotes":""},"categories":[38],"tags":[],"yoast_head":"<!-- This site is optimized with the Yoast SEO plugin v21.4 - https:\/\/yoast.com\/wordpress\/plugins\/seo\/ -->\n<title>Primeiro s\u00e1bado do m\u00eas inicia com instabilidades mas ao logo do dia o predom\u00ednio ser\u00e1 de tempo bom -<\/title>\n<meta name=\"description\" content=\"\u00c0 tarde as temperaturas sobem rapidamente registrando valores entre 25 e 28\u00b0C j\u00e1 os ventos mudam de quadrante sul para leste nordeste\" \/>\n<meta name=\"robots\" content=\"index, follow, max-snippet:-1, max-image-preview:large, max-video-preview:-1\" \/>\n<link rel=\"canonical\" href=\"https:\/\/sulsc.com\/index.php\/2025\/05\/03\/primeiro-sabado-do-mes-inicia-com-instabilidades-mas-ao-logo-do-dia-o-predominio-sera-de-tempo-bom\/\" \/>\n<meta property=\"og:locale\" content=\"en_US\" \/>\n<meta property=\"og:type\" content=\"article\" \/>\n<meta property=\"og:title\" content=\"Primeiro s\u00e1bado do m\u00eas inicia com instabilidades mas ao logo do dia o predom\u00ednio ser\u00e1 de tempo bom -\" \/>\n<meta property=\"og:description\" content=\"\u00c0 tarde as temperaturas sobem rapidamente registrando valores entre 25 e 28\u00b0C j\u00e1 os ventos mudam de quadrante sul para leste nordeste\" \/>\n<meta property=\"og:url\" content=\"https:\/\/sulsc.com\/index.php\/2025\/05\/03\/primeiro-sabado-do-mes-inicia-com-instabilidades-mas-ao-logo-do-dia-o-predominio-sera-de-tempo-bom\/\" \/>\n<meta property=\"article:author\" content=\"https:\/\/www.facebook.com\/profile.php?id=61559278119680\" \/>\n<meta property=\"article:published_time\" content=\"2025-05-03T12:03:49+00:00\" \/>\n<meta property=\"og:image\" content=\"http:\/\/sulsc.com\/wp-content\/uploads\/2025\/05\/6d87aa09-ddf2-4c73-bcdb-515421510b81.jpg\" \/>\n\t<meta property=\"og:image:width\" content=\"1600\" \/>\n\t<meta property=\"og:image:height\" content=\"720\" \/>\n\t<meta property=\"og:image:type\" content=\"image\/jpeg\" \/>\n<meta name=\"author\" content=\"Reda\u00e7\u00e3o Sul SC\" \/>\n<meta name=\"twitter:card\" content=\"summary_large_image\" \/>\n<meta name=\"twitter:creator\" content=\"@https:\/\/twitter.com\/PortalSulSC\" \/>\n<meta name=\"twitter:label1\" content=\"Written by\" \/>\n\t<meta name=\"twitter:data1\" content=\"Reda\u00e7\u00e3o Sul SC\" \/>\n\t<meta name=\"twitter:label2\" content=\"Est. reading time\" \/>\n\t<meta name=\"twitter:data2\" content=\"2 minutes\" \/>\n<script type=\"application\/ld+json\" class=\"yoast-schema-graph\">{\"@context\":\"https:\/\/schema.org\",\"@graph\":[{\"@type\":\"WebPage\",\"@id\":\"https:\/\/sulsc.com\/index.php\/2025\/05\/03\/primeiro-sabado-do-mes-inicia-com-instabilidades-mas-ao-logo-do-dia-o-predominio-sera-de-tempo-bom\/\",\"url\":\"https:\/\/sulsc.com\/index.php\/2025\/05\/03\/primeiro-sabado-do-mes-inicia-com-instabilidades-mas-ao-logo-do-dia-o-predominio-sera-de-tempo-bom\/\",\"name\":\"Primeiro s\u00e1bado do m\u00eas inicia com instabilidades mas ao logo do dia o predom\u00ednio ser\u00e1 de tempo bom -\",\"isPartOf\":{\"@id\":\"https:\/\/sulsc.com\/#website\"},\"datePublished\":\"2025-05-03T12:03:49+00:00\",\"dateModified\":\"2025-05-03T12:03:49+00:00\",\"author\":{\"@id\":\"https:\/\/sulsc.com\/#\/schema\/person\/84d2fc571684f6248ba83092f07750a3\"},\"description\":\"\u00c0 tarde as temperaturas sobem rapidamente registrando valores entre 25 e 28\u00b0C j\u00e1 os ventos mudam de quadrante sul para leste nordeste\",\"breadcrumb\":{\"@id\":\"https:\/\/sulsc.com\/index.php\/2025\/05\/03\/primeiro-sabado-do-mes-inicia-com-instabilidades-mas-ao-logo-do-dia-o-predominio-sera-de-tempo-bom\/#breadcrumb\"},\"inLanguage\":\"en-US\",\"potentialAction\":[{\"@type\":\"ReadAction\",\"target\":[\"https:\/\/sulsc.com\/index.php\/2025\/05\/03\/primeiro-sabado-do-mes-inicia-com-instabilidades-mas-ao-logo-do-dia-o-predominio-sera-de-tempo-bom\/\"]}]},{\"@type\":\"BreadcrumbList\",\"@id\":\"https:\/\/sulsc.com\/index.php\/2025\/05\/03\/primeiro-sabado-do-mes-inicia-com-instabilidades-mas-ao-logo-do-dia-o-predominio-sera-de-tempo-bom\/#breadcrumb\",\"itemListElement\":[{\"@type\":\"ListItem\",\"position\":1,\"name\":\"In\u00edcio\",\"item\":\"https:\/\/sulsc.com\/\"},{\"@type\":\"ListItem\",\"position\":2,\"name\":\"Primeiro s\u00e1bado do m\u00eas inicia com instabilidades mas ao logo do dia o predom\u00ednio ser\u00e1 de tempo bom\"}]},{\"@type\":\"WebSite\",\"@id\":\"https:\/\/sulsc.com\/#website\",\"url\":\"https:\/\/sulsc.com\/\",\"name\":\"\",\"description\":\"\",\"potentialAction\":[{\"@type\":\"SearchAction\",\"target\":{\"@type\":\"EntryPoint\",\"urlTemplate\":\"https:\/\/sulsc.com\/?s={search_term_string}\"},\"query-input\":\"required name=search_term_string\"}],\"inLanguage\":\"en-US\"},{\"@type\":\"Person\",\"@id\":\"https:\/\/sulsc.com\/#\/schema\/person\/84d2fc571684f6248ba83092f07750a3\",\"name\":\"Reda\u00e7\u00e3o Sul SC\",\"image\":{\"@type\":\"ImageObject\",\"inLanguage\":\"en-US\",\"@id\":\"https:\/\/sulsc.com\/#\/schema\/person\/image\/e08d7fe2cc4ed596372063bbe852b8d0\",\"url\":\"https:\/\/sulsc.com\/wp-content\/uploads\/2023\/09\/redacao.png\",\"contentUrl\":\"https:\/\/sulsc.com\/wp-content\/uploads\/2023\/09\/redacao.png\",\"caption\":\"Reda\u00e7\u00e3o Sul SC\"},\"description\":\"Foco em um jornalismo imparcial, voltado \u00e0 qualidade dos seus conte\u00fados e, assim, levar informa\u00e7\u00e3o de valor que agregue \u00e0 vida dos leitores. Esta \u00e9 grande miss\u00e3o do Portal de Not\u00edcias Sul SC. N\u00e3o \u00e9 quantidade que muda o mundo, sempre foi e seguir\u00e1 sendo qualidade!\",\"sameAs\":[\"https:\/\/sulsc.com\/\",\"https:\/\/www.facebook.com\/profile.php?id=61559278119680\",\"https:\/\/www.instagram.com\/sulscportal\/?hl=pt-br\",\"https:\/\/twitter.com\/https:\/\/twitter.com\/PortalSulSC\",\"https:\/\/www.youtube.com\/channel\/UCv_BE8GeySluDov2n8qhVmw\"],\"url\":\"https:\/\/sulsc.com\/index.php\/author\/redacao\/\"}]}<\/script>\n<!-- \/ Yoast SEO plugin. -->","yoast_head_json":{"title":"Primeiro s\u00e1bado do m\u00eas inicia com instabilidades mas ao logo do dia o predom\u00ednio ser\u00e1 de tempo bom -","description":"\u00c0 tarde as temperaturas sobem rapidamente registrando valores entre 25 e 28\u00b0C j\u00e1 os ventos mudam de quadrante sul para leste nordeste","robots":{"index":"index","follow":"follow","max-snippet":"max-snippet:-1","max-image-preview":"max-image-preview:large","max-video-preview":"max-video-preview:-1"},"canonical":"https:\/\/sulsc.com\/index.php\/2025\/05\/03\/primeiro-sabado-do-mes-inicia-com-instabilidades-mas-ao-logo-do-dia-o-predominio-sera-de-tempo-bom\/","og_locale":"en_US","og_type":"article","og_title":"Primeiro s\u00e1bado do m\u00eas inicia com instabilidades mas ao logo do dia o predom\u00ednio ser\u00e1 de tempo bom -","og_description":"\u00c0 tarde as temperaturas sobem rapidamente registrando valores entre 25 e 28\u00b0C j\u00e1 os ventos mudam de quadrante sul para leste nordeste","og_url":"https:\/\/sulsc.com\/index.php\/2025\/05\/03\/primeiro-sabado-do-mes-inicia-com-instabilidades-mas-ao-logo-do-dia-o-predominio-sera-de-tempo-bom\/","article_author":"https:\/\/www.facebook.com\/profile.php?id=61559278119680","article_published_time":"2025-05-03T12:03:49+00:00","og_image":[{"width":1600,"height":720,"url":"http:\/\/sulsc.com\/wp-content\/uploads\/2025\/05\/6d87aa09-ddf2-4c73-bcdb-515421510b81.jpg","type":"image\/jpeg"}],"author":"Reda\u00e7\u00e3o Sul SC","twitter_card":"summary_large_image","twitter_creator":"@https:\/\/twitter.com\/PortalSulSC","twitter_misc":{"Written by":"Reda\u00e7\u00e3o Sul SC","Est. reading time":"2 minutes"},"schema":{"@context":"https:\/\/schema.org","@graph":[{"@type":"WebPage","@id":"https:\/\/sulsc.com\/index.php\/2025\/05\/03\/primeiro-sabado-do-mes-inicia-com-instabilidades-mas-ao-logo-do-dia-o-predominio-sera-de-tempo-bom\/","url":"https:\/\/sulsc.com\/index.php\/2025\/05\/03\/primeiro-sabado-do-mes-inicia-com-instabilidades-mas-ao-logo-do-dia-o-predominio-sera-de-tempo-bom\/","name":"Primeiro s\u00e1bado do m\u00eas inicia com instabilidades mas ao logo do dia o predom\u00ednio ser\u00e1 de tempo bom -","isPartOf":{"@id":"https:\/\/sulsc.com\/#website"},"datePublished":"2025-05-03T12:03:49+00:00","dateModified":"2025-05-03T12:03:49+00:00","author":{"@id":"https:\/\/sulsc.com\/#\/schema\/person\/84d2fc571684f6248ba83092f07750a3"},"description":"\u00c0 tarde as temperaturas sobem rapidamente registrando valores entre 25 e 28\u00b0C j\u00e1 os ventos mudam de quadrante sul para leste nordeste","breadcrumb":{"@id":"https:\/\/sulsc.com\/index.php\/2025\/05\/03\/primeiro-sabado-do-mes-inicia-com-instabilidades-mas-ao-logo-do-dia-o-predominio-sera-de-tempo-bom\/#breadcrumb"},"inLanguage":"en-US","potentialAction":[{"@type":"ReadAction","target":["https:\/\/sulsc.com\/index.php\/2025\/05\/03\/primeiro-sabado-do-mes-inicia-com-instabilidades-mas-ao-logo-do-dia-o-predominio-sera-de-tempo-bom\/"]}]},{"@type":"BreadcrumbList","@id":"https:\/\/sulsc.com\/index.php\/2025\/05\/03\/primeiro-sabado-do-mes-inicia-com-instabilidades-mas-ao-logo-do-dia-o-predominio-sera-de-tempo-bom\/#breadcrumb","itemListElement":[{"@type":"ListItem","position":1,"name":"In\u00edcio","item":"https:\/\/sulsc.com\/"},{"@type":"ListItem","position":2,"name":"Primeiro s\u00e1bado do m\u00eas inicia com instabilidades mas ao logo do dia o predom\u00ednio ser\u00e1 de tempo bom"}]},{"@type":"WebSite","@id":"https:\/\/sulsc.com\/#website","url":"https:\/\/sulsc.com\/","name":"","description":"","potentialAction":[{"@type":"SearchAction","target":{"@type":"EntryPoint","urlTemplate":"https:\/\/sulsc.com\/?s={search_term_string}"},"query-input":"required name=search_term_string"}],"inLanguage":"en-US"},{"@type":"Person","@id":"https:\/\/sulsc.com\/#\/schema\/person\/84d2fc571684f6248ba83092f07750a3","name":"Reda\u00e7\u00e3o Sul SC","image":{"@type":"ImageObject","inLanguage":"en-US","@id":"https:\/\/sulsc.com\/#\/schema\/person\/image\/e08d7fe2cc4ed596372063bbe852b8d0","url":"https:\/\/sulsc.com\/wp-content\/uploads\/2023\/09\/redacao.png","contentUrl":"https:\/\/sulsc.com\/wp-content\/uploads\/2023\/09\/redacao.png","caption":"Reda\u00e7\u00e3o Sul SC"},"description":"Foco em um jornalismo imparcial, voltado \u00e0 qualidade dos seus conte\u00fados e, assim, levar informa\u00e7\u00e3o de valor que agregue \u00e0 vida dos leitores. Esta \u00e9 grande miss\u00e3o do Portal de Not\u00edcias Sul SC. N\u00e3o \u00e9 quantidade que muda o mundo, sempre foi e seguir\u00e1 sendo qualidade!","sameAs":["https:\/\/sulsc.com\/","https:\/\/www.facebook.com\/profile.php?id=61559278119680","https:\/\/www.instagram.com\/sulscportal\/?hl=pt-br","https:\/\/twitter.com\/https:\/\/twitter.com\/PortalSulSC","https:\/\/www.youtube.com\/channel\/UCv_BE8GeySluDov2n8qhVmw"],"url":"https:\/\/sulsc.com\/index.php\/author\/redacao\/"}]}},"authors":[],"_links":{"self":[{"href":"https:\/\/sulsc.com\/index.php\/wp-json\/wp\/v2\/posts\/23195"}],"collection":[{"href":"https:\/\/sulsc.com\/index.php\/wp-json\/wp\/v2\/posts"}],"about":[{"href":"https:\/\/sulsc.com\/index.php\/wp-json\/wp\/v2\/types\/post"}],"author":[{"embeddable":true,"href":"https:\/\/sulsc.com\/index.php\/wp-json\/wp\/v2\/users\/3"}],"replies":[{"embeddable":true,"href":"https:\/\/sulsc.com\/index.php\/wp-json\/wp\/v2\/comments?post=23195"}],"version-history":[{"count":1,"href":"https:\/\/sulsc.com\/index.php\/wp-json\/wp\/v2\/posts\/23195\/revisions"}],"predecessor-version":[{"id":23202,"href":"https:\/\/sulsc.com\/index.php\/wp-json\/wp\/v2\/posts\/23195\/revisions\/23202"}],"wp:featuredmedia":[{"embeddable":true,"href":"https:\/\/sulsc.com\/index.php\/wp-json\/wp\/v2\/media\/23201"}],"wp:attachment":[{"href":"https:\/\/sulsc.com\/index.php\/wp-json\/wp\/v2\/media?parent=23195"}],"wp:term":[{"taxonomy":"category","embeddable":true,"href":"https:\/\/sulsc.com\/index.php\/wp-json\/wp\/v2\/categories?post=23195"},{"taxonomy":"post_tag","embeddable":true,"href":"https:\/\/sulsc.com\/index.php\/wp-json\/wp\/v2\/tags?post=23195"}],"curies":[{"name":"wp","href":"https:\/\/api.w.org\/{rel}","templated":true}]}}