{"id":23205,"date":"2025-05-03T09:48:49","date_gmt":"2025-05-03T12:48:49","guid":{"rendered":"https:\/\/sulsc.com\/?p=23205"},"modified":"2025-05-03T09:48:49","modified_gmt":"2025-05-03T12:48:49","slug":"homem-de-24-anos-perde-a-vida-em-colisao-frontal-na-noite-deste-sabado-03","status":"publish","type":"post","link":"https:\/\/sulsc.com\/index.php\/2025\/05\/03\/homem-de-24-anos-perde-a-vida-em-colisao-frontal-na-noite-deste-sabado-03\/","title":{"rendered":"Homem de 24 anos perde a vida em colis\u00e3o frontal na noite deste s\u00e1bado (03)"},"content":{"rendered":"<p>Na noite deste s\u00e1bado (03), por volta das 19h30, a guarni\u00e7\u00e3o foi acionada pela Central de Opera\u00e7\u00f5es Bombeiro Militar (COBOM) para atendimento de um acidente de tr\u00e2nsito, onde uma Fiat Toro e um Fiat P\u00e1lio se envolveram em uma colis\u00e3o frontal, resultando em quatro v\u00edtimas: duas jovens de 14 e 15 anos, um homem de 24 anos e uma mulher de 50 anos.<\/p>\n<p>As jovens de 14 e 15 anos, que estavam como passageiras do banco traseiro da Fiat Toro, foram encontradas conscientes e orientadas, em p\u00e9 na via, sendo amparadas por populares, sem les\u00f5es aparentes. Foram conduzidas ao Hospital S\u00e3o Sebasti\u00e3o de Turvo.<\/p>\n<p><img fetchpriority=\"high\" decoding=\"async\" class=\"aligncenter  wp-image-23206\" src=\"http:\/\/sulsc.com\/wp-content\/uploads\/2025\/05\/A6.jpg\" alt=\"\" width=\"600\" height=\"800\" srcset=\"https:\/\/sulsc.com\/wp-content\/uploads\/2025\/05\/A6.jpg 1200w, https:\/\/sulsc.com\/wp-content\/uploads\/2025\/05\/A6-225x300.jpg 225w, https:\/\/sulsc.com\/wp-content\/uploads\/2025\/05\/A6-768x1024.jpg 768w, https:\/\/sulsc.com\/wp-content\/uploads\/2025\/05\/A6-1152x1536.jpg 1152w\" sizes=\"(max-width: 600px) 100vw, 600px\" \/><\/p>\n<p>A mulher de 50 anos, condutora da Fiat Toro, estava consciente e desorientada, presa \u00e0s ferragens, com suspeita de fratura do tornozelo e edema abdominal. Ap\u00f3s a retirada das ferragens, foi levada para o Hospital S\u00e3o Sebasti\u00e3o de Turvo.<\/p>\n<p>O homem de 24 anos que conduzia o Fiat P\u00e1lio estava preso \u00e0s ferragens e j\u00e1 n\u00e3o apresentava mais sinais vitais. Ap\u00f3s a retirada, o corpo ficou aos cuidados do IML e da Pol\u00edcia Cient\u00edfica.<\/p>\n<p>Fonte e Fotos\/CBMSC &#8211; 4\u00baBBM<\/p>\n","protected":false},"excerpt":{"rendered":"<p>Na noite deste s\u00e1bado (03), por volta das 19h30, a guarni\u00e7\u00e3o foi acionada pela Central de Opera\u00e7\u00f5es Bombeiro Militar (COBOM) para atendimento de um acidente de tr\u00e2nsito, onde uma Fiat Toro e um Fiat P\u00e1lio se envolveram em uma colis\u00e3o frontal, resultando em quatro v\u00edtimas: duas jovens de 14 e 15 anos, um homem de &hellip;<\/p>\n<p class=\"read-more\"> <a class=\"\" href=\"https:\/\/sulsc.com\/index.php\/2025\/05\/03\/homem-de-24-anos-perde-a-vida-em-colisao-frontal-na-noite-deste-sabado-03\/\"> <span class=\"screen-reader-text\">Homem de 24 anos perde a vida em colis\u00e3o frontal na noite deste s\u00e1bado (03)<\/span> Read More &raquo;<\/a><\/p>\n","protected":false},"author":3,"featured_media":23207,"comment_status":"open","ping_status":"open","sticky":false,"template":"","format":"standard","meta":{"site-sidebar-layout":"default","site-content-layout":"","ast-site-content-layout":"default","site-content-style":"default","site-sidebar-style":"default","ast-global-header-display":"","ast-banner-title-visibility":"","ast-main-header-display":"","ast-hfb-above-header-display":"","ast-hfb-below-header-display":"","ast-hfb-mobile-header-display":"","site-post-title":"","ast-breadcrumbs-content":"","ast-featured-img":"","footer-sml-layout":"","theme-transparent-header-meta":"default","adv-header-id-meta":"","stick-header-meta":"","header-above-stick-meta":"","header-main-stick-meta":"","header-below-stick-meta":"","astra-migrate-meta-layouts":"set","footnotes":""},"categories":[24],"tags":[2189],"yoast_head":"<!-- This site is optimized with the Yoast SEO plugin v21.4 - https:\/\/yoast.com\/wordpress\/plugins\/seo\/ -->\n<title>Homem de 24 anos perde a vida em colis\u00e3o frontal na noite deste s\u00e1bado (03) -<\/title>\n<meta name=\"description\" content=\"Colis\u00e3o frontal tira a vida de um homem de 24 anos e deixa mulher de 50 anos presa as ferragens na noite deste s\u00e1bado 03\" \/>\n<meta name=\"robots\" content=\"index, follow, max-snippet:-1, max-image-preview:large, max-video-preview:-1\" \/>\n<link rel=\"canonical\" href=\"https:\/\/sulsc.com\/index.php\/2025\/05\/03\/homem-de-24-anos-perde-a-vida-em-colisao-frontal-na-noite-deste-sabado-03\/\" \/>\n<meta property=\"og:locale\" content=\"en_US\" \/>\n<meta property=\"og:type\" content=\"article\" \/>\n<meta property=\"og:title\" content=\"Homem de 24 anos perde a vida em colis\u00e3o frontal na noite deste s\u00e1bado (03) -\" \/>\n<meta property=\"og:description\" content=\"Colis\u00e3o frontal tira a vida de um homem de 24 anos e deixa mulher de 50 anos presa as ferragens na noite deste s\u00e1bado 03\" \/>\n<meta property=\"og:url\" content=\"https:\/\/sulsc.com\/index.php\/2025\/05\/03\/homem-de-24-anos-perde-a-vida-em-colisao-frontal-na-noite-deste-sabado-03\/\" \/>\n<meta property=\"article:author\" content=\"https:\/\/www.facebook.com\/profile.php?id=61559278119680\" \/>\n<meta property=\"article:published_time\" content=\"2025-05-03T12:48:49+00:00\" \/>\n<meta property=\"og:image\" content=\"http:\/\/sulsc.com\/wp-content\/uploads\/2025\/05\/A7.jpg\" \/>\n\t<meta property=\"og:image:width\" content=\"1600\" \/>\n\t<meta property=\"og:image:height\" content=\"1200\" \/>\n\t<meta property=\"og:image:type\" content=\"image\/jpeg\" \/>\n<meta name=\"author\" content=\"Reda\u00e7\u00e3o Sul SC\" \/>\n<meta name=\"twitter:card\" content=\"summary_large_image\" \/>\n<meta name=\"twitter:creator\" content=\"@https:\/\/twitter.com\/PortalSulSC\" \/>\n<meta name=\"twitter:label1\" content=\"Written by\" \/>\n\t<meta name=\"twitter:data1\" content=\"Reda\u00e7\u00e3o Sul SC\" \/>\n\t<meta name=\"twitter:label2\" content=\"Est. reading time\" \/>\n\t<meta name=\"twitter:data2\" content=\"1 minute\" \/>\n<script type=\"application\/ld+json\" class=\"yoast-schema-graph\">{\"@context\":\"https:\/\/schema.org\",\"@graph\":[{\"@type\":\"WebPage\",\"@id\":\"https:\/\/sulsc.com\/index.php\/2025\/05\/03\/homem-de-24-anos-perde-a-vida-em-colisao-frontal-na-noite-deste-sabado-03\/\",\"url\":\"https:\/\/sulsc.com\/index.php\/2025\/05\/03\/homem-de-24-anos-perde-a-vida-em-colisao-frontal-na-noite-deste-sabado-03\/\",\"name\":\"Homem de 24 anos perde a vida em colis\u00e3o frontal na noite deste s\u00e1bado (03) -\",\"isPartOf\":{\"@id\":\"https:\/\/sulsc.com\/#website\"},\"datePublished\":\"2025-05-03T12:48:49+00:00\",\"dateModified\":\"2025-05-03T12:48:49+00:00\",\"author\":{\"@id\":\"https:\/\/sulsc.com\/#\/schema\/person\/84d2fc571684f6248ba83092f07750a3\"},\"description\":\"Colis\u00e3o frontal tira a vida de um homem de 24 anos e deixa mulher de 50 anos presa as ferragens na noite deste s\u00e1bado 03\",\"breadcrumb\":{\"@id\":\"https:\/\/sulsc.com\/index.php\/2025\/05\/03\/homem-de-24-anos-perde-a-vida-em-colisao-frontal-na-noite-deste-sabado-03\/#breadcrumb\"},\"inLanguage\":\"en-US\",\"potentialAction\":[{\"@type\":\"ReadAction\",\"target\":[\"https:\/\/sulsc.com\/index.php\/2025\/05\/03\/homem-de-24-anos-perde-a-vida-em-colisao-frontal-na-noite-deste-sabado-03\/\"]}]},{\"@type\":\"BreadcrumbList\",\"@id\":\"https:\/\/sulsc.com\/index.php\/2025\/05\/03\/homem-de-24-anos-perde-a-vida-em-colisao-frontal-na-noite-deste-sabado-03\/#breadcrumb\",\"itemListElement\":[{\"@type\":\"ListItem\",\"position\":1,\"name\":\"In\u00edcio\",\"item\":\"https:\/\/sulsc.com\/\"},{\"@type\":\"ListItem\",\"position\":2,\"name\":\"Homem de 24 anos perde a vida em colis\u00e3o frontal na noite deste s\u00e1bado (03)\"}]},{\"@type\":\"WebSite\",\"@id\":\"https:\/\/sulsc.com\/#website\",\"url\":\"https:\/\/sulsc.com\/\",\"name\":\"\",\"description\":\"\",\"potentialAction\":[{\"@type\":\"SearchAction\",\"target\":{\"@type\":\"EntryPoint\",\"urlTemplate\":\"https:\/\/sulsc.com\/?s={search_term_string}\"},\"query-input\":\"required name=search_term_string\"}],\"inLanguage\":\"en-US\"},{\"@type\":\"Person\",\"@id\":\"https:\/\/sulsc.com\/#\/schema\/person\/84d2fc571684f6248ba83092f07750a3\",\"name\":\"Reda\u00e7\u00e3o Sul SC\",\"image\":{\"@type\":\"ImageObject\",\"inLanguage\":\"en-US\",\"@id\":\"https:\/\/sulsc.com\/#\/schema\/person\/image\/e08d7fe2cc4ed596372063bbe852b8d0\",\"url\":\"https:\/\/sulsc.com\/wp-content\/uploads\/2023\/09\/redacao.png\",\"contentUrl\":\"https:\/\/sulsc.com\/wp-content\/uploads\/2023\/09\/redacao.png\",\"caption\":\"Reda\u00e7\u00e3o Sul SC\"},\"description\":\"Foco em um jornalismo imparcial, voltado \u00e0 qualidade dos seus conte\u00fados e, assim, levar informa\u00e7\u00e3o de valor que agregue \u00e0 vida dos leitores. Esta \u00e9 grande miss\u00e3o do Portal de Not\u00edcias Sul SC. N\u00e3o \u00e9 quantidade que muda o mundo, sempre foi e seguir\u00e1 sendo qualidade!\",\"sameAs\":[\"https:\/\/sulsc.com\/\",\"https:\/\/www.facebook.com\/profile.php?id=61559278119680\",\"https:\/\/www.instagram.com\/sulscportal\/?hl=pt-br\",\"https:\/\/twitter.com\/https:\/\/twitter.com\/PortalSulSC\",\"https:\/\/www.youtube.com\/channel\/UCv_BE8GeySluDov2n8qhVmw\"],\"url\":\"https:\/\/sulsc.com\/index.php\/author\/redacao\/\"}]}<\/script>\n<!-- \/ Yoast SEO plugin. -->","yoast_head_json":{"title":"Homem de 24 anos perde a vida em colis\u00e3o frontal na noite deste s\u00e1bado (03) -","description":"Colis\u00e3o frontal tira a vida de um homem de 24 anos e deixa mulher de 50 anos presa as ferragens na noite deste s\u00e1bado 03","robots":{"index":"index","follow":"follow","max-snippet":"max-snippet:-1","max-image-preview":"max-image-preview:large","max-video-preview":"max-video-preview:-1"},"canonical":"https:\/\/sulsc.com\/index.php\/2025\/05\/03\/homem-de-24-anos-perde-a-vida-em-colisao-frontal-na-noite-deste-sabado-03\/","og_locale":"en_US","og_type":"article","og_title":"Homem de 24 anos perde a vida em colis\u00e3o frontal na noite deste s\u00e1bado (03) -","og_description":"Colis\u00e3o frontal tira a vida de um homem de 24 anos e deixa mulher de 50 anos presa as ferragens na noite deste s\u00e1bado 03","og_url":"https:\/\/sulsc.com\/index.php\/2025\/05\/03\/homem-de-24-anos-perde-a-vida-em-colisao-frontal-na-noite-deste-sabado-03\/","article_author":"https:\/\/www.facebook.com\/profile.php?id=61559278119680","article_published_time":"2025-05-03T12:48:49+00:00","og_image":[{"width":1600,"height":1200,"url":"http:\/\/sulsc.com\/wp-content\/uploads\/2025\/05\/A7.jpg","type":"image\/jpeg"}],"author":"Reda\u00e7\u00e3o Sul SC","twitter_card":"summary_large_image","twitter_creator":"@https:\/\/twitter.com\/PortalSulSC","twitter_misc":{"Written by":"Reda\u00e7\u00e3o Sul SC","Est. reading time":"1 minute"},"schema":{"@context":"https:\/\/schema.org","@graph":[{"@type":"WebPage","@id":"https:\/\/sulsc.com\/index.php\/2025\/05\/03\/homem-de-24-anos-perde-a-vida-em-colisao-frontal-na-noite-deste-sabado-03\/","url":"https:\/\/sulsc.com\/index.php\/2025\/05\/03\/homem-de-24-anos-perde-a-vida-em-colisao-frontal-na-noite-deste-sabado-03\/","name":"Homem de 24 anos perde a vida em colis\u00e3o frontal na noite deste s\u00e1bado (03) -","isPartOf":{"@id":"https:\/\/sulsc.com\/#website"},"datePublished":"2025-05-03T12:48:49+00:00","dateModified":"2025-05-03T12:48:49+00:00","author":{"@id":"https:\/\/sulsc.com\/#\/schema\/person\/84d2fc571684f6248ba83092f07750a3"},"description":"Colis\u00e3o frontal tira a vida de um homem de 24 anos e deixa mulher de 50 anos presa as ferragens na noite deste s\u00e1bado 03","breadcrumb":{"@id":"https:\/\/sulsc.com\/index.php\/2025\/05\/03\/homem-de-24-anos-perde-a-vida-em-colisao-frontal-na-noite-deste-sabado-03\/#breadcrumb"},"inLanguage":"en-US","potentialAction":[{"@type":"ReadAction","target":["https:\/\/sulsc.com\/index.php\/2025\/05\/03\/homem-de-24-anos-perde-a-vida-em-colisao-frontal-na-noite-deste-sabado-03\/"]}]},{"@type":"BreadcrumbList","@id":"https:\/\/sulsc.com\/index.php\/2025\/05\/03\/homem-de-24-anos-perde-a-vida-em-colisao-frontal-na-noite-deste-sabado-03\/#breadcrumb","itemListElement":[{"@type":"ListItem","position":1,"name":"In\u00edcio","item":"https:\/\/sulsc.com\/"},{"@type":"ListItem","position":2,"name":"Homem de 24 anos perde a vida em colis\u00e3o frontal na noite deste s\u00e1bado (03)"}]},{"@type":"WebSite","@id":"https:\/\/sulsc.com\/#website","url":"https:\/\/sulsc.com\/","name":"","description":"","potentialAction":[{"@type":"SearchAction","target":{"@type":"EntryPoint","urlTemplate":"https:\/\/sulsc.com\/?s={search_term_string}"},"query-input":"required name=search_term_string"}],"inLanguage":"en-US"},{"@type":"Person","@id":"https:\/\/sulsc.com\/#\/schema\/person\/84d2fc571684f6248ba83092f07750a3","name":"Reda\u00e7\u00e3o Sul SC","image":{"@type":"ImageObject","inLanguage":"en-US","@id":"https:\/\/sulsc.com\/#\/schema\/person\/image\/e08d7fe2cc4ed596372063bbe852b8d0","url":"https:\/\/sulsc.com\/wp-content\/uploads\/2023\/09\/redacao.png","contentUrl":"https:\/\/sulsc.com\/wp-content\/uploads\/2023\/09\/redacao.png","caption":"Reda\u00e7\u00e3o Sul SC"},"description":"Foco em um jornalismo imparcial, voltado \u00e0 qualidade dos seus conte\u00fados e, assim, levar informa\u00e7\u00e3o de valor que agregue \u00e0 vida dos leitores. Esta \u00e9 grande miss\u00e3o do Portal de Not\u00edcias Sul SC. N\u00e3o \u00e9 quantidade que muda o mundo, sempre foi e seguir\u00e1 sendo qualidade!","sameAs":["https:\/\/sulsc.com\/","https:\/\/www.facebook.com\/profile.php?id=61559278119680","https:\/\/www.instagram.com\/sulscportal\/?hl=pt-br","https:\/\/twitter.com\/https:\/\/twitter.com\/PortalSulSC","https:\/\/www.youtube.com\/channel\/UCv_BE8GeySluDov2n8qhVmw"],"url":"https:\/\/sulsc.com\/index.php\/author\/redacao\/"}]}},"authors":[],"_links":{"self":[{"href":"https:\/\/sulsc.com\/index.php\/wp-json\/wp\/v2\/posts\/23205"}],"collection":[{"href":"https:\/\/sulsc.com\/index.php\/wp-json\/wp\/v2\/posts"}],"about":[{"href":"https:\/\/sulsc.com\/index.php\/wp-json\/wp\/v2\/types\/post"}],"author":[{"embeddable":true,"href":"https:\/\/sulsc.com\/index.php\/wp-json\/wp\/v2\/users\/3"}],"replies":[{"embeddable":true,"href":"https:\/\/sulsc.com\/index.php\/wp-json\/wp\/v2\/comments?post=23205"}],"version-history":[{"count":1,"href":"https:\/\/sulsc.com\/index.php\/wp-json\/wp\/v2\/posts\/23205\/revisions"}],"predecessor-version":[{"id":23208,"href":"https:\/\/sulsc.com\/index.php\/wp-json\/wp\/v2\/posts\/23205\/revisions\/23208"}],"wp:featuredmedia":[{"embeddable":true,"href":"https:\/\/sulsc.com\/index.php\/wp-json\/wp\/v2\/media\/23207"}],"wp:attachment":[{"href":"https:\/\/sulsc.com\/index.php\/wp-json\/wp\/v2\/media?parent=23205"}],"wp:term":[{"taxonomy":"category","embeddable":true,"href":"https:\/\/sulsc.com\/index.php\/wp-json\/wp\/v2\/categories?post=23205"},{"taxonomy":"post_tag","embeddable":true,"href":"https:\/\/sulsc.com\/index.php\/wp-json\/wp\/v2\/tags?post=23205"}],"curies":[{"name":"wp","href":"https:\/\/api.w.org\/{rel}","templated":true}]}}