{"id":23318,"date":"2025-05-07T07:22:45","date_gmt":"2025-05-07T10:22:45","guid":{"rendered":"https:\/\/sulsc.com\/?p=23318"},"modified":"2025-05-07T07:22:45","modified_gmt":"2025-05-07T10:22:45","slug":"quarta-feira-07-sol-entre-nuvens-e-maximas-de-30oc-no-periodo-da-tarde","status":"publish","type":"post","link":"https:\/\/sulsc.com\/index.php\/2025\/05\/07\/quarta-feira-07-sol-entre-nuvens-e-maximas-de-30oc-no-periodo-da-tarde\/","title":{"rendered":"Quarta-feira (07) sol entre nuvens e m\u00e1ximas de 30\u00baC no per\u00edodo da tarde"},"content":{"rendered":"<p>Nesta quarta-feira (07), o dia ser\u00e1 com predom\u00ednio de sol entre nuvens e sem chuva na maioria das\u00a0 regi\u00f5es de SC. J\u00e1 no Grande Oeste, a chuva persistente desde a noite anterior e que permanece durante o per\u00edodo da manh\u00e3, devido a um sistema de baixa press\u00e3o no interior do continente. O risco \u00e9 baixo para ocorr\u00eancias associadas a alagamentos.<\/p>\n<p><img fetchpriority=\"high\" decoding=\"async\" class=\"aligncenter  wp-image-23319\" src=\"http:\/\/sulsc.com\/wp-content\/uploads\/2025\/05\/a-2.png\" alt=\"\" width=\"600\" height=\"410\" srcset=\"https:\/\/sulsc.com\/wp-content\/uploads\/2025\/05\/a-2.png 1648w, https:\/\/sulsc.com\/wp-content\/uploads\/2025\/05\/a-2-300x205.png 300w, https:\/\/sulsc.com\/wp-content\/uploads\/2025\/05\/a-2-1024x700.png 1024w, https:\/\/sulsc.com\/wp-content\/uploads\/2025\/05\/a-2-768x525.png 768w, https:\/\/sulsc.com\/wp-content\/uploads\/2025\/05\/a-2-1536x1049.png 1536w\" sizes=\"(max-width: 600px) 100vw, 600px\" \/><\/p>\n<p><img decoding=\"async\" class=\"aligncenter  wp-image-22836\" src=\"http:\/\/sulsc.com\/wp-content\/uploads\/2025\/04\/Tempo-2.png\" alt=\"\" width=\"533\" height=\"98\" srcset=\"https:\/\/sulsc.com\/wp-content\/uploads\/2025\/04\/Tempo-2.png 1024w, https:\/\/sulsc.com\/wp-content\/uploads\/2025\/04\/Tempo-2-300x55.png 300w, https:\/\/sulsc.com\/wp-content\/uploads\/2025\/04\/Tempo-2-768x142.png 768w\" sizes=\"(max-width: 533px) 100vw, 533px\" \/><\/p>\n<p><strong>Temperaturas<\/strong><\/p>\n<p>Pela manh\u00e3, as temperaturas seguem amenas, variando entre 10 e 20\u00b0C em todo o estado. \u00c0 tarde, a sensa\u00e7\u00e3o \u00e9 de calor, especialmente no Oeste, Litoral e Vale do Itaja\u00ed, com m\u00e1ximas entre 26 e 30\u00b0C.<\/p>\n<p>Fonte\/Defesa Civil SC<\/p>\n","protected":false},"excerpt":{"rendered":"<p>Nesta quarta-feira (07), o dia ser\u00e1 com predom\u00ednio de sol entre nuvens e sem chuva na maioria das\u00a0 regi\u00f5es de SC. J\u00e1 no Grande Oeste, a chuva persistente desde a noite anterior e que permanece durante o per\u00edodo da manh\u00e3, devido a um sistema de baixa press\u00e3o no interior do continente. O risco \u00e9 baixo &hellip;<\/p>\n<p class=\"read-more\"> <a class=\"\" href=\"https:\/\/sulsc.com\/index.php\/2025\/05\/07\/quarta-feira-07-sol-entre-nuvens-e-maximas-de-30oc-no-periodo-da-tarde\/\"> <span class=\"screen-reader-text\">Quarta-feira (07) sol entre nuvens e m\u00e1ximas de 30\u00baC no per\u00edodo da tarde<\/span> Read More &raquo;<\/a><\/p>\n","protected":false},"author":3,"featured_media":23321,"comment_status":"open","ping_status":"open","sticky":false,"template":"","format":"standard","meta":{"site-sidebar-layout":"default","site-content-layout":"","ast-site-content-layout":"default","site-content-style":"default","site-sidebar-style":"default","ast-global-header-display":"","ast-banner-title-visibility":"","ast-main-header-display":"","ast-hfb-above-header-display":"","ast-hfb-below-header-display":"","ast-hfb-mobile-header-display":"","site-post-title":"","ast-breadcrumbs-content":"","ast-featured-img":"","footer-sml-layout":"","theme-transparent-header-meta":"default","adv-header-id-meta":"","stick-header-meta":"","header-above-stick-meta":"","header-main-stick-meta":"","header-below-stick-meta":"","astra-migrate-meta-layouts":"set","footnotes":""},"categories":[38],"tags":[],"yoast_head":"<!-- This site is optimized with the Yoast SEO plugin v21.4 - https:\/\/yoast.com\/wordpress\/plugins\/seo\/ -->\n<title>Quarta-feira (07) sol entre nuvens e m\u00e1ximas de 30\u00baC no per\u00edodo da tarde -<\/title>\n<meta name=\"description\" content=\"Pela manh\u00e3, as temperaturas seguem amenas, variando entre 10 e 20\u00b0C em todo o estado. \u00c0 tarde a sensa\u00e7\u00e3o \u00e9 de calor.\" \/>\n<meta name=\"robots\" content=\"index, follow, max-snippet:-1, max-image-preview:large, max-video-preview:-1\" \/>\n<link rel=\"canonical\" href=\"https:\/\/sulsc.com\/index.php\/2025\/05\/07\/quarta-feira-07-sol-entre-nuvens-e-maximas-de-30oc-no-periodo-da-tarde\/\" \/>\n<meta property=\"og:locale\" content=\"en_US\" \/>\n<meta property=\"og:type\" content=\"article\" \/>\n<meta property=\"og:title\" content=\"Quarta-feira (07) sol entre nuvens e m\u00e1ximas de 30\u00baC no per\u00edodo da tarde -\" \/>\n<meta property=\"og:description\" content=\"Pela manh\u00e3, as temperaturas seguem amenas, variando entre 10 e 20\u00b0C em todo o estado. \u00c0 tarde a sensa\u00e7\u00e3o \u00e9 de calor.\" \/>\n<meta property=\"og:url\" content=\"https:\/\/sulsc.com\/index.php\/2025\/05\/07\/quarta-feira-07-sol-entre-nuvens-e-maximas-de-30oc-no-periodo-da-tarde\/\" \/>\n<meta property=\"article:author\" content=\"https:\/\/www.facebook.com\/profile.php?id=61559278119680\" \/>\n<meta property=\"article:published_time\" content=\"2025-05-07T10:22:45+00:00\" \/>\n<meta property=\"og:image\" content=\"http:\/\/sulsc.com\/wp-content\/uploads\/2025\/05\/8572b93d-6c05-49f0-b27e-98c3de382d9d.jpg\" \/>\n\t<meta property=\"og:image:width\" content=\"1600\" \/>\n\t<meta property=\"og:image:height\" content=\"719\" \/>\n\t<meta property=\"og:image:type\" content=\"image\/jpeg\" \/>\n<meta name=\"author\" content=\"Reda\u00e7\u00e3o Sul SC\" \/>\n<meta name=\"twitter:card\" content=\"summary_large_image\" \/>\n<meta name=\"twitter:creator\" content=\"@https:\/\/twitter.com\/PortalSulSC\" \/>\n<meta name=\"twitter:label1\" content=\"Written by\" \/>\n\t<meta name=\"twitter:data1\" content=\"Reda\u00e7\u00e3o Sul SC\" \/>\n\t<meta name=\"twitter:label2\" content=\"Est. reading time\" \/>\n\t<meta name=\"twitter:data2\" content=\"1 minute\" \/>\n<script type=\"application\/ld+json\" class=\"yoast-schema-graph\">{\"@context\":\"https:\/\/schema.org\",\"@graph\":[{\"@type\":\"WebPage\",\"@id\":\"https:\/\/sulsc.com\/index.php\/2025\/05\/07\/quarta-feira-07-sol-entre-nuvens-e-maximas-de-30oc-no-periodo-da-tarde\/\",\"url\":\"https:\/\/sulsc.com\/index.php\/2025\/05\/07\/quarta-feira-07-sol-entre-nuvens-e-maximas-de-30oc-no-periodo-da-tarde\/\",\"name\":\"Quarta-feira (07) sol entre nuvens e m\u00e1ximas de 30\u00baC no per\u00edodo da tarde -\",\"isPartOf\":{\"@id\":\"https:\/\/sulsc.com\/#website\"},\"datePublished\":\"2025-05-07T10:22:45+00:00\",\"dateModified\":\"2025-05-07T10:22:45+00:00\",\"author\":{\"@id\":\"https:\/\/sulsc.com\/#\/schema\/person\/84d2fc571684f6248ba83092f07750a3\"},\"description\":\"Pela manh\u00e3, as temperaturas seguem amenas, variando entre 10 e 20\u00b0C em todo o estado. \u00c0 tarde a sensa\u00e7\u00e3o \u00e9 de calor.\",\"breadcrumb\":{\"@id\":\"https:\/\/sulsc.com\/index.php\/2025\/05\/07\/quarta-feira-07-sol-entre-nuvens-e-maximas-de-30oc-no-periodo-da-tarde\/#breadcrumb\"},\"inLanguage\":\"en-US\",\"potentialAction\":[{\"@type\":\"ReadAction\",\"target\":[\"https:\/\/sulsc.com\/index.php\/2025\/05\/07\/quarta-feira-07-sol-entre-nuvens-e-maximas-de-30oc-no-periodo-da-tarde\/\"]}]},{\"@type\":\"BreadcrumbList\",\"@id\":\"https:\/\/sulsc.com\/index.php\/2025\/05\/07\/quarta-feira-07-sol-entre-nuvens-e-maximas-de-30oc-no-periodo-da-tarde\/#breadcrumb\",\"itemListElement\":[{\"@type\":\"ListItem\",\"position\":1,\"name\":\"In\u00edcio\",\"item\":\"https:\/\/sulsc.com\/\"},{\"@type\":\"ListItem\",\"position\":2,\"name\":\"Quarta-feira (07) sol entre nuvens e m\u00e1ximas de 30\u00baC no per\u00edodo da tarde\"}]},{\"@type\":\"WebSite\",\"@id\":\"https:\/\/sulsc.com\/#website\",\"url\":\"https:\/\/sulsc.com\/\",\"name\":\"\",\"description\":\"\",\"potentialAction\":[{\"@type\":\"SearchAction\",\"target\":{\"@type\":\"EntryPoint\",\"urlTemplate\":\"https:\/\/sulsc.com\/?s={search_term_string}\"},\"query-input\":\"required name=search_term_string\"}],\"inLanguage\":\"en-US\"},{\"@type\":\"Person\",\"@id\":\"https:\/\/sulsc.com\/#\/schema\/person\/84d2fc571684f6248ba83092f07750a3\",\"name\":\"Reda\u00e7\u00e3o Sul SC\",\"image\":{\"@type\":\"ImageObject\",\"inLanguage\":\"en-US\",\"@id\":\"https:\/\/sulsc.com\/#\/schema\/person\/image\/e08d7fe2cc4ed596372063bbe852b8d0\",\"url\":\"https:\/\/sulsc.com\/wp-content\/uploads\/2023\/09\/redacao.png\",\"contentUrl\":\"https:\/\/sulsc.com\/wp-content\/uploads\/2023\/09\/redacao.png\",\"caption\":\"Reda\u00e7\u00e3o Sul SC\"},\"description\":\"Foco em um jornalismo imparcial, voltado \u00e0 qualidade dos seus conte\u00fados e, assim, levar informa\u00e7\u00e3o de valor que agregue \u00e0 vida dos leitores. Esta \u00e9 grande miss\u00e3o do Portal de Not\u00edcias Sul SC. N\u00e3o \u00e9 quantidade que muda o mundo, sempre foi e seguir\u00e1 sendo qualidade!\",\"sameAs\":[\"https:\/\/sulsc.com\/\",\"https:\/\/www.facebook.com\/profile.php?id=61559278119680\",\"https:\/\/www.instagram.com\/sulscportal\/?hl=pt-br\",\"https:\/\/twitter.com\/https:\/\/twitter.com\/PortalSulSC\",\"https:\/\/www.youtube.com\/channel\/UCv_BE8GeySluDov2n8qhVmw\"],\"url\":\"https:\/\/sulsc.com\/index.php\/author\/redacao\/\"}]}<\/script>\n<!-- \/ Yoast SEO plugin. -->","yoast_head_json":{"title":"Quarta-feira (07) sol entre nuvens e m\u00e1ximas de 30\u00baC no per\u00edodo da tarde -","description":"Pela manh\u00e3, as temperaturas seguem amenas, variando entre 10 e 20\u00b0C em todo o estado. \u00c0 tarde a sensa\u00e7\u00e3o \u00e9 de calor.","robots":{"index":"index","follow":"follow","max-snippet":"max-snippet:-1","max-image-preview":"max-image-preview:large","max-video-preview":"max-video-preview:-1"},"canonical":"https:\/\/sulsc.com\/index.php\/2025\/05\/07\/quarta-feira-07-sol-entre-nuvens-e-maximas-de-30oc-no-periodo-da-tarde\/","og_locale":"en_US","og_type":"article","og_title":"Quarta-feira (07) sol entre nuvens e m\u00e1ximas de 30\u00baC no per\u00edodo da tarde -","og_description":"Pela manh\u00e3, as temperaturas seguem amenas, variando entre 10 e 20\u00b0C em todo o estado. \u00c0 tarde a sensa\u00e7\u00e3o \u00e9 de calor.","og_url":"https:\/\/sulsc.com\/index.php\/2025\/05\/07\/quarta-feira-07-sol-entre-nuvens-e-maximas-de-30oc-no-periodo-da-tarde\/","article_author":"https:\/\/www.facebook.com\/profile.php?id=61559278119680","article_published_time":"2025-05-07T10:22:45+00:00","og_image":[{"width":1600,"height":719,"url":"http:\/\/sulsc.com\/wp-content\/uploads\/2025\/05\/8572b93d-6c05-49f0-b27e-98c3de382d9d.jpg","type":"image\/jpeg"}],"author":"Reda\u00e7\u00e3o Sul SC","twitter_card":"summary_large_image","twitter_creator":"@https:\/\/twitter.com\/PortalSulSC","twitter_misc":{"Written by":"Reda\u00e7\u00e3o Sul SC","Est. reading time":"1 minute"},"schema":{"@context":"https:\/\/schema.org","@graph":[{"@type":"WebPage","@id":"https:\/\/sulsc.com\/index.php\/2025\/05\/07\/quarta-feira-07-sol-entre-nuvens-e-maximas-de-30oc-no-periodo-da-tarde\/","url":"https:\/\/sulsc.com\/index.php\/2025\/05\/07\/quarta-feira-07-sol-entre-nuvens-e-maximas-de-30oc-no-periodo-da-tarde\/","name":"Quarta-feira (07) sol entre nuvens e m\u00e1ximas de 30\u00baC no per\u00edodo da tarde -","isPartOf":{"@id":"https:\/\/sulsc.com\/#website"},"datePublished":"2025-05-07T10:22:45+00:00","dateModified":"2025-05-07T10:22:45+00:00","author":{"@id":"https:\/\/sulsc.com\/#\/schema\/person\/84d2fc571684f6248ba83092f07750a3"},"description":"Pela manh\u00e3, as temperaturas seguem amenas, variando entre 10 e 20\u00b0C em todo o estado. \u00c0 tarde a sensa\u00e7\u00e3o \u00e9 de calor.","breadcrumb":{"@id":"https:\/\/sulsc.com\/index.php\/2025\/05\/07\/quarta-feira-07-sol-entre-nuvens-e-maximas-de-30oc-no-periodo-da-tarde\/#breadcrumb"},"inLanguage":"en-US","potentialAction":[{"@type":"ReadAction","target":["https:\/\/sulsc.com\/index.php\/2025\/05\/07\/quarta-feira-07-sol-entre-nuvens-e-maximas-de-30oc-no-periodo-da-tarde\/"]}]},{"@type":"BreadcrumbList","@id":"https:\/\/sulsc.com\/index.php\/2025\/05\/07\/quarta-feira-07-sol-entre-nuvens-e-maximas-de-30oc-no-periodo-da-tarde\/#breadcrumb","itemListElement":[{"@type":"ListItem","position":1,"name":"In\u00edcio","item":"https:\/\/sulsc.com\/"},{"@type":"ListItem","position":2,"name":"Quarta-feira (07) sol entre nuvens e m\u00e1ximas de 30\u00baC no per\u00edodo da tarde"}]},{"@type":"WebSite","@id":"https:\/\/sulsc.com\/#website","url":"https:\/\/sulsc.com\/","name":"","description":"","potentialAction":[{"@type":"SearchAction","target":{"@type":"EntryPoint","urlTemplate":"https:\/\/sulsc.com\/?s={search_term_string}"},"query-input":"required name=search_term_string"}],"inLanguage":"en-US"},{"@type":"Person","@id":"https:\/\/sulsc.com\/#\/schema\/person\/84d2fc571684f6248ba83092f07750a3","name":"Reda\u00e7\u00e3o Sul SC","image":{"@type":"ImageObject","inLanguage":"en-US","@id":"https:\/\/sulsc.com\/#\/schema\/person\/image\/e08d7fe2cc4ed596372063bbe852b8d0","url":"https:\/\/sulsc.com\/wp-content\/uploads\/2023\/09\/redacao.png","contentUrl":"https:\/\/sulsc.com\/wp-content\/uploads\/2023\/09\/redacao.png","caption":"Reda\u00e7\u00e3o Sul SC"},"description":"Foco em um jornalismo imparcial, voltado \u00e0 qualidade dos seus conte\u00fados e, assim, levar informa\u00e7\u00e3o de valor que agregue \u00e0 vida dos leitores. Esta \u00e9 grande miss\u00e3o do Portal de Not\u00edcias Sul SC. N\u00e3o \u00e9 quantidade que muda o mundo, sempre foi e seguir\u00e1 sendo qualidade!","sameAs":["https:\/\/sulsc.com\/","https:\/\/www.facebook.com\/profile.php?id=61559278119680","https:\/\/www.instagram.com\/sulscportal\/?hl=pt-br","https:\/\/twitter.com\/https:\/\/twitter.com\/PortalSulSC","https:\/\/www.youtube.com\/channel\/UCv_BE8GeySluDov2n8qhVmw"],"url":"https:\/\/sulsc.com\/index.php\/author\/redacao\/"}]}},"authors":[],"_links":{"self":[{"href":"https:\/\/sulsc.com\/index.php\/wp-json\/wp\/v2\/posts\/23318"}],"collection":[{"href":"https:\/\/sulsc.com\/index.php\/wp-json\/wp\/v2\/posts"}],"about":[{"href":"https:\/\/sulsc.com\/index.php\/wp-json\/wp\/v2\/types\/post"}],"author":[{"embeddable":true,"href":"https:\/\/sulsc.com\/index.php\/wp-json\/wp\/v2\/users\/3"}],"replies":[{"embeddable":true,"href":"https:\/\/sulsc.com\/index.php\/wp-json\/wp\/v2\/comments?post=23318"}],"version-history":[{"count":1,"href":"https:\/\/sulsc.com\/index.php\/wp-json\/wp\/v2\/posts\/23318\/revisions"}],"predecessor-version":[{"id":23322,"href":"https:\/\/sulsc.com\/index.php\/wp-json\/wp\/v2\/posts\/23318\/revisions\/23322"}],"wp:featuredmedia":[{"embeddable":true,"href":"https:\/\/sulsc.com\/index.php\/wp-json\/wp\/v2\/media\/23321"}],"wp:attachment":[{"href":"https:\/\/sulsc.com\/index.php\/wp-json\/wp\/v2\/media?parent=23318"}],"wp:term":[{"taxonomy":"category","embeddable":true,"href":"https:\/\/sulsc.com\/index.php\/wp-json\/wp\/v2\/categories?post=23318"},{"taxonomy":"post_tag","embeddable":true,"href":"https:\/\/sulsc.com\/index.php\/wp-json\/wp\/v2\/tags?post=23318"}],"curies":[{"name":"wp","href":"https:\/\/api.w.org\/{rel}","templated":true}]}}