{"id":23364,"date":"2025-05-08T07:09:13","date_gmt":"2025-05-08T10:09:13","guid":{"rendered":"https:\/\/sulsc.com\/?p=23364"},"modified":"2025-05-08T07:09:13","modified_gmt":"2025-05-08T10:09:13","slug":"o-sol-continua-predominando-com-temperaturas-elevadas-nesta-quinta-feira08","status":"publish","type":"post","link":"https:\/\/sulsc.com\/index.php\/2025\/05\/08\/o-sol-continua-predominando-com-temperaturas-elevadas-nesta-quinta-feira08\/","title":{"rendered":"O sol continua predominando com temperaturas elevadas nesta quinta-feira(08)"},"content":{"rendered":"<p>Nesta quinta-feira (08), o tempo continua firme\u00a0 com sol e varia\u00e7\u00e3o de nuvens, al\u00e9m da condi\u00e7\u00e3o para forma\u00e7\u00e3o de neblinas\/nevoeiros no in\u00edcio e final do dia, especialmente entre o Vale do Itaja\u00ed e Litoral Norte. N\u00e3o h\u00e1 risco para ocorr\u00eancias meteorol\u00f3gicas.<\/p>\n<p><img fetchpriority=\"high\" decoding=\"async\" class=\"aligncenter  wp-image-23365\" src=\"http:\/\/sulsc.com\/wp-content\/uploads\/2025\/05\/a-3.png\" alt=\"\" width=\"600\" height=\"411\" srcset=\"https:\/\/sulsc.com\/wp-content\/uploads\/2025\/05\/a-3.png 1636w, https:\/\/sulsc.com\/wp-content\/uploads\/2025\/05\/a-3-300x205.png 300w, https:\/\/sulsc.com\/wp-content\/uploads\/2025\/05\/a-3-1024x701.png 1024w, https:\/\/sulsc.com\/wp-content\/uploads\/2025\/05\/a-3-768x526.png 768w, https:\/\/sulsc.com\/wp-content\/uploads\/2025\/05\/a-3-1536x1052.png 1536w\" sizes=\"(max-width: 600px) 100vw, 600px\" \/><\/p>\n<p><img decoding=\"async\" class=\"aligncenter  wp-image-22836\" src=\"http:\/\/sulsc.com\/wp-content\/uploads\/2025\/04\/Tempo-2.png\" alt=\"\" width=\"543\" height=\"100\" srcset=\"https:\/\/sulsc.com\/wp-content\/uploads\/2025\/04\/Tempo-2.png 1024w, https:\/\/sulsc.com\/wp-content\/uploads\/2025\/04\/Tempo-2-300x55.png 300w, https:\/\/sulsc.com\/wp-content\/uploads\/2025\/04\/Tempo-2-768x142.png 768w\" sizes=\"(max-width: 543px) 100vw, 543px\" \/><\/p>\n<p><strong>Temperaturas<\/strong><\/p>\n<p>Al\u00e9m disso, a massa de ar quente presente sobre o estado se intensifica e a tarde ser\u00e1 marcada por calor em todas as regi\u00f5es e temperaturas acima da m\u00e9dia para a \u00e9poca, com marcas pr\u00f3ximas dos 28\/32\u00b0C em trechos do Oeste e Litoral Sul e de 24\u00b0C a 29\u00b0C nas demais regi\u00f5es. No amanhecer, as temperaturas oscilam entre 8\u00b0C e 15\u00b0C entre os Planaltos e Meio-Oeste e de 16\u00b0C a 21\u00b0C nas demais regi\u00f5es<\/p>\n<p>Fonte\/Defesa Civil SC<\/p>\n","protected":false},"excerpt":{"rendered":"<p>Nesta quinta-feira (08), o tempo continua firme\u00a0 com sol e varia\u00e7\u00e3o de nuvens, al\u00e9m da condi\u00e7\u00e3o para forma\u00e7\u00e3o de neblinas\/nevoeiros no in\u00edcio e final do dia, especialmente entre o Vale do Itaja\u00ed e Litoral Norte. N\u00e3o h\u00e1 risco para ocorr\u00eancias meteorol\u00f3gicas. Temperaturas Al\u00e9m disso, a massa de ar quente presente sobre o estado se intensifica &hellip;<\/p>\n<p class=\"read-more\"> <a class=\"\" href=\"https:\/\/sulsc.com\/index.php\/2025\/05\/08\/o-sol-continua-predominando-com-temperaturas-elevadas-nesta-quinta-feira08\/\"> <span class=\"screen-reader-text\">O sol continua predominando com temperaturas elevadas nesta quinta-feira(08)<\/span> Read More &raquo;<\/a><\/p>\n","protected":false},"author":3,"featured_media":23366,"comment_status":"open","ping_status":"open","sticky":false,"template":"","format":"standard","meta":{"site-sidebar-layout":"default","site-content-layout":"","ast-site-content-layout":"default","site-content-style":"default","site-sidebar-style":"default","ast-global-header-display":"","ast-banner-title-visibility":"","ast-main-header-display":"","ast-hfb-above-header-display":"","ast-hfb-below-header-display":"","ast-hfb-mobile-header-display":"","site-post-title":"","ast-breadcrumbs-content":"","ast-featured-img":"","footer-sml-layout":"","theme-transparent-header-meta":"default","adv-header-id-meta":"","stick-header-meta":"","header-above-stick-meta":"","header-main-stick-meta":"","header-below-stick-meta":"","astra-migrate-meta-layouts":"set","footnotes":""},"categories":[38],"tags":[90],"yoast_head":"<!-- This site is optimized with the Yoast SEO plugin v21.4 - https:\/\/yoast.com\/wordpress\/plugins\/seo\/ -->\n<title>O sol continua predominando com temperaturas elevadas nesta quinta-feira(08) -<\/title>\n<meta name=\"description\" content=\"A massa de ar quente presente sobre o estado se intensifica e a tarde ser\u00e1 marcada por calor em todas as regi\u00f5es\" \/>\n<meta name=\"robots\" content=\"index, follow, max-snippet:-1, max-image-preview:large, max-video-preview:-1\" \/>\n<link rel=\"canonical\" href=\"https:\/\/sulsc.com\/index.php\/2025\/05\/08\/o-sol-continua-predominando-com-temperaturas-elevadas-nesta-quinta-feira08\/\" \/>\n<meta property=\"og:locale\" content=\"en_US\" \/>\n<meta property=\"og:type\" content=\"article\" \/>\n<meta property=\"og:title\" content=\"O sol continua predominando com temperaturas elevadas nesta quinta-feira(08) -\" \/>\n<meta property=\"og:description\" content=\"A massa de ar quente presente sobre o estado se intensifica e a tarde ser\u00e1 marcada por calor em todas as regi\u00f5es\" \/>\n<meta property=\"og:url\" content=\"https:\/\/sulsc.com\/index.php\/2025\/05\/08\/o-sol-continua-predominando-com-temperaturas-elevadas-nesta-quinta-feira08\/\" \/>\n<meta property=\"article:author\" content=\"https:\/\/www.facebook.com\/profile.php?id=61559278119680\" \/>\n<meta property=\"article:published_time\" content=\"2025-05-08T10:09:13+00:00\" \/>\n<meta property=\"og:image\" content=\"http:\/\/sulsc.com\/wp-content\/uploads\/2025\/05\/1f108c15-8ccd-48a0-92aa-f3d0d612711f.jpg\" \/>\n\t<meta property=\"og:image:width\" content=\"1080\" \/>\n\t<meta property=\"og:image:height\" content=\"1318\" \/>\n\t<meta property=\"og:image:type\" content=\"image\/jpeg\" \/>\n<meta name=\"author\" content=\"Reda\u00e7\u00e3o Sul SC\" \/>\n<meta name=\"twitter:card\" content=\"summary_large_image\" \/>\n<meta name=\"twitter:creator\" content=\"@https:\/\/twitter.com\/PortalSulSC\" \/>\n<meta name=\"twitter:label1\" content=\"Written by\" \/>\n\t<meta name=\"twitter:data1\" content=\"Reda\u00e7\u00e3o Sul SC\" \/>\n\t<meta name=\"twitter:label2\" content=\"Est. reading time\" \/>\n\t<meta name=\"twitter:data2\" content=\"1 minute\" \/>\n<script type=\"application\/ld+json\" class=\"yoast-schema-graph\">{\"@context\":\"https:\/\/schema.org\",\"@graph\":[{\"@type\":\"WebPage\",\"@id\":\"https:\/\/sulsc.com\/index.php\/2025\/05\/08\/o-sol-continua-predominando-com-temperaturas-elevadas-nesta-quinta-feira08\/\",\"url\":\"https:\/\/sulsc.com\/index.php\/2025\/05\/08\/o-sol-continua-predominando-com-temperaturas-elevadas-nesta-quinta-feira08\/\",\"name\":\"O sol continua predominando com temperaturas elevadas nesta quinta-feira(08) -\",\"isPartOf\":{\"@id\":\"https:\/\/sulsc.com\/#website\"},\"datePublished\":\"2025-05-08T10:09:13+00:00\",\"dateModified\":\"2025-05-08T10:09:13+00:00\",\"author\":{\"@id\":\"https:\/\/sulsc.com\/#\/schema\/person\/84d2fc571684f6248ba83092f07750a3\"},\"description\":\"A massa de ar quente presente sobre o estado se intensifica e a tarde ser\u00e1 marcada por calor em todas as regi\u00f5es\",\"breadcrumb\":{\"@id\":\"https:\/\/sulsc.com\/index.php\/2025\/05\/08\/o-sol-continua-predominando-com-temperaturas-elevadas-nesta-quinta-feira08\/#breadcrumb\"},\"inLanguage\":\"en-US\",\"potentialAction\":[{\"@type\":\"ReadAction\",\"target\":[\"https:\/\/sulsc.com\/index.php\/2025\/05\/08\/o-sol-continua-predominando-com-temperaturas-elevadas-nesta-quinta-feira08\/\"]}]},{\"@type\":\"BreadcrumbList\",\"@id\":\"https:\/\/sulsc.com\/index.php\/2025\/05\/08\/o-sol-continua-predominando-com-temperaturas-elevadas-nesta-quinta-feira08\/#breadcrumb\",\"itemListElement\":[{\"@type\":\"ListItem\",\"position\":1,\"name\":\"In\u00edcio\",\"item\":\"https:\/\/sulsc.com\/\"},{\"@type\":\"ListItem\",\"position\":2,\"name\":\"O sol continua predominando com temperaturas elevadas nesta quinta-feira(08)\"}]},{\"@type\":\"WebSite\",\"@id\":\"https:\/\/sulsc.com\/#website\",\"url\":\"https:\/\/sulsc.com\/\",\"name\":\"\",\"description\":\"\",\"potentialAction\":[{\"@type\":\"SearchAction\",\"target\":{\"@type\":\"EntryPoint\",\"urlTemplate\":\"https:\/\/sulsc.com\/?s={search_term_string}\"},\"query-input\":\"required name=search_term_string\"}],\"inLanguage\":\"en-US\"},{\"@type\":\"Person\",\"@id\":\"https:\/\/sulsc.com\/#\/schema\/person\/84d2fc571684f6248ba83092f07750a3\",\"name\":\"Reda\u00e7\u00e3o Sul SC\",\"image\":{\"@type\":\"ImageObject\",\"inLanguage\":\"en-US\",\"@id\":\"https:\/\/sulsc.com\/#\/schema\/person\/image\/e08d7fe2cc4ed596372063bbe852b8d0\",\"url\":\"https:\/\/sulsc.com\/wp-content\/uploads\/2023\/09\/redacao.png\",\"contentUrl\":\"https:\/\/sulsc.com\/wp-content\/uploads\/2023\/09\/redacao.png\",\"caption\":\"Reda\u00e7\u00e3o Sul SC\"},\"description\":\"Foco em um jornalismo imparcial, voltado \u00e0 qualidade dos seus conte\u00fados e, assim, levar informa\u00e7\u00e3o de valor que agregue \u00e0 vida dos leitores. Esta \u00e9 grande miss\u00e3o do Portal de Not\u00edcias Sul SC. N\u00e3o \u00e9 quantidade que muda o mundo, sempre foi e seguir\u00e1 sendo qualidade!\",\"sameAs\":[\"https:\/\/sulsc.com\/\",\"https:\/\/www.facebook.com\/profile.php?id=61559278119680\",\"https:\/\/www.instagram.com\/sulscportal\/?hl=pt-br\",\"https:\/\/twitter.com\/https:\/\/twitter.com\/PortalSulSC\",\"https:\/\/www.youtube.com\/channel\/UCv_BE8GeySluDov2n8qhVmw\"],\"url\":\"https:\/\/sulsc.com\/index.php\/author\/redacao\/\"}]}<\/script>\n<!-- \/ Yoast SEO plugin. -->","yoast_head_json":{"title":"O sol continua predominando com temperaturas elevadas nesta quinta-feira(08) -","description":"A massa de ar quente presente sobre o estado se intensifica e a tarde ser\u00e1 marcada por calor em todas as regi\u00f5es","robots":{"index":"index","follow":"follow","max-snippet":"max-snippet:-1","max-image-preview":"max-image-preview:large","max-video-preview":"max-video-preview:-1"},"canonical":"https:\/\/sulsc.com\/index.php\/2025\/05\/08\/o-sol-continua-predominando-com-temperaturas-elevadas-nesta-quinta-feira08\/","og_locale":"en_US","og_type":"article","og_title":"O sol continua predominando com temperaturas elevadas nesta quinta-feira(08) -","og_description":"A massa de ar quente presente sobre o estado se intensifica e a tarde ser\u00e1 marcada por calor em todas as regi\u00f5es","og_url":"https:\/\/sulsc.com\/index.php\/2025\/05\/08\/o-sol-continua-predominando-com-temperaturas-elevadas-nesta-quinta-feira08\/","article_author":"https:\/\/www.facebook.com\/profile.php?id=61559278119680","article_published_time":"2025-05-08T10:09:13+00:00","og_image":[{"width":1080,"height":1318,"url":"http:\/\/sulsc.com\/wp-content\/uploads\/2025\/05\/1f108c15-8ccd-48a0-92aa-f3d0d612711f.jpg","type":"image\/jpeg"}],"author":"Reda\u00e7\u00e3o Sul SC","twitter_card":"summary_large_image","twitter_creator":"@https:\/\/twitter.com\/PortalSulSC","twitter_misc":{"Written by":"Reda\u00e7\u00e3o Sul SC","Est. reading time":"1 minute"},"schema":{"@context":"https:\/\/schema.org","@graph":[{"@type":"WebPage","@id":"https:\/\/sulsc.com\/index.php\/2025\/05\/08\/o-sol-continua-predominando-com-temperaturas-elevadas-nesta-quinta-feira08\/","url":"https:\/\/sulsc.com\/index.php\/2025\/05\/08\/o-sol-continua-predominando-com-temperaturas-elevadas-nesta-quinta-feira08\/","name":"O sol continua predominando com temperaturas elevadas nesta quinta-feira(08) -","isPartOf":{"@id":"https:\/\/sulsc.com\/#website"},"datePublished":"2025-05-08T10:09:13+00:00","dateModified":"2025-05-08T10:09:13+00:00","author":{"@id":"https:\/\/sulsc.com\/#\/schema\/person\/84d2fc571684f6248ba83092f07750a3"},"description":"A massa de ar quente presente sobre o estado se intensifica e a tarde ser\u00e1 marcada por calor em todas as regi\u00f5es","breadcrumb":{"@id":"https:\/\/sulsc.com\/index.php\/2025\/05\/08\/o-sol-continua-predominando-com-temperaturas-elevadas-nesta-quinta-feira08\/#breadcrumb"},"inLanguage":"en-US","potentialAction":[{"@type":"ReadAction","target":["https:\/\/sulsc.com\/index.php\/2025\/05\/08\/o-sol-continua-predominando-com-temperaturas-elevadas-nesta-quinta-feira08\/"]}]},{"@type":"BreadcrumbList","@id":"https:\/\/sulsc.com\/index.php\/2025\/05\/08\/o-sol-continua-predominando-com-temperaturas-elevadas-nesta-quinta-feira08\/#breadcrumb","itemListElement":[{"@type":"ListItem","position":1,"name":"In\u00edcio","item":"https:\/\/sulsc.com\/"},{"@type":"ListItem","position":2,"name":"O sol continua predominando com temperaturas elevadas nesta quinta-feira(08)"}]},{"@type":"WebSite","@id":"https:\/\/sulsc.com\/#website","url":"https:\/\/sulsc.com\/","name":"","description":"","potentialAction":[{"@type":"SearchAction","target":{"@type":"EntryPoint","urlTemplate":"https:\/\/sulsc.com\/?s={search_term_string}"},"query-input":"required name=search_term_string"}],"inLanguage":"en-US"},{"@type":"Person","@id":"https:\/\/sulsc.com\/#\/schema\/person\/84d2fc571684f6248ba83092f07750a3","name":"Reda\u00e7\u00e3o Sul SC","image":{"@type":"ImageObject","inLanguage":"en-US","@id":"https:\/\/sulsc.com\/#\/schema\/person\/image\/e08d7fe2cc4ed596372063bbe852b8d0","url":"https:\/\/sulsc.com\/wp-content\/uploads\/2023\/09\/redacao.png","contentUrl":"https:\/\/sulsc.com\/wp-content\/uploads\/2023\/09\/redacao.png","caption":"Reda\u00e7\u00e3o Sul SC"},"description":"Foco em um jornalismo imparcial, voltado \u00e0 qualidade dos seus conte\u00fados e, assim, levar informa\u00e7\u00e3o de valor que agregue \u00e0 vida dos leitores. Esta \u00e9 grande miss\u00e3o do Portal de Not\u00edcias Sul SC. N\u00e3o \u00e9 quantidade que muda o mundo, sempre foi e seguir\u00e1 sendo qualidade!","sameAs":["https:\/\/sulsc.com\/","https:\/\/www.facebook.com\/profile.php?id=61559278119680","https:\/\/www.instagram.com\/sulscportal\/?hl=pt-br","https:\/\/twitter.com\/https:\/\/twitter.com\/PortalSulSC","https:\/\/www.youtube.com\/channel\/UCv_BE8GeySluDov2n8qhVmw"],"url":"https:\/\/sulsc.com\/index.php\/author\/redacao\/"}]}},"authors":[],"_links":{"self":[{"href":"https:\/\/sulsc.com\/index.php\/wp-json\/wp\/v2\/posts\/23364"}],"collection":[{"href":"https:\/\/sulsc.com\/index.php\/wp-json\/wp\/v2\/posts"}],"about":[{"href":"https:\/\/sulsc.com\/index.php\/wp-json\/wp\/v2\/types\/post"}],"author":[{"embeddable":true,"href":"https:\/\/sulsc.com\/index.php\/wp-json\/wp\/v2\/users\/3"}],"replies":[{"embeddable":true,"href":"https:\/\/sulsc.com\/index.php\/wp-json\/wp\/v2\/comments?post=23364"}],"version-history":[{"count":1,"href":"https:\/\/sulsc.com\/index.php\/wp-json\/wp\/v2\/posts\/23364\/revisions"}],"predecessor-version":[{"id":23367,"href":"https:\/\/sulsc.com\/index.php\/wp-json\/wp\/v2\/posts\/23364\/revisions\/23367"}],"wp:featuredmedia":[{"embeddable":true,"href":"https:\/\/sulsc.com\/index.php\/wp-json\/wp\/v2\/media\/23366"}],"wp:attachment":[{"href":"https:\/\/sulsc.com\/index.php\/wp-json\/wp\/v2\/media?parent=23364"}],"wp:term":[{"taxonomy":"category","embeddable":true,"href":"https:\/\/sulsc.com\/index.php\/wp-json\/wp\/v2\/categories?post=23364"},{"taxonomy":"post_tag","embeddable":true,"href":"https:\/\/sulsc.com\/index.php\/wp-json\/wp\/v2\/tags?post=23364"}],"curies":[{"name":"wp","href":"https:\/\/api.w.org\/{rel}","templated":true}]}}