{"id":2339,"date":"2023-10-16T11:20:53","date_gmt":"2023-10-16T14:20:53","guid":{"rendered":"https:\/\/sulsc.com\/?p=2339"},"modified":"2023-10-16T11:05:25","modified_gmt":"2023-10-16T14:05:25","slug":"enem-garante-recursos-de-acessibilidade-para-candidatos","status":"publish","type":"post","link":"https:\/\/sulsc.com\/index.php\/2023\/10\/16\/enem-garante-recursos-de-acessibilidade-para-candidatos\/","title":{"rendered":"Enem garante recursos de acessibilidade para candidatos"},"content":{"rendered":"<p>O estudante \u00c1lvaro Ribeiro, de 21 anos, fez o Exame Nacional do Ensino M\u00e9dio utilizando o recurso de videoprova em Libras, a L\u00edngua Brasileira de Sinais, em 2018 e em 2019. A primeira vez foi s\u00f3 para conhecer a prova, e, na segunda, ele conseguiu a pontua\u00e7\u00e3o suficiente para ingressar no curso de Gest\u00e3o P\u00fablica do Instituto Federal de Bras\u00edlia (IFB), na capital federal.<\/p>\n<p>Apesar de entender bem a L\u00edngua Portuguesa, o aluno, que tem defici\u00eancia auditiva e paralisia cerebral, sente dificuldade para compreender algumas palavras e express\u00f5es. Para ele, a oportunidade de fazer a prova em Libras, que domina, foi fundamental para ingressar no ensino superior.\u00a0\u201cPara mim, \u00e9 complicado entender o portugu\u00eas escrito, n\u00e3o s\u00e3o todas as palavras que entendo. Se n\u00e3o tivesse a videoprova, iria me prejudicar, seria uma barreira para eu entender as quest\u00f5es\u201d, diz Ribeiro.<\/p>\n<p>A videoprova do Enem em Libras \u00e9 um recurso oferecido pelo Instituto Nacional de Estudos e Pesquisas Educacionais An\u00edsio Teixeira (Inep) desde 2017. Nela, as quest\u00f5es e as op\u00e7\u00f5es de respostas s\u00e3o apresentadas na L\u00edngua Brasileira de Sinais por meio de um v\u00eddeo. Os editais, as cartilhas e as campanhas de comunica\u00e7\u00e3o do Enem tamb\u00e9m s\u00e3o disponibilizados em Libras.<\/p>\n<p>O recurso \u00e9 importante porque muitos surdos e deficientes auditivos t\u00eam a Libras como primeira l\u00edngua e o portugu\u00eas como segunda, o que dificulta o entendimento da prova no formato tradicional. Em 2023, 641 candidatos ao Enem pediram a aplica\u00e7\u00e3o da videoprova em Libras e 718 candidatos pediram um tradutor-int\u00e9rprete em Libras. Segundo o Inep, cerca de 61,5 mil alunos da educa\u00e7\u00e3o b\u00e1sica t\u00eam alguma defici\u00eancia relacionada \u00e0 surdez no Brasil.<\/p>\n<figure id=\"attachment_1071\" aria-describedby=\"caption-attachment-1071\" style=\"width: 1024px\" class=\"wp-caption alignnone\"><img fetchpriority=\"high\" decoding=\"async\" class=\"size-large wp-image-1071\" src=\"http:\/\/sulsc.com\/wp-content\/uploads\/2023\/09\/enem-fies-mec-1024x613.jpg\" alt=\"\" width=\"1024\" height=\"613\" srcset=\"https:\/\/sulsc.com\/wp-content\/uploads\/2023\/09\/enem-fies-mec-1024x613.jpg 1024w, https:\/\/sulsc.com\/wp-content\/uploads\/2023\/09\/enem-fies-mec-300x179.jpg 300w, https:\/\/sulsc.com\/wp-content\/uploads\/2023\/09\/enem-fies-mec-768x459.jpg 768w, https:\/\/sulsc.com\/wp-content\/uploads\/2023\/09\/enem-fies-mec.jpg 1170w\" sizes=\"(max-width: 1024px) 100vw, 1024px\" \/><figcaption id=\"caption-attachment-1071\" class=\"wp-caption-text\">Participantes do Exame Nacional do Ensino M\u00e9dio (Enem) 2021 fazem, neste domingo (28), segundo dia de avalia\u00e7\u00e3o, provas de matem\u00e1tica e de ci\u00eancia da natureza.<\/figcaption><\/figure>\n<p>Al\u00e9m do recurso da Libras para os estudantes surdos, o Inep oferece outros tipos de atendimento e recursos de acessibilidade no Enem. Nesta edi\u00e7\u00e3o, o Inep aprovou 38.101 solicita\u00e7\u00f5es de atendimento especializado e 70.411 pedidos de recursos de acessibilidade.<\/p>\n<p>Entre os recursos mais pedidos pelos participantes est\u00e3o o aux\u00edlio para leitura, com 10.721 solicita\u00e7\u00f5es aprovadas, a corre\u00e7\u00e3o diferenciada, com 8.703, o aux\u00edlio para transcri\u00e7\u00e3o, com 7.507, e a sala de f\u00e1cil acesso, com 6.449 pedidos. Entre os atendimentos especializados, as solicita\u00e7\u00f5es de pessoas com d\u00e9ficit de aten\u00e7\u00e3o alcan\u00e7aram o maior n\u00famero, com 13.686 pedidos aprovados, seguido pelo n\u00famero de inscritos com baixa vis\u00e3o, que totalizaram 6.504.<\/p>\n<p>Outros recursos de acessibilidade oferecidos s\u00e3o aux\u00edlio para leitura e para transcri\u00e7\u00e3o, leitura labial, leitura t\u00e1til e cart\u00e3o-resposta ampliado.<\/p>\n<p>&nbsp;<\/p>\n<p>Fonte: Ag\u00eancia Brasil<\/p>\n","protected":false},"excerpt":{"rendered":"<p>O estudante \u00c1lvaro Ribeiro, de 21 anos, fez o Exame Nacional do Ensino M\u00e9dio utilizando o recurso de videoprova em Libras, a L\u00edngua Brasileira de Sinais, em 2018 e em 2019. A primeira vez foi s\u00f3 para conhecer a prova, e, na segunda, ele conseguiu a pontua\u00e7\u00e3o suficiente para ingressar no curso de Gest\u00e3o P\u00fablica &hellip;<\/p>\n<p class=\"read-more\"> <a class=\"\" href=\"https:\/\/sulsc.com\/index.php\/2023\/10\/16\/enem-garante-recursos-de-acessibilidade-para-candidatos\/\"> <span class=\"screen-reader-text\">Enem garante recursos de acessibilidade para candidatos<\/span> Read More &raquo;<\/a><\/p>\n","protected":false},"author":3,"featured_media":2340,"comment_status":"open","ping_status":"open","sticky":false,"template":"","format":"standard","meta":{"site-sidebar-layout":"default","site-content-layout":"","ast-site-content-layout":"default","site-content-style":"default","site-sidebar-style":"default","ast-global-header-display":"","ast-banner-title-visibility":"","ast-main-header-display":"","ast-hfb-above-header-display":"","ast-hfb-below-header-display":"","ast-hfb-mobile-header-display":"","site-post-title":"","ast-breadcrumbs-content":"","ast-featured-img":"","footer-sml-layout":"","theme-transparent-header-meta":"default","adv-header-id-meta":"","stick-header-meta":"","header-above-stick-meta":"","header-main-stick-meta":"","header-below-stick-meta":"","astra-migrate-meta-layouts":"set","footnotes":""},"categories":[1],"tags":[],"yoast_head":"<!-- This site is optimized with the Yoast SEO plugin v21.4 - https:\/\/yoast.com\/wordpress\/plugins\/seo\/ -->\n<title>Enem garante recursos de acessibilidade para candidatos -<\/title>\n<meta name=\"robots\" content=\"index, follow, max-snippet:-1, max-image-preview:large, max-video-preview:-1\" \/>\n<link rel=\"canonical\" href=\"https:\/\/sulsc.com\/index.php\/2023\/10\/16\/enem-garante-recursos-de-acessibilidade-para-candidatos\/\" \/>\n<meta property=\"og:locale\" content=\"en_US\" \/>\n<meta property=\"og:type\" content=\"article\" \/>\n<meta property=\"og:title\" content=\"Enem garante recursos de acessibilidade para candidatos -\" \/>\n<meta property=\"og:description\" content=\"O estudante \u00c1lvaro Ribeiro, de 21 anos, fez o Exame Nacional do Ensino M\u00e9dio utilizando o recurso de videoprova em Libras, a L\u00edngua Brasileira de Sinais, em 2018 e em 2019. A primeira vez foi s\u00f3 para conhecer a prova, e, na segunda, ele conseguiu a pontua\u00e7\u00e3o suficiente para ingressar no curso de Gest\u00e3o P\u00fablica &hellip; Enem garante recursos de acessibilidade para candidatos Read More &raquo;\" \/>\n<meta property=\"og:url\" content=\"https:\/\/sulsc.com\/index.php\/2023\/10\/16\/enem-garante-recursos-de-acessibilidade-para-candidatos\/\" \/>\n<meta property=\"article:author\" content=\"https:\/\/www.facebook.com\/profile.php?id=61559278119680\" \/>\n<meta property=\"article:published_time\" content=\"2023-10-16T14:20:53+00:00\" \/>\n<meta property=\"article:modified_time\" content=\"2023-10-16T14:05:25+00:00\" \/>\n<meta property=\"og:image\" content=\"https:\/\/sulsc.com\/wp-content\/uploads\/2023\/10\/banner_quadrado_enem_2023.png\" \/>\n\t<meta property=\"og:image:width\" content=\"1170\" \/>\n\t<meta property=\"og:image:height\" content=\"700\" \/>\n\t<meta property=\"og:image:type\" content=\"image\/png\" \/>\n<meta name=\"author\" content=\"Reda\u00e7\u00e3o Sul SC\" \/>\n<meta name=\"twitter:card\" content=\"summary_large_image\" \/>\n<meta name=\"twitter:creator\" content=\"@https:\/\/twitter.com\/PortalSulSC\" \/>\n<meta name=\"twitter:label1\" content=\"Written by\" \/>\n\t<meta name=\"twitter:data1\" content=\"Reda\u00e7\u00e3o Sul SC\" \/>\n\t<meta name=\"twitter:label2\" content=\"Est. reading time\" \/>\n\t<meta name=\"twitter:data2\" content=\"2 minutes\" \/>\n<script type=\"application\/ld+json\" class=\"yoast-schema-graph\">{\"@context\":\"https:\/\/schema.org\",\"@graph\":[{\"@type\":\"WebPage\",\"@id\":\"https:\/\/sulsc.com\/index.php\/2023\/10\/16\/enem-garante-recursos-de-acessibilidade-para-candidatos\/\",\"url\":\"https:\/\/sulsc.com\/index.php\/2023\/10\/16\/enem-garante-recursos-de-acessibilidade-para-candidatos\/\",\"name\":\"Enem garante recursos de acessibilidade para candidatos -\",\"isPartOf\":{\"@id\":\"https:\/\/sulsc.com\/#website\"},\"datePublished\":\"2023-10-16T14:20:53+00:00\",\"dateModified\":\"2023-10-16T14:05:25+00:00\",\"author\":{\"@id\":\"https:\/\/sulsc.com\/#\/schema\/person\/84d2fc571684f6248ba83092f07750a3\"},\"breadcrumb\":{\"@id\":\"https:\/\/sulsc.com\/index.php\/2023\/10\/16\/enem-garante-recursos-de-acessibilidade-para-candidatos\/#breadcrumb\"},\"inLanguage\":\"en-US\",\"potentialAction\":[{\"@type\":\"ReadAction\",\"target\":[\"https:\/\/sulsc.com\/index.php\/2023\/10\/16\/enem-garante-recursos-de-acessibilidade-para-candidatos\/\"]}]},{\"@type\":\"BreadcrumbList\",\"@id\":\"https:\/\/sulsc.com\/index.php\/2023\/10\/16\/enem-garante-recursos-de-acessibilidade-para-candidatos\/#breadcrumb\",\"itemListElement\":[{\"@type\":\"ListItem\",\"position\":1,\"name\":\"In\u00edcio\",\"item\":\"https:\/\/sulsc.com\/\"},{\"@type\":\"ListItem\",\"position\":2,\"name\":\"Enem garante recursos de acessibilidade para candidatos\"}]},{\"@type\":\"WebSite\",\"@id\":\"https:\/\/sulsc.com\/#website\",\"url\":\"https:\/\/sulsc.com\/\",\"name\":\"\",\"description\":\"\",\"potentialAction\":[{\"@type\":\"SearchAction\",\"target\":{\"@type\":\"EntryPoint\",\"urlTemplate\":\"https:\/\/sulsc.com\/?s={search_term_string}\"},\"query-input\":\"required name=search_term_string\"}],\"inLanguage\":\"en-US\"},{\"@type\":\"Person\",\"@id\":\"https:\/\/sulsc.com\/#\/schema\/person\/84d2fc571684f6248ba83092f07750a3\",\"name\":\"Reda\u00e7\u00e3o Sul SC\",\"image\":{\"@type\":\"ImageObject\",\"inLanguage\":\"en-US\",\"@id\":\"https:\/\/sulsc.com\/#\/schema\/person\/image\/e08d7fe2cc4ed596372063bbe852b8d0\",\"url\":\"https:\/\/sulsc.com\/wp-content\/uploads\/2023\/09\/redacao.png\",\"contentUrl\":\"https:\/\/sulsc.com\/wp-content\/uploads\/2023\/09\/redacao.png\",\"caption\":\"Reda\u00e7\u00e3o Sul SC\"},\"description\":\"Foco em um jornalismo imparcial, voltado \u00e0 qualidade dos seus conte\u00fados e, assim, levar informa\u00e7\u00e3o de valor que agregue \u00e0 vida dos leitores. Esta \u00e9 grande miss\u00e3o do Portal de Not\u00edcias Sul SC. N\u00e3o \u00e9 quantidade que muda o mundo, sempre foi e seguir\u00e1 sendo qualidade!\",\"sameAs\":[\"https:\/\/sulsc.com\/\",\"https:\/\/www.facebook.com\/profile.php?id=61559278119680\",\"https:\/\/www.instagram.com\/sulscportal\/?hl=pt-br\",\"https:\/\/twitter.com\/https:\/\/twitter.com\/PortalSulSC\",\"https:\/\/www.youtube.com\/channel\/UCv_BE8GeySluDov2n8qhVmw\"],\"url\":\"https:\/\/sulsc.com\/index.php\/author\/redacao\/\"}]}<\/script>\n<!-- \/ Yoast SEO plugin. -->","yoast_head_json":{"title":"Enem garante recursos de acessibilidade para candidatos -","robots":{"index":"index","follow":"follow","max-snippet":"max-snippet:-1","max-image-preview":"max-image-preview:large","max-video-preview":"max-video-preview:-1"},"canonical":"https:\/\/sulsc.com\/index.php\/2023\/10\/16\/enem-garante-recursos-de-acessibilidade-para-candidatos\/","og_locale":"en_US","og_type":"article","og_title":"Enem garante recursos de acessibilidade para candidatos -","og_description":"O estudante \u00c1lvaro Ribeiro, de 21 anos, fez o Exame Nacional do Ensino M\u00e9dio utilizando o recurso de videoprova em Libras, a L\u00edngua Brasileira de Sinais, em 2018 e em 2019. A primeira vez foi s\u00f3 para conhecer a prova, e, na segunda, ele conseguiu a pontua\u00e7\u00e3o suficiente para ingressar no curso de Gest\u00e3o P\u00fablica &hellip; Enem garante recursos de acessibilidade para candidatos Read More &raquo;","og_url":"https:\/\/sulsc.com\/index.php\/2023\/10\/16\/enem-garante-recursos-de-acessibilidade-para-candidatos\/","article_author":"https:\/\/www.facebook.com\/profile.php?id=61559278119680","article_published_time":"2023-10-16T14:20:53+00:00","article_modified_time":"2023-10-16T14:05:25+00:00","og_image":[{"width":1170,"height":700,"url":"https:\/\/sulsc.com\/wp-content\/uploads\/2023\/10\/banner_quadrado_enem_2023.png","type":"image\/png"}],"author":"Reda\u00e7\u00e3o Sul SC","twitter_card":"summary_large_image","twitter_creator":"@https:\/\/twitter.com\/PortalSulSC","twitter_misc":{"Written by":"Reda\u00e7\u00e3o Sul SC","Est. reading time":"2 minutes"},"schema":{"@context":"https:\/\/schema.org","@graph":[{"@type":"WebPage","@id":"https:\/\/sulsc.com\/index.php\/2023\/10\/16\/enem-garante-recursos-de-acessibilidade-para-candidatos\/","url":"https:\/\/sulsc.com\/index.php\/2023\/10\/16\/enem-garante-recursos-de-acessibilidade-para-candidatos\/","name":"Enem garante recursos de acessibilidade para candidatos -","isPartOf":{"@id":"https:\/\/sulsc.com\/#website"},"datePublished":"2023-10-16T14:20:53+00:00","dateModified":"2023-10-16T14:05:25+00:00","author":{"@id":"https:\/\/sulsc.com\/#\/schema\/person\/84d2fc571684f6248ba83092f07750a3"},"breadcrumb":{"@id":"https:\/\/sulsc.com\/index.php\/2023\/10\/16\/enem-garante-recursos-de-acessibilidade-para-candidatos\/#breadcrumb"},"inLanguage":"en-US","potentialAction":[{"@type":"ReadAction","target":["https:\/\/sulsc.com\/index.php\/2023\/10\/16\/enem-garante-recursos-de-acessibilidade-para-candidatos\/"]}]},{"@type":"BreadcrumbList","@id":"https:\/\/sulsc.com\/index.php\/2023\/10\/16\/enem-garante-recursos-de-acessibilidade-para-candidatos\/#breadcrumb","itemListElement":[{"@type":"ListItem","position":1,"name":"In\u00edcio","item":"https:\/\/sulsc.com\/"},{"@type":"ListItem","position":2,"name":"Enem garante recursos de acessibilidade para candidatos"}]},{"@type":"WebSite","@id":"https:\/\/sulsc.com\/#website","url":"https:\/\/sulsc.com\/","name":"","description":"","potentialAction":[{"@type":"SearchAction","target":{"@type":"EntryPoint","urlTemplate":"https:\/\/sulsc.com\/?s={search_term_string}"},"query-input":"required name=search_term_string"}],"inLanguage":"en-US"},{"@type":"Person","@id":"https:\/\/sulsc.com\/#\/schema\/person\/84d2fc571684f6248ba83092f07750a3","name":"Reda\u00e7\u00e3o Sul SC","image":{"@type":"ImageObject","inLanguage":"en-US","@id":"https:\/\/sulsc.com\/#\/schema\/person\/image\/e08d7fe2cc4ed596372063bbe852b8d0","url":"https:\/\/sulsc.com\/wp-content\/uploads\/2023\/09\/redacao.png","contentUrl":"https:\/\/sulsc.com\/wp-content\/uploads\/2023\/09\/redacao.png","caption":"Reda\u00e7\u00e3o Sul SC"},"description":"Foco em um jornalismo imparcial, voltado \u00e0 qualidade dos seus conte\u00fados e, assim, levar informa\u00e7\u00e3o de valor que agregue \u00e0 vida dos leitores. Esta \u00e9 grande miss\u00e3o do Portal de Not\u00edcias Sul SC. N\u00e3o \u00e9 quantidade que muda o mundo, sempre foi e seguir\u00e1 sendo qualidade!","sameAs":["https:\/\/sulsc.com\/","https:\/\/www.facebook.com\/profile.php?id=61559278119680","https:\/\/www.instagram.com\/sulscportal\/?hl=pt-br","https:\/\/twitter.com\/https:\/\/twitter.com\/PortalSulSC","https:\/\/www.youtube.com\/channel\/UCv_BE8GeySluDov2n8qhVmw"],"url":"https:\/\/sulsc.com\/index.php\/author\/redacao\/"}]}},"authors":[],"_links":{"self":[{"href":"https:\/\/sulsc.com\/index.php\/wp-json\/wp\/v2\/posts\/2339"}],"collection":[{"href":"https:\/\/sulsc.com\/index.php\/wp-json\/wp\/v2\/posts"}],"about":[{"href":"https:\/\/sulsc.com\/index.php\/wp-json\/wp\/v2\/types\/post"}],"author":[{"embeddable":true,"href":"https:\/\/sulsc.com\/index.php\/wp-json\/wp\/v2\/users\/3"}],"replies":[{"embeddable":true,"href":"https:\/\/sulsc.com\/index.php\/wp-json\/wp\/v2\/comments?post=2339"}],"version-history":[{"count":1,"href":"https:\/\/sulsc.com\/index.php\/wp-json\/wp\/v2\/posts\/2339\/revisions"}],"predecessor-version":[{"id":2341,"href":"https:\/\/sulsc.com\/index.php\/wp-json\/wp\/v2\/posts\/2339\/revisions\/2341"}],"wp:featuredmedia":[{"embeddable":true,"href":"https:\/\/sulsc.com\/index.php\/wp-json\/wp\/v2\/media\/2340"}],"wp:attachment":[{"href":"https:\/\/sulsc.com\/index.php\/wp-json\/wp\/v2\/media?parent=2339"}],"wp:term":[{"taxonomy":"category","embeddable":true,"href":"https:\/\/sulsc.com\/index.php\/wp-json\/wp\/v2\/categories?post=2339"},{"taxonomy":"post_tag","embeddable":true,"href":"https:\/\/sulsc.com\/index.php\/wp-json\/wp\/v2\/tags?post=2339"}],"curies":[{"name":"wp","href":"https:\/\/api.w.org\/{rel}","templated":true}]}}