{"id":23452,"date":"2025-05-10T08:26:23","date_gmt":"2025-05-10T11:26:23","guid":{"rendered":"https:\/\/sulsc.com\/?p=23452"},"modified":"2025-05-10T08:26:23","modified_gmt":"2025-05-10T11:26:23","slug":"sol-entre-nuvens-neste-sabado-10-com-maximas-nao-passando-dos-25oc","status":"publish","type":"post","link":"https:\/\/sulsc.com\/index.php\/2025\/05\/10\/sol-entre-nuvens-neste-sabado-10-com-maximas-nao-passando-dos-25oc\/","title":{"rendered":"Sol entre nuvens neste s\u00e1bado (10) com m\u00e1ximas n\u00e3o passando dos 25\u00baC"},"content":{"rendered":"<p>O s\u00e1bado (10) ainda come\u00e7a com mais nuvens no Litoral e \u00e1reas pr\u00f3ximas, por influ\u00eancia de uma frente fria, que se afasta para o Sudeste do Brasil dando passagem a uma massa de ar seco e frio de origem polar, deixando o tempo est\u00e1vel com presen\u00e7a de sol em todas as regi\u00f5es catarinenses.<\/p>\n<p>Vento predominante de sul, com rajadas entre 50 e 70 km\/h, o mar fica agitado com ondas de sul entre 2,0 e 2,5m. O risco \u00e9 moderado para ocorr\u00eancias associadas a agita\u00e7\u00e3o mar\u00edtima.<\/p>\n<p><img fetchpriority=\"high\" decoding=\"async\" class=\"aligncenter  wp-image-23453\" src=\"http:\/\/sulsc.com\/wp-content\/uploads\/2025\/05\/a-5.png\" alt=\"\" width=\"600\" height=\"407\" srcset=\"https:\/\/sulsc.com\/wp-content\/uploads\/2025\/05\/a-5.png 1024w, https:\/\/sulsc.com\/wp-content\/uploads\/2025\/05\/a-5-300x204.png 300w, https:\/\/sulsc.com\/wp-content\/uploads\/2025\/05\/a-5-768x522.png 768w\" sizes=\"(max-width: 600px) 100vw, 600px\" \/><\/p>\n<p><img decoding=\"async\" class=\"aligncenter  wp-image-22836\" src=\"http:\/\/sulsc.com\/wp-content\/uploads\/2025\/04\/Tempo-2.png\" alt=\"\" width=\"533\" height=\"98\" srcset=\"https:\/\/sulsc.com\/wp-content\/uploads\/2025\/04\/Tempo-2.png 1024w, https:\/\/sulsc.com\/wp-content\/uploads\/2025\/04\/Tempo-2-300x55.png 300w, https:\/\/sulsc.com\/wp-content\/uploads\/2025\/04\/Tempo-2-768x142.png 768w\" sizes=\"(max-width: 533px) 100vw, 533px\" \/><\/p>\n<p><strong>Temperaturas<\/strong><\/p>\n<p>As menores temperaturas do dia, ou seja, as m\u00ednimas, ser\u00e3o registradas \u00e0 noite variando entre 5\u00b0C e 7\u00b0C entre o Meio-Oeste e os planaltos e de 10\u00b0C a 15\u00b0C nas demais regi\u00f5es. Antes disso, as m\u00e1ximas \u00e0 tarde variam entre 22 e 24\u00b0C na maioria das regi\u00f5es, com exce\u00e7\u00e3o da Serra onde ficam abaixo de 20\u00b0C e no Litoral Norte onde oscilam em torno de 25\u00b0C. J\u00e1 amanh\u00e3 domingo (11), Dia das M\u00e3es, o\u00a0 dia ser\u00e1 de tempo firme e ensolarado em todo o estado, por conta da\u00a0 influ\u00eancia da massa de ar seco e frio.<\/p>\n<p>Fonte\/Defesa Civil SC<\/p>\n","protected":false},"excerpt":{"rendered":"<p>O s\u00e1bado (10) ainda come\u00e7a com mais nuvens no Litoral e \u00e1reas pr\u00f3ximas, por influ\u00eancia de uma frente fria, que se afasta para o Sudeste do Brasil dando passagem a uma massa de ar seco e frio de origem polar, deixando o tempo est\u00e1vel com presen\u00e7a de sol em todas as regi\u00f5es catarinenses. Vento predominante &hellip;<\/p>\n<p class=\"read-more\"> <a class=\"\" href=\"https:\/\/sulsc.com\/index.php\/2025\/05\/10\/sol-entre-nuvens-neste-sabado-10-com-maximas-nao-passando-dos-25oc\/\"> <span class=\"screen-reader-text\">Sol entre nuvens neste s\u00e1bado (10) com m\u00e1ximas n\u00e3o passando dos 25\u00baC<\/span> Read More &raquo;<\/a><\/p>\n","protected":false},"author":3,"featured_media":12650,"comment_status":"open","ping_status":"open","sticky":false,"template":"","format":"standard","meta":{"site-sidebar-layout":"default","site-content-layout":"","ast-site-content-layout":"default","site-content-style":"default","site-sidebar-style":"default","ast-global-header-display":"","ast-banner-title-visibility":"","ast-main-header-display":"","ast-hfb-above-header-display":"","ast-hfb-below-header-display":"","ast-hfb-mobile-header-display":"","site-post-title":"","ast-breadcrumbs-content":"","ast-featured-img":"","footer-sml-layout":"","theme-transparent-header-meta":"default","adv-header-id-meta":"","stick-header-meta":"","header-above-stick-meta":"","header-main-stick-meta":"","header-below-stick-meta":"","astra-migrate-meta-layouts":"set","footnotes":""},"categories":[38],"tags":[90],"yoast_head":"<!-- This site is optimized with the Yoast SEO plugin v21.4 - https:\/\/yoast.com\/wordpress\/plugins\/seo\/ -->\n<title>Sol entre nuvens neste s\u00e1bado (10) com m\u00e1ximas n\u00e3o passando dos 25\u00baC -<\/title>\n<meta name=\"description\" content=\"Vento sul predominando com rajadas entre 50 e 70 km\/h o mar fica agitado com ondas de sul entre 2,0 e 2,5m\" \/>\n<meta name=\"robots\" content=\"index, follow, max-snippet:-1, max-image-preview:large, max-video-preview:-1\" \/>\n<link rel=\"canonical\" href=\"https:\/\/sulsc.com\/index.php\/2025\/05\/10\/sol-entre-nuvens-neste-sabado-10-com-maximas-nao-passando-dos-25oc\/\" \/>\n<meta property=\"og:locale\" content=\"en_US\" \/>\n<meta property=\"og:type\" content=\"article\" \/>\n<meta property=\"og:title\" content=\"Sol entre nuvens neste s\u00e1bado (10) com m\u00e1ximas n\u00e3o passando dos 25\u00baC -\" \/>\n<meta property=\"og:description\" content=\"Vento sul predominando com rajadas entre 50 e 70 km\/h o mar fica agitado com ondas de sul entre 2,0 e 2,5m\" \/>\n<meta property=\"og:url\" content=\"https:\/\/sulsc.com\/index.php\/2025\/05\/10\/sol-entre-nuvens-neste-sabado-10-com-maximas-nao-passando-dos-25oc\/\" \/>\n<meta property=\"article:author\" content=\"https:\/\/www.facebook.com\/profile.php?id=61559278119680\" \/>\n<meta property=\"article:published_time\" content=\"2025-05-10T11:26:23+00:00\" \/>\n<meta property=\"og:image\" content=\"http:\/\/sulsc.com\/wp-content\/uploads\/2024\/05\/tempo.jpeg\" \/>\n\t<meta property=\"og:image:width\" content=\"1076\" \/>\n\t<meta property=\"og:image:height\" content=\"1058\" \/>\n\t<meta property=\"og:image:type\" content=\"image\/jpeg\" \/>\n<meta name=\"author\" content=\"Reda\u00e7\u00e3o Sul SC\" \/>\n<meta name=\"twitter:card\" content=\"summary_large_image\" \/>\n<meta name=\"twitter:creator\" content=\"@https:\/\/twitter.com\/PortalSulSC\" \/>\n<meta name=\"twitter:label1\" content=\"Written by\" \/>\n\t<meta name=\"twitter:data1\" content=\"Reda\u00e7\u00e3o Sul SC\" \/>\n\t<meta name=\"twitter:label2\" content=\"Est. reading time\" \/>\n\t<meta name=\"twitter:data2\" content=\"2 minutes\" \/>\n<script type=\"application\/ld+json\" class=\"yoast-schema-graph\">{\"@context\":\"https:\/\/schema.org\",\"@graph\":[{\"@type\":\"WebPage\",\"@id\":\"https:\/\/sulsc.com\/index.php\/2025\/05\/10\/sol-entre-nuvens-neste-sabado-10-com-maximas-nao-passando-dos-25oc\/\",\"url\":\"https:\/\/sulsc.com\/index.php\/2025\/05\/10\/sol-entre-nuvens-neste-sabado-10-com-maximas-nao-passando-dos-25oc\/\",\"name\":\"Sol entre nuvens neste s\u00e1bado (10) com m\u00e1ximas n\u00e3o passando dos 25\u00baC -\",\"isPartOf\":{\"@id\":\"https:\/\/sulsc.com\/#website\"},\"datePublished\":\"2025-05-10T11:26:23+00:00\",\"dateModified\":\"2025-05-10T11:26:23+00:00\",\"author\":{\"@id\":\"https:\/\/sulsc.com\/#\/schema\/person\/84d2fc571684f6248ba83092f07750a3\"},\"description\":\"Vento sul predominando com rajadas entre 50 e 70 km\/h o mar fica agitado com ondas de sul entre 2,0 e 2,5m\",\"breadcrumb\":{\"@id\":\"https:\/\/sulsc.com\/index.php\/2025\/05\/10\/sol-entre-nuvens-neste-sabado-10-com-maximas-nao-passando-dos-25oc\/#breadcrumb\"},\"inLanguage\":\"en-US\",\"potentialAction\":[{\"@type\":\"ReadAction\",\"target\":[\"https:\/\/sulsc.com\/index.php\/2025\/05\/10\/sol-entre-nuvens-neste-sabado-10-com-maximas-nao-passando-dos-25oc\/\"]}]},{\"@type\":\"BreadcrumbList\",\"@id\":\"https:\/\/sulsc.com\/index.php\/2025\/05\/10\/sol-entre-nuvens-neste-sabado-10-com-maximas-nao-passando-dos-25oc\/#breadcrumb\",\"itemListElement\":[{\"@type\":\"ListItem\",\"position\":1,\"name\":\"In\u00edcio\",\"item\":\"https:\/\/sulsc.com\/\"},{\"@type\":\"ListItem\",\"position\":2,\"name\":\"Sol entre nuvens neste s\u00e1bado (10) com m\u00e1ximas n\u00e3o passando dos 25\u00baC\"}]},{\"@type\":\"WebSite\",\"@id\":\"https:\/\/sulsc.com\/#website\",\"url\":\"https:\/\/sulsc.com\/\",\"name\":\"\",\"description\":\"\",\"potentialAction\":[{\"@type\":\"SearchAction\",\"target\":{\"@type\":\"EntryPoint\",\"urlTemplate\":\"https:\/\/sulsc.com\/?s={search_term_string}\"},\"query-input\":\"required name=search_term_string\"}],\"inLanguage\":\"en-US\"},{\"@type\":\"Person\",\"@id\":\"https:\/\/sulsc.com\/#\/schema\/person\/84d2fc571684f6248ba83092f07750a3\",\"name\":\"Reda\u00e7\u00e3o Sul SC\",\"image\":{\"@type\":\"ImageObject\",\"inLanguage\":\"en-US\",\"@id\":\"https:\/\/sulsc.com\/#\/schema\/person\/image\/e08d7fe2cc4ed596372063bbe852b8d0\",\"url\":\"https:\/\/sulsc.com\/wp-content\/uploads\/2023\/09\/redacao.png\",\"contentUrl\":\"https:\/\/sulsc.com\/wp-content\/uploads\/2023\/09\/redacao.png\",\"caption\":\"Reda\u00e7\u00e3o Sul SC\"},\"description\":\"Foco em um jornalismo imparcial, voltado \u00e0 qualidade dos seus conte\u00fados e, assim, levar informa\u00e7\u00e3o de valor que agregue \u00e0 vida dos leitores. Esta \u00e9 grande miss\u00e3o do Portal de Not\u00edcias Sul SC. N\u00e3o \u00e9 quantidade que muda o mundo, sempre foi e seguir\u00e1 sendo qualidade!\",\"sameAs\":[\"https:\/\/sulsc.com\/\",\"https:\/\/www.facebook.com\/profile.php?id=61559278119680\",\"https:\/\/www.instagram.com\/sulscportal\/?hl=pt-br\",\"https:\/\/twitter.com\/https:\/\/twitter.com\/PortalSulSC\",\"https:\/\/www.youtube.com\/channel\/UCv_BE8GeySluDov2n8qhVmw\"],\"url\":\"https:\/\/sulsc.com\/index.php\/author\/redacao\/\"}]}<\/script>\n<!-- \/ Yoast SEO plugin. -->","yoast_head_json":{"title":"Sol entre nuvens neste s\u00e1bado (10) com m\u00e1ximas n\u00e3o passando dos 25\u00baC -","description":"Vento sul predominando com rajadas entre 50 e 70 km\/h o mar fica agitado com ondas de sul entre 2,0 e 2,5m","robots":{"index":"index","follow":"follow","max-snippet":"max-snippet:-1","max-image-preview":"max-image-preview:large","max-video-preview":"max-video-preview:-1"},"canonical":"https:\/\/sulsc.com\/index.php\/2025\/05\/10\/sol-entre-nuvens-neste-sabado-10-com-maximas-nao-passando-dos-25oc\/","og_locale":"en_US","og_type":"article","og_title":"Sol entre nuvens neste s\u00e1bado (10) com m\u00e1ximas n\u00e3o passando dos 25\u00baC -","og_description":"Vento sul predominando com rajadas entre 50 e 70 km\/h o mar fica agitado com ondas de sul entre 2,0 e 2,5m","og_url":"https:\/\/sulsc.com\/index.php\/2025\/05\/10\/sol-entre-nuvens-neste-sabado-10-com-maximas-nao-passando-dos-25oc\/","article_author":"https:\/\/www.facebook.com\/profile.php?id=61559278119680","article_published_time":"2025-05-10T11:26:23+00:00","og_image":[{"width":1076,"height":1058,"url":"http:\/\/sulsc.com\/wp-content\/uploads\/2024\/05\/tempo.jpeg","type":"image\/jpeg"}],"author":"Reda\u00e7\u00e3o Sul SC","twitter_card":"summary_large_image","twitter_creator":"@https:\/\/twitter.com\/PortalSulSC","twitter_misc":{"Written by":"Reda\u00e7\u00e3o Sul SC","Est. reading time":"2 minutes"},"schema":{"@context":"https:\/\/schema.org","@graph":[{"@type":"WebPage","@id":"https:\/\/sulsc.com\/index.php\/2025\/05\/10\/sol-entre-nuvens-neste-sabado-10-com-maximas-nao-passando-dos-25oc\/","url":"https:\/\/sulsc.com\/index.php\/2025\/05\/10\/sol-entre-nuvens-neste-sabado-10-com-maximas-nao-passando-dos-25oc\/","name":"Sol entre nuvens neste s\u00e1bado (10) com m\u00e1ximas n\u00e3o passando dos 25\u00baC -","isPartOf":{"@id":"https:\/\/sulsc.com\/#website"},"datePublished":"2025-05-10T11:26:23+00:00","dateModified":"2025-05-10T11:26:23+00:00","author":{"@id":"https:\/\/sulsc.com\/#\/schema\/person\/84d2fc571684f6248ba83092f07750a3"},"description":"Vento sul predominando com rajadas entre 50 e 70 km\/h o mar fica agitado com ondas de sul entre 2,0 e 2,5m","breadcrumb":{"@id":"https:\/\/sulsc.com\/index.php\/2025\/05\/10\/sol-entre-nuvens-neste-sabado-10-com-maximas-nao-passando-dos-25oc\/#breadcrumb"},"inLanguage":"en-US","potentialAction":[{"@type":"ReadAction","target":["https:\/\/sulsc.com\/index.php\/2025\/05\/10\/sol-entre-nuvens-neste-sabado-10-com-maximas-nao-passando-dos-25oc\/"]}]},{"@type":"BreadcrumbList","@id":"https:\/\/sulsc.com\/index.php\/2025\/05\/10\/sol-entre-nuvens-neste-sabado-10-com-maximas-nao-passando-dos-25oc\/#breadcrumb","itemListElement":[{"@type":"ListItem","position":1,"name":"In\u00edcio","item":"https:\/\/sulsc.com\/"},{"@type":"ListItem","position":2,"name":"Sol entre nuvens neste s\u00e1bado (10) com m\u00e1ximas n\u00e3o passando dos 25\u00baC"}]},{"@type":"WebSite","@id":"https:\/\/sulsc.com\/#website","url":"https:\/\/sulsc.com\/","name":"","description":"","potentialAction":[{"@type":"SearchAction","target":{"@type":"EntryPoint","urlTemplate":"https:\/\/sulsc.com\/?s={search_term_string}"},"query-input":"required name=search_term_string"}],"inLanguage":"en-US"},{"@type":"Person","@id":"https:\/\/sulsc.com\/#\/schema\/person\/84d2fc571684f6248ba83092f07750a3","name":"Reda\u00e7\u00e3o Sul SC","image":{"@type":"ImageObject","inLanguage":"en-US","@id":"https:\/\/sulsc.com\/#\/schema\/person\/image\/e08d7fe2cc4ed596372063bbe852b8d0","url":"https:\/\/sulsc.com\/wp-content\/uploads\/2023\/09\/redacao.png","contentUrl":"https:\/\/sulsc.com\/wp-content\/uploads\/2023\/09\/redacao.png","caption":"Reda\u00e7\u00e3o Sul SC"},"description":"Foco em um jornalismo imparcial, voltado \u00e0 qualidade dos seus conte\u00fados e, assim, levar informa\u00e7\u00e3o de valor que agregue \u00e0 vida dos leitores. Esta \u00e9 grande miss\u00e3o do Portal de Not\u00edcias Sul SC. N\u00e3o \u00e9 quantidade que muda o mundo, sempre foi e seguir\u00e1 sendo qualidade!","sameAs":["https:\/\/sulsc.com\/","https:\/\/www.facebook.com\/profile.php?id=61559278119680","https:\/\/www.instagram.com\/sulscportal\/?hl=pt-br","https:\/\/twitter.com\/https:\/\/twitter.com\/PortalSulSC","https:\/\/www.youtube.com\/channel\/UCv_BE8GeySluDov2n8qhVmw"],"url":"https:\/\/sulsc.com\/index.php\/author\/redacao\/"}]}},"authors":[],"_links":{"self":[{"href":"https:\/\/sulsc.com\/index.php\/wp-json\/wp\/v2\/posts\/23452"}],"collection":[{"href":"https:\/\/sulsc.com\/index.php\/wp-json\/wp\/v2\/posts"}],"about":[{"href":"https:\/\/sulsc.com\/index.php\/wp-json\/wp\/v2\/types\/post"}],"author":[{"embeddable":true,"href":"https:\/\/sulsc.com\/index.php\/wp-json\/wp\/v2\/users\/3"}],"replies":[{"embeddable":true,"href":"https:\/\/sulsc.com\/index.php\/wp-json\/wp\/v2\/comments?post=23452"}],"version-history":[{"count":1,"href":"https:\/\/sulsc.com\/index.php\/wp-json\/wp\/v2\/posts\/23452\/revisions"}],"predecessor-version":[{"id":23454,"href":"https:\/\/sulsc.com\/index.php\/wp-json\/wp\/v2\/posts\/23452\/revisions\/23454"}],"wp:featuredmedia":[{"embeddable":true,"href":"https:\/\/sulsc.com\/index.php\/wp-json\/wp\/v2\/media\/12650"}],"wp:attachment":[{"href":"https:\/\/sulsc.com\/index.php\/wp-json\/wp\/v2\/media?parent=23452"}],"wp:term":[{"taxonomy":"category","embeddable":true,"href":"https:\/\/sulsc.com\/index.php\/wp-json\/wp\/v2\/categories?post=23452"},{"taxonomy":"post_tag","embeddable":true,"href":"https:\/\/sulsc.com\/index.php\/wp-json\/wp\/v2\/tags?post=23452"}],"curies":[{"name":"wp","href":"https:\/\/api.w.org\/{rel}","templated":true}]}}