{"id":23493,"date":"2025-05-11T08:48:36","date_gmt":"2025-05-11T11:48:36","guid":{"rendered":"https:\/\/sulsc.com\/?p=23493"},"modified":"2025-05-11T09:04:36","modified_gmt":"2025-05-11T12:04:36","slug":"domingo-11-de-tempo-firme-e-ensolarado-em-todo-estado","status":"publish","type":"post","link":"https:\/\/sulsc.com\/index.php\/2025\/05\/11\/domingo-11-de-tempo-firme-e-ensolarado-em-todo-estado\/","title":{"rendered":"Domingo (11) de tempo firme e ensolarado em todo estado"},"content":{"rendered":"<p><span style=\"vertical-align: inherit;\"><span style=\"vertical-align: inherit;\">No domingo (11), Dia das M\u00e3es, nesse dia t\u00e3o especial o tempo ser\u00e1 firme e \u00famido em toda Santa Catarina. O amanhecer \u00e9 de temperaturas baixas e sensa\u00e7\u00e3o de frio, com m\u00ednimas entre 7 e 10\u00b0C entre o Meio Oeste e os Planaltos e em torno de 0 a 5\u00b0C na Serra Catarinense. Na faixa litor\u00e2nea as m\u00ednimas ficam entre 10 e 15\u00b0C.<\/span><\/span><\/p>\n<p><img fetchpriority=\"high\" decoding=\"async\" class=\"aligncenter wp-image-23494\" src=\"http:\/\/sulsc.com\/wp-content\/uploads\/2025\/05\/a-6.png\" alt=\"\" width=\"600\" height=\"400\" srcset=\"https:\/\/sulsc.com\/wp-content\/uploads\/2025\/05\/a-6.png 1111w, https:\/\/sulsc.com\/wp-content\/uploads\/2025\/05\/a-6-300x200.png 300w, https:\/\/sulsc.com\/wp-content\/uploads\/2025\/05\/a-6-1024x683.png 1024w, https:\/\/sulsc.com\/wp-content\/uploads\/2025\/05\/a-6-768x512.png 768w\" sizes=\"(max-width: 600px) 100vw, 600px\" \/><\/p>\n<p><img decoding=\"async\" class=\"aligncenter wp-image-22836\" src=\"http:\/\/sulsc.com\/wp-content\/uploads\/2025\/04\/Tempo-2.png\" alt=\"\" width=\"555\" height=\"102\" srcset=\"https:\/\/sulsc.com\/wp-content\/uploads\/2025\/04\/Tempo-2.png 1024w, https:\/\/sulsc.com\/wp-content\/uploads\/2025\/04\/Tempo-2-300x55.png 300w, https:\/\/sulsc.com\/wp-content\/uploads\/2025\/04\/Tempo-2-768x142.png 768w\" sizes=\"(max-width: 555px) 100vw, 555px\" \/><\/p>\n<p><span style=\"vertical-align: inherit;\"><span style=\"vertical-align: inherit;\">O risco \u00e9 baixo de ocorr\u00eancias relacionadas ao frio nas primeiras horas da manh\u00e3. No decorrer do dia as temperaturas sobem, deixando uma tarde agrad\u00e1vel, com m\u00e1ximas na casa dos 20\u00b0C. Entre o Litoral Sul e a Grande Florian\u00f3polis s\u00e3o ondas esperadas entre 2 e 2,5m, com risco baixo a moderado de ocorr\u00eancias associadas a incidentes mar\u00edtimos. Amanh\u00e3 segunda-feira (12), o dia ter\u00e1 tempo firme e ensolarado na maior parte do estado. Apenas no litoral a nebulosidade aumenta e h\u00e1 condi\u00e7\u00f5es para chuva fraca, principalmente entre a Grande Florian\u00f3polis e o Litoral Norte nos extremos do dia.<\/span><\/span><\/p>\n<p><span style=\"vertical-align: inherit;\"><span style=\"vertical-align: inherit;\">Fonte\/Defesa Civil SC<\/span><\/span><\/p>\n<p><img decoding=\"async\" class=\"aligncenter size-full wp-image-23500\" src=\"http:\/\/sulsc.com\/wp-content\/uploads\/2025\/05\/a1-4.jpg\" alt=\"\" width=\"1600\" height=\"1142\" srcset=\"https:\/\/sulsc.com\/wp-content\/uploads\/2025\/05\/a1-4.jpg 1600w, https:\/\/sulsc.com\/wp-content\/uploads\/2025\/05\/a1-4-300x214.jpg 300w, https:\/\/sulsc.com\/wp-content\/uploads\/2025\/05\/a1-4-1024x731.jpg 1024w, https:\/\/sulsc.com\/wp-content\/uploads\/2025\/05\/a1-4-768x548.jpg 768w, https:\/\/sulsc.com\/wp-content\/uploads\/2025\/05\/a1-4-1536x1096.jpg 1536w\" sizes=\"(max-width: 1600px) 100vw, 1600px\" \/><\/p>\n<p style=\"text-align: center;\">Charge: Ed.Carlos e Sulsc.com<\/p>\n<p style=\"text-align: center;\"><strong>Um feliz Dia das M\u00e3es a todas mam\u00e3es! S\u00e3o os votos de toda equipe do Sulsc.com\u00a0<\/strong><\/p>\n","protected":false},"excerpt":{"rendered":"<p>No domingo (11), Dia das M\u00e3es, nesse dia t\u00e3o especial o tempo ser\u00e1 firme e \u00famido em toda Santa Catarina. O amanhecer \u00e9 de temperaturas baixas e sensa\u00e7\u00e3o de frio, com m\u00ednimas entre 7 e 10\u00b0C entre o Meio Oeste e os Planaltos e em torno de 0 a 5\u00b0C na Serra Catarinense. Na faixa &hellip;<\/p>\n<p class=\"read-more\"> <a class=\"\" href=\"https:\/\/sulsc.com\/index.php\/2025\/05\/11\/domingo-11-de-tempo-firme-e-ensolarado-em-todo-estado\/\"> <span class=\"screen-reader-text\">Domingo (11) de tempo firme e ensolarado em todo estado<\/span> Read More &raquo;<\/a><\/p>\n","protected":false},"author":3,"featured_media":23495,"comment_status":"open","ping_status":"open","sticky":false,"template":"","format":"standard","meta":{"site-sidebar-layout":"default","site-content-layout":"","ast-site-content-layout":"default","site-content-style":"default","site-sidebar-style":"default","ast-global-header-display":"","ast-banner-title-visibility":"","ast-main-header-display":"","ast-hfb-above-header-display":"","ast-hfb-below-header-display":"","ast-hfb-mobile-header-display":"","site-post-title":"","ast-breadcrumbs-content":"","ast-featured-img":"","footer-sml-layout":"","theme-transparent-header-meta":"default","adv-header-id-meta":"","stick-header-meta":"","header-above-stick-meta":"","header-main-stick-meta":"","header-below-stick-meta":"","astra-migrate-meta-layouts":"set","footnotes":""},"categories":[38],"tags":[90],"yoast_head":"<!-- This site is optimized with the Yoast SEO plugin v21.4 - https:\/\/yoast.com\/wordpress\/plugins\/seo\/ -->\n<title>Domingo (11) de tempo firme e ensolarado em todo estado -<\/title>\n<meta name=\"description\" content=\"Entre o Litoral Sul e a Grande Florian\u00f3polis s\u00e3o esperadas ondas entre 2 e 2,5m, com risco baixo a moderado \u00e0 agita\u00e7\u00e3o mar\u00edtima\" \/>\n<meta name=\"robots\" content=\"index, follow, max-snippet:-1, max-image-preview:large, max-video-preview:-1\" \/>\n<link rel=\"canonical\" href=\"https:\/\/sulsc.com\/index.php\/2025\/05\/11\/domingo-11-de-tempo-firme-e-ensolarado-em-todo-estado\/\" \/>\n<meta property=\"og:locale\" content=\"en_US\" \/>\n<meta property=\"og:type\" content=\"article\" \/>\n<meta property=\"og:title\" content=\"Domingo (11) de tempo firme e ensolarado em todo estado -\" \/>\n<meta property=\"og:description\" content=\"Entre o Litoral Sul e a Grande Florian\u00f3polis s\u00e3o esperadas ondas entre 2 e 2,5m, com risco baixo a moderado \u00e0 agita\u00e7\u00e3o mar\u00edtima\" \/>\n<meta property=\"og:url\" content=\"https:\/\/sulsc.com\/index.php\/2025\/05\/11\/domingo-11-de-tempo-firme-e-ensolarado-em-todo-estado\/\" \/>\n<meta property=\"article:author\" content=\"https:\/\/www.facebook.com\/profile.php?id=61559278119680\" \/>\n<meta property=\"article:published_time\" content=\"2025-05-11T11:48:36+00:00\" \/>\n<meta property=\"article:modified_time\" content=\"2025-05-11T12:04:36+00:00\" \/>\n<meta property=\"og:image\" content=\"http:\/\/sulsc.com\/wp-content\/uploads\/2025\/05\/a2-4.jpg\" \/>\n\t<meta property=\"og:image:width\" content=\"679\" \/>\n\t<meta property=\"og:image:height\" content=\"452\" \/>\n\t<meta property=\"og:image:type\" content=\"image\/jpeg\" \/>\n<meta name=\"author\" content=\"Reda\u00e7\u00e3o Sul SC\" \/>\n<meta name=\"twitter:card\" content=\"summary_large_image\" \/>\n<meta name=\"twitter:creator\" content=\"@https:\/\/twitter.com\/PortalSulSC\" \/>\n<meta name=\"twitter:label1\" content=\"Written by\" \/>\n\t<meta name=\"twitter:data1\" content=\"Reda\u00e7\u00e3o Sul SC\" \/>\n\t<meta name=\"twitter:label2\" content=\"Est. reading time\" \/>\n\t<meta name=\"twitter:data2\" content=\"2 minutes\" \/>\n<script type=\"application\/ld+json\" class=\"yoast-schema-graph\">{\"@context\":\"https:\/\/schema.org\",\"@graph\":[{\"@type\":\"WebPage\",\"@id\":\"https:\/\/sulsc.com\/index.php\/2025\/05\/11\/domingo-11-de-tempo-firme-e-ensolarado-em-todo-estado\/\",\"url\":\"https:\/\/sulsc.com\/index.php\/2025\/05\/11\/domingo-11-de-tempo-firme-e-ensolarado-em-todo-estado\/\",\"name\":\"Domingo (11) de tempo firme e ensolarado em todo estado -\",\"isPartOf\":{\"@id\":\"https:\/\/sulsc.com\/#website\"},\"datePublished\":\"2025-05-11T11:48:36+00:00\",\"dateModified\":\"2025-05-11T12:04:36+00:00\",\"author\":{\"@id\":\"https:\/\/sulsc.com\/#\/schema\/person\/84d2fc571684f6248ba83092f07750a3\"},\"description\":\"Entre o Litoral Sul e a Grande Florian\u00f3polis s\u00e3o esperadas ondas entre 2 e 2,5m, com risco baixo a moderado \u00e0 agita\u00e7\u00e3o mar\u00edtima\",\"breadcrumb\":{\"@id\":\"https:\/\/sulsc.com\/index.php\/2025\/05\/11\/domingo-11-de-tempo-firme-e-ensolarado-em-todo-estado\/#breadcrumb\"},\"inLanguage\":\"en-US\",\"potentialAction\":[{\"@type\":\"ReadAction\",\"target\":[\"https:\/\/sulsc.com\/index.php\/2025\/05\/11\/domingo-11-de-tempo-firme-e-ensolarado-em-todo-estado\/\"]}]},{\"@type\":\"BreadcrumbList\",\"@id\":\"https:\/\/sulsc.com\/index.php\/2025\/05\/11\/domingo-11-de-tempo-firme-e-ensolarado-em-todo-estado\/#breadcrumb\",\"itemListElement\":[{\"@type\":\"ListItem\",\"position\":1,\"name\":\"In\u00edcio\",\"item\":\"https:\/\/sulsc.com\/\"},{\"@type\":\"ListItem\",\"position\":2,\"name\":\"Domingo (11) de tempo firme e ensolarado em todo estado\"}]},{\"@type\":\"WebSite\",\"@id\":\"https:\/\/sulsc.com\/#website\",\"url\":\"https:\/\/sulsc.com\/\",\"name\":\"\",\"description\":\"\",\"potentialAction\":[{\"@type\":\"SearchAction\",\"target\":{\"@type\":\"EntryPoint\",\"urlTemplate\":\"https:\/\/sulsc.com\/?s={search_term_string}\"},\"query-input\":\"required name=search_term_string\"}],\"inLanguage\":\"en-US\"},{\"@type\":\"Person\",\"@id\":\"https:\/\/sulsc.com\/#\/schema\/person\/84d2fc571684f6248ba83092f07750a3\",\"name\":\"Reda\u00e7\u00e3o Sul SC\",\"image\":{\"@type\":\"ImageObject\",\"inLanguage\":\"en-US\",\"@id\":\"https:\/\/sulsc.com\/#\/schema\/person\/image\/e08d7fe2cc4ed596372063bbe852b8d0\",\"url\":\"https:\/\/sulsc.com\/wp-content\/uploads\/2023\/09\/redacao.png\",\"contentUrl\":\"https:\/\/sulsc.com\/wp-content\/uploads\/2023\/09\/redacao.png\",\"caption\":\"Reda\u00e7\u00e3o Sul SC\"},\"description\":\"Foco em um jornalismo imparcial, voltado \u00e0 qualidade dos seus conte\u00fados e, assim, levar informa\u00e7\u00e3o de valor que agregue \u00e0 vida dos leitores. Esta \u00e9 grande miss\u00e3o do Portal de Not\u00edcias Sul SC. N\u00e3o \u00e9 quantidade que muda o mundo, sempre foi e seguir\u00e1 sendo qualidade!\",\"sameAs\":[\"https:\/\/sulsc.com\/\",\"https:\/\/www.facebook.com\/profile.php?id=61559278119680\",\"https:\/\/www.instagram.com\/sulscportal\/?hl=pt-br\",\"https:\/\/twitter.com\/https:\/\/twitter.com\/PortalSulSC\",\"https:\/\/www.youtube.com\/channel\/UCv_BE8GeySluDov2n8qhVmw\"],\"url\":\"https:\/\/sulsc.com\/index.php\/author\/redacao\/\"}]}<\/script>\n<!-- \/ Yoast SEO plugin. -->","yoast_head_json":{"title":"Domingo (11) de tempo firme e ensolarado em todo estado -","description":"Entre o Litoral Sul e a Grande Florian\u00f3polis s\u00e3o esperadas ondas entre 2 e 2,5m, com risco baixo a moderado \u00e0 agita\u00e7\u00e3o mar\u00edtima","robots":{"index":"index","follow":"follow","max-snippet":"max-snippet:-1","max-image-preview":"max-image-preview:large","max-video-preview":"max-video-preview:-1"},"canonical":"https:\/\/sulsc.com\/index.php\/2025\/05\/11\/domingo-11-de-tempo-firme-e-ensolarado-em-todo-estado\/","og_locale":"en_US","og_type":"article","og_title":"Domingo (11) de tempo firme e ensolarado em todo estado -","og_description":"Entre o Litoral Sul e a Grande Florian\u00f3polis s\u00e3o esperadas ondas entre 2 e 2,5m, com risco baixo a moderado \u00e0 agita\u00e7\u00e3o mar\u00edtima","og_url":"https:\/\/sulsc.com\/index.php\/2025\/05\/11\/domingo-11-de-tempo-firme-e-ensolarado-em-todo-estado\/","article_author":"https:\/\/www.facebook.com\/profile.php?id=61559278119680","article_published_time":"2025-05-11T11:48:36+00:00","article_modified_time":"2025-05-11T12:04:36+00:00","og_image":[{"width":679,"height":452,"url":"http:\/\/sulsc.com\/wp-content\/uploads\/2025\/05\/a2-4.jpg","type":"image\/jpeg"}],"author":"Reda\u00e7\u00e3o Sul SC","twitter_card":"summary_large_image","twitter_creator":"@https:\/\/twitter.com\/PortalSulSC","twitter_misc":{"Written by":"Reda\u00e7\u00e3o Sul SC","Est. reading time":"2 minutes"},"schema":{"@context":"https:\/\/schema.org","@graph":[{"@type":"WebPage","@id":"https:\/\/sulsc.com\/index.php\/2025\/05\/11\/domingo-11-de-tempo-firme-e-ensolarado-em-todo-estado\/","url":"https:\/\/sulsc.com\/index.php\/2025\/05\/11\/domingo-11-de-tempo-firme-e-ensolarado-em-todo-estado\/","name":"Domingo (11) de tempo firme e ensolarado em todo estado -","isPartOf":{"@id":"https:\/\/sulsc.com\/#website"},"datePublished":"2025-05-11T11:48:36+00:00","dateModified":"2025-05-11T12:04:36+00:00","author":{"@id":"https:\/\/sulsc.com\/#\/schema\/person\/84d2fc571684f6248ba83092f07750a3"},"description":"Entre o Litoral Sul e a Grande Florian\u00f3polis s\u00e3o esperadas ondas entre 2 e 2,5m, com risco baixo a moderado \u00e0 agita\u00e7\u00e3o mar\u00edtima","breadcrumb":{"@id":"https:\/\/sulsc.com\/index.php\/2025\/05\/11\/domingo-11-de-tempo-firme-e-ensolarado-em-todo-estado\/#breadcrumb"},"inLanguage":"en-US","potentialAction":[{"@type":"ReadAction","target":["https:\/\/sulsc.com\/index.php\/2025\/05\/11\/domingo-11-de-tempo-firme-e-ensolarado-em-todo-estado\/"]}]},{"@type":"BreadcrumbList","@id":"https:\/\/sulsc.com\/index.php\/2025\/05\/11\/domingo-11-de-tempo-firme-e-ensolarado-em-todo-estado\/#breadcrumb","itemListElement":[{"@type":"ListItem","position":1,"name":"In\u00edcio","item":"https:\/\/sulsc.com\/"},{"@type":"ListItem","position":2,"name":"Domingo (11) de tempo firme e ensolarado em todo estado"}]},{"@type":"WebSite","@id":"https:\/\/sulsc.com\/#website","url":"https:\/\/sulsc.com\/","name":"","description":"","potentialAction":[{"@type":"SearchAction","target":{"@type":"EntryPoint","urlTemplate":"https:\/\/sulsc.com\/?s={search_term_string}"},"query-input":"required name=search_term_string"}],"inLanguage":"en-US"},{"@type":"Person","@id":"https:\/\/sulsc.com\/#\/schema\/person\/84d2fc571684f6248ba83092f07750a3","name":"Reda\u00e7\u00e3o Sul SC","image":{"@type":"ImageObject","inLanguage":"en-US","@id":"https:\/\/sulsc.com\/#\/schema\/person\/image\/e08d7fe2cc4ed596372063bbe852b8d0","url":"https:\/\/sulsc.com\/wp-content\/uploads\/2023\/09\/redacao.png","contentUrl":"https:\/\/sulsc.com\/wp-content\/uploads\/2023\/09\/redacao.png","caption":"Reda\u00e7\u00e3o Sul SC"},"description":"Foco em um jornalismo imparcial, voltado \u00e0 qualidade dos seus conte\u00fados e, assim, levar informa\u00e7\u00e3o de valor que agregue \u00e0 vida dos leitores. Esta \u00e9 grande miss\u00e3o do Portal de Not\u00edcias Sul SC. N\u00e3o \u00e9 quantidade que muda o mundo, sempre foi e seguir\u00e1 sendo qualidade!","sameAs":["https:\/\/sulsc.com\/","https:\/\/www.facebook.com\/profile.php?id=61559278119680","https:\/\/www.instagram.com\/sulscportal\/?hl=pt-br","https:\/\/twitter.com\/https:\/\/twitter.com\/PortalSulSC","https:\/\/www.youtube.com\/channel\/UCv_BE8GeySluDov2n8qhVmw"],"url":"https:\/\/sulsc.com\/index.php\/author\/redacao\/"}]}},"authors":[],"_links":{"self":[{"href":"https:\/\/sulsc.com\/index.php\/wp-json\/wp\/v2\/posts\/23493"}],"collection":[{"href":"https:\/\/sulsc.com\/index.php\/wp-json\/wp\/v2\/posts"}],"about":[{"href":"https:\/\/sulsc.com\/index.php\/wp-json\/wp\/v2\/types\/post"}],"author":[{"embeddable":true,"href":"https:\/\/sulsc.com\/index.php\/wp-json\/wp\/v2\/users\/3"}],"replies":[{"embeddable":true,"href":"https:\/\/sulsc.com\/index.php\/wp-json\/wp\/v2\/comments?post=23493"}],"version-history":[{"count":3,"href":"https:\/\/sulsc.com\/index.php\/wp-json\/wp\/v2\/posts\/23493\/revisions"}],"predecessor-version":[{"id":23501,"href":"https:\/\/sulsc.com\/index.php\/wp-json\/wp\/v2\/posts\/23493\/revisions\/23501"}],"wp:featuredmedia":[{"embeddable":true,"href":"https:\/\/sulsc.com\/index.php\/wp-json\/wp\/v2\/media\/23495"}],"wp:attachment":[{"href":"https:\/\/sulsc.com\/index.php\/wp-json\/wp\/v2\/media?parent=23493"}],"wp:term":[{"taxonomy":"category","embeddable":true,"href":"https:\/\/sulsc.com\/index.php\/wp-json\/wp\/v2\/categories?post=23493"},{"taxonomy":"post_tag","embeddable":true,"href":"https:\/\/sulsc.com\/index.php\/wp-json\/wp\/v2\/tags?post=23493"}],"curies":[{"name":"wp","href":"https:\/\/api.w.org\/{rel}","templated":true}]}}