{"id":2352,"date":"2023-10-16T15:20:50","date_gmt":"2023-10-16T18:20:50","guid":{"rendered":"https:\/\/sulsc.com\/?p=2352"},"modified":"2023-10-16T15:08:49","modified_gmt":"2023-10-16T18:08:49","slug":"limpeza-e-recuperacao-da-cidade-sao-intensificados-durante-o-final-de-semana","status":"publish","type":"post","link":"https:\/\/sulsc.com\/index.php\/2023\/10\/16\/limpeza-e-recuperacao-da-cidade-sao-intensificados-durante-o-final-de-semana\/","title":{"rendered":"Limpeza e recupera\u00e7\u00e3o da cidade s\u00e3o intensificados durante o final de semana"},"content":{"rendered":"<p>Tubar\u00e3o teve um s\u00e1bado e domingo (14 e 15) de tempo est\u00e1vel, o que permitiu \u00e0 prefeitura executar diversos trabalhos de recupera\u00e7\u00e3o ap\u00f3s as fortes chuvas da \u00faltima semana. A limpeza de espa\u00e7os p\u00fablicos e a opera\u00e7\u00e3o emergencial \u201ctapa-buracos\u201d por toda a cidade foram as principais a\u00e7\u00f5es realizadas.<\/p>\n<p><img fetchpriority=\"high\" decoding=\"async\" class=\"alignnone size-full wp-image-2353\" src=\"http:\/\/sulsc.com\/wp-content\/uploads\/2023\/10\/WhatsApp-Image-2023-10-16-at-14.23.51-1024x605-1.jpeg\" alt=\"\" width=\"1024\" height=\"605\" srcset=\"https:\/\/sulsc.com\/wp-content\/uploads\/2023\/10\/WhatsApp-Image-2023-10-16-at-14.23.51-1024x605-1.jpeg 1024w, https:\/\/sulsc.com\/wp-content\/uploads\/2023\/10\/WhatsApp-Image-2023-10-16-at-14.23.51-1024x605-1-300x177.jpeg 300w, https:\/\/sulsc.com\/wp-content\/uploads\/2023\/10\/WhatsApp-Image-2023-10-16-at-14.23.51-1024x605-1-768x454.jpeg 768w\" sizes=\"(max-width: 1024px) 100vw, 1024px\" \/><\/p>\n<p>&nbsp;<\/p>\n<p><strong>A\u00e7\u00f5es de cada secretaria<\/strong><\/p>\n<p>Infraestrutura: v\u00e1rias equipes da secretaria atuaram durante todo o final de semana para recuperar o pavimento asf\u00e1ltico de dezenas de ruas consideradas principais. Pelo menos 50 toneladas de cargas de asfalto foram utilizadas no in\u00edcio da empreitada emergencial. As ruas secund\u00e1rias, travessas e outras vias danificadas receber\u00e3o essa opera\u00e7\u00e3o ao longo da semana.<\/p>\n<p>Defesa Civil: atuou junto com outras secretarias na limpeza de canais extravasores, caixas coletoras e redes de drenagem para acelerar o escoamento das \u00e1guas ou desobstruir aqueles que estavam bloqueados.<\/p>\n<p>Agricultura e Interior: prestou apoio em trabalhos pontuais em v\u00e1rios pontos. A estrada de acesso entre a Sanga de Areia e Caruru segue interditada, assim como a Rodovia Aggeu Medeiros.<\/p>\n<p>Servi\u00e7os p\u00fablicos: foram mobilizadas diversas frentes de trabalho para desobstruir redes de drenagem com ajuda de caminh\u00e3o hidrojato, recolhimento de m\u00f3veis danificados pelos alagamentos e tamb\u00e9m entulhos e limpeza e desobstru\u00e7\u00e3o de diversas ruas por toda a cidade.<\/p>\n<p>Desenvolvimento Social: sem desalojados nos abrigos, a Funda\u00e7\u00e3o Municipal de Desenvolvimento Social (FMDS) agora prioriza a entrega de doa\u00e7\u00f5es \u00e0s fam\u00edlias que sofreram perdas nos alagamentos. A Defesa Civil do Estado est\u00e1 repassando os kits com itens de assist\u00eancia humanit\u00e1ria. Cestas de alimentos, kits de higiene e limpeza, colch\u00f5es e roupas de cama tamb\u00e9m est\u00e3o sendo repassados \u00e0s fam\u00edlias atingidas.<\/p>\n<p>Em Tubar\u00e3o, 294 fam\u00edlias (822 pessoas) foram cadastradas pelas equipes de atendimento da assist\u00eancia social durante esse epis\u00f3dio das fortes chuvas e alagamentos. Esse n\u00famero ainda pode aumentar conforme o levantamento das equipes dos Centro de Refer\u00eancia de Assist\u00eancia Social (CRAS).<\/p>\n<p>&nbsp;<\/p>\n<p>Fonte: Pref. Tubar\u00e3o<\/p>\n","protected":false},"excerpt":{"rendered":"<p>Tubar\u00e3o teve um s\u00e1bado e domingo (14 e 15) de tempo est\u00e1vel, o que permitiu \u00e0 prefeitura executar diversos trabalhos de recupera\u00e7\u00e3o ap\u00f3s as fortes chuvas da \u00faltima semana. A limpeza de espa\u00e7os p\u00fablicos e a opera\u00e7\u00e3o emergencial \u201ctapa-buracos\u201d por toda a cidade foram as principais a\u00e7\u00f5es realizadas. &nbsp; A\u00e7\u00f5es de cada secretaria Infraestrutura: v\u00e1rias &hellip;<\/p>\n<p class=\"read-more\"> <a class=\"\" href=\"https:\/\/sulsc.com\/index.php\/2023\/10\/16\/limpeza-e-recuperacao-da-cidade-sao-intensificados-durante-o-final-de-semana\/\"> <span class=\"screen-reader-text\">Limpeza e recupera\u00e7\u00e3o da cidade s\u00e3o intensificados durante o final de semana<\/span> Read More &raquo;<\/a><\/p>\n","protected":false},"author":3,"featured_media":2354,"comment_status":"open","ping_status":"open","sticky":false,"template":"","format":"standard","meta":{"site-sidebar-layout":"default","site-content-layout":"","ast-site-content-layout":"default","site-content-style":"default","site-sidebar-style":"default","ast-global-header-display":"","ast-banner-title-visibility":"","ast-main-header-display":"","ast-hfb-above-header-display":"","ast-hfb-below-header-display":"","ast-hfb-mobile-header-display":"","site-post-title":"","ast-breadcrumbs-content":"","ast-featured-img":"","footer-sml-layout":"","theme-transparent-header-meta":"default","adv-header-id-meta":"","stick-header-meta":"","header-above-stick-meta":"","header-main-stick-meta":"","header-below-stick-meta":"","astra-migrate-meta-layouts":"set","footnotes":""},"categories":[1],"tags":[],"yoast_head":"<!-- This site is optimized with the Yoast SEO plugin v21.4 - https:\/\/yoast.com\/wordpress\/plugins\/seo\/ -->\n<title>Limpeza e recupera\u00e7\u00e3o da cidade s\u00e3o intensificados durante o final de semana -<\/title>\n<meta name=\"robots\" content=\"index, follow, max-snippet:-1, max-image-preview:large, max-video-preview:-1\" \/>\n<link rel=\"canonical\" href=\"https:\/\/sulsc.com\/index.php\/2023\/10\/16\/limpeza-e-recuperacao-da-cidade-sao-intensificados-durante-o-final-de-semana\/\" \/>\n<meta property=\"og:locale\" content=\"en_US\" \/>\n<meta property=\"og:type\" content=\"article\" \/>\n<meta property=\"og:title\" content=\"Limpeza e recupera\u00e7\u00e3o da cidade s\u00e3o intensificados durante o final de semana -\" \/>\n<meta property=\"og:description\" content=\"Tubar\u00e3o teve um s\u00e1bado e domingo (14 e 15) de tempo est\u00e1vel, o que permitiu \u00e0 prefeitura executar diversos trabalhos de recupera\u00e7\u00e3o ap\u00f3s as fortes chuvas da \u00faltima semana. A limpeza de espa\u00e7os p\u00fablicos e a opera\u00e7\u00e3o emergencial \u201ctapa-buracos\u201d por toda a cidade foram as principais a\u00e7\u00f5es realizadas. &nbsp; A\u00e7\u00f5es de cada secretaria Infraestrutura: v\u00e1rias &hellip; Limpeza e recupera\u00e7\u00e3o da cidade s\u00e3o intensificados durante o final de semana Read More &raquo;\" \/>\n<meta property=\"og:url\" content=\"https:\/\/sulsc.com\/index.php\/2023\/10\/16\/limpeza-e-recuperacao-da-cidade-sao-intensificados-durante-o-final-de-semana\/\" \/>\n<meta property=\"article:author\" content=\"https:\/\/www.facebook.com\/profile.php?id=61559278119680\" \/>\n<meta property=\"article:published_time\" content=\"2023-10-16T18:20:50+00:00\" \/>\n<meta property=\"article:modified_time\" content=\"2023-10-16T18:08:49+00:00\" \/>\n<meta property=\"og:image\" content=\"https:\/\/sulsc.com\/wp-content\/uploads\/2023\/10\/WhatsApp-Image-2023-10-16-at-14.06.32-1-975x1024-1.jpeg\" \/>\n\t<meta property=\"og:image:width\" content=\"975\" \/>\n\t<meta property=\"og:image:height\" content=\"1024\" \/>\n\t<meta property=\"og:image:type\" content=\"image\/jpeg\" \/>\n<meta name=\"author\" content=\"Reda\u00e7\u00e3o Sul SC\" \/>\n<meta name=\"twitter:card\" content=\"summary_large_image\" \/>\n<meta name=\"twitter:creator\" content=\"@https:\/\/twitter.com\/PortalSulSC\" \/>\n<meta name=\"twitter:label1\" content=\"Written by\" \/>\n\t<meta name=\"twitter:data1\" content=\"Reda\u00e7\u00e3o Sul SC\" \/>\n\t<meta name=\"twitter:label2\" content=\"Est. reading time\" \/>\n\t<meta name=\"twitter:data2\" content=\"2 minutes\" \/>\n<script type=\"application\/ld+json\" class=\"yoast-schema-graph\">{\"@context\":\"https:\/\/schema.org\",\"@graph\":[{\"@type\":\"WebPage\",\"@id\":\"https:\/\/sulsc.com\/index.php\/2023\/10\/16\/limpeza-e-recuperacao-da-cidade-sao-intensificados-durante-o-final-de-semana\/\",\"url\":\"https:\/\/sulsc.com\/index.php\/2023\/10\/16\/limpeza-e-recuperacao-da-cidade-sao-intensificados-durante-o-final-de-semana\/\",\"name\":\"Limpeza e recupera\u00e7\u00e3o da cidade s\u00e3o intensificados durante o final de semana -\",\"isPartOf\":{\"@id\":\"https:\/\/sulsc.com\/#website\"},\"datePublished\":\"2023-10-16T18:20:50+00:00\",\"dateModified\":\"2023-10-16T18:08:49+00:00\",\"author\":{\"@id\":\"https:\/\/sulsc.com\/#\/schema\/person\/84d2fc571684f6248ba83092f07750a3\"},\"breadcrumb\":{\"@id\":\"https:\/\/sulsc.com\/index.php\/2023\/10\/16\/limpeza-e-recuperacao-da-cidade-sao-intensificados-durante-o-final-de-semana\/#breadcrumb\"},\"inLanguage\":\"en-US\",\"potentialAction\":[{\"@type\":\"ReadAction\",\"target\":[\"https:\/\/sulsc.com\/index.php\/2023\/10\/16\/limpeza-e-recuperacao-da-cidade-sao-intensificados-durante-o-final-de-semana\/\"]}]},{\"@type\":\"BreadcrumbList\",\"@id\":\"https:\/\/sulsc.com\/index.php\/2023\/10\/16\/limpeza-e-recuperacao-da-cidade-sao-intensificados-durante-o-final-de-semana\/#breadcrumb\",\"itemListElement\":[{\"@type\":\"ListItem\",\"position\":1,\"name\":\"In\u00edcio\",\"item\":\"https:\/\/sulsc.com\/\"},{\"@type\":\"ListItem\",\"position\":2,\"name\":\"Limpeza e recupera\u00e7\u00e3o da cidade s\u00e3o intensificados durante o final de semana\"}]},{\"@type\":\"WebSite\",\"@id\":\"https:\/\/sulsc.com\/#website\",\"url\":\"https:\/\/sulsc.com\/\",\"name\":\"\",\"description\":\"\",\"potentialAction\":[{\"@type\":\"SearchAction\",\"target\":{\"@type\":\"EntryPoint\",\"urlTemplate\":\"https:\/\/sulsc.com\/?s={search_term_string}\"},\"query-input\":\"required name=search_term_string\"}],\"inLanguage\":\"en-US\"},{\"@type\":\"Person\",\"@id\":\"https:\/\/sulsc.com\/#\/schema\/person\/84d2fc571684f6248ba83092f07750a3\",\"name\":\"Reda\u00e7\u00e3o Sul SC\",\"image\":{\"@type\":\"ImageObject\",\"inLanguage\":\"en-US\",\"@id\":\"https:\/\/sulsc.com\/#\/schema\/person\/image\/e08d7fe2cc4ed596372063bbe852b8d0\",\"url\":\"https:\/\/sulsc.com\/wp-content\/uploads\/2023\/09\/redacao.png\",\"contentUrl\":\"https:\/\/sulsc.com\/wp-content\/uploads\/2023\/09\/redacao.png\",\"caption\":\"Reda\u00e7\u00e3o Sul SC\"},\"description\":\"Foco em um jornalismo imparcial, voltado \u00e0 qualidade dos seus conte\u00fados e, assim, levar informa\u00e7\u00e3o de valor que agregue \u00e0 vida dos leitores. Esta \u00e9 grande miss\u00e3o do Portal de Not\u00edcias Sul SC. N\u00e3o \u00e9 quantidade que muda o mundo, sempre foi e seguir\u00e1 sendo qualidade!\",\"sameAs\":[\"https:\/\/sulsc.com\/\",\"https:\/\/www.facebook.com\/profile.php?id=61559278119680\",\"https:\/\/www.instagram.com\/sulscportal\/?hl=pt-br\",\"https:\/\/twitter.com\/https:\/\/twitter.com\/PortalSulSC\",\"https:\/\/www.youtube.com\/channel\/UCv_BE8GeySluDov2n8qhVmw\"],\"url\":\"https:\/\/sulsc.com\/index.php\/author\/redacao\/\"}]}<\/script>\n<!-- \/ Yoast SEO plugin. -->","yoast_head_json":{"title":"Limpeza e recupera\u00e7\u00e3o da cidade s\u00e3o intensificados durante o final de semana -","robots":{"index":"index","follow":"follow","max-snippet":"max-snippet:-1","max-image-preview":"max-image-preview:large","max-video-preview":"max-video-preview:-1"},"canonical":"https:\/\/sulsc.com\/index.php\/2023\/10\/16\/limpeza-e-recuperacao-da-cidade-sao-intensificados-durante-o-final-de-semana\/","og_locale":"en_US","og_type":"article","og_title":"Limpeza e recupera\u00e7\u00e3o da cidade s\u00e3o intensificados durante o final de semana -","og_description":"Tubar\u00e3o teve um s\u00e1bado e domingo (14 e 15) de tempo est\u00e1vel, o que permitiu \u00e0 prefeitura executar diversos trabalhos de recupera\u00e7\u00e3o ap\u00f3s as fortes chuvas da \u00faltima semana. A limpeza de espa\u00e7os p\u00fablicos e a opera\u00e7\u00e3o emergencial \u201ctapa-buracos\u201d por toda a cidade foram as principais a\u00e7\u00f5es realizadas. &nbsp; A\u00e7\u00f5es de cada secretaria Infraestrutura: v\u00e1rias &hellip; Limpeza e recupera\u00e7\u00e3o da cidade s\u00e3o intensificados durante o final de semana Read More &raquo;","og_url":"https:\/\/sulsc.com\/index.php\/2023\/10\/16\/limpeza-e-recuperacao-da-cidade-sao-intensificados-durante-o-final-de-semana\/","article_author":"https:\/\/www.facebook.com\/profile.php?id=61559278119680","article_published_time":"2023-10-16T18:20:50+00:00","article_modified_time":"2023-10-16T18:08:49+00:00","og_image":[{"width":975,"height":1024,"url":"https:\/\/sulsc.com\/wp-content\/uploads\/2023\/10\/WhatsApp-Image-2023-10-16-at-14.06.32-1-975x1024-1.jpeg","type":"image\/jpeg"}],"author":"Reda\u00e7\u00e3o Sul SC","twitter_card":"summary_large_image","twitter_creator":"@https:\/\/twitter.com\/PortalSulSC","twitter_misc":{"Written by":"Reda\u00e7\u00e3o Sul SC","Est. reading time":"2 minutes"},"schema":{"@context":"https:\/\/schema.org","@graph":[{"@type":"WebPage","@id":"https:\/\/sulsc.com\/index.php\/2023\/10\/16\/limpeza-e-recuperacao-da-cidade-sao-intensificados-durante-o-final-de-semana\/","url":"https:\/\/sulsc.com\/index.php\/2023\/10\/16\/limpeza-e-recuperacao-da-cidade-sao-intensificados-durante-o-final-de-semana\/","name":"Limpeza e recupera\u00e7\u00e3o da cidade s\u00e3o intensificados durante o final de semana -","isPartOf":{"@id":"https:\/\/sulsc.com\/#website"},"datePublished":"2023-10-16T18:20:50+00:00","dateModified":"2023-10-16T18:08:49+00:00","author":{"@id":"https:\/\/sulsc.com\/#\/schema\/person\/84d2fc571684f6248ba83092f07750a3"},"breadcrumb":{"@id":"https:\/\/sulsc.com\/index.php\/2023\/10\/16\/limpeza-e-recuperacao-da-cidade-sao-intensificados-durante-o-final-de-semana\/#breadcrumb"},"inLanguage":"en-US","potentialAction":[{"@type":"ReadAction","target":["https:\/\/sulsc.com\/index.php\/2023\/10\/16\/limpeza-e-recuperacao-da-cidade-sao-intensificados-durante-o-final-de-semana\/"]}]},{"@type":"BreadcrumbList","@id":"https:\/\/sulsc.com\/index.php\/2023\/10\/16\/limpeza-e-recuperacao-da-cidade-sao-intensificados-durante-o-final-de-semana\/#breadcrumb","itemListElement":[{"@type":"ListItem","position":1,"name":"In\u00edcio","item":"https:\/\/sulsc.com\/"},{"@type":"ListItem","position":2,"name":"Limpeza e recupera\u00e7\u00e3o da cidade s\u00e3o intensificados durante o final de semana"}]},{"@type":"WebSite","@id":"https:\/\/sulsc.com\/#website","url":"https:\/\/sulsc.com\/","name":"","description":"","potentialAction":[{"@type":"SearchAction","target":{"@type":"EntryPoint","urlTemplate":"https:\/\/sulsc.com\/?s={search_term_string}"},"query-input":"required name=search_term_string"}],"inLanguage":"en-US"},{"@type":"Person","@id":"https:\/\/sulsc.com\/#\/schema\/person\/84d2fc571684f6248ba83092f07750a3","name":"Reda\u00e7\u00e3o Sul SC","image":{"@type":"ImageObject","inLanguage":"en-US","@id":"https:\/\/sulsc.com\/#\/schema\/person\/image\/e08d7fe2cc4ed596372063bbe852b8d0","url":"https:\/\/sulsc.com\/wp-content\/uploads\/2023\/09\/redacao.png","contentUrl":"https:\/\/sulsc.com\/wp-content\/uploads\/2023\/09\/redacao.png","caption":"Reda\u00e7\u00e3o Sul SC"},"description":"Foco em um jornalismo imparcial, voltado \u00e0 qualidade dos seus conte\u00fados e, assim, levar informa\u00e7\u00e3o de valor que agregue \u00e0 vida dos leitores. Esta \u00e9 grande miss\u00e3o do Portal de Not\u00edcias Sul SC. N\u00e3o \u00e9 quantidade que muda o mundo, sempre foi e seguir\u00e1 sendo qualidade!","sameAs":["https:\/\/sulsc.com\/","https:\/\/www.facebook.com\/profile.php?id=61559278119680","https:\/\/www.instagram.com\/sulscportal\/?hl=pt-br","https:\/\/twitter.com\/https:\/\/twitter.com\/PortalSulSC","https:\/\/www.youtube.com\/channel\/UCv_BE8GeySluDov2n8qhVmw"],"url":"https:\/\/sulsc.com\/index.php\/author\/redacao\/"}]}},"authors":[],"_links":{"self":[{"href":"https:\/\/sulsc.com\/index.php\/wp-json\/wp\/v2\/posts\/2352"}],"collection":[{"href":"https:\/\/sulsc.com\/index.php\/wp-json\/wp\/v2\/posts"}],"about":[{"href":"https:\/\/sulsc.com\/index.php\/wp-json\/wp\/v2\/types\/post"}],"author":[{"embeddable":true,"href":"https:\/\/sulsc.com\/index.php\/wp-json\/wp\/v2\/users\/3"}],"replies":[{"embeddable":true,"href":"https:\/\/sulsc.com\/index.php\/wp-json\/wp\/v2\/comments?post=2352"}],"version-history":[{"count":1,"href":"https:\/\/sulsc.com\/index.php\/wp-json\/wp\/v2\/posts\/2352\/revisions"}],"predecessor-version":[{"id":2355,"href":"https:\/\/sulsc.com\/index.php\/wp-json\/wp\/v2\/posts\/2352\/revisions\/2355"}],"wp:featuredmedia":[{"embeddable":true,"href":"https:\/\/sulsc.com\/index.php\/wp-json\/wp\/v2\/media\/2354"}],"wp:attachment":[{"href":"https:\/\/sulsc.com\/index.php\/wp-json\/wp\/v2\/media?parent=2352"}],"wp:term":[{"taxonomy":"category","embeddable":true,"href":"https:\/\/sulsc.com\/index.php\/wp-json\/wp\/v2\/categories?post=2352"},{"taxonomy":"post_tag","embeddable":true,"href":"https:\/\/sulsc.com\/index.php\/wp-json\/wp\/v2\/tags?post=2352"}],"curies":[{"name":"wp","href":"https:\/\/api.w.org\/{rel}","templated":true}]}}