{"id":23565,"date":"2025-05-13T07:51:21","date_gmt":"2025-05-13T10:51:21","guid":{"rendered":"https:\/\/sulsc.com\/?p=23565"},"modified":"2025-05-13T07:51:21","modified_gmt":"2025-05-13T10:51:21","slug":"terca-feira-13-com-sol-entre-nuvens-e-possibilidade-de-chuva-isolada","status":"publish","type":"post","link":"https:\/\/sulsc.com\/index.php\/2025\/05\/13\/terca-feira-13-com-sol-entre-nuvens-e-possibilidade-de-chuva-isolada\/","title":{"rendered":"Ter\u00e7a-feira (13) com sol entre nuvens e possibilidade de chuva isolada"},"content":{"rendered":"<p>Nesta ter\u00e7a-feira (13), Com a entre os Planaltos e o Litoral, h\u00e1 condi\u00e7\u00f5es para chuva fraca e isolada ao longo do dia, j\u00e1 na parte leste do estado com a intensifica\u00e7\u00e3o da circula\u00e7\u00e3o mar\u00edtima o tempo permanece\u00a0 mais fechado. Nas demais regi\u00f5es do estado o sol predomina e n\u00e3o h\u00e1 previs\u00e3o de chuva.<\/p>\n<p><img fetchpriority=\"high\" decoding=\"async\" class=\"aligncenter  wp-image-23569\" src=\"http:\/\/sulsc.com\/wp-content\/uploads\/2025\/05\/3-1.png\" alt=\"\" width=\"751\" height=\"513\" srcset=\"https:\/\/sulsc.com\/wp-content\/uploads\/2025\/05\/3-1.png 1642w, https:\/\/sulsc.com\/wp-content\/uploads\/2025\/05\/3-1-300x205.png 300w, https:\/\/sulsc.com\/wp-content\/uploads\/2025\/05\/3-1-1024x700.png 1024w, https:\/\/sulsc.com\/wp-content\/uploads\/2025\/05\/3-1-768x525.png 768w, https:\/\/sulsc.com\/wp-content\/uploads\/2025\/05\/3-1-1536x1050.png 1536w\" sizes=\"(max-width: 751px) 100vw, 751px\" \/><\/p>\n<p><img decoding=\"async\" class=\"aligncenter  wp-image-22538\" src=\"http:\/\/sulsc.com\/wp-content\/uploads\/2025\/04\/Tempo-1.png\" alt=\"\" width=\"742\" height=\"137\" srcset=\"https:\/\/sulsc.com\/wp-content\/uploads\/2025\/04\/Tempo-1.png 1024w, https:\/\/sulsc.com\/wp-content\/uploads\/2025\/04\/Tempo-1-300x55.png 300w, https:\/\/sulsc.com\/wp-content\/uploads\/2025\/04\/Tempo-1-768x142.png 768w\" sizes=\"(max-width: 742px) 100vw, 742px\" \/><\/p>\n<p><strong>Temperaturas<\/strong><\/p>\n<p>As temperaturas seguem amenas ao amanhecer, embora a sensa\u00e7\u00e3o de frio diminua. As m\u00ednimas variam entre 4 e 10\u00b0C na Serra, de 10 a 14 no Grande Oeste, Planalto Norte e Alto Vale e de 15 a 18\u00b0C no litoral. Durante a tarde os term\u00f4metros registram temperaturas mais elevadas em compara\u00e7\u00e3o ao dia anterior, com m\u00e1ximas entre 25 a 28\u00b0C no Oeste e entre 20 e 24\u00b0C\u00b0C nas demais \u00e1reas catarinenses. N\u00e3o h\u00e1 risco para ocorr\u00eancias meteorol\u00f3gicas.<\/p>\n<p>Fonte\/Defesa Civil SC<\/p>\n","protected":false},"excerpt":{"rendered":"<p>Nesta ter\u00e7a-feira (13), Com a entre os Planaltos e o Litoral, h\u00e1 condi\u00e7\u00f5es para chuva fraca e isolada ao longo do dia, j\u00e1 na parte leste do estado com a intensifica\u00e7\u00e3o da circula\u00e7\u00e3o mar\u00edtima o tempo permanece\u00a0 mais fechado. Nas demais regi\u00f5es do estado o sol predomina e n\u00e3o h\u00e1 previs\u00e3o de chuva. Temperaturas As &hellip;<\/p>\n<p class=\"read-more\"> <a class=\"\" href=\"https:\/\/sulsc.com\/index.php\/2025\/05\/13\/terca-feira-13-com-sol-entre-nuvens-e-possibilidade-de-chuva-isolada\/\"> <span class=\"screen-reader-text\">Ter\u00e7a-feira (13) com sol entre nuvens e possibilidade de chuva isolada<\/span> Read More &raquo;<\/a><\/p>\n","protected":false},"author":3,"featured_media":14276,"comment_status":"open","ping_status":"open","sticky":false,"template":"","format":"standard","meta":{"site-sidebar-layout":"default","site-content-layout":"","ast-site-content-layout":"default","site-content-style":"default","site-sidebar-style":"default","ast-global-header-display":"","ast-banner-title-visibility":"","ast-main-header-display":"","ast-hfb-above-header-display":"","ast-hfb-below-header-display":"","ast-hfb-mobile-header-display":"","site-post-title":"","ast-breadcrumbs-content":"","ast-featured-img":"","footer-sml-layout":"","theme-transparent-header-meta":"default","adv-header-id-meta":"","stick-header-meta":"","header-above-stick-meta":"","header-main-stick-meta":"","header-below-stick-meta":"","astra-migrate-meta-layouts":"set","footnotes":""},"categories":[38],"tags":[90],"yoast_head":"<!-- This site is optimized with the Yoast SEO plugin v21.4 - https:\/\/yoast.com\/wordpress\/plugins\/seo\/ -->\n<title>Ter\u00e7a-feira (13) com sol entre nuvens e possibilidade de chuva isolada -<\/title>\n<meta name=\"description\" content=\"Durante a tarde os term\u00f4metros registram temperaturas mais elevadas em compara\u00e7\u00e3o ao dia anterior com m\u00e1ximas entre 20 e 24\u00b0C\u00b0\" \/>\n<meta name=\"robots\" content=\"index, follow, max-snippet:-1, max-image-preview:large, max-video-preview:-1\" \/>\n<link rel=\"canonical\" href=\"https:\/\/sulsc.com\/index.php\/2025\/05\/13\/terca-feira-13-com-sol-entre-nuvens-e-possibilidade-de-chuva-isolada\/\" \/>\n<meta property=\"og:locale\" content=\"en_US\" \/>\n<meta property=\"og:type\" content=\"article\" \/>\n<meta property=\"og:title\" content=\"Ter\u00e7a-feira (13) com sol entre nuvens e possibilidade de chuva isolada -\" \/>\n<meta property=\"og:description\" content=\"Durante a tarde os term\u00f4metros registram temperaturas mais elevadas em compara\u00e7\u00e3o ao dia anterior com m\u00e1ximas entre 20 e 24\u00b0C\u00b0\" \/>\n<meta property=\"og:url\" content=\"https:\/\/sulsc.com\/index.php\/2025\/05\/13\/terca-feira-13-com-sol-entre-nuvens-e-possibilidade-de-chuva-isolada\/\" \/>\n<meta property=\"article:author\" content=\"https:\/\/www.facebook.com\/profile.php?id=61559278119680\" \/>\n<meta property=\"article:published_time\" content=\"2025-05-13T10:51:21+00:00\" \/>\n<meta property=\"og:image\" content=\"http:\/\/sulsc.com\/wp-content\/uploads\/2024\/07\/tempo-nublado-2.jpeg\" \/>\n\t<meta property=\"og:image:width\" content=\"1600\" \/>\n\t<meta property=\"og:image:height\" content=\"900\" \/>\n\t<meta property=\"og:image:type\" content=\"image\/jpeg\" \/>\n<meta name=\"author\" content=\"Reda\u00e7\u00e3o Sul SC\" \/>\n<meta name=\"twitter:card\" content=\"summary_large_image\" \/>\n<meta name=\"twitter:creator\" content=\"@https:\/\/twitter.com\/PortalSulSC\" \/>\n<meta name=\"twitter:label1\" content=\"Written by\" \/>\n\t<meta name=\"twitter:data1\" content=\"Reda\u00e7\u00e3o Sul SC\" \/>\n\t<meta name=\"twitter:label2\" content=\"Est. reading time\" \/>\n\t<meta name=\"twitter:data2\" content=\"1 minute\" \/>\n<script type=\"application\/ld+json\" class=\"yoast-schema-graph\">{\"@context\":\"https:\/\/schema.org\",\"@graph\":[{\"@type\":\"WebPage\",\"@id\":\"https:\/\/sulsc.com\/index.php\/2025\/05\/13\/terca-feira-13-com-sol-entre-nuvens-e-possibilidade-de-chuva-isolada\/\",\"url\":\"https:\/\/sulsc.com\/index.php\/2025\/05\/13\/terca-feira-13-com-sol-entre-nuvens-e-possibilidade-de-chuva-isolada\/\",\"name\":\"Ter\u00e7a-feira (13) com sol entre nuvens e possibilidade de chuva isolada -\",\"isPartOf\":{\"@id\":\"https:\/\/sulsc.com\/#website\"},\"datePublished\":\"2025-05-13T10:51:21+00:00\",\"dateModified\":\"2025-05-13T10:51:21+00:00\",\"author\":{\"@id\":\"https:\/\/sulsc.com\/#\/schema\/person\/84d2fc571684f6248ba83092f07750a3\"},\"description\":\"Durante a tarde os term\u00f4metros registram temperaturas mais elevadas em compara\u00e7\u00e3o ao dia anterior com m\u00e1ximas entre 20 e 24\u00b0C\u00b0\",\"breadcrumb\":{\"@id\":\"https:\/\/sulsc.com\/index.php\/2025\/05\/13\/terca-feira-13-com-sol-entre-nuvens-e-possibilidade-de-chuva-isolada\/#breadcrumb\"},\"inLanguage\":\"en-US\",\"potentialAction\":[{\"@type\":\"ReadAction\",\"target\":[\"https:\/\/sulsc.com\/index.php\/2025\/05\/13\/terca-feira-13-com-sol-entre-nuvens-e-possibilidade-de-chuva-isolada\/\"]}]},{\"@type\":\"BreadcrumbList\",\"@id\":\"https:\/\/sulsc.com\/index.php\/2025\/05\/13\/terca-feira-13-com-sol-entre-nuvens-e-possibilidade-de-chuva-isolada\/#breadcrumb\",\"itemListElement\":[{\"@type\":\"ListItem\",\"position\":1,\"name\":\"In\u00edcio\",\"item\":\"https:\/\/sulsc.com\/\"},{\"@type\":\"ListItem\",\"position\":2,\"name\":\"Ter\u00e7a-feira (13) com sol entre nuvens e possibilidade de chuva isolada\"}]},{\"@type\":\"WebSite\",\"@id\":\"https:\/\/sulsc.com\/#website\",\"url\":\"https:\/\/sulsc.com\/\",\"name\":\"\",\"description\":\"\",\"potentialAction\":[{\"@type\":\"SearchAction\",\"target\":{\"@type\":\"EntryPoint\",\"urlTemplate\":\"https:\/\/sulsc.com\/?s={search_term_string}\"},\"query-input\":\"required name=search_term_string\"}],\"inLanguage\":\"en-US\"},{\"@type\":\"Person\",\"@id\":\"https:\/\/sulsc.com\/#\/schema\/person\/84d2fc571684f6248ba83092f07750a3\",\"name\":\"Reda\u00e7\u00e3o Sul SC\",\"image\":{\"@type\":\"ImageObject\",\"inLanguage\":\"en-US\",\"@id\":\"https:\/\/sulsc.com\/#\/schema\/person\/image\/e08d7fe2cc4ed596372063bbe852b8d0\",\"url\":\"https:\/\/sulsc.com\/wp-content\/uploads\/2023\/09\/redacao.png\",\"contentUrl\":\"https:\/\/sulsc.com\/wp-content\/uploads\/2023\/09\/redacao.png\",\"caption\":\"Reda\u00e7\u00e3o Sul SC\"},\"description\":\"Foco em um jornalismo imparcial, voltado \u00e0 qualidade dos seus conte\u00fados e, assim, levar informa\u00e7\u00e3o de valor que agregue \u00e0 vida dos leitores. Esta \u00e9 grande miss\u00e3o do Portal de Not\u00edcias Sul SC. N\u00e3o \u00e9 quantidade que muda o mundo, sempre foi e seguir\u00e1 sendo qualidade!\",\"sameAs\":[\"https:\/\/sulsc.com\/\",\"https:\/\/www.facebook.com\/profile.php?id=61559278119680\",\"https:\/\/www.instagram.com\/sulscportal\/?hl=pt-br\",\"https:\/\/twitter.com\/https:\/\/twitter.com\/PortalSulSC\",\"https:\/\/www.youtube.com\/channel\/UCv_BE8GeySluDov2n8qhVmw\"],\"url\":\"https:\/\/sulsc.com\/index.php\/author\/redacao\/\"}]}<\/script>\n<!-- \/ Yoast SEO plugin. -->","yoast_head_json":{"title":"Ter\u00e7a-feira (13) com sol entre nuvens e possibilidade de chuva isolada -","description":"Durante a tarde os term\u00f4metros registram temperaturas mais elevadas em compara\u00e7\u00e3o ao dia anterior com m\u00e1ximas entre 20 e 24\u00b0C\u00b0","robots":{"index":"index","follow":"follow","max-snippet":"max-snippet:-1","max-image-preview":"max-image-preview:large","max-video-preview":"max-video-preview:-1"},"canonical":"https:\/\/sulsc.com\/index.php\/2025\/05\/13\/terca-feira-13-com-sol-entre-nuvens-e-possibilidade-de-chuva-isolada\/","og_locale":"en_US","og_type":"article","og_title":"Ter\u00e7a-feira (13) com sol entre nuvens e possibilidade de chuva isolada -","og_description":"Durante a tarde os term\u00f4metros registram temperaturas mais elevadas em compara\u00e7\u00e3o ao dia anterior com m\u00e1ximas entre 20 e 24\u00b0C\u00b0","og_url":"https:\/\/sulsc.com\/index.php\/2025\/05\/13\/terca-feira-13-com-sol-entre-nuvens-e-possibilidade-de-chuva-isolada\/","article_author":"https:\/\/www.facebook.com\/profile.php?id=61559278119680","article_published_time":"2025-05-13T10:51:21+00:00","og_image":[{"width":1600,"height":900,"url":"http:\/\/sulsc.com\/wp-content\/uploads\/2024\/07\/tempo-nublado-2.jpeg","type":"image\/jpeg"}],"author":"Reda\u00e7\u00e3o Sul SC","twitter_card":"summary_large_image","twitter_creator":"@https:\/\/twitter.com\/PortalSulSC","twitter_misc":{"Written by":"Reda\u00e7\u00e3o Sul SC","Est. reading time":"1 minute"},"schema":{"@context":"https:\/\/schema.org","@graph":[{"@type":"WebPage","@id":"https:\/\/sulsc.com\/index.php\/2025\/05\/13\/terca-feira-13-com-sol-entre-nuvens-e-possibilidade-de-chuva-isolada\/","url":"https:\/\/sulsc.com\/index.php\/2025\/05\/13\/terca-feira-13-com-sol-entre-nuvens-e-possibilidade-de-chuva-isolada\/","name":"Ter\u00e7a-feira (13) com sol entre nuvens e possibilidade de chuva isolada -","isPartOf":{"@id":"https:\/\/sulsc.com\/#website"},"datePublished":"2025-05-13T10:51:21+00:00","dateModified":"2025-05-13T10:51:21+00:00","author":{"@id":"https:\/\/sulsc.com\/#\/schema\/person\/84d2fc571684f6248ba83092f07750a3"},"description":"Durante a tarde os term\u00f4metros registram temperaturas mais elevadas em compara\u00e7\u00e3o ao dia anterior com m\u00e1ximas entre 20 e 24\u00b0C\u00b0","breadcrumb":{"@id":"https:\/\/sulsc.com\/index.php\/2025\/05\/13\/terca-feira-13-com-sol-entre-nuvens-e-possibilidade-de-chuva-isolada\/#breadcrumb"},"inLanguage":"en-US","potentialAction":[{"@type":"ReadAction","target":["https:\/\/sulsc.com\/index.php\/2025\/05\/13\/terca-feira-13-com-sol-entre-nuvens-e-possibilidade-de-chuva-isolada\/"]}]},{"@type":"BreadcrumbList","@id":"https:\/\/sulsc.com\/index.php\/2025\/05\/13\/terca-feira-13-com-sol-entre-nuvens-e-possibilidade-de-chuva-isolada\/#breadcrumb","itemListElement":[{"@type":"ListItem","position":1,"name":"In\u00edcio","item":"https:\/\/sulsc.com\/"},{"@type":"ListItem","position":2,"name":"Ter\u00e7a-feira (13) com sol entre nuvens e possibilidade de chuva isolada"}]},{"@type":"WebSite","@id":"https:\/\/sulsc.com\/#website","url":"https:\/\/sulsc.com\/","name":"","description":"","potentialAction":[{"@type":"SearchAction","target":{"@type":"EntryPoint","urlTemplate":"https:\/\/sulsc.com\/?s={search_term_string}"},"query-input":"required name=search_term_string"}],"inLanguage":"en-US"},{"@type":"Person","@id":"https:\/\/sulsc.com\/#\/schema\/person\/84d2fc571684f6248ba83092f07750a3","name":"Reda\u00e7\u00e3o Sul SC","image":{"@type":"ImageObject","inLanguage":"en-US","@id":"https:\/\/sulsc.com\/#\/schema\/person\/image\/e08d7fe2cc4ed596372063bbe852b8d0","url":"https:\/\/sulsc.com\/wp-content\/uploads\/2023\/09\/redacao.png","contentUrl":"https:\/\/sulsc.com\/wp-content\/uploads\/2023\/09\/redacao.png","caption":"Reda\u00e7\u00e3o Sul SC"},"description":"Foco em um jornalismo imparcial, voltado \u00e0 qualidade dos seus conte\u00fados e, assim, levar informa\u00e7\u00e3o de valor que agregue \u00e0 vida dos leitores. Esta \u00e9 grande miss\u00e3o do Portal de Not\u00edcias Sul SC. N\u00e3o \u00e9 quantidade que muda o mundo, sempre foi e seguir\u00e1 sendo qualidade!","sameAs":["https:\/\/sulsc.com\/","https:\/\/www.facebook.com\/profile.php?id=61559278119680","https:\/\/www.instagram.com\/sulscportal\/?hl=pt-br","https:\/\/twitter.com\/https:\/\/twitter.com\/PortalSulSC","https:\/\/www.youtube.com\/channel\/UCv_BE8GeySluDov2n8qhVmw"],"url":"https:\/\/sulsc.com\/index.php\/author\/redacao\/"}]}},"authors":[],"_links":{"self":[{"href":"https:\/\/sulsc.com\/index.php\/wp-json\/wp\/v2\/posts\/23565"}],"collection":[{"href":"https:\/\/sulsc.com\/index.php\/wp-json\/wp\/v2\/posts"}],"about":[{"href":"https:\/\/sulsc.com\/index.php\/wp-json\/wp\/v2\/types\/post"}],"author":[{"embeddable":true,"href":"https:\/\/sulsc.com\/index.php\/wp-json\/wp\/v2\/users\/3"}],"replies":[{"embeddable":true,"href":"https:\/\/sulsc.com\/index.php\/wp-json\/wp\/v2\/comments?post=23565"}],"version-history":[{"count":2,"href":"https:\/\/sulsc.com\/index.php\/wp-json\/wp\/v2\/posts\/23565\/revisions"}],"predecessor-version":[{"id":23572,"href":"https:\/\/sulsc.com\/index.php\/wp-json\/wp\/v2\/posts\/23565\/revisions\/23572"}],"wp:featuredmedia":[{"embeddable":true,"href":"https:\/\/sulsc.com\/index.php\/wp-json\/wp\/v2\/media\/14276"}],"wp:attachment":[{"href":"https:\/\/sulsc.com\/index.php\/wp-json\/wp\/v2\/media?parent=23565"}],"wp:term":[{"taxonomy":"category","embeddable":true,"href":"https:\/\/sulsc.com\/index.php\/wp-json\/wp\/v2\/categories?post=23565"},{"taxonomy":"post_tag","embeddable":true,"href":"https:\/\/sulsc.com\/index.php\/wp-json\/wp\/v2\/tags?post=23565"}],"curies":[{"name":"wp","href":"https:\/\/api.w.org\/{rel}","templated":true}]}}