{"id":23611,"date":"2025-05-14T08:00:39","date_gmt":"2025-05-14T11:00:39","guid":{"rendered":"https:\/\/sulsc.com\/?p=23611"},"modified":"2025-05-14T08:00:39","modified_gmt":"2025-05-14T11:00:39","slug":"quarta-feira-14-dia-com-sol-entre-nuvens-e-temperaturas-acima-dos-25oc-no-litoral-sul","status":"publish","type":"post","link":"https:\/\/sulsc.com\/index.php\/2025\/05\/14\/quarta-feira-14-dia-com-sol-entre-nuvens-e-temperaturas-acima-dos-25oc-no-litoral-sul\/","title":{"rendered":"Quarta-feira (14) dia com sol entre nuvens e temperaturas acima dos 25\u00baC no litoral sul"},"content":{"rendered":"<p>Nesta quarta-feira (14), a circula\u00e7\u00e3o mar\u00edtima continua influenciando o tempo no litoral e em \u00e1reas pr\u00f3ximas, podendo ocorrer\u00a0 chuva fraca e intermitente ao longo de todo o dia. Nas demais regi\u00f5es de Santa Catarina, o tempo firme predomina, com sol entre poucas nuvens. No amanhecer, h\u00e1 condi\u00e7\u00f5es para a forma\u00e7\u00e3o de nevoeiros, especialmente nas proximidades dos rios e nas \u00e1reas mais elevadas.<\/p>\n<p><img fetchpriority=\"high\" decoding=\"async\" class=\"aligncenter size-full wp-image-23612\" src=\"http:\/\/sulsc.com\/wp-content\/uploads\/2025\/05\/a-7.png\" alt=\"\" width=\"1650\" height=\"1122\" srcset=\"https:\/\/sulsc.com\/wp-content\/uploads\/2025\/05\/a-7.png 1650w, https:\/\/sulsc.com\/wp-content\/uploads\/2025\/05\/a-7-300x204.png 300w, https:\/\/sulsc.com\/wp-content\/uploads\/2025\/05\/a-7-1024x696.png 1024w, https:\/\/sulsc.com\/wp-content\/uploads\/2025\/05\/a-7-768x522.png 768w, https:\/\/sulsc.com\/wp-content\/uploads\/2025\/05\/a-7-1536x1044.png 1536w\" sizes=\"(max-width: 1650px) 100vw, 1650px\" \/><\/p>\n<p><img decoding=\"async\" class=\"aligncenter size-full wp-image-22836\" src=\"http:\/\/sulsc.com\/wp-content\/uploads\/2025\/04\/Tempo-2.png\" alt=\"\" width=\"1024\" height=\"189\" srcset=\"https:\/\/sulsc.com\/wp-content\/uploads\/2025\/04\/Tempo-2.png 1024w, https:\/\/sulsc.com\/wp-content\/uploads\/2025\/04\/Tempo-2-300x55.png 300w, https:\/\/sulsc.com\/wp-content\/uploads\/2025\/04\/Tempo-2-768x142.png 768w\" sizes=\"(max-width: 1024px) 100vw, 1024px\" \/><\/p>\n<p><strong>Temperaturas<\/strong><\/p>\n<p>As temperaturas m\u00ednimas variam entre 12 e 17\u00b0C na maior parte do estado, ficando levemente mais amenas nas regi\u00f5es de serra do Planalto Sul, onde os term\u00f4metros ficam em torno de 7 a 11\u00b0C. \u00c0 tarde as temperaturas sobem, chegando aos 28\u00b0C no Oeste e em pontos do Litoral Sul, enquanto nas demais regi\u00f5es catarinenses n\u00e3o passam dos 24\u00b0C. O risco \u00e9 baixo para ocorr\u00eancias associadas a alagamentos pontuais, especialmente nas \u00e1reas litor\u00e2neas.<\/p>\n<p>Fonte\/Defesa Civil SC<\/p>\n","protected":false},"excerpt":{"rendered":"<p>Nesta quarta-feira (14), a circula\u00e7\u00e3o mar\u00edtima continua influenciando o tempo no litoral e em \u00e1reas pr\u00f3ximas, podendo ocorrer\u00a0 chuva fraca e intermitente ao longo de todo o dia. Nas demais regi\u00f5es de Santa Catarina, o tempo firme predomina, com sol entre poucas nuvens. No amanhecer, h\u00e1 condi\u00e7\u00f5es para a forma\u00e7\u00e3o de nevoeiros, especialmente nas proximidades &hellip;<\/p>\n<p class=\"read-more\"> <a class=\"\" href=\"https:\/\/sulsc.com\/index.php\/2025\/05\/14\/quarta-feira-14-dia-com-sol-entre-nuvens-e-temperaturas-acima-dos-25oc-no-litoral-sul\/\"> <span class=\"screen-reader-text\">Quarta-feira (14) dia com sol entre nuvens e temperaturas acima dos 25\u00baC no litoral sul<\/span> Read More &raquo;<\/a><\/p>\n","protected":false},"author":3,"featured_media":23613,"comment_status":"open","ping_status":"open","sticky":false,"template":"","format":"standard","meta":{"site-sidebar-layout":"default","site-content-layout":"","ast-site-content-layout":"default","site-content-style":"default","site-sidebar-style":"default","ast-global-header-display":"","ast-banner-title-visibility":"","ast-main-header-display":"","ast-hfb-above-header-display":"","ast-hfb-below-header-display":"","ast-hfb-mobile-header-display":"","site-post-title":"","ast-breadcrumbs-content":"","ast-featured-img":"","footer-sml-layout":"","theme-transparent-header-meta":"default","adv-header-id-meta":"","stick-header-meta":"","header-above-stick-meta":"","header-main-stick-meta":"","header-below-stick-meta":"","astra-migrate-meta-layouts":"set","footnotes":""},"categories":[38],"tags":[89],"yoast_head":"<!-- This site is optimized with the Yoast SEO plugin v21.4 - https:\/\/yoast.com\/wordpress\/plugins\/seo\/ -->\n<title>Quarta-feira (14) dia com sol entre nuvens e temperaturas acima dos 25\u00baC no litoral sul -<\/title>\n<meta name=\"description\" content=\"\u00c0 tarde as temperaturas sobem, chegando aos 28\u00b0C no Oeste e em pontos do Litoral Sul nas demais regi\u00f5es catarinenses n\u00e3o passam dos 24\u00b0C\" \/>\n<meta name=\"robots\" content=\"index, follow, max-snippet:-1, max-image-preview:large, max-video-preview:-1\" \/>\n<link rel=\"canonical\" href=\"https:\/\/sulsc.com\/index.php\/2025\/05\/14\/quarta-feira-14-dia-com-sol-entre-nuvens-e-temperaturas-acima-dos-25oc-no-litoral-sul\/\" \/>\n<meta property=\"og:locale\" content=\"en_US\" \/>\n<meta property=\"og:type\" content=\"article\" \/>\n<meta property=\"og:title\" content=\"Quarta-feira (14) dia com sol entre nuvens e temperaturas acima dos 25\u00baC no litoral sul -\" \/>\n<meta property=\"og:description\" content=\"\u00c0 tarde as temperaturas sobem, chegando aos 28\u00b0C no Oeste e em pontos do Litoral Sul nas demais regi\u00f5es catarinenses n\u00e3o passam dos 24\u00b0C\" \/>\n<meta property=\"og:url\" content=\"https:\/\/sulsc.com\/index.php\/2025\/05\/14\/quarta-feira-14-dia-com-sol-entre-nuvens-e-temperaturas-acima-dos-25oc-no-litoral-sul\/\" \/>\n<meta property=\"article:author\" content=\"https:\/\/www.facebook.com\/profile.php?id=61559278119680\" \/>\n<meta property=\"article:published_time\" content=\"2025-05-14T11:00:39+00:00\" \/>\n<meta property=\"og:image\" content=\"http:\/\/sulsc.com\/wp-content\/uploads\/2025\/05\/1f108c15-8ccd-48a0-92aa-f3d0d612711f-1.jpg\" \/>\n\t<meta property=\"og:image:width\" content=\"1080\" \/>\n\t<meta property=\"og:image:height\" content=\"1318\" \/>\n\t<meta property=\"og:image:type\" content=\"image\/jpeg\" \/>\n<meta name=\"author\" content=\"Reda\u00e7\u00e3o Sul SC\" \/>\n<meta name=\"twitter:card\" content=\"summary_large_image\" \/>\n<meta name=\"twitter:creator\" content=\"@https:\/\/twitter.com\/PortalSulSC\" \/>\n<meta name=\"twitter:label1\" content=\"Written by\" \/>\n\t<meta name=\"twitter:data1\" content=\"Reda\u00e7\u00e3o Sul SC\" \/>\n\t<meta name=\"twitter:label2\" content=\"Est. reading time\" \/>\n\t<meta name=\"twitter:data2\" content=\"2 minutes\" \/>\n<script type=\"application\/ld+json\" class=\"yoast-schema-graph\">{\"@context\":\"https:\/\/schema.org\",\"@graph\":[{\"@type\":\"WebPage\",\"@id\":\"https:\/\/sulsc.com\/index.php\/2025\/05\/14\/quarta-feira-14-dia-com-sol-entre-nuvens-e-temperaturas-acima-dos-25oc-no-litoral-sul\/\",\"url\":\"https:\/\/sulsc.com\/index.php\/2025\/05\/14\/quarta-feira-14-dia-com-sol-entre-nuvens-e-temperaturas-acima-dos-25oc-no-litoral-sul\/\",\"name\":\"Quarta-feira (14) dia com sol entre nuvens e temperaturas acima dos 25\u00baC no litoral sul -\",\"isPartOf\":{\"@id\":\"https:\/\/sulsc.com\/#website\"},\"datePublished\":\"2025-05-14T11:00:39+00:00\",\"dateModified\":\"2025-05-14T11:00:39+00:00\",\"author\":{\"@id\":\"https:\/\/sulsc.com\/#\/schema\/person\/84d2fc571684f6248ba83092f07750a3\"},\"description\":\"\u00c0 tarde as temperaturas sobem, chegando aos 28\u00b0C no Oeste e em pontos do Litoral Sul nas demais regi\u00f5es catarinenses n\u00e3o passam dos 24\u00b0C\",\"breadcrumb\":{\"@id\":\"https:\/\/sulsc.com\/index.php\/2025\/05\/14\/quarta-feira-14-dia-com-sol-entre-nuvens-e-temperaturas-acima-dos-25oc-no-litoral-sul\/#breadcrumb\"},\"inLanguage\":\"en-US\",\"potentialAction\":[{\"@type\":\"ReadAction\",\"target\":[\"https:\/\/sulsc.com\/index.php\/2025\/05\/14\/quarta-feira-14-dia-com-sol-entre-nuvens-e-temperaturas-acima-dos-25oc-no-litoral-sul\/\"]}]},{\"@type\":\"BreadcrumbList\",\"@id\":\"https:\/\/sulsc.com\/index.php\/2025\/05\/14\/quarta-feira-14-dia-com-sol-entre-nuvens-e-temperaturas-acima-dos-25oc-no-litoral-sul\/#breadcrumb\",\"itemListElement\":[{\"@type\":\"ListItem\",\"position\":1,\"name\":\"In\u00edcio\",\"item\":\"https:\/\/sulsc.com\/\"},{\"@type\":\"ListItem\",\"position\":2,\"name\":\"Quarta-feira (14) dia com sol entre nuvens e temperaturas acima dos 25\u00baC no litoral sul\"}]},{\"@type\":\"WebSite\",\"@id\":\"https:\/\/sulsc.com\/#website\",\"url\":\"https:\/\/sulsc.com\/\",\"name\":\"\",\"description\":\"\",\"potentialAction\":[{\"@type\":\"SearchAction\",\"target\":{\"@type\":\"EntryPoint\",\"urlTemplate\":\"https:\/\/sulsc.com\/?s={search_term_string}\"},\"query-input\":\"required name=search_term_string\"}],\"inLanguage\":\"en-US\"},{\"@type\":\"Person\",\"@id\":\"https:\/\/sulsc.com\/#\/schema\/person\/84d2fc571684f6248ba83092f07750a3\",\"name\":\"Reda\u00e7\u00e3o Sul SC\",\"image\":{\"@type\":\"ImageObject\",\"inLanguage\":\"en-US\",\"@id\":\"https:\/\/sulsc.com\/#\/schema\/person\/image\/e08d7fe2cc4ed596372063bbe852b8d0\",\"url\":\"https:\/\/sulsc.com\/wp-content\/uploads\/2023\/09\/redacao.png\",\"contentUrl\":\"https:\/\/sulsc.com\/wp-content\/uploads\/2023\/09\/redacao.png\",\"caption\":\"Reda\u00e7\u00e3o Sul SC\"},\"description\":\"Foco em um jornalismo imparcial, voltado \u00e0 qualidade dos seus conte\u00fados e, assim, levar informa\u00e7\u00e3o de valor que agregue \u00e0 vida dos leitores. Esta \u00e9 grande miss\u00e3o do Portal de Not\u00edcias Sul SC. N\u00e3o \u00e9 quantidade que muda o mundo, sempre foi e seguir\u00e1 sendo qualidade!\",\"sameAs\":[\"https:\/\/sulsc.com\/\",\"https:\/\/www.facebook.com\/profile.php?id=61559278119680\",\"https:\/\/www.instagram.com\/sulscportal\/?hl=pt-br\",\"https:\/\/twitter.com\/https:\/\/twitter.com\/PortalSulSC\",\"https:\/\/www.youtube.com\/channel\/UCv_BE8GeySluDov2n8qhVmw\"],\"url\":\"https:\/\/sulsc.com\/index.php\/author\/redacao\/\"}]}<\/script>\n<!-- \/ Yoast SEO plugin. -->","yoast_head_json":{"title":"Quarta-feira (14) dia com sol entre nuvens e temperaturas acima dos 25\u00baC no litoral sul -","description":"\u00c0 tarde as temperaturas sobem, chegando aos 28\u00b0C no Oeste e em pontos do Litoral Sul nas demais regi\u00f5es catarinenses n\u00e3o passam dos 24\u00b0C","robots":{"index":"index","follow":"follow","max-snippet":"max-snippet:-1","max-image-preview":"max-image-preview:large","max-video-preview":"max-video-preview:-1"},"canonical":"https:\/\/sulsc.com\/index.php\/2025\/05\/14\/quarta-feira-14-dia-com-sol-entre-nuvens-e-temperaturas-acima-dos-25oc-no-litoral-sul\/","og_locale":"en_US","og_type":"article","og_title":"Quarta-feira (14) dia com sol entre nuvens e temperaturas acima dos 25\u00baC no litoral sul -","og_description":"\u00c0 tarde as temperaturas sobem, chegando aos 28\u00b0C no Oeste e em pontos do Litoral Sul nas demais regi\u00f5es catarinenses n\u00e3o passam dos 24\u00b0C","og_url":"https:\/\/sulsc.com\/index.php\/2025\/05\/14\/quarta-feira-14-dia-com-sol-entre-nuvens-e-temperaturas-acima-dos-25oc-no-litoral-sul\/","article_author":"https:\/\/www.facebook.com\/profile.php?id=61559278119680","article_published_time":"2025-05-14T11:00:39+00:00","og_image":[{"width":1080,"height":1318,"url":"http:\/\/sulsc.com\/wp-content\/uploads\/2025\/05\/1f108c15-8ccd-48a0-92aa-f3d0d612711f-1.jpg","type":"image\/jpeg"}],"author":"Reda\u00e7\u00e3o Sul SC","twitter_card":"summary_large_image","twitter_creator":"@https:\/\/twitter.com\/PortalSulSC","twitter_misc":{"Written by":"Reda\u00e7\u00e3o Sul SC","Est. reading time":"2 minutes"},"schema":{"@context":"https:\/\/schema.org","@graph":[{"@type":"WebPage","@id":"https:\/\/sulsc.com\/index.php\/2025\/05\/14\/quarta-feira-14-dia-com-sol-entre-nuvens-e-temperaturas-acima-dos-25oc-no-litoral-sul\/","url":"https:\/\/sulsc.com\/index.php\/2025\/05\/14\/quarta-feira-14-dia-com-sol-entre-nuvens-e-temperaturas-acima-dos-25oc-no-litoral-sul\/","name":"Quarta-feira (14) dia com sol entre nuvens e temperaturas acima dos 25\u00baC no litoral sul -","isPartOf":{"@id":"https:\/\/sulsc.com\/#website"},"datePublished":"2025-05-14T11:00:39+00:00","dateModified":"2025-05-14T11:00:39+00:00","author":{"@id":"https:\/\/sulsc.com\/#\/schema\/person\/84d2fc571684f6248ba83092f07750a3"},"description":"\u00c0 tarde as temperaturas sobem, chegando aos 28\u00b0C no Oeste e em pontos do Litoral Sul nas demais regi\u00f5es catarinenses n\u00e3o passam dos 24\u00b0C","breadcrumb":{"@id":"https:\/\/sulsc.com\/index.php\/2025\/05\/14\/quarta-feira-14-dia-com-sol-entre-nuvens-e-temperaturas-acima-dos-25oc-no-litoral-sul\/#breadcrumb"},"inLanguage":"en-US","potentialAction":[{"@type":"ReadAction","target":["https:\/\/sulsc.com\/index.php\/2025\/05\/14\/quarta-feira-14-dia-com-sol-entre-nuvens-e-temperaturas-acima-dos-25oc-no-litoral-sul\/"]}]},{"@type":"BreadcrumbList","@id":"https:\/\/sulsc.com\/index.php\/2025\/05\/14\/quarta-feira-14-dia-com-sol-entre-nuvens-e-temperaturas-acima-dos-25oc-no-litoral-sul\/#breadcrumb","itemListElement":[{"@type":"ListItem","position":1,"name":"In\u00edcio","item":"https:\/\/sulsc.com\/"},{"@type":"ListItem","position":2,"name":"Quarta-feira (14) dia com sol entre nuvens e temperaturas acima dos 25\u00baC no litoral sul"}]},{"@type":"WebSite","@id":"https:\/\/sulsc.com\/#website","url":"https:\/\/sulsc.com\/","name":"","description":"","potentialAction":[{"@type":"SearchAction","target":{"@type":"EntryPoint","urlTemplate":"https:\/\/sulsc.com\/?s={search_term_string}"},"query-input":"required name=search_term_string"}],"inLanguage":"en-US"},{"@type":"Person","@id":"https:\/\/sulsc.com\/#\/schema\/person\/84d2fc571684f6248ba83092f07750a3","name":"Reda\u00e7\u00e3o Sul SC","image":{"@type":"ImageObject","inLanguage":"en-US","@id":"https:\/\/sulsc.com\/#\/schema\/person\/image\/e08d7fe2cc4ed596372063bbe852b8d0","url":"https:\/\/sulsc.com\/wp-content\/uploads\/2023\/09\/redacao.png","contentUrl":"https:\/\/sulsc.com\/wp-content\/uploads\/2023\/09\/redacao.png","caption":"Reda\u00e7\u00e3o Sul SC"},"description":"Foco em um jornalismo imparcial, voltado \u00e0 qualidade dos seus conte\u00fados e, assim, levar informa\u00e7\u00e3o de valor que agregue \u00e0 vida dos leitores. Esta \u00e9 grande miss\u00e3o do Portal de Not\u00edcias Sul SC. N\u00e3o \u00e9 quantidade que muda o mundo, sempre foi e seguir\u00e1 sendo qualidade!","sameAs":["https:\/\/sulsc.com\/","https:\/\/www.facebook.com\/profile.php?id=61559278119680","https:\/\/www.instagram.com\/sulscportal\/?hl=pt-br","https:\/\/twitter.com\/https:\/\/twitter.com\/PortalSulSC","https:\/\/www.youtube.com\/channel\/UCv_BE8GeySluDov2n8qhVmw"],"url":"https:\/\/sulsc.com\/index.php\/author\/redacao\/"}]}},"authors":[],"_links":{"self":[{"href":"https:\/\/sulsc.com\/index.php\/wp-json\/wp\/v2\/posts\/23611"}],"collection":[{"href":"https:\/\/sulsc.com\/index.php\/wp-json\/wp\/v2\/posts"}],"about":[{"href":"https:\/\/sulsc.com\/index.php\/wp-json\/wp\/v2\/types\/post"}],"author":[{"embeddable":true,"href":"https:\/\/sulsc.com\/index.php\/wp-json\/wp\/v2\/users\/3"}],"replies":[{"embeddable":true,"href":"https:\/\/sulsc.com\/index.php\/wp-json\/wp\/v2\/comments?post=23611"}],"version-history":[{"count":1,"href":"https:\/\/sulsc.com\/index.php\/wp-json\/wp\/v2\/posts\/23611\/revisions"}],"predecessor-version":[{"id":23614,"href":"https:\/\/sulsc.com\/index.php\/wp-json\/wp\/v2\/posts\/23611\/revisions\/23614"}],"wp:featuredmedia":[{"embeddable":true,"href":"https:\/\/sulsc.com\/index.php\/wp-json\/wp\/v2\/media\/23613"}],"wp:attachment":[{"href":"https:\/\/sulsc.com\/index.php\/wp-json\/wp\/v2\/media?parent=23611"}],"wp:term":[{"taxonomy":"category","embeddable":true,"href":"https:\/\/sulsc.com\/index.php\/wp-json\/wp\/v2\/categories?post=23611"},{"taxonomy":"post_tag","embeddable":true,"href":"https:\/\/sulsc.com\/index.php\/wp-json\/wp\/v2\/tags?post=23611"}],"curies":[{"name":"wp","href":"https:\/\/api.w.org\/{rel}","templated":true}]}}