{"id":2369,"date":"2023-10-16T17:30:43","date_gmt":"2023-10-16T20:30:43","guid":{"rendered":"https:\/\/sulsc.com\/?p=2369"},"modified":"2023-10-16T16:49:22","modified_gmt":"2023-10-16T19:49:22","slug":"laguna-decreta-situacao-de-emergencia-devido-as-fortes-chuvas","status":"publish","type":"post","link":"https:\/\/sulsc.com\/index.php\/2023\/10\/16\/laguna-decreta-situacao-de-emergencia-devido-as-fortes-chuvas\/","title":{"rendered":"Laguna decreta situa\u00e7\u00e3o de emerg\u00eancia devido \u00e0s fortes chuvas"},"content":{"rendered":"<p>A Prefeitura de Laguna declarou situa\u00e7\u00e3o de emerg\u00eancia no munic\u00edpio por conta da ocorr\u00eancia de tempestade local e chuvas intensas que assolaram a cidade nos dias 6, 7 e 8 de outubro. O acumulo total foi de 137,00 mm, o que ocasionou inunda\u00e7\u00e3o, alagamentos, deslizamentos e acumulo de materiais (lixo, mat\u00e9ria org\u00e2nica e animais mortos) na orla do munic\u00edpio.<\/p>\n<p>Considerando o Decreto n. 299, de 7 de outubro de 2023, do Governo do Estado de Santa Catarina, que declarou situa\u00e7\u00e3o de emerg\u00eancia n\u00edvel II em todo o territ\u00f3rio do Estado e a necessidade de melhor avaliar as consequ\u00eancias das fortes chuvas e de resguardar e prevenir a ocorr\u00eancia de maiores desastres ambientais, materiais, humanos e econ\u00f4micos; est\u00e1 confirmada a mobiliza\u00e7\u00e3o do Sistema Nacional de Defesa Civil, no \u00e2mbito do Munic\u00edpio, sob a coordena\u00e7\u00e3o do Coordenador Municipal de Defesa Civil e autoriza-se o desencadeamento do Plano Emergencial de Resposta aos Desastres, ap\u00f3s adaptado \u00e0 situa\u00e7\u00e3o real deste desastre, que ser\u00e1 monitorada e avaliada com o decorrer dos trabalhos.<\/p>\n<p><img fetchpriority=\"high\" decoding=\"async\" class=\"alignnone size-full wp-image-2371\" src=\"http:\/\/sulsc.com\/wp-content\/uploads\/2023\/10\/obras-pos-chuvas-10-out-15-1024x768-1.jpeg\" alt=\"\" width=\"1024\" height=\"768\" srcset=\"https:\/\/sulsc.com\/wp-content\/uploads\/2023\/10\/obras-pos-chuvas-10-out-15-1024x768-1.jpeg 1024w, https:\/\/sulsc.com\/wp-content\/uploads\/2023\/10\/obras-pos-chuvas-10-out-15-1024x768-1-300x225.jpeg 300w, https:\/\/sulsc.com\/wp-content\/uploads\/2023\/10\/obras-pos-chuvas-10-out-15-1024x768-1-768x576.jpeg 768w\" sizes=\"(max-width: 1024px) 100vw, 1024px\" \/><\/p>\n<p>Autoriza-se a convoca\u00e7\u00e3o de volunt\u00e1rios, para refor\u00e7ar as a\u00e7\u00f5es de resposta aos desastres, e a realiza\u00e7\u00e3o de campanhas de arrecada\u00e7\u00e3o de recursos, junto \u00e0 comunidade, com o objetivo de facilitar as a\u00e7\u00f5es de assist\u00eancia \u00e0 popula\u00e7\u00e3o afetada pelo desastre.<\/p>\n<p>De acordo com o estabelecido nos incisos XI e XXV do artigo 5\u00ba da Constitui\u00e7\u00e3o da Rep\u00fablica Federativa do Brasil de 1988, autoriza-se as autoridades administrativas e os agentes de defesa civil diretamente respons\u00e1veis pelas a\u00e7\u00f5es de resposta aos desastres, em caso de risco iminente:I \u2013 adentrar nas casas, a qualquer hora do dia ou da noite, mesmo sem o consentimento do morador, para prestar socorro ou para determinar a evacua\u00e7\u00e3o das mesmas.<\/p>\n<p>Este decreto entra em vigor na data de sua publica\u00e7\u00e3o, com retroa\u00e7\u00e3o \u00e0 data do evento, por 90 dias e pode ser prorrogado pelo prazo m\u00e1ximo de 180 dias.<\/p>\n<p>&nbsp;<\/p>\n<p>Fonte: Pref. Laguna<\/p>\n","protected":false},"excerpt":{"rendered":"<p>A Prefeitura de Laguna declarou situa\u00e7\u00e3o de emerg\u00eancia no munic\u00edpio por conta da ocorr\u00eancia de tempestade local e chuvas intensas que assolaram a cidade nos dias 6, 7 e 8 de outubro. O acumulo total foi de 137,00 mm, o que ocasionou inunda\u00e7\u00e3o, alagamentos, deslizamentos e acumulo de materiais (lixo, mat\u00e9ria org\u00e2nica e animais mortos) &hellip;<\/p>\n<p class=\"read-more\"> <a class=\"\" href=\"https:\/\/sulsc.com\/index.php\/2023\/10\/16\/laguna-decreta-situacao-de-emergencia-devido-as-fortes-chuvas\/\"> <span class=\"screen-reader-text\">Laguna decreta situa\u00e7\u00e3o de emerg\u00eancia devido \u00e0s fortes chuvas<\/span> Read More &raquo;<\/a><\/p>\n","protected":false},"author":3,"featured_media":2373,"comment_status":"open","ping_status":"open","sticky":false,"template":"","format":"standard","meta":{"site-sidebar-layout":"default","site-content-layout":"","ast-site-content-layout":"default","site-content-style":"default","site-sidebar-style":"default","ast-global-header-display":"","ast-banner-title-visibility":"","ast-main-header-display":"","ast-hfb-above-header-display":"","ast-hfb-below-header-display":"","ast-hfb-mobile-header-display":"","site-post-title":"","ast-breadcrumbs-content":"","ast-featured-img":"","footer-sml-layout":"","theme-transparent-header-meta":"default","adv-header-id-meta":"","stick-header-meta":"","header-above-stick-meta":"","header-main-stick-meta":"","header-below-stick-meta":"","astra-migrate-meta-layouts":"set","footnotes":""},"categories":[1,22,8],"tags":[],"yoast_head":"<!-- This site is optimized with the Yoast SEO plugin v21.4 - https:\/\/yoast.com\/wordpress\/plugins\/seo\/ -->\n<title>Laguna decreta situa\u00e7\u00e3o de emerg\u00eancia devido \u00e0s fortes chuvas -<\/title>\n<meta name=\"robots\" content=\"index, follow, max-snippet:-1, max-image-preview:large, max-video-preview:-1\" \/>\n<link rel=\"canonical\" href=\"https:\/\/sulsc.com\/index.php\/2023\/10\/16\/laguna-decreta-situacao-de-emergencia-devido-as-fortes-chuvas\/\" \/>\n<meta property=\"og:locale\" content=\"en_US\" \/>\n<meta property=\"og:type\" content=\"article\" \/>\n<meta property=\"og:title\" content=\"Laguna decreta situa\u00e7\u00e3o de emerg\u00eancia devido \u00e0s fortes chuvas -\" \/>\n<meta property=\"og:description\" content=\"A Prefeitura de Laguna declarou situa\u00e7\u00e3o de emerg\u00eancia no munic\u00edpio por conta da ocorr\u00eancia de tempestade local e chuvas intensas que assolaram a cidade nos dias 6, 7 e 8 de outubro. O acumulo total foi de 137,00 mm, o que ocasionou inunda\u00e7\u00e3o, alagamentos, deslizamentos e acumulo de materiais (lixo, mat\u00e9ria org\u00e2nica e animais mortos) &hellip; Laguna decreta situa\u00e7\u00e3o de emerg\u00eancia devido \u00e0s fortes chuvas Read More &raquo;\" \/>\n<meta property=\"og:url\" content=\"https:\/\/sulsc.com\/index.php\/2023\/10\/16\/laguna-decreta-situacao-de-emergencia-devido-as-fortes-chuvas\/\" \/>\n<meta property=\"article:author\" content=\"https:\/\/www.facebook.com\/profile.php?id=61559278119680\" \/>\n<meta property=\"article:published_time\" content=\"2023-10-16T20:30:43+00:00\" \/>\n<meta property=\"article:modified_time\" content=\"2023-10-16T19:49:22+00:00\" \/>\n<meta property=\"og:image\" content=\"https:\/\/sulsc.com\/wp-content\/uploads\/2023\/10\/obras-pos-chuvas-10-out-16-800x445-1.jpeg\" \/>\n\t<meta property=\"og:image:width\" content=\"800\" \/>\n\t<meta property=\"og:image:height\" content=\"445\" \/>\n\t<meta property=\"og:image:type\" content=\"image\/jpeg\" \/>\n<meta name=\"author\" content=\"Reda\u00e7\u00e3o Sul SC\" \/>\n<meta name=\"twitter:card\" content=\"summary_large_image\" \/>\n<meta name=\"twitter:creator\" content=\"@https:\/\/twitter.com\/PortalSulSC\" \/>\n<meta name=\"twitter:label1\" content=\"Written by\" \/>\n\t<meta name=\"twitter:data1\" content=\"Reda\u00e7\u00e3o Sul SC\" \/>\n\t<meta name=\"twitter:label2\" content=\"Est. reading time\" \/>\n\t<meta name=\"twitter:data2\" content=\"2 minutes\" \/>\n<script type=\"application\/ld+json\" class=\"yoast-schema-graph\">{\"@context\":\"https:\/\/schema.org\",\"@graph\":[{\"@type\":\"WebPage\",\"@id\":\"https:\/\/sulsc.com\/index.php\/2023\/10\/16\/laguna-decreta-situacao-de-emergencia-devido-as-fortes-chuvas\/\",\"url\":\"https:\/\/sulsc.com\/index.php\/2023\/10\/16\/laguna-decreta-situacao-de-emergencia-devido-as-fortes-chuvas\/\",\"name\":\"Laguna decreta situa\u00e7\u00e3o de emerg\u00eancia devido \u00e0s fortes chuvas -\",\"isPartOf\":{\"@id\":\"https:\/\/sulsc.com\/#website\"},\"datePublished\":\"2023-10-16T20:30:43+00:00\",\"dateModified\":\"2023-10-16T19:49:22+00:00\",\"author\":{\"@id\":\"https:\/\/sulsc.com\/#\/schema\/person\/84d2fc571684f6248ba83092f07750a3\"},\"breadcrumb\":{\"@id\":\"https:\/\/sulsc.com\/index.php\/2023\/10\/16\/laguna-decreta-situacao-de-emergencia-devido-as-fortes-chuvas\/#breadcrumb\"},\"inLanguage\":\"en-US\",\"potentialAction\":[{\"@type\":\"ReadAction\",\"target\":[\"https:\/\/sulsc.com\/index.php\/2023\/10\/16\/laguna-decreta-situacao-de-emergencia-devido-as-fortes-chuvas\/\"]}]},{\"@type\":\"BreadcrumbList\",\"@id\":\"https:\/\/sulsc.com\/index.php\/2023\/10\/16\/laguna-decreta-situacao-de-emergencia-devido-as-fortes-chuvas\/#breadcrumb\",\"itemListElement\":[{\"@type\":\"ListItem\",\"position\":1,\"name\":\"In\u00edcio\",\"item\":\"https:\/\/sulsc.com\/\"},{\"@type\":\"ListItem\",\"position\":2,\"name\":\"Laguna decreta situa\u00e7\u00e3o de emerg\u00eancia devido \u00e0s fortes chuvas\"}]},{\"@type\":\"WebSite\",\"@id\":\"https:\/\/sulsc.com\/#website\",\"url\":\"https:\/\/sulsc.com\/\",\"name\":\"\",\"description\":\"\",\"potentialAction\":[{\"@type\":\"SearchAction\",\"target\":{\"@type\":\"EntryPoint\",\"urlTemplate\":\"https:\/\/sulsc.com\/?s={search_term_string}\"},\"query-input\":\"required name=search_term_string\"}],\"inLanguage\":\"en-US\"},{\"@type\":\"Person\",\"@id\":\"https:\/\/sulsc.com\/#\/schema\/person\/84d2fc571684f6248ba83092f07750a3\",\"name\":\"Reda\u00e7\u00e3o Sul SC\",\"image\":{\"@type\":\"ImageObject\",\"inLanguage\":\"en-US\",\"@id\":\"https:\/\/sulsc.com\/#\/schema\/person\/image\/e08d7fe2cc4ed596372063bbe852b8d0\",\"url\":\"https:\/\/sulsc.com\/wp-content\/uploads\/2023\/09\/redacao.png\",\"contentUrl\":\"https:\/\/sulsc.com\/wp-content\/uploads\/2023\/09\/redacao.png\",\"caption\":\"Reda\u00e7\u00e3o Sul SC\"},\"description\":\"Foco em um jornalismo imparcial, voltado \u00e0 qualidade dos seus conte\u00fados e, assim, levar informa\u00e7\u00e3o de valor que agregue \u00e0 vida dos leitores. Esta \u00e9 grande miss\u00e3o do Portal de Not\u00edcias Sul SC. N\u00e3o \u00e9 quantidade que muda o mundo, sempre foi e seguir\u00e1 sendo qualidade!\",\"sameAs\":[\"https:\/\/sulsc.com\/\",\"https:\/\/www.facebook.com\/profile.php?id=61559278119680\",\"https:\/\/www.instagram.com\/sulscportal\/?hl=pt-br\",\"https:\/\/twitter.com\/https:\/\/twitter.com\/PortalSulSC\",\"https:\/\/www.youtube.com\/channel\/UCv_BE8GeySluDov2n8qhVmw\"],\"url\":\"https:\/\/sulsc.com\/index.php\/author\/redacao\/\"}]}<\/script>\n<!-- \/ Yoast SEO plugin. -->","yoast_head_json":{"title":"Laguna decreta situa\u00e7\u00e3o de emerg\u00eancia devido \u00e0s fortes chuvas -","robots":{"index":"index","follow":"follow","max-snippet":"max-snippet:-1","max-image-preview":"max-image-preview:large","max-video-preview":"max-video-preview:-1"},"canonical":"https:\/\/sulsc.com\/index.php\/2023\/10\/16\/laguna-decreta-situacao-de-emergencia-devido-as-fortes-chuvas\/","og_locale":"en_US","og_type":"article","og_title":"Laguna decreta situa\u00e7\u00e3o de emerg\u00eancia devido \u00e0s fortes chuvas -","og_description":"A Prefeitura de Laguna declarou situa\u00e7\u00e3o de emerg\u00eancia no munic\u00edpio por conta da ocorr\u00eancia de tempestade local e chuvas intensas que assolaram a cidade nos dias 6, 7 e 8 de outubro. O acumulo total foi de 137,00 mm, o que ocasionou inunda\u00e7\u00e3o, alagamentos, deslizamentos e acumulo de materiais (lixo, mat\u00e9ria org\u00e2nica e animais mortos) &hellip; Laguna decreta situa\u00e7\u00e3o de emerg\u00eancia devido \u00e0s fortes chuvas Read More &raquo;","og_url":"https:\/\/sulsc.com\/index.php\/2023\/10\/16\/laguna-decreta-situacao-de-emergencia-devido-as-fortes-chuvas\/","article_author":"https:\/\/www.facebook.com\/profile.php?id=61559278119680","article_published_time":"2023-10-16T20:30:43+00:00","article_modified_time":"2023-10-16T19:49:22+00:00","og_image":[{"width":800,"height":445,"url":"https:\/\/sulsc.com\/wp-content\/uploads\/2023\/10\/obras-pos-chuvas-10-out-16-800x445-1.jpeg","type":"image\/jpeg"}],"author":"Reda\u00e7\u00e3o Sul SC","twitter_card":"summary_large_image","twitter_creator":"@https:\/\/twitter.com\/PortalSulSC","twitter_misc":{"Written by":"Reda\u00e7\u00e3o Sul SC","Est. reading time":"2 minutes"},"schema":{"@context":"https:\/\/schema.org","@graph":[{"@type":"WebPage","@id":"https:\/\/sulsc.com\/index.php\/2023\/10\/16\/laguna-decreta-situacao-de-emergencia-devido-as-fortes-chuvas\/","url":"https:\/\/sulsc.com\/index.php\/2023\/10\/16\/laguna-decreta-situacao-de-emergencia-devido-as-fortes-chuvas\/","name":"Laguna decreta situa\u00e7\u00e3o de emerg\u00eancia devido \u00e0s fortes chuvas -","isPartOf":{"@id":"https:\/\/sulsc.com\/#website"},"datePublished":"2023-10-16T20:30:43+00:00","dateModified":"2023-10-16T19:49:22+00:00","author":{"@id":"https:\/\/sulsc.com\/#\/schema\/person\/84d2fc571684f6248ba83092f07750a3"},"breadcrumb":{"@id":"https:\/\/sulsc.com\/index.php\/2023\/10\/16\/laguna-decreta-situacao-de-emergencia-devido-as-fortes-chuvas\/#breadcrumb"},"inLanguage":"en-US","potentialAction":[{"@type":"ReadAction","target":["https:\/\/sulsc.com\/index.php\/2023\/10\/16\/laguna-decreta-situacao-de-emergencia-devido-as-fortes-chuvas\/"]}]},{"@type":"BreadcrumbList","@id":"https:\/\/sulsc.com\/index.php\/2023\/10\/16\/laguna-decreta-situacao-de-emergencia-devido-as-fortes-chuvas\/#breadcrumb","itemListElement":[{"@type":"ListItem","position":1,"name":"In\u00edcio","item":"https:\/\/sulsc.com\/"},{"@type":"ListItem","position":2,"name":"Laguna decreta situa\u00e7\u00e3o de emerg\u00eancia devido \u00e0s fortes chuvas"}]},{"@type":"WebSite","@id":"https:\/\/sulsc.com\/#website","url":"https:\/\/sulsc.com\/","name":"","description":"","potentialAction":[{"@type":"SearchAction","target":{"@type":"EntryPoint","urlTemplate":"https:\/\/sulsc.com\/?s={search_term_string}"},"query-input":"required name=search_term_string"}],"inLanguage":"en-US"},{"@type":"Person","@id":"https:\/\/sulsc.com\/#\/schema\/person\/84d2fc571684f6248ba83092f07750a3","name":"Reda\u00e7\u00e3o Sul SC","image":{"@type":"ImageObject","inLanguage":"en-US","@id":"https:\/\/sulsc.com\/#\/schema\/person\/image\/e08d7fe2cc4ed596372063bbe852b8d0","url":"https:\/\/sulsc.com\/wp-content\/uploads\/2023\/09\/redacao.png","contentUrl":"https:\/\/sulsc.com\/wp-content\/uploads\/2023\/09\/redacao.png","caption":"Reda\u00e7\u00e3o Sul SC"},"description":"Foco em um jornalismo imparcial, voltado \u00e0 qualidade dos seus conte\u00fados e, assim, levar informa\u00e7\u00e3o de valor que agregue \u00e0 vida dos leitores. Esta \u00e9 grande miss\u00e3o do Portal de Not\u00edcias Sul SC. N\u00e3o \u00e9 quantidade que muda o mundo, sempre foi e seguir\u00e1 sendo qualidade!","sameAs":["https:\/\/sulsc.com\/","https:\/\/www.facebook.com\/profile.php?id=61559278119680","https:\/\/www.instagram.com\/sulscportal\/?hl=pt-br","https:\/\/twitter.com\/https:\/\/twitter.com\/PortalSulSC","https:\/\/www.youtube.com\/channel\/UCv_BE8GeySluDov2n8qhVmw"],"url":"https:\/\/sulsc.com\/index.php\/author\/redacao\/"}]}},"authors":[],"_links":{"self":[{"href":"https:\/\/sulsc.com\/index.php\/wp-json\/wp\/v2\/posts\/2369"}],"collection":[{"href":"https:\/\/sulsc.com\/index.php\/wp-json\/wp\/v2\/posts"}],"about":[{"href":"https:\/\/sulsc.com\/index.php\/wp-json\/wp\/v2\/types\/post"}],"author":[{"embeddable":true,"href":"https:\/\/sulsc.com\/index.php\/wp-json\/wp\/v2\/users\/3"}],"replies":[{"embeddable":true,"href":"https:\/\/sulsc.com\/index.php\/wp-json\/wp\/v2\/comments?post=2369"}],"version-history":[{"count":3,"href":"https:\/\/sulsc.com\/index.php\/wp-json\/wp\/v2\/posts\/2369\/revisions"}],"predecessor-version":[{"id":2374,"href":"https:\/\/sulsc.com\/index.php\/wp-json\/wp\/v2\/posts\/2369\/revisions\/2374"}],"wp:featuredmedia":[{"embeddable":true,"href":"https:\/\/sulsc.com\/index.php\/wp-json\/wp\/v2\/media\/2373"}],"wp:attachment":[{"href":"https:\/\/sulsc.com\/index.php\/wp-json\/wp\/v2\/media?parent=2369"}],"wp:term":[{"taxonomy":"category","embeddable":true,"href":"https:\/\/sulsc.com\/index.php\/wp-json\/wp\/v2\/categories?post=2369"},{"taxonomy":"post_tag","embeddable":true,"href":"https:\/\/sulsc.com\/index.php\/wp-json\/wp\/v2\/tags?post=2369"}],"curies":[{"name":"wp","href":"https:\/\/api.w.org\/{rel}","templated":true}]}}