{"id":23829,"date":"2025-05-20T06:23:20","date_gmt":"2025-05-20T09:23:20","guid":{"rendered":"https:\/\/sulsc.com\/?p=23829"},"modified":"2025-05-20T06:23:20","modified_gmt":"2025-05-20T09:23:20","slug":"frente-fria-traz-chuva-para-regiao-sul-nesta-terca-feira-20","status":"publish","type":"post","link":"https:\/\/sulsc.com\/index.php\/2025\/05\/20\/frente-fria-traz-chuva-para-regiao-sul-nesta-terca-feira-20\/","title":{"rendered":"Frente fria traz chuva para regi\u00e3o sul nesta ter\u00e7a-feira (20)"},"content":{"rendered":"<p>A ter\u00e7a-feira (20) j\u00e1 come\u00e7a com tempo inst\u00e1vel e condi\u00e7\u00f5es para chuva e temporais isolados nas \u00e1reas de divisa com o estado ga\u00facho, devido \u00e0 forma\u00e7\u00e3o de uma nova frente fria entre o norte do RS e SC. Nas demais regi\u00f5es catarinenses, a chuva retorna na forma de pancadas isoladas com trovoadas entre a tarde e a noite.<\/p>\n<p>O risco \u00e9 baixo a moderado para ocorr\u00eancias associadas a alagamentos pontuais, queda de galhos e \u00e1rvores e danos na rede el\u00e9trica.<\/p>\n<p><img fetchpriority=\"high\" decoding=\"async\" class=\"aligncenter size-full wp-image-23830\" src=\"http:\/\/sulsc.com\/wp-content\/uploads\/2025\/05\/a-10.png\" alt=\"\" width=\"1024\" height=\"698\" srcset=\"https:\/\/sulsc.com\/wp-content\/uploads\/2025\/05\/a-10.png 1024w, https:\/\/sulsc.com\/wp-content\/uploads\/2025\/05\/a-10-300x204.png 300w, https:\/\/sulsc.com\/wp-content\/uploads\/2025\/05\/a-10-768x524.png 768w\" sizes=\"(max-width: 1024px) 100vw, 1024px\" \/><\/p>\n<p><img decoding=\"async\" class=\"aligncenter  wp-image-22836\" src=\"http:\/\/sulsc.com\/wp-content\/uploads\/2025\/04\/Tempo-2.png\" alt=\"\" width=\"731\" height=\"135\" srcset=\"https:\/\/sulsc.com\/wp-content\/uploads\/2025\/04\/Tempo-2.png 1024w, https:\/\/sulsc.com\/wp-content\/uploads\/2025\/04\/Tempo-2-300x55.png 300w, https:\/\/sulsc.com\/wp-content\/uploads\/2025\/04\/Tempo-2-768x142.png 768w\" sizes=\"(max-width: 731px) 100vw, 731px\" \/><\/p>\n<p style=\"text-align: center;\">Defesa Civil SC\/Divulga\u00e7\u00e3o\/Sulsc<\/p>\n<p><strong>Temperaturas<\/strong><\/p>\n<p>Temperaturas m\u00e1ximas, \u00e0 tarde, pr\u00f3ximas de 30\u00b0C no Litoral e nas demais regi\u00f5es,variando de 23 a 26\u00b0C. A agita\u00e7\u00e3o do mar aumenta no sul do estado, com ondas de sul\/sudeste se aproximando de 2,0<\/p>\n","protected":false},"excerpt":{"rendered":"<p>A ter\u00e7a-feira (20) j\u00e1 come\u00e7a com tempo inst\u00e1vel e condi\u00e7\u00f5es para chuva e temporais isolados nas \u00e1reas de divisa com o estado ga\u00facho, devido \u00e0 forma\u00e7\u00e3o de uma nova frente fria entre o norte do RS e SC. Nas demais regi\u00f5es catarinenses, a chuva retorna na forma de pancadas isoladas com trovoadas entre a tarde &hellip;<\/p>\n<p class=\"read-more\"> <a class=\"\" href=\"https:\/\/sulsc.com\/index.php\/2025\/05\/20\/frente-fria-traz-chuva-para-regiao-sul-nesta-terca-feira-20\/\"> <span class=\"screen-reader-text\">Frente fria traz chuva para regi\u00e3o sul nesta ter\u00e7a-feira (20)<\/span> Read More &raquo;<\/a><\/p>\n","protected":false},"author":3,"featured_media":23830,"comment_status":"open","ping_status":"open","sticky":false,"template":"","format":"standard","meta":{"site-sidebar-layout":"default","site-content-layout":"","ast-site-content-layout":"default","site-content-style":"default","site-sidebar-style":"default","ast-global-header-display":"","ast-banner-title-visibility":"","ast-main-header-display":"","ast-hfb-above-header-display":"","ast-hfb-below-header-display":"","ast-hfb-mobile-header-display":"","site-post-title":"","ast-breadcrumbs-content":"","ast-featured-img":"","footer-sml-layout":"","theme-transparent-header-meta":"default","adv-header-id-meta":"","stick-header-meta":"","header-above-stick-meta":"","header-main-stick-meta":"","header-below-stick-meta":"","astra-migrate-meta-layouts":"set","footnotes":""},"categories":[38],"tags":[90],"yoast_head":"<!-- This site is optimized with the Yoast SEO plugin v21.4 - https:\/\/yoast.com\/wordpress\/plugins\/seo\/ -->\n<title>Frente fria traz chuva para regi\u00e3o sul nesta ter\u00e7a-feira (20) -<\/title>\n<meta name=\"description\" content=\"O risco \u00e9 baixo a moderado para ocorr\u00eancias associadas a alagamentos pontuais queda de galhos e \u00e1rvores e danos na rede el\u00e9trica\" \/>\n<meta name=\"robots\" content=\"index, follow, max-snippet:-1, max-image-preview:large, max-video-preview:-1\" \/>\n<link rel=\"canonical\" href=\"https:\/\/sulsc.com\/index.php\/2025\/05\/20\/frente-fria-traz-chuva-para-regiao-sul-nesta-terca-feira-20\/\" \/>\n<meta property=\"og:locale\" content=\"en_US\" \/>\n<meta property=\"og:type\" content=\"article\" \/>\n<meta property=\"og:title\" content=\"Frente fria traz chuva para regi\u00e3o sul nesta ter\u00e7a-feira (20) -\" \/>\n<meta property=\"og:description\" content=\"O risco \u00e9 baixo a moderado para ocorr\u00eancias associadas a alagamentos pontuais queda de galhos e \u00e1rvores e danos na rede el\u00e9trica\" \/>\n<meta property=\"og:url\" content=\"https:\/\/sulsc.com\/index.php\/2025\/05\/20\/frente-fria-traz-chuva-para-regiao-sul-nesta-terca-feira-20\/\" \/>\n<meta property=\"article:author\" content=\"https:\/\/www.facebook.com\/profile.php?id=61559278119680\" \/>\n<meta property=\"article:published_time\" content=\"2025-05-20T09:23:20+00:00\" \/>\n<meta property=\"og:image\" content=\"http:\/\/sulsc.com\/wp-content\/uploads\/2025\/05\/a-10.png\" \/>\n\t<meta property=\"og:image:width\" content=\"1024\" \/>\n\t<meta property=\"og:image:height\" content=\"698\" \/>\n\t<meta property=\"og:image:type\" content=\"image\/png\" \/>\n<meta name=\"author\" content=\"Reda\u00e7\u00e3o Sul SC\" \/>\n<meta name=\"twitter:card\" content=\"summary_large_image\" \/>\n<meta name=\"twitter:creator\" content=\"@https:\/\/twitter.com\/PortalSulSC\" \/>\n<meta name=\"twitter:label1\" content=\"Written by\" \/>\n\t<meta name=\"twitter:data1\" content=\"Reda\u00e7\u00e3o Sul SC\" \/>\n\t<meta name=\"twitter:label2\" content=\"Est. reading time\" \/>\n\t<meta name=\"twitter:data2\" content=\"1 minute\" \/>\n<script type=\"application\/ld+json\" class=\"yoast-schema-graph\">{\"@context\":\"https:\/\/schema.org\",\"@graph\":[{\"@type\":\"WebPage\",\"@id\":\"https:\/\/sulsc.com\/index.php\/2025\/05\/20\/frente-fria-traz-chuva-para-regiao-sul-nesta-terca-feira-20\/\",\"url\":\"https:\/\/sulsc.com\/index.php\/2025\/05\/20\/frente-fria-traz-chuva-para-regiao-sul-nesta-terca-feira-20\/\",\"name\":\"Frente fria traz chuva para regi\u00e3o sul nesta ter\u00e7a-feira (20) -\",\"isPartOf\":{\"@id\":\"https:\/\/sulsc.com\/#website\"},\"datePublished\":\"2025-05-20T09:23:20+00:00\",\"dateModified\":\"2025-05-20T09:23:20+00:00\",\"author\":{\"@id\":\"https:\/\/sulsc.com\/#\/schema\/person\/84d2fc571684f6248ba83092f07750a3\"},\"description\":\"O risco \u00e9 baixo a moderado para ocorr\u00eancias associadas a alagamentos pontuais queda de galhos e \u00e1rvores e danos na rede el\u00e9trica\",\"breadcrumb\":{\"@id\":\"https:\/\/sulsc.com\/index.php\/2025\/05\/20\/frente-fria-traz-chuva-para-regiao-sul-nesta-terca-feira-20\/#breadcrumb\"},\"inLanguage\":\"en-US\",\"potentialAction\":[{\"@type\":\"ReadAction\",\"target\":[\"https:\/\/sulsc.com\/index.php\/2025\/05\/20\/frente-fria-traz-chuva-para-regiao-sul-nesta-terca-feira-20\/\"]}]},{\"@type\":\"BreadcrumbList\",\"@id\":\"https:\/\/sulsc.com\/index.php\/2025\/05\/20\/frente-fria-traz-chuva-para-regiao-sul-nesta-terca-feira-20\/#breadcrumb\",\"itemListElement\":[{\"@type\":\"ListItem\",\"position\":1,\"name\":\"In\u00edcio\",\"item\":\"https:\/\/sulsc.com\/\"},{\"@type\":\"ListItem\",\"position\":2,\"name\":\"Frente fria traz chuva para regi\u00e3o sul nesta ter\u00e7a-feira (20)\"}]},{\"@type\":\"WebSite\",\"@id\":\"https:\/\/sulsc.com\/#website\",\"url\":\"https:\/\/sulsc.com\/\",\"name\":\"\",\"description\":\"\",\"potentialAction\":[{\"@type\":\"SearchAction\",\"target\":{\"@type\":\"EntryPoint\",\"urlTemplate\":\"https:\/\/sulsc.com\/?s={search_term_string}\"},\"query-input\":\"required name=search_term_string\"}],\"inLanguage\":\"en-US\"},{\"@type\":\"Person\",\"@id\":\"https:\/\/sulsc.com\/#\/schema\/person\/84d2fc571684f6248ba83092f07750a3\",\"name\":\"Reda\u00e7\u00e3o Sul SC\",\"image\":{\"@type\":\"ImageObject\",\"inLanguage\":\"en-US\",\"@id\":\"https:\/\/sulsc.com\/#\/schema\/person\/image\/e08d7fe2cc4ed596372063bbe852b8d0\",\"url\":\"https:\/\/sulsc.com\/wp-content\/uploads\/2023\/09\/redacao.png\",\"contentUrl\":\"https:\/\/sulsc.com\/wp-content\/uploads\/2023\/09\/redacao.png\",\"caption\":\"Reda\u00e7\u00e3o Sul SC\"},\"description\":\"Foco em um jornalismo imparcial, voltado \u00e0 qualidade dos seus conte\u00fados e, assim, levar informa\u00e7\u00e3o de valor que agregue \u00e0 vida dos leitores. Esta \u00e9 grande miss\u00e3o do Portal de Not\u00edcias Sul SC. N\u00e3o \u00e9 quantidade que muda o mundo, sempre foi e seguir\u00e1 sendo qualidade!\",\"sameAs\":[\"https:\/\/sulsc.com\/\",\"https:\/\/www.facebook.com\/profile.php?id=61559278119680\",\"https:\/\/www.instagram.com\/sulscportal\/?hl=pt-br\",\"https:\/\/twitter.com\/https:\/\/twitter.com\/PortalSulSC\",\"https:\/\/www.youtube.com\/channel\/UCv_BE8GeySluDov2n8qhVmw\"],\"url\":\"https:\/\/sulsc.com\/index.php\/author\/redacao\/\"}]}<\/script>\n<!-- \/ Yoast SEO plugin. -->","yoast_head_json":{"title":"Frente fria traz chuva para regi\u00e3o sul nesta ter\u00e7a-feira (20) -","description":"O risco \u00e9 baixo a moderado para ocorr\u00eancias associadas a alagamentos pontuais queda de galhos e \u00e1rvores e danos na rede el\u00e9trica","robots":{"index":"index","follow":"follow","max-snippet":"max-snippet:-1","max-image-preview":"max-image-preview:large","max-video-preview":"max-video-preview:-1"},"canonical":"https:\/\/sulsc.com\/index.php\/2025\/05\/20\/frente-fria-traz-chuva-para-regiao-sul-nesta-terca-feira-20\/","og_locale":"en_US","og_type":"article","og_title":"Frente fria traz chuva para regi\u00e3o sul nesta ter\u00e7a-feira (20) -","og_description":"O risco \u00e9 baixo a moderado para ocorr\u00eancias associadas a alagamentos pontuais queda de galhos e \u00e1rvores e danos na rede el\u00e9trica","og_url":"https:\/\/sulsc.com\/index.php\/2025\/05\/20\/frente-fria-traz-chuva-para-regiao-sul-nesta-terca-feira-20\/","article_author":"https:\/\/www.facebook.com\/profile.php?id=61559278119680","article_published_time":"2025-05-20T09:23:20+00:00","og_image":[{"width":1024,"height":698,"url":"http:\/\/sulsc.com\/wp-content\/uploads\/2025\/05\/a-10.png","type":"image\/png"}],"author":"Reda\u00e7\u00e3o Sul SC","twitter_card":"summary_large_image","twitter_creator":"@https:\/\/twitter.com\/PortalSulSC","twitter_misc":{"Written by":"Reda\u00e7\u00e3o Sul SC","Est. reading time":"1 minute"},"schema":{"@context":"https:\/\/schema.org","@graph":[{"@type":"WebPage","@id":"https:\/\/sulsc.com\/index.php\/2025\/05\/20\/frente-fria-traz-chuva-para-regiao-sul-nesta-terca-feira-20\/","url":"https:\/\/sulsc.com\/index.php\/2025\/05\/20\/frente-fria-traz-chuva-para-regiao-sul-nesta-terca-feira-20\/","name":"Frente fria traz chuva para regi\u00e3o sul nesta ter\u00e7a-feira (20) -","isPartOf":{"@id":"https:\/\/sulsc.com\/#website"},"datePublished":"2025-05-20T09:23:20+00:00","dateModified":"2025-05-20T09:23:20+00:00","author":{"@id":"https:\/\/sulsc.com\/#\/schema\/person\/84d2fc571684f6248ba83092f07750a3"},"description":"O risco \u00e9 baixo a moderado para ocorr\u00eancias associadas a alagamentos pontuais queda de galhos e \u00e1rvores e danos na rede el\u00e9trica","breadcrumb":{"@id":"https:\/\/sulsc.com\/index.php\/2025\/05\/20\/frente-fria-traz-chuva-para-regiao-sul-nesta-terca-feira-20\/#breadcrumb"},"inLanguage":"en-US","potentialAction":[{"@type":"ReadAction","target":["https:\/\/sulsc.com\/index.php\/2025\/05\/20\/frente-fria-traz-chuva-para-regiao-sul-nesta-terca-feira-20\/"]}]},{"@type":"BreadcrumbList","@id":"https:\/\/sulsc.com\/index.php\/2025\/05\/20\/frente-fria-traz-chuva-para-regiao-sul-nesta-terca-feira-20\/#breadcrumb","itemListElement":[{"@type":"ListItem","position":1,"name":"In\u00edcio","item":"https:\/\/sulsc.com\/"},{"@type":"ListItem","position":2,"name":"Frente fria traz chuva para regi\u00e3o sul nesta ter\u00e7a-feira (20)"}]},{"@type":"WebSite","@id":"https:\/\/sulsc.com\/#website","url":"https:\/\/sulsc.com\/","name":"","description":"","potentialAction":[{"@type":"SearchAction","target":{"@type":"EntryPoint","urlTemplate":"https:\/\/sulsc.com\/?s={search_term_string}"},"query-input":"required name=search_term_string"}],"inLanguage":"en-US"},{"@type":"Person","@id":"https:\/\/sulsc.com\/#\/schema\/person\/84d2fc571684f6248ba83092f07750a3","name":"Reda\u00e7\u00e3o Sul SC","image":{"@type":"ImageObject","inLanguage":"en-US","@id":"https:\/\/sulsc.com\/#\/schema\/person\/image\/e08d7fe2cc4ed596372063bbe852b8d0","url":"https:\/\/sulsc.com\/wp-content\/uploads\/2023\/09\/redacao.png","contentUrl":"https:\/\/sulsc.com\/wp-content\/uploads\/2023\/09\/redacao.png","caption":"Reda\u00e7\u00e3o Sul SC"},"description":"Foco em um jornalismo imparcial, voltado \u00e0 qualidade dos seus conte\u00fados e, assim, levar informa\u00e7\u00e3o de valor que agregue \u00e0 vida dos leitores. Esta \u00e9 grande miss\u00e3o do Portal de Not\u00edcias Sul SC. N\u00e3o \u00e9 quantidade que muda o mundo, sempre foi e seguir\u00e1 sendo qualidade!","sameAs":["https:\/\/sulsc.com\/","https:\/\/www.facebook.com\/profile.php?id=61559278119680","https:\/\/www.instagram.com\/sulscportal\/?hl=pt-br","https:\/\/twitter.com\/https:\/\/twitter.com\/PortalSulSC","https:\/\/www.youtube.com\/channel\/UCv_BE8GeySluDov2n8qhVmw"],"url":"https:\/\/sulsc.com\/index.php\/author\/redacao\/"}]}},"authors":[],"_links":{"self":[{"href":"https:\/\/sulsc.com\/index.php\/wp-json\/wp\/v2\/posts\/23829"}],"collection":[{"href":"https:\/\/sulsc.com\/index.php\/wp-json\/wp\/v2\/posts"}],"about":[{"href":"https:\/\/sulsc.com\/index.php\/wp-json\/wp\/v2\/types\/post"}],"author":[{"embeddable":true,"href":"https:\/\/sulsc.com\/index.php\/wp-json\/wp\/v2\/users\/3"}],"replies":[{"embeddable":true,"href":"https:\/\/sulsc.com\/index.php\/wp-json\/wp\/v2\/comments?post=23829"}],"version-history":[{"count":1,"href":"https:\/\/sulsc.com\/index.php\/wp-json\/wp\/v2\/posts\/23829\/revisions"}],"predecessor-version":[{"id":23831,"href":"https:\/\/sulsc.com\/index.php\/wp-json\/wp\/v2\/posts\/23829\/revisions\/23831"}],"wp:featuredmedia":[{"embeddable":true,"href":"https:\/\/sulsc.com\/index.php\/wp-json\/wp\/v2\/media\/23830"}],"wp:attachment":[{"href":"https:\/\/sulsc.com\/index.php\/wp-json\/wp\/v2\/media?parent=23829"}],"wp:term":[{"taxonomy":"category","embeddable":true,"href":"https:\/\/sulsc.com\/index.php\/wp-json\/wp\/v2\/categories?post=23829"},{"taxonomy":"post_tag","embeddable":true,"href":"https:\/\/sulsc.com\/index.php\/wp-json\/wp\/v2\/tags?post=23829"}],"curies":[{"name":"wp","href":"https:\/\/api.w.org\/{rel}","templated":true}]}}