{"id":2394,"date":"2023-10-17T08:30:52","date_gmt":"2023-10-17T11:30:52","guid":{"rendered":"https:\/\/sulsc.com\/?p=2394"},"modified":"2023-10-17T08:20:10","modified_gmt":"2023-10-17T11:20:10","slug":"tragedia-na-serra-catarinense-irmaos-morrem-afogados-apos-sairem-para-brincar","status":"publish","type":"post","link":"https:\/\/sulsc.com\/index.php\/2023\/10\/17\/tragedia-na-serra-catarinense-irmaos-morrem-afogados-apos-sairem-para-brincar\/","title":{"rendered":"Trag\u00e9dia na Serra Catarinense: irm\u00e3os morrem afogados ap\u00f3s sa\u00edrem para brincar"},"content":{"rendered":"<p>Dois irm\u00e3os perderam a vida ap\u00f3s ca\u00edrem em uma fossa cheia de \u00e1gua. O caso aconteceu em S\u00e3o Joaquim, durante a tarde de domingo (15). As crian\u00e7as, de 5 e 8 anos, eram moradoras da localidade de Morros Altos.<\/p>\n<p>No decorrer da tarde, os dois irm\u00e3os sa\u00edram para brincar, mas demoraram a retornar para casa. Preocupados, os pais das crian\u00e7as iniciaram a busca por elas e, para sua ang\u00fastia, encontraram os chinelos dos pequenos pr\u00f3ximos a uma fossa cheia de \u00e1gua pr\u00f3ximo de sua casa. As crian\u00e7as estavam dentro do local, j\u00e1 desacordados.<\/p>\n<p><img fetchpriority=\"high\" decoding=\"async\" class=\"alignnone size-full wp-image-1653\" src=\"http:\/\/sulsc.com\/wp-content\/uploads\/2023\/10\/giroflex.jpeg\" alt=\"\" width=\"760\" height=\"431\" srcset=\"https:\/\/sulsc.com\/wp-content\/uploads\/2023\/10\/giroflex.jpeg 760w, https:\/\/sulsc.com\/wp-content\/uploads\/2023\/10\/giroflex-300x170.jpeg 300w\" sizes=\"(max-width: 760px) 100vw, 760px\" \/><\/p>\n<p>O pai das crian\u00e7as, com o apoio de terceiros, imediatamente iniciou os esfor\u00e7os para reanimar seus filhos. A pol\u00edcia foi acionada e se deslocou para o local da ocorr\u00eancia em apoio ao Corpo de Bombeiros. No entanto, apesar dos esfor\u00e7os, as crian\u00e7as n\u00e3o puderam ser reanimadas a tempo. Ainda de acordo com as informa\u00e7\u00f5es, as crian\u00e7as s\u00e3o naturais do estado de Alagoas e estavam em S\u00e3o Joaquim h\u00e1 poucos anos, quando os pais vieram em busca de trabalho.<\/p>\n<p>&nbsp;<\/p>\n<p>Fonte: Hora Hiper<\/p>\n","protected":false},"excerpt":{"rendered":"<p>Dois irm\u00e3os perderam a vida ap\u00f3s ca\u00edrem em uma fossa cheia de \u00e1gua. O caso aconteceu em S\u00e3o Joaquim, durante a tarde de domingo (15). As crian\u00e7as, de 5 e 8 anos, eram moradoras da localidade de Morros Altos. No decorrer da tarde, os dois irm\u00e3os sa\u00edram para brincar, mas demoraram a retornar para casa. &hellip;<\/p>\n<p class=\"read-more\"> <a class=\"\" href=\"https:\/\/sulsc.com\/index.php\/2023\/10\/17\/tragedia-na-serra-catarinense-irmaos-morrem-afogados-apos-sairem-para-brincar\/\"> <span class=\"screen-reader-text\">Trag\u00e9dia na Serra Catarinense: irm\u00e3os morrem afogados ap\u00f3s sa\u00edrem para brincar<\/span> Read More &raquo;<\/a><\/p>\n","protected":false},"author":3,"featured_media":1654,"comment_status":"open","ping_status":"open","sticky":false,"template":"","format":"standard","meta":{"site-sidebar-layout":"default","site-content-layout":"","ast-site-content-layout":"default","site-content-style":"default","site-sidebar-style":"default","ast-global-header-display":"","ast-banner-title-visibility":"","ast-main-header-display":"","ast-hfb-above-header-display":"","ast-hfb-below-header-display":"","ast-hfb-mobile-header-display":"","site-post-title":"","ast-breadcrumbs-content":"","ast-featured-img":"","footer-sml-layout":"","theme-transparent-header-meta":"default","adv-header-id-meta":"","stick-header-meta":"","header-above-stick-meta":"","header-main-stick-meta":"","header-below-stick-meta":"","astra-migrate-meta-layouts":"set","footnotes":""},"categories":[8],"tags":[],"yoast_head":"<!-- This site is optimized with the Yoast SEO plugin v21.4 - https:\/\/yoast.com\/wordpress\/plugins\/seo\/ -->\n<title>Trag\u00e9dia na Serra Catarinense: irm\u00e3os morrem afogados ap\u00f3s sa\u00edrem para brincar -<\/title>\n<meta name=\"robots\" content=\"index, follow, max-snippet:-1, max-image-preview:large, max-video-preview:-1\" \/>\n<link rel=\"canonical\" href=\"https:\/\/sulsc.com\/index.php\/2023\/10\/17\/tragedia-na-serra-catarinense-irmaos-morrem-afogados-apos-sairem-para-brincar\/\" \/>\n<meta property=\"og:locale\" content=\"en_US\" \/>\n<meta property=\"og:type\" content=\"article\" \/>\n<meta property=\"og:title\" content=\"Trag\u00e9dia na Serra Catarinense: irm\u00e3os morrem afogados ap\u00f3s sa\u00edrem para brincar -\" \/>\n<meta property=\"og:description\" content=\"Dois irm\u00e3os perderam a vida ap\u00f3s ca\u00edrem em uma fossa cheia de \u00e1gua. O caso aconteceu em S\u00e3o Joaquim, durante a tarde de domingo (15). As crian\u00e7as, de 5 e 8 anos, eram moradoras da localidade de Morros Altos. No decorrer da tarde, os dois irm\u00e3os sa\u00edram para brincar, mas demoraram a retornar para casa. &hellip; Trag\u00e9dia na Serra Catarinense: irm\u00e3os morrem afogados ap\u00f3s sa\u00edrem para brincar Read More &raquo;\" \/>\n<meta property=\"og:url\" content=\"https:\/\/sulsc.com\/index.php\/2023\/10\/17\/tragedia-na-serra-catarinense-irmaos-morrem-afogados-apos-sairem-para-brincar\/\" \/>\n<meta property=\"article:author\" content=\"https:\/\/www.facebook.com\/profile.php?id=61559278119680\" \/>\n<meta property=\"article:published_time\" content=\"2023-10-17T11:30:52+00:00\" \/>\n<meta property=\"article:modified_time\" content=\"2023-10-17T11:20:10+00:00\" \/>\n<meta property=\"og:image\" content=\"https:\/\/sulsc.com\/wp-content\/uploads\/2023\/10\/giroflex.jpg\" \/>\n\t<meta property=\"og:image:width\" content=\"696\" \/>\n\t<meta property=\"og:image:height\" content=\"464\" \/>\n\t<meta property=\"og:image:type\" content=\"image\/jpeg\" \/>\n<meta name=\"author\" content=\"Reda\u00e7\u00e3o Sul SC\" \/>\n<meta name=\"twitter:card\" content=\"summary_large_image\" \/>\n<meta name=\"twitter:creator\" content=\"@https:\/\/twitter.com\/PortalSulSC\" \/>\n<meta name=\"twitter:label1\" content=\"Written by\" \/>\n\t<meta name=\"twitter:data1\" content=\"Reda\u00e7\u00e3o Sul SC\" \/>\n\t<meta name=\"twitter:label2\" content=\"Est. reading time\" \/>\n\t<meta name=\"twitter:data2\" content=\"1 minute\" \/>\n<script type=\"application\/ld+json\" class=\"yoast-schema-graph\">{\"@context\":\"https:\/\/schema.org\",\"@graph\":[{\"@type\":\"WebPage\",\"@id\":\"https:\/\/sulsc.com\/index.php\/2023\/10\/17\/tragedia-na-serra-catarinense-irmaos-morrem-afogados-apos-sairem-para-brincar\/\",\"url\":\"https:\/\/sulsc.com\/index.php\/2023\/10\/17\/tragedia-na-serra-catarinense-irmaos-morrem-afogados-apos-sairem-para-brincar\/\",\"name\":\"Trag\u00e9dia na Serra Catarinense: irm\u00e3os morrem afogados ap\u00f3s sa\u00edrem para brincar -\",\"isPartOf\":{\"@id\":\"https:\/\/sulsc.com\/#website\"},\"datePublished\":\"2023-10-17T11:30:52+00:00\",\"dateModified\":\"2023-10-17T11:20:10+00:00\",\"author\":{\"@id\":\"https:\/\/sulsc.com\/#\/schema\/person\/84d2fc571684f6248ba83092f07750a3\"},\"breadcrumb\":{\"@id\":\"https:\/\/sulsc.com\/index.php\/2023\/10\/17\/tragedia-na-serra-catarinense-irmaos-morrem-afogados-apos-sairem-para-brincar\/#breadcrumb\"},\"inLanguage\":\"en-US\",\"potentialAction\":[{\"@type\":\"ReadAction\",\"target\":[\"https:\/\/sulsc.com\/index.php\/2023\/10\/17\/tragedia-na-serra-catarinense-irmaos-morrem-afogados-apos-sairem-para-brincar\/\"]}]},{\"@type\":\"BreadcrumbList\",\"@id\":\"https:\/\/sulsc.com\/index.php\/2023\/10\/17\/tragedia-na-serra-catarinense-irmaos-morrem-afogados-apos-sairem-para-brincar\/#breadcrumb\",\"itemListElement\":[{\"@type\":\"ListItem\",\"position\":1,\"name\":\"In\u00edcio\",\"item\":\"https:\/\/sulsc.com\/\"},{\"@type\":\"ListItem\",\"position\":2,\"name\":\"Trag\u00e9dia na Serra Catarinense: irm\u00e3os morrem afogados ap\u00f3s sa\u00edrem para brincar\"}]},{\"@type\":\"WebSite\",\"@id\":\"https:\/\/sulsc.com\/#website\",\"url\":\"https:\/\/sulsc.com\/\",\"name\":\"\",\"description\":\"\",\"potentialAction\":[{\"@type\":\"SearchAction\",\"target\":{\"@type\":\"EntryPoint\",\"urlTemplate\":\"https:\/\/sulsc.com\/?s={search_term_string}\"},\"query-input\":\"required name=search_term_string\"}],\"inLanguage\":\"en-US\"},{\"@type\":\"Person\",\"@id\":\"https:\/\/sulsc.com\/#\/schema\/person\/84d2fc571684f6248ba83092f07750a3\",\"name\":\"Reda\u00e7\u00e3o Sul SC\",\"image\":{\"@type\":\"ImageObject\",\"inLanguage\":\"en-US\",\"@id\":\"https:\/\/sulsc.com\/#\/schema\/person\/image\/e08d7fe2cc4ed596372063bbe852b8d0\",\"url\":\"https:\/\/sulsc.com\/wp-content\/uploads\/2023\/09\/redacao.png\",\"contentUrl\":\"https:\/\/sulsc.com\/wp-content\/uploads\/2023\/09\/redacao.png\",\"caption\":\"Reda\u00e7\u00e3o Sul SC\"},\"description\":\"Foco em um jornalismo imparcial, voltado \u00e0 qualidade dos seus conte\u00fados e, assim, levar informa\u00e7\u00e3o de valor que agregue \u00e0 vida dos leitores. Esta \u00e9 grande miss\u00e3o do Portal de Not\u00edcias Sul SC. N\u00e3o \u00e9 quantidade que muda o mundo, sempre foi e seguir\u00e1 sendo qualidade!\",\"sameAs\":[\"https:\/\/sulsc.com\/\",\"https:\/\/www.facebook.com\/profile.php?id=61559278119680\",\"https:\/\/www.instagram.com\/sulscportal\/?hl=pt-br\",\"https:\/\/twitter.com\/https:\/\/twitter.com\/PortalSulSC\",\"https:\/\/www.youtube.com\/channel\/UCv_BE8GeySluDov2n8qhVmw\"],\"url\":\"https:\/\/sulsc.com\/index.php\/author\/redacao\/\"}]}<\/script>\n<!-- \/ Yoast SEO plugin. -->","yoast_head_json":{"title":"Trag\u00e9dia na Serra Catarinense: irm\u00e3os morrem afogados ap\u00f3s sa\u00edrem para brincar -","robots":{"index":"index","follow":"follow","max-snippet":"max-snippet:-1","max-image-preview":"max-image-preview:large","max-video-preview":"max-video-preview:-1"},"canonical":"https:\/\/sulsc.com\/index.php\/2023\/10\/17\/tragedia-na-serra-catarinense-irmaos-morrem-afogados-apos-sairem-para-brincar\/","og_locale":"en_US","og_type":"article","og_title":"Trag\u00e9dia na Serra Catarinense: irm\u00e3os morrem afogados ap\u00f3s sa\u00edrem para brincar -","og_description":"Dois irm\u00e3os perderam a vida ap\u00f3s ca\u00edrem em uma fossa cheia de \u00e1gua. O caso aconteceu em S\u00e3o Joaquim, durante a tarde de domingo (15). As crian\u00e7as, de 5 e 8 anos, eram moradoras da localidade de Morros Altos. No decorrer da tarde, os dois irm\u00e3os sa\u00edram para brincar, mas demoraram a retornar para casa. &hellip; Trag\u00e9dia na Serra Catarinense: irm\u00e3os morrem afogados ap\u00f3s sa\u00edrem para brincar Read More &raquo;","og_url":"https:\/\/sulsc.com\/index.php\/2023\/10\/17\/tragedia-na-serra-catarinense-irmaos-morrem-afogados-apos-sairem-para-brincar\/","article_author":"https:\/\/www.facebook.com\/profile.php?id=61559278119680","article_published_time":"2023-10-17T11:30:52+00:00","article_modified_time":"2023-10-17T11:20:10+00:00","og_image":[{"width":696,"height":464,"url":"https:\/\/sulsc.com\/wp-content\/uploads\/2023\/10\/giroflex.jpg","type":"image\/jpeg"}],"author":"Reda\u00e7\u00e3o Sul SC","twitter_card":"summary_large_image","twitter_creator":"@https:\/\/twitter.com\/PortalSulSC","twitter_misc":{"Written by":"Reda\u00e7\u00e3o Sul SC","Est. reading time":"1 minute"},"schema":{"@context":"https:\/\/schema.org","@graph":[{"@type":"WebPage","@id":"https:\/\/sulsc.com\/index.php\/2023\/10\/17\/tragedia-na-serra-catarinense-irmaos-morrem-afogados-apos-sairem-para-brincar\/","url":"https:\/\/sulsc.com\/index.php\/2023\/10\/17\/tragedia-na-serra-catarinense-irmaos-morrem-afogados-apos-sairem-para-brincar\/","name":"Trag\u00e9dia na Serra Catarinense: irm\u00e3os morrem afogados ap\u00f3s sa\u00edrem para brincar -","isPartOf":{"@id":"https:\/\/sulsc.com\/#website"},"datePublished":"2023-10-17T11:30:52+00:00","dateModified":"2023-10-17T11:20:10+00:00","author":{"@id":"https:\/\/sulsc.com\/#\/schema\/person\/84d2fc571684f6248ba83092f07750a3"},"breadcrumb":{"@id":"https:\/\/sulsc.com\/index.php\/2023\/10\/17\/tragedia-na-serra-catarinense-irmaos-morrem-afogados-apos-sairem-para-brincar\/#breadcrumb"},"inLanguage":"en-US","potentialAction":[{"@type":"ReadAction","target":["https:\/\/sulsc.com\/index.php\/2023\/10\/17\/tragedia-na-serra-catarinense-irmaos-morrem-afogados-apos-sairem-para-brincar\/"]}]},{"@type":"BreadcrumbList","@id":"https:\/\/sulsc.com\/index.php\/2023\/10\/17\/tragedia-na-serra-catarinense-irmaos-morrem-afogados-apos-sairem-para-brincar\/#breadcrumb","itemListElement":[{"@type":"ListItem","position":1,"name":"In\u00edcio","item":"https:\/\/sulsc.com\/"},{"@type":"ListItem","position":2,"name":"Trag\u00e9dia na Serra Catarinense: irm\u00e3os morrem afogados ap\u00f3s sa\u00edrem para brincar"}]},{"@type":"WebSite","@id":"https:\/\/sulsc.com\/#website","url":"https:\/\/sulsc.com\/","name":"","description":"","potentialAction":[{"@type":"SearchAction","target":{"@type":"EntryPoint","urlTemplate":"https:\/\/sulsc.com\/?s={search_term_string}"},"query-input":"required name=search_term_string"}],"inLanguage":"en-US"},{"@type":"Person","@id":"https:\/\/sulsc.com\/#\/schema\/person\/84d2fc571684f6248ba83092f07750a3","name":"Reda\u00e7\u00e3o Sul SC","image":{"@type":"ImageObject","inLanguage":"en-US","@id":"https:\/\/sulsc.com\/#\/schema\/person\/image\/e08d7fe2cc4ed596372063bbe852b8d0","url":"https:\/\/sulsc.com\/wp-content\/uploads\/2023\/09\/redacao.png","contentUrl":"https:\/\/sulsc.com\/wp-content\/uploads\/2023\/09\/redacao.png","caption":"Reda\u00e7\u00e3o Sul SC"},"description":"Foco em um jornalismo imparcial, voltado \u00e0 qualidade dos seus conte\u00fados e, assim, levar informa\u00e7\u00e3o de valor que agregue \u00e0 vida dos leitores. Esta \u00e9 grande miss\u00e3o do Portal de Not\u00edcias Sul SC. N\u00e3o \u00e9 quantidade que muda o mundo, sempre foi e seguir\u00e1 sendo qualidade!","sameAs":["https:\/\/sulsc.com\/","https:\/\/www.facebook.com\/profile.php?id=61559278119680","https:\/\/www.instagram.com\/sulscportal\/?hl=pt-br","https:\/\/twitter.com\/https:\/\/twitter.com\/PortalSulSC","https:\/\/www.youtube.com\/channel\/UCv_BE8GeySluDov2n8qhVmw"],"url":"https:\/\/sulsc.com\/index.php\/author\/redacao\/"}]}},"authors":[],"_links":{"self":[{"href":"https:\/\/sulsc.com\/index.php\/wp-json\/wp\/v2\/posts\/2394"}],"collection":[{"href":"https:\/\/sulsc.com\/index.php\/wp-json\/wp\/v2\/posts"}],"about":[{"href":"https:\/\/sulsc.com\/index.php\/wp-json\/wp\/v2\/types\/post"}],"author":[{"embeddable":true,"href":"https:\/\/sulsc.com\/index.php\/wp-json\/wp\/v2\/users\/3"}],"replies":[{"embeddable":true,"href":"https:\/\/sulsc.com\/index.php\/wp-json\/wp\/v2\/comments?post=2394"}],"version-history":[{"count":1,"href":"https:\/\/sulsc.com\/index.php\/wp-json\/wp\/v2\/posts\/2394\/revisions"}],"predecessor-version":[{"id":2395,"href":"https:\/\/sulsc.com\/index.php\/wp-json\/wp\/v2\/posts\/2394\/revisions\/2395"}],"wp:featuredmedia":[{"embeddable":true,"href":"https:\/\/sulsc.com\/index.php\/wp-json\/wp\/v2\/media\/1654"}],"wp:attachment":[{"href":"https:\/\/sulsc.com\/index.php\/wp-json\/wp\/v2\/media?parent=2394"}],"wp:term":[{"taxonomy":"category","embeddable":true,"href":"https:\/\/sulsc.com\/index.php\/wp-json\/wp\/v2\/categories?post=2394"},{"taxonomy":"post_tag","embeddable":true,"href":"https:\/\/sulsc.com\/index.php\/wp-json\/wp\/v2\/tags?post=2394"}],"curies":[{"name":"wp","href":"https:\/\/api.w.org\/{rel}","templated":true}]}}