{"id":23997,"date":"2025-05-24T08:47:38","date_gmt":"2025-05-24T11:47:38","guid":{"rendered":"https:\/\/sulsc.com\/?p=23997"},"modified":"2025-05-24T08:47:38","modified_gmt":"2025-05-24T11:47:38","slug":"sabado-24-de-tempo-instavel-e-maximas-nao-passando-de-20oc","status":"publish","type":"post","link":"https:\/\/sulsc.com\/index.php\/2025\/05\/24\/sabado-24-de-tempo-instavel-e-maximas-nao-passando-de-20oc\/","title":{"rendered":"S\u00e1bado (24) de tempo inst\u00e1vel e m\u00e1ximas n\u00e3o passando de 20\u00baC"},"content":{"rendered":"<p>Ser\u00e1 mais um dia de tempo inst\u00e1vel em boa parte de Santa Catarina. Durante a madrugada e manh\u00e3, neste s\u00e1bado (24), o prolongamento de uma \u00e1rea de baixa press\u00e3o desde o Paraguai e Argentina, favorece instabilidades no Oeste catarinense, que avan\u00e7am pelas \u00e1reas de divisa com o RS ao longo do dia.<\/p>\n<p>Nestas \u00e1reas h\u00e1 condi\u00e7\u00f5es para temporais bastante isolados com chuva forte, raios, rajadas de vento e eventual queda de granizo.<\/p>\n<p><img fetchpriority=\"high\" decoding=\"async\" class=\"aligncenter size-full wp-image-23998\" src=\"http:\/\/sulsc.com\/wp-content\/uploads\/2025\/05\/a-14.png\" alt=\"\" width=\"1647\" height=\"1114\" srcset=\"https:\/\/sulsc.com\/wp-content\/uploads\/2025\/05\/a-14.png 1647w, https:\/\/sulsc.com\/wp-content\/uploads\/2025\/05\/a-14-300x203.png 300w, https:\/\/sulsc.com\/wp-content\/uploads\/2025\/05\/a-14-1024x693.png 1024w, https:\/\/sulsc.com\/wp-content\/uploads\/2025\/05\/a-14-768x519.png 768w, https:\/\/sulsc.com\/wp-content\/uploads\/2025\/05\/a-14-1536x1039.png 1536w\" sizes=\"(max-width: 1647px) 100vw, 1647px\" \/><\/p>\n<p><img decoding=\"async\" class=\"aligncenter  wp-image-22836\" src=\"http:\/\/sulsc.com\/wp-content\/uploads\/2025\/04\/Tempo-2.png\" alt=\"\" width=\"753\" height=\"139\" srcset=\"https:\/\/sulsc.com\/wp-content\/uploads\/2025\/04\/Tempo-2.png 1024w, https:\/\/sulsc.com\/wp-content\/uploads\/2025\/04\/Tempo-2-300x55.png 300w, https:\/\/sulsc.com\/wp-content\/uploads\/2025\/04\/Tempo-2-768x142.png 768w\" sizes=\"(max-width: 753px) 100vw, 753px\" \/><\/p>\n<p><strong>Temperaturas<\/strong><\/p>\n<p>No dia as m\u00e1ximas n\u00e3o passaram de 20\u00b0C na grande parte do estado, j\u00e1 no oeste subindo um pouco mas n\u00e3o passando dos 24\u00baC.<\/p>\n<p>Entre a Grande Florian\u00f3polis e o Litoral Norte, a circula\u00e7\u00e3o mar\u00edtima mant\u00e9m o c\u00e9u mais encoberto e condi\u00e7\u00f5es para pancadas de chuva a qualquer hora, que no geral, devem apresentar fraca intensidade. O risco \u00e9 baixo a moderado para ocorr\u00eancias relacionadas \u00e0s chuvas e aos temporais. Amanh\u00e3\u00a0 domingo (25), o dia ser\u00e1 com ocorr\u00eancia de chuva pontualmente forte e eventualmente acompanhada de raios, que passa a se concentrar em \u00e1reas do centro\/sul e leste do estado. Tendo m\u00e1ximas que m\u00e1ximas variam entre 22\u00b0C e 27\u00b0C .<\/p>\n<p>Fonte\/Defesa Civil SC<\/p>\n","protected":false},"excerpt":{"rendered":"<p>Ser\u00e1 mais um dia de tempo inst\u00e1vel em boa parte de Santa Catarina. Durante a madrugada e manh\u00e3, neste s\u00e1bado (24), o prolongamento de uma \u00e1rea de baixa press\u00e3o desde o Paraguai e Argentina, favorece instabilidades no Oeste catarinense, que avan\u00e7am pelas \u00e1reas de divisa com o RS ao longo do dia. Nestas \u00e1reas h\u00e1 &hellip;<\/p>\n<p class=\"read-more\"> <a class=\"\" href=\"https:\/\/sulsc.com\/index.php\/2025\/05\/24\/sabado-24-de-tempo-instavel-e-maximas-nao-passando-de-20oc\/\"> <span class=\"screen-reader-text\">S\u00e1bado (24) de tempo inst\u00e1vel e m\u00e1ximas n\u00e3o passando de 20\u00baC<\/span> Read More &raquo;<\/a><\/p>\n","protected":false},"author":3,"featured_media":23999,"comment_status":"open","ping_status":"open","sticky":false,"template":"","format":"standard","meta":{"site-sidebar-layout":"default","site-content-layout":"","ast-site-content-layout":"default","site-content-style":"default","site-sidebar-style":"default","ast-global-header-display":"","ast-banner-title-visibility":"","ast-main-header-display":"","ast-hfb-above-header-display":"","ast-hfb-below-header-display":"","ast-hfb-mobile-header-display":"","site-post-title":"","ast-breadcrumbs-content":"","ast-featured-img":"","footer-sml-layout":"","theme-transparent-header-meta":"default","adv-header-id-meta":"","stick-header-meta":"","header-above-stick-meta":"","header-main-stick-meta":"","header-below-stick-meta":"","astra-migrate-meta-layouts":"set","footnotes":""},"categories":[38],"tags":[90],"yoast_head":"<!-- This site is optimized with the Yoast SEO plugin v21.4 - https:\/\/yoast.com\/wordpress\/plugins\/seo\/ -->\n<title>S\u00e1bado (24) de tempo inst\u00e1vel e m\u00e1ximas n\u00e3o passando de 20\u00baC -<\/title>\n<meta name=\"description\" content=\"O dia ter\u00e1 pancadas de chuva a qualquer hora que devem apresentar fraca intensidade mas ser\u00e1 baixo para ocorr\u00eancias relacionadas \u00e0s chuvas\" \/>\n<meta name=\"robots\" content=\"index, follow, max-snippet:-1, max-image-preview:large, max-video-preview:-1\" \/>\n<link rel=\"canonical\" href=\"https:\/\/sulsc.com\/index.php\/2025\/05\/24\/sabado-24-de-tempo-instavel-e-maximas-nao-passando-de-20oc\/\" \/>\n<meta property=\"og:locale\" content=\"en_US\" \/>\n<meta property=\"og:type\" content=\"article\" \/>\n<meta property=\"og:title\" content=\"S\u00e1bado (24) de tempo inst\u00e1vel e m\u00e1ximas n\u00e3o passando de 20\u00baC -\" \/>\n<meta property=\"og:description\" content=\"O dia ter\u00e1 pancadas de chuva a qualquer hora que devem apresentar fraca intensidade mas ser\u00e1 baixo para ocorr\u00eancias relacionadas \u00e0s chuvas\" \/>\n<meta property=\"og:url\" content=\"https:\/\/sulsc.com\/index.php\/2025\/05\/24\/sabado-24-de-tempo-instavel-e-maximas-nao-passando-de-20oc\/\" \/>\n<meta property=\"article:author\" content=\"https:\/\/www.facebook.com\/profile.php?id=61559278119680\" \/>\n<meta property=\"article:published_time\" content=\"2025-05-24T11:47:38+00:00\" \/>\n<meta property=\"og:image\" content=\"http:\/\/sulsc.com\/wp-content\/uploads\/2025\/05\/4f7ee7b4-e4a9-460c-a922-17f5751fb6ee-1.jpg\" \/>\n\t<meta property=\"og:image:width\" content=\"1600\" \/>\n\t<meta property=\"og:image:height\" content=\"720\" \/>\n\t<meta property=\"og:image:type\" content=\"image\/jpeg\" \/>\n<meta name=\"author\" content=\"Reda\u00e7\u00e3o Sul SC\" \/>\n<meta name=\"twitter:card\" content=\"summary_large_image\" \/>\n<meta name=\"twitter:creator\" content=\"@https:\/\/twitter.com\/PortalSulSC\" \/>\n<meta name=\"twitter:label1\" content=\"Written by\" \/>\n\t<meta name=\"twitter:data1\" content=\"Reda\u00e7\u00e3o Sul SC\" \/>\n\t<meta name=\"twitter:label2\" content=\"Est. reading time\" \/>\n\t<meta name=\"twitter:data2\" content=\"2 minutes\" \/>\n<script type=\"application\/ld+json\" class=\"yoast-schema-graph\">{\"@context\":\"https:\/\/schema.org\",\"@graph\":[{\"@type\":\"WebPage\",\"@id\":\"https:\/\/sulsc.com\/index.php\/2025\/05\/24\/sabado-24-de-tempo-instavel-e-maximas-nao-passando-de-20oc\/\",\"url\":\"https:\/\/sulsc.com\/index.php\/2025\/05\/24\/sabado-24-de-tempo-instavel-e-maximas-nao-passando-de-20oc\/\",\"name\":\"S\u00e1bado (24) de tempo inst\u00e1vel e m\u00e1ximas n\u00e3o passando de 20\u00baC -\",\"isPartOf\":{\"@id\":\"https:\/\/sulsc.com\/#website\"},\"datePublished\":\"2025-05-24T11:47:38+00:00\",\"dateModified\":\"2025-05-24T11:47:38+00:00\",\"author\":{\"@id\":\"https:\/\/sulsc.com\/#\/schema\/person\/84d2fc571684f6248ba83092f07750a3\"},\"description\":\"O dia ter\u00e1 pancadas de chuva a qualquer hora que devem apresentar fraca intensidade mas ser\u00e1 baixo para ocorr\u00eancias relacionadas \u00e0s chuvas\",\"breadcrumb\":{\"@id\":\"https:\/\/sulsc.com\/index.php\/2025\/05\/24\/sabado-24-de-tempo-instavel-e-maximas-nao-passando-de-20oc\/#breadcrumb\"},\"inLanguage\":\"en-US\",\"potentialAction\":[{\"@type\":\"ReadAction\",\"target\":[\"https:\/\/sulsc.com\/index.php\/2025\/05\/24\/sabado-24-de-tempo-instavel-e-maximas-nao-passando-de-20oc\/\"]}]},{\"@type\":\"BreadcrumbList\",\"@id\":\"https:\/\/sulsc.com\/index.php\/2025\/05\/24\/sabado-24-de-tempo-instavel-e-maximas-nao-passando-de-20oc\/#breadcrumb\",\"itemListElement\":[{\"@type\":\"ListItem\",\"position\":1,\"name\":\"In\u00edcio\",\"item\":\"https:\/\/sulsc.com\/\"},{\"@type\":\"ListItem\",\"position\":2,\"name\":\"S\u00e1bado (24) de tempo inst\u00e1vel e m\u00e1ximas n\u00e3o passando de 20\u00baC\"}]},{\"@type\":\"WebSite\",\"@id\":\"https:\/\/sulsc.com\/#website\",\"url\":\"https:\/\/sulsc.com\/\",\"name\":\"\",\"description\":\"\",\"potentialAction\":[{\"@type\":\"SearchAction\",\"target\":{\"@type\":\"EntryPoint\",\"urlTemplate\":\"https:\/\/sulsc.com\/?s={search_term_string}\"},\"query-input\":\"required name=search_term_string\"}],\"inLanguage\":\"en-US\"},{\"@type\":\"Person\",\"@id\":\"https:\/\/sulsc.com\/#\/schema\/person\/84d2fc571684f6248ba83092f07750a3\",\"name\":\"Reda\u00e7\u00e3o Sul SC\",\"image\":{\"@type\":\"ImageObject\",\"inLanguage\":\"en-US\",\"@id\":\"https:\/\/sulsc.com\/#\/schema\/person\/image\/e08d7fe2cc4ed596372063bbe852b8d0\",\"url\":\"https:\/\/sulsc.com\/wp-content\/uploads\/2023\/09\/redacao.png\",\"contentUrl\":\"https:\/\/sulsc.com\/wp-content\/uploads\/2023\/09\/redacao.png\",\"caption\":\"Reda\u00e7\u00e3o Sul SC\"},\"description\":\"Foco em um jornalismo imparcial, voltado \u00e0 qualidade dos seus conte\u00fados e, assim, levar informa\u00e7\u00e3o de valor que agregue \u00e0 vida dos leitores. Esta \u00e9 grande miss\u00e3o do Portal de Not\u00edcias Sul SC. N\u00e3o \u00e9 quantidade que muda o mundo, sempre foi e seguir\u00e1 sendo qualidade!\",\"sameAs\":[\"https:\/\/sulsc.com\/\",\"https:\/\/www.facebook.com\/profile.php?id=61559278119680\",\"https:\/\/www.instagram.com\/sulscportal\/?hl=pt-br\",\"https:\/\/twitter.com\/https:\/\/twitter.com\/PortalSulSC\",\"https:\/\/www.youtube.com\/channel\/UCv_BE8GeySluDov2n8qhVmw\"],\"url\":\"https:\/\/sulsc.com\/index.php\/author\/redacao\/\"}]}<\/script>\n<!-- \/ Yoast SEO plugin. -->","yoast_head_json":{"title":"S\u00e1bado (24) de tempo inst\u00e1vel e m\u00e1ximas n\u00e3o passando de 20\u00baC -","description":"O dia ter\u00e1 pancadas de chuva a qualquer hora que devem apresentar fraca intensidade mas ser\u00e1 baixo para ocorr\u00eancias relacionadas \u00e0s chuvas","robots":{"index":"index","follow":"follow","max-snippet":"max-snippet:-1","max-image-preview":"max-image-preview:large","max-video-preview":"max-video-preview:-1"},"canonical":"https:\/\/sulsc.com\/index.php\/2025\/05\/24\/sabado-24-de-tempo-instavel-e-maximas-nao-passando-de-20oc\/","og_locale":"en_US","og_type":"article","og_title":"S\u00e1bado (24) de tempo inst\u00e1vel e m\u00e1ximas n\u00e3o passando de 20\u00baC -","og_description":"O dia ter\u00e1 pancadas de chuva a qualquer hora que devem apresentar fraca intensidade mas ser\u00e1 baixo para ocorr\u00eancias relacionadas \u00e0s chuvas","og_url":"https:\/\/sulsc.com\/index.php\/2025\/05\/24\/sabado-24-de-tempo-instavel-e-maximas-nao-passando-de-20oc\/","article_author":"https:\/\/www.facebook.com\/profile.php?id=61559278119680","article_published_time":"2025-05-24T11:47:38+00:00","og_image":[{"width":1600,"height":720,"url":"http:\/\/sulsc.com\/wp-content\/uploads\/2025\/05\/4f7ee7b4-e4a9-460c-a922-17f5751fb6ee-1.jpg","type":"image\/jpeg"}],"author":"Reda\u00e7\u00e3o Sul SC","twitter_card":"summary_large_image","twitter_creator":"@https:\/\/twitter.com\/PortalSulSC","twitter_misc":{"Written by":"Reda\u00e7\u00e3o Sul SC","Est. reading time":"2 minutes"},"schema":{"@context":"https:\/\/schema.org","@graph":[{"@type":"WebPage","@id":"https:\/\/sulsc.com\/index.php\/2025\/05\/24\/sabado-24-de-tempo-instavel-e-maximas-nao-passando-de-20oc\/","url":"https:\/\/sulsc.com\/index.php\/2025\/05\/24\/sabado-24-de-tempo-instavel-e-maximas-nao-passando-de-20oc\/","name":"S\u00e1bado (24) de tempo inst\u00e1vel e m\u00e1ximas n\u00e3o passando de 20\u00baC -","isPartOf":{"@id":"https:\/\/sulsc.com\/#website"},"datePublished":"2025-05-24T11:47:38+00:00","dateModified":"2025-05-24T11:47:38+00:00","author":{"@id":"https:\/\/sulsc.com\/#\/schema\/person\/84d2fc571684f6248ba83092f07750a3"},"description":"O dia ter\u00e1 pancadas de chuva a qualquer hora que devem apresentar fraca intensidade mas ser\u00e1 baixo para ocorr\u00eancias relacionadas \u00e0s chuvas","breadcrumb":{"@id":"https:\/\/sulsc.com\/index.php\/2025\/05\/24\/sabado-24-de-tempo-instavel-e-maximas-nao-passando-de-20oc\/#breadcrumb"},"inLanguage":"en-US","potentialAction":[{"@type":"ReadAction","target":["https:\/\/sulsc.com\/index.php\/2025\/05\/24\/sabado-24-de-tempo-instavel-e-maximas-nao-passando-de-20oc\/"]}]},{"@type":"BreadcrumbList","@id":"https:\/\/sulsc.com\/index.php\/2025\/05\/24\/sabado-24-de-tempo-instavel-e-maximas-nao-passando-de-20oc\/#breadcrumb","itemListElement":[{"@type":"ListItem","position":1,"name":"In\u00edcio","item":"https:\/\/sulsc.com\/"},{"@type":"ListItem","position":2,"name":"S\u00e1bado (24) de tempo inst\u00e1vel e m\u00e1ximas n\u00e3o passando de 20\u00baC"}]},{"@type":"WebSite","@id":"https:\/\/sulsc.com\/#website","url":"https:\/\/sulsc.com\/","name":"","description":"","potentialAction":[{"@type":"SearchAction","target":{"@type":"EntryPoint","urlTemplate":"https:\/\/sulsc.com\/?s={search_term_string}"},"query-input":"required name=search_term_string"}],"inLanguage":"en-US"},{"@type":"Person","@id":"https:\/\/sulsc.com\/#\/schema\/person\/84d2fc571684f6248ba83092f07750a3","name":"Reda\u00e7\u00e3o Sul SC","image":{"@type":"ImageObject","inLanguage":"en-US","@id":"https:\/\/sulsc.com\/#\/schema\/person\/image\/e08d7fe2cc4ed596372063bbe852b8d0","url":"https:\/\/sulsc.com\/wp-content\/uploads\/2023\/09\/redacao.png","contentUrl":"https:\/\/sulsc.com\/wp-content\/uploads\/2023\/09\/redacao.png","caption":"Reda\u00e7\u00e3o Sul SC"},"description":"Foco em um jornalismo imparcial, voltado \u00e0 qualidade dos seus conte\u00fados e, assim, levar informa\u00e7\u00e3o de valor que agregue \u00e0 vida dos leitores. Esta \u00e9 grande miss\u00e3o do Portal de Not\u00edcias Sul SC. N\u00e3o \u00e9 quantidade que muda o mundo, sempre foi e seguir\u00e1 sendo qualidade!","sameAs":["https:\/\/sulsc.com\/","https:\/\/www.facebook.com\/profile.php?id=61559278119680","https:\/\/www.instagram.com\/sulscportal\/?hl=pt-br","https:\/\/twitter.com\/https:\/\/twitter.com\/PortalSulSC","https:\/\/www.youtube.com\/channel\/UCv_BE8GeySluDov2n8qhVmw"],"url":"https:\/\/sulsc.com\/index.php\/author\/redacao\/"}]}},"authors":[],"_links":{"self":[{"href":"https:\/\/sulsc.com\/index.php\/wp-json\/wp\/v2\/posts\/23997"}],"collection":[{"href":"https:\/\/sulsc.com\/index.php\/wp-json\/wp\/v2\/posts"}],"about":[{"href":"https:\/\/sulsc.com\/index.php\/wp-json\/wp\/v2\/types\/post"}],"author":[{"embeddable":true,"href":"https:\/\/sulsc.com\/index.php\/wp-json\/wp\/v2\/users\/3"}],"replies":[{"embeddable":true,"href":"https:\/\/sulsc.com\/index.php\/wp-json\/wp\/v2\/comments?post=23997"}],"version-history":[{"count":1,"href":"https:\/\/sulsc.com\/index.php\/wp-json\/wp\/v2\/posts\/23997\/revisions"}],"predecessor-version":[{"id":24000,"href":"https:\/\/sulsc.com\/index.php\/wp-json\/wp\/v2\/posts\/23997\/revisions\/24000"}],"wp:featuredmedia":[{"embeddable":true,"href":"https:\/\/sulsc.com\/index.php\/wp-json\/wp\/v2\/media\/23999"}],"wp:attachment":[{"href":"https:\/\/sulsc.com\/index.php\/wp-json\/wp\/v2\/media?parent=23997"}],"wp:term":[{"taxonomy":"category","embeddable":true,"href":"https:\/\/sulsc.com\/index.php\/wp-json\/wp\/v2\/categories?post=23997"},{"taxonomy":"post_tag","embeddable":true,"href":"https:\/\/sulsc.com\/index.php\/wp-json\/wp\/v2\/tags?post=23997"}],"curies":[{"name":"wp","href":"https:\/\/api.w.org\/{rel}","templated":true}]}}