{"id":24032,"date":"2025-05-25T14:52:16","date_gmt":"2025-05-25T17:52:16","guid":{"rendered":"https:\/\/sulsc.com\/?p=24032"},"modified":"2025-05-25T14:52:16","modified_gmt":"2025-05-25T17:52:16","slug":"corpo-e-encontrado-boiando-no-rio-ararangua-na-manha-deste-domingo-25","status":"publish","type":"post","link":"https:\/\/sulsc.com\/index.php\/2025\/05\/25\/corpo-e-encontrado-boiando-no-rio-ararangua-na-manha-deste-domingo-25\/","title":{"rendered":"Corpo \u00e9 encontrado boiando no rio Ararangu\u00e1 na manh\u00e3 deste domingo (25)"},"content":{"rendered":"<p>Na manh\u00e3 deste domingo (25), por volta das 10h30, a equipe de resgate e salvamento do Corpo de Bombeiros de Ararangu\u00e1 localizou um corpo boiando nas \u00e1guas do rio Ararangu\u00e1, no bairro Barranca. Durante buscas terrestres nas proximidades, a guarni\u00e7\u00e3o do ASU-549 avistou o corpo de um homem boiando pr\u00f3ximo \u00e0 margem.<\/p>\n<p>As buscas estavam sendo realizadas na regi\u00e3o desde a \u00faltima quinta-feira (22), quando a Pol\u00edcia Militar de Ararangu\u00e1 acionou a guarni\u00e7\u00e3o do Corpo de Bombeiros (ABTR-121) por volta das 01h20. A solicita\u00e7\u00e3o foi feita para averiguar um poss\u00edvel afogamento no rio. Os policiais relataram que realizavam rondas nas imedia\u00e7\u00f5es quando um indiv\u00edduo empreendeu fuga e pulou no rio. Informaram tamb\u00e9m que a v\u00edtima tentava atravessar o rio nadando, mas submergiu antes de chegar \u00e0 margem oposta, no bairro Barranca.<\/p>\n<p><img fetchpriority=\"high\" decoding=\"async\" class=\"aligncenter  wp-image-24034\" src=\"http:\/\/sulsc.com\/wp-content\/uploads\/2025\/05\/a4-6.jpg\" alt=\"\" width=\"702\" height=\"612\" srcset=\"https:\/\/sulsc.com\/wp-content\/uploads\/2025\/05\/a4-6.jpg 1200w, https:\/\/sulsc.com\/wp-content\/uploads\/2025\/05\/a4-6-300x262.jpg 300w, https:\/\/sulsc.com\/wp-content\/uploads\/2025\/05\/a4-6-1024x893.jpg 1024w, https:\/\/sulsc.com\/wp-content\/uploads\/2025\/05\/a4-6-768x670.jpg 768w\" sizes=\"(max-width: 702px) 100vw, 702px\" \/><\/p>\n<p>&nbsp;<\/p>\n<p style=\"text-align: center;\"><strong>CBMSC-4\u00ba BBM\/divulga\u00e7\u00e3o\/Sulsc<\/strong><\/p>\n<p>Foram realizadas buscas nos arredores do local do afogamento, mas sem sucesso. As buscas foram retomadas na manh\u00e3 da sexta-feira (23) e continuaram at\u00e9 este domingo (25). Diante dos fatos, foram acionados o ABTR-121 e a moto aqu\u00e1tica Agulh\u00e3o para apoio na opera\u00e7\u00e3o de resgate do corpo das \u00e1guas do rio Ararangu\u00e1. Ap\u00f3s a retirada do corpo, a v\u00edtima foi entregue \u00e0 Pol\u00edcia Cient\u00edfica para os procedimentos legais cab\u00edveis.<\/p>\n<p><img decoding=\"async\" class=\"aligncenter  wp-image-24035\" src=\"http:\/\/sulsc.com\/wp-content\/uploads\/2025\/05\/a-22.jpg\" alt=\"\" width=\"702\" height=\"936\" srcset=\"https:\/\/sulsc.com\/wp-content\/uploads\/2025\/05\/a-22.jpg 960w, https:\/\/sulsc.com\/wp-content\/uploads\/2025\/05\/a-22-225x300.jpg 225w, https:\/\/sulsc.com\/wp-content\/uploads\/2025\/05\/a-22-768x1024.jpg 768w\" sizes=\"(max-width: 702px) 100vw, 702px\" \/><\/p>\n<p>&nbsp;<\/p>\n<p><strong>Foto Capa\/Guarni\u00e7\u00e3o de Servi\u00e7o\/Divulga\u00e7\u00e3o\/Sulsc<\/strong><\/p>\n","protected":false},"excerpt":{"rendered":"<p>Na manh\u00e3 deste domingo (25), por volta das 10h30, a equipe de resgate e salvamento do Corpo de Bombeiros de Ararangu\u00e1 localizou um corpo boiando nas \u00e1guas do rio Ararangu\u00e1, no bairro Barranca. Durante buscas terrestres nas proximidades, a guarni\u00e7\u00e3o do ASU-549 avistou o corpo de um homem boiando pr\u00f3ximo \u00e0 margem. As buscas estavam &hellip;<\/p>\n<p class=\"read-more\"> <a class=\"\" href=\"https:\/\/sulsc.com\/index.php\/2025\/05\/25\/corpo-e-encontrado-boiando-no-rio-ararangua-na-manha-deste-domingo-25\/\"> <span class=\"screen-reader-text\">Corpo \u00e9 encontrado boiando no rio Ararangu\u00e1 na manh\u00e3 deste domingo (25)<\/span> Read More &raquo;<\/a><\/p>\n","protected":false},"author":3,"featured_media":24036,"comment_status":"open","ping_status":"open","sticky":false,"template":"","format":"standard","meta":{"site-sidebar-layout":"default","site-content-layout":"","ast-site-content-layout":"default","site-content-style":"default","site-sidebar-style":"default","ast-global-header-display":"","ast-banner-title-visibility":"","ast-main-header-display":"","ast-hfb-above-header-display":"","ast-hfb-below-header-display":"","ast-hfb-mobile-header-display":"","site-post-title":"","ast-breadcrumbs-content":"","ast-featured-img":"","footer-sml-layout":"","theme-transparent-header-meta":"default","adv-header-id-meta":"","stick-header-meta":"","header-above-stick-meta":"","header-main-stick-meta":"","header-below-stick-meta":"","astra-migrate-meta-layouts":"set","footnotes":""},"categories":[24],"tags":[278],"yoast_head":"<!-- This site is optimized with the Yoast SEO plugin v21.4 - https:\/\/yoast.com\/wordpress\/plugins\/seo\/ -->\n<title>Corpo \u00e9 encontrado boiando no rio Ararangu\u00e1 na manh\u00e3 deste domingo (25) -<\/title>\n<meta name=\"description\" content=\"As buscas estavam sendo realizadas desde quinta-feira 22 quando a Pol\u00edcia Militar acionou do Corpo de Bombeiros para um poss\u00edvel afogamento\" \/>\n<meta name=\"robots\" content=\"index, follow, max-snippet:-1, max-image-preview:large, max-video-preview:-1\" \/>\n<link rel=\"canonical\" href=\"https:\/\/sulsc.com\/index.php\/2025\/05\/25\/corpo-e-encontrado-boiando-no-rio-ararangua-na-manha-deste-domingo-25\/\" \/>\n<meta property=\"og:locale\" content=\"en_US\" \/>\n<meta property=\"og:type\" content=\"article\" \/>\n<meta property=\"og:title\" content=\"Corpo \u00e9 encontrado boiando no rio Ararangu\u00e1 na manh\u00e3 deste domingo (25) -\" \/>\n<meta property=\"og:description\" content=\"As buscas estavam sendo realizadas desde quinta-feira 22 quando a Pol\u00edcia Militar acionou do Corpo de Bombeiros para um poss\u00edvel afogamento\" \/>\n<meta property=\"og:url\" content=\"https:\/\/sulsc.com\/index.php\/2025\/05\/25\/corpo-e-encontrado-boiando-no-rio-ararangua-na-manha-deste-domingo-25\/\" \/>\n<meta property=\"article:author\" content=\"https:\/\/www.facebook.com\/profile.php?id=61559278119680\" \/>\n<meta property=\"article:published_time\" content=\"2025-05-25T17:52:16+00:00\" \/>\n<meta property=\"og:image\" content=\"http:\/\/sulsc.com\/wp-content\/uploads\/2025\/05\/a1-20.jpg\" \/>\n\t<meta property=\"og:image:width\" content=\"1200\" \/>\n\t<meta property=\"og:image:height\" content=\"1600\" \/>\n\t<meta property=\"og:image:type\" content=\"image\/jpeg\" \/>\n<meta name=\"author\" content=\"Reda\u00e7\u00e3o Sul SC\" \/>\n<meta name=\"twitter:card\" content=\"summary_large_image\" \/>\n<meta name=\"twitter:creator\" content=\"@https:\/\/twitter.com\/PortalSulSC\" \/>\n<meta name=\"twitter:label1\" content=\"Written by\" \/>\n\t<meta name=\"twitter:data1\" content=\"Reda\u00e7\u00e3o Sul SC\" \/>\n\t<meta name=\"twitter:label2\" content=\"Est. reading time\" \/>\n\t<meta name=\"twitter:data2\" content=\"2 minutes\" \/>\n<script type=\"application\/ld+json\" class=\"yoast-schema-graph\">{\"@context\":\"https:\/\/schema.org\",\"@graph\":[{\"@type\":\"WebPage\",\"@id\":\"https:\/\/sulsc.com\/index.php\/2025\/05\/25\/corpo-e-encontrado-boiando-no-rio-ararangua-na-manha-deste-domingo-25\/\",\"url\":\"https:\/\/sulsc.com\/index.php\/2025\/05\/25\/corpo-e-encontrado-boiando-no-rio-ararangua-na-manha-deste-domingo-25\/\",\"name\":\"Corpo \u00e9 encontrado boiando no rio Ararangu\u00e1 na manh\u00e3 deste domingo (25) -\",\"isPartOf\":{\"@id\":\"https:\/\/sulsc.com\/#website\"},\"datePublished\":\"2025-05-25T17:52:16+00:00\",\"dateModified\":\"2025-05-25T17:52:16+00:00\",\"author\":{\"@id\":\"https:\/\/sulsc.com\/#\/schema\/person\/84d2fc571684f6248ba83092f07750a3\"},\"description\":\"As buscas estavam sendo realizadas desde quinta-feira 22 quando a Pol\u00edcia Militar acionou do Corpo de Bombeiros para um poss\u00edvel afogamento\",\"breadcrumb\":{\"@id\":\"https:\/\/sulsc.com\/index.php\/2025\/05\/25\/corpo-e-encontrado-boiando-no-rio-ararangua-na-manha-deste-domingo-25\/#breadcrumb\"},\"inLanguage\":\"en-US\",\"potentialAction\":[{\"@type\":\"ReadAction\",\"target\":[\"https:\/\/sulsc.com\/index.php\/2025\/05\/25\/corpo-e-encontrado-boiando-no-rio-ararangua-na-manha-deste-domingo-25\/\"]}]},{\"@type\":\"BreadcrumbList\",\"@id\":\"https:\/\/sulsc.com\/index.php\/2025\/05\/25\/corpo-e-encontrado-boiando-no-rio-ararangua-na-manha-deste-domingo-25\/#breadcrumb\",\"itemListElement\":[{\"@type\":\"ListItem\",\"position\":1,\"name\":\"In\u00edcio\",\"item\":\"https:\/\/sulsc.com\/\"},{\"@type\":\"ListItem\",\"position\":2,\"name\":\"Corpo \u00e9 encontrado boiando no rio Ararangu\u00e1 na manh\u00e3 deste domingo (25)\"}]},{\"@type\":\"WebSite\",\"@id\":\"https:\/\/sulsc.com\/#website\",\"url\":\"https:\/\/sulsc.com\/\",\"name\":\"\",\"description\":\"\",\"potentialAction\":[{\"@type\":\"SearchAction\",\"target\":{\"@type\":\"EntryPoint\",\"urlTemplate\":\"https:\/\/sulsc.com\/?s={search_term_string}\"},\"query-input\":\"required name=search_term_string\"}],\"inLanguage\":\"en-US\"},{\"@type\":\"Person\",\"@id\":\"https:\/\/sulsc.com\/#\/schema\/person\/84d2fc571684f6248ba83092f07750a3\",\"name\":\"Reda\u00e7\u00e3o Sul SC\",\"image\":{\"@type\":\"ImageObject\",\"inLanguage\":\"en-US\",\"@id\":\"https:\/\/sulsc.com\/#\/schema\/person\/image\/e08d7fe2cc4ed596372063bbe852b8d0\",\"url\":\"https:\/\/sulsc.com\/wp-content\/uploads\/2023\/09\/redacao.png\",\"contentUrl\":\"https:\/\/sulsc.com\/wp-content\/uploads\/2023\/09\/redacao.png\",\"caption\":\"Reda\u00e7\u00e3o Sul SC\"},\"description\":\"Foco em um jornalismo imparcial, voltado \u00e0 qualidade dos seus conte\u00fados e, assim, levar informa\u00e7\u00e3o de valor que agregue \u00e0 vida dos leitores. Esta \u00e9 grande miss\u00e3o do Portal de Not\u00edcias Sul SC. N\u00e3o \u00e9 quantidade que muda o mundo, sempre foi e seguir\u00e1 sendo qualidade!\",\"sameAs\":[\"https:\/\/sulsc.com\/\",\"https:\/\/www.facebook.com\/profile.php?id=61559278119680\",\"https:\/\/www.instagram.com\/sulscportal\/?hl=pt-br\",\"https:\/\/twitter.com\/https:\/\/twitter.com\/PortalSulSC\",\"https:\/\/www.youtube.com\/channel\/UCv_BE8GeySluDov2n8qhVmw\"],\"url\":\"https:\/\/sulsc.com\/index.php\/author\/redacao\/\"}]}<\/script>\n<!-- \/ Yoast SEO plugin. -->","yoast_head_json":{"title":"Corpo \u00e9 encontrado boiando no rio Ararangu\u00e1 na manh\u00e3 deste domingo (25) -","description":"As buscas estavam sendo realizadas desde quinta-feira 22 quando a Pol\u00edcia Militar acionou do Corpo de Bombeiros para um poss\u00edvel afogamento","robots":{"index":"index","follow":"follow","max-snippet":"max-snippet:-1","max-image-preview":"max-image-preview:large","max-video-preview":"max-video-preview:-1"},"canonical":"https:\/\/sulsc.com\/index.php\/2025\/05\/25\/corpo-e-encontrado-boiando-no-rio-ararangua-na-manha-deste-domingo-25\/","og_locale":"en_US","og_type":"article","og_title":"Corpo \u00e9 encontrado boiando no rio Ararangu\u00e1 na manh\u00e3 deste domingo (25) -","og_description":"As buscas estavam sendo realizadas desde quinta-feira 22 quando a Pol\u00edcia Militar acionou do Corpo de Bombeiros para um poss\u00edvel afogamento","og_url":"https:\/\/sulsc.com\/index.php\/2025\/05\/25\/corpo-e-encontrado-boiando-no-rio-ararangua-na-manha-deste-domingo-25\/","article_author":"https:\/\/www.facebook.com\/profile.php?id=61559278119680","article_published_time":"2025-05-25T17:52:16+00:00","og_image":[{"width":1200,"height":1600,"url":"http:\/\/sulsc.com\/wp-content\/uploads\/2025\/05\/a1-20.jpg","type":"image\/jpeg"}],"author":"Reda\u00e7\u00e3o Sul SC","twitter_card":"summary_large_image","twitter_creator":"@https:\/\/twitter.com\/PortalSulSC","twitter_misc":{"Written by":"Reda\u00e7\u00e3o Sul SC","Est. reading time":"2 minutes"},"schema":{"@context":"https:\/\/schema.org","@graph":[{"@type":"WebPage","@id":"https:\/\/sulsc.com\/index.php\/2025\/05\/25\/corpo-e-encontrado-boiando-no-rio-ararangua-na-manha-deste-domingo-25\/","url":"https:\/\/sulsc.com\/index.php\/2025\/05\/25\/corpo-e-encontrado-boiando-no-rio-ararangua-na-manha-deste-domingo-25\/","name":"Corpo \u00e9 encontrado boiando no rio Ararangu\u00e1 na manh\u00e3 deste domingo (25) -","isPartOf":{"@id":"https:\/\/sulsc.com\/#website"},"datePublished":"2025-05-25T17:52:16+00:00","dateModified":"2025-05-25T17:52:16+00:00","author":{"@id":"https:\/\/sulsc.com\/#\/schema\/person\/84d2fc571684f6248ba83092f07750a3"},"description":"As buscas estavam sendo realizadas desde quinta-feira 22 quando a Pol\u00edcia Militar acionou do Corpo de Bombeiros para um poss\u00edvel afogamento","breadcrumb":{"@id":"https:\/\/sulsc.com\/index.php\/2025\/05\/25\/corpo-e-encontrado-boiando-no-rio-ararangua-na-manha-deste-domingo-25\/#breadcrumb"},"inLanguage":"en-US","potentialAction":[{"@type":"ReadAction","target":["https:\/\/sulsc.com\/index.php\/2025\/05\/25\/corpo-e-encontrado-boiando-no-rio-ararangua-na-manha-deste-domingo-25\/"]}]},{"@type":"BreadcrumbList","@id":"https:\/\/sulsc.com\/index.php\/2025\/05\/25\/corpo-e-encontrado-boiando-no-rio-ararangua-na-manha-deste-domingo-25\/#breadcrumb","itemListElement":[{"@type":"ListItem","position":1,"name":"In\u00edcio","item":"https:\/\/sulsc.com\/"},{"@type":"ListItem","position":2,"name":"Corpo \u00e9 encontrado boiando no rio Ararangu\u00e1 na manh\u00e3 deste domingo (25)"}]},{"@type":"WebSite","@id":"https:\/\/sulsc.com\/#website","url":"https:\/\/sulsc.com\/","name":"","description":"","potentialAction":[{"@type":"SearchAction","target":{"@type":"EntryPoint","urlTemplate":"https:\/\/sulsc.com\/?s={search_term_string}"},"query-input":"required name=search_term_string"}],"inLanguage":"en-US"},{"@type":"Person","@id":"https:\/\/sulsc.com\/#\/schema\/person\/84d2fc571684f6248ba83092f07750a3","name":"Reda\u00e7\u00e3o Sul SC","image":{"@type":"ImageObject","inLanguage":"en-US","@id":"https:\/\/sulsc.com\/#\/schema\/person\/image\/e08d7fe2cc4ed596372063bbe852b8d0","url":"https:\/\/sulsc.com\/wp-content\/uploads\/2023\/09\/redacao.png","contentUrl":"https:\/\/sulsc.com\/wp-content\/uploads\/2023\/09\/redacao.png","caption":"Reda\u00e7\u00e3o Sul SC"},"description":"Foco em um jornalismo imparcial, voltado \u00e0 qualidade dos seus conte\u00fados e, assim, levar informa\u00e7\u00e3o de valor que agregue \u00e0 vida dos leitores. Esta \u00e9 grande miss\u00e3o do Portal de Not\u00edcias Sul SC. N\u00e3o \u00e9 quantidade que muda o mundo, sempre foi e seguir\u00e1 sendo qualidade!","sameAs":["https:\/\/sulsc.com\/","https:\/\/www.facebook.com\/profile.php?id=61559278119680","https:\/\/www.instagram.com\/sulscportal\/?hl=pt-br","https:\/\/twitter.com\/https:\/\/twitter.com\/PortalSulSC","https:\/\/www.youtube.com\/channel\/UCv_BE8GeySluDov2n8qhVmw"],"url":"https:\/\/sulsc.com\/index.php\/author\/redacao\/"}]}},"authors":[],"_links":{"self":[{"href":"https:\/\/sulsc.com\/index.php\/wp-json\/wp\/v2\/posts\/24032"}],"collection":[{"href":"https:\/\/sulsc.com\/index.php\/wp-json\/wp\/v2\/posts"}],"about":[{"href":"https:\/\/sulsc.com\/index.php\/wp-json\/wp\/v2\/types\/post"}],"author":[{"embeddable":true,"href":"https:\/\/sulsc.com\/index.php\/wp-json\/wp\/v2\/users\/3"}],"replies":[{"embeddable":true,"href":"https:\/\/sulsc.com\/index.php\/wp-json\/wp\/v2\/comments?post=24032"}],"version-history":[{"count":1,"href":"https:\/\/sulsc.com\/index.php\/wp-json\/wp\/v2\/posts\/24032\/revisions"}],"predecessor-version":[{"id":24037,"href":"https:\/\/sulsc.com\/index.php\/wp-json\/wp\/v2\/posts\/24032\/revisions\/24037"}],"wp:featuredmedia":[{"embeddable":true,"href":"https:\/\/sulsc.com\/index.php\/wp-json\/wp\/v2\/media\/24036"}],"wp:attachment":[{"href":"https:\/\/sulsc.com\/index.php\/wp-json\/wp\/v2\/media?parent=24032"}],"wp:term":[{"taxonomy":"category","embeddable":true,"href":"https:\/\/sulsc.com\/index.php\/wp-json\/wp\/v2\/categories?post=24032"},{"taxonomy":"post_tag","embeddable":true,"href":"https:\/\/sulsc.com\/index.php\/wp-json\/wp\/v2\/tags?post=24032"}],"curies":[{"name":"wp","href":"https:\/\/api.w.org\/{rel}","templated":true}]}}