{"id":24039,"date":"2025-05-26T07:18:20","date_gmt":"2025-05-26T10:18:20","guid":{"rendered":"https:\/\/sulsc.com\/?p=24039"},"modified":"2025-05-26T07:18:20","modified_gmt":"2025-05-26T10:18:20","slug":"segunda-feira-26-comeca-com-nebulosidade-mas-no-decorrer-dia-o-tempo-seco-predomina","status":"publish","type":"post","link":"https:\/\/sulsc.com\/index.php\/2025\/05\/26\/segunda-feira-26-comeca-com-nebulosidade-mas-no-decorrer-dia-o-tempo-seco-predomina\/","title":{"rendered":"Segunda-feira (26) come\u00e7a com nebulosidade mas no decorrer dia o tempo seco predomina"},"content":{"rendered":"<p>Na segunda-feira (26), a forma\u00e7\u00e3o de uma frente fria no RS mant\u00e9m a instabilidade concentrada no estado vizinho, o que favorece condi\u00e7\u00f5es de tempo mais seco e quente em SC. O dia come\u00e7a com maior nebulosidade entre o Alto Vale, Grd. Florian\u00f3polis e Litoral Sul, mas diminui gradativamente ao longo do dia.<\/p>\n<p>Entre o Litoral Sul e Serra, n\u00e3o descarta-se a ocorr\u00eancia de chuvas r\u00e1pidas com risco baixo para ocorr\u00eancias associadas.<\/p>\n<p><img fetchpriority=\"high\" decoding=\"async\" class=\"aligncenter size-full wp-image-24040\" src=\"http:\/\/sulsc.com\/wp-content\/uploads\/2025\/05\/a5.png\" alt=\"\" width=\"1639\" height=\"1122\" srcset=\"https:\/\/sulsc.com\/wp-content\/uploads\/2025\/05\/a5.png 1639w, https:\/\/sulsc.com\/wp-content\/uploads\/2025\/05\/a5-300x205.png 300w, https:\/\/sulsc.com\/wp-content\/uploads\/2025\/05\/a5-1024x701.png 1024w, https:\/\/sulsc.com\/wp-content\/uploads\/2025\/05\/a5-768x526.png 768w, https:\/\/sulsc.com\/wp-content\/uploads\/2025\/05\/a5-1536x1051.png 1536w\" sizes=\"(max-width: 1639px) 100vw, 1639px\" \/><\/p>\n<p><img decoding=\"async\" class=\"aligncenter  wp-image-22836\" src=\"http:\/\/sulsc.com\/wp-content\/uploads\/2025\/04\/Tempo-2.png\" alt=\"\" width=\"764\" height=\"141\" srcset=\"https:\/\/sulsc.com\/wp-content\/uploads\/2025\/04\/Tempo-2.png 1024w, https:\/\/sulsc.com\/wp-content\/uploads\/2025\/04\/Tempo-2-300x55.png 300w, https:\/\/sulsc.com\/wp-content\/uploads\/2025\/04\/Tempo-2-768x142.png 768w\" sizes=\"(max-width: 764px) 100vw, 764px\" \/><\/p>\n<p><strong>Temperaturas<\/strong><\/p>\n<p>O dia come\u00e7a com temperaturas m\u00ednimas entre 7 e 12\u00b0C nos planaltos e Grd. Florian\u00f3polis Serrana e entre 15 e 20\u00b0C nas demais regi\u00f5es. \u00c0 tarde, as m\u00e1ximas variam de 24 a 29\u00b0C no Extremo Oeste, Oeste e Litoral e nos Planaltos oscilam entre 20 e 24\u00b0C. O vento persistente de nordeste favorece agita\u00e7\u00e3o localizada no mar com ondas de leste\/nordeste entre 1,5 e 2,0m no Litoral Sul.<\/p>\n<p>Fonte\/Defesa Civil SC<\/p>\n","protected":false},"excerpt":{"rendered":"<p>Na segunda-feira (26), a forma\u00e7\u00e3o de uma frente fria no RS mant\u00e9m a instabilidade concentrada no estado vizinho, o que favorece condi\u00e7\u00f5es de tempo mais seco e quente em SC. O dia come\u00e7a com maior nebulosidade entre o Alto Vale, Grd. Florian\u00f3polis e Litoral Sul, mas diminui gradativamente ao longo do dia. Entre o Litoral &hellip;<\/p>\n<p class=\"read-more\"> <a class=\"\" href=\"https:\/\/sulsc.com\/index.php\/2025\/05\/26\/segunda-feira-26-comeca-com-nebulosidade-mas-no-decorrer-dia-o-tempo-seco-predomina\/\"> <span class=\"screen-reader-text\">Segunda-feira (26) come\u00e7a com nebulosidade mas no decorrer dia o tempo seco predomina<\/span> Read More &raquo;<\/a><\/p>\n","protected":false},"author":3,"featured_media":24041,"comment_status":"open","ping_status":"open","sticky":false,"template":"","format":"standard","meta":{"site-sidebar-layout":"default","site-content-layout":"","ast-site-content-layout":"default","site-content-style":"default","site-sidebar-style":"default","ast-global-header-display":"","ast-banner-title-visibility":"","ast-main-header-display":"","ast-hfb-above-header-display":"","ast-hfb-below-header-display":"","ast-hfb-mobile-header-display":"","site-post-title":"","ast-breadcrumbs-content":"","ast-featured-img":"","footer-sml-layout":"","theme-transparent-header-meta":"default","adv-header-id-meta":"","stick-header-meta":"","header-above-stick-meta":"","header-main-stick-meta":"","header-below-stick-meta":"","astra-migrate-meta-layouts":"set","footnotes":""},"categories":[38],"tags":[90],"yoast_head":"<!-- This site is optimized with the Yoast SEO plugin v21.4 - https:\/\/yoast.com\/wordpress\/plugins\/seo\/ -->\n<title>Segunda-feira (26) come\u00e7a com nebulosidade mas no decorrer dia o tempo seco predomina -<\/title>\n<meta name=\"description\" content=\"Entre o Litoral Sul e Serra, n\u00e3o descarta-se a ocorr\u00eancia de chuvas r\u00e1pidas com risco baixo para ocorr\u00eancias associadas.\" \/>\n<meta name=\"robots\" content=\"index, follow, max-snippet:-1, max-image-preview:large, max-video-preview:-1\" \/>\n<link rel=\"canonical\" href=\"https:\/\/sulsc.com\/index.php\/2025\/05\/26\/segunda-feira-26-comeca-com-nebulosidade-mas-no-decorrer-dia-o-tempo-seco-predomina\/\" \/>\n<meta property=\"og:locale\" content=\"en_US\" \/>\n<meta property=\"og:type\" content=\"article\" \/>\n<meta property=\"og:title\" content=\"Segunda-feira (26) come\u00e7a com nebulosidade mas no decorrer dia o tempo seco predomina -\" \/>\n<meta property=\"og:description\" content=\"Entre o Litoral Sul e Serra, n\u00e3o descarta-se a ocorr\u00eancia de chuvas r\u00e1pidas com risco baixo para ocorr\u00eancias associadas.\" \/>\n<meta property=\"og:url\" content=\"https:\/\/sulsc.com\/index.php\/2025\/05\/26\/segunda-feira-26-comeca-com-nebulosidade-mas-no-decorrer-dia-o-tempo-seco-predomina\/\" \/>\n<meta property=\"article:author\" content=\"https:\/\/www.facebook.com\/profile.php?id=61559278119680\" \/>\n<meta property=\"article:published_time\" content=\"2025-05-26T10:18:20+00:00\" \/>\n<meta property=\"og:image\" content=\"http:\/\/sulsc.com\/wp-content\/uploads\/2025\/05\/6d87aa09-ddf2-4c73-bcdb-515421510b81-2.jpg\" \/>\n\t<meta property=\"og:image:width\" content=\"1600\" \/>\n\t<meta property=\"og:image:height\" content=\"720\" \/>\n\t<meta property=\"og:image:type\" content=\"image\/jpeg\" \/>\n<meta name=\"author\" content=\"Reda\u00e7\u00e3o Sul SC\" \/>\n<meta name=\"twitter:card\" content=\"summary_large_image\" \/>\n<meta name=\"twitter:creator\" content=\"@https:\/\/twitter.com\/PortalSulSC\" \/>\n<meta name=\"twitter:label1\" content=\"Written by\" \/>\n\t<meta name=\"twitter:data1\" content=\"Reda\u00e7\u00e3o Sul SC\" \/>\n\t<meta name=\"twitter:label2\" content=\"Est. reading time\" \/>\n\t<meta name=\"twitter:data2\" content=\"2 minutes\" \/>\n<script type=\"application\/ld+json\" class=\"yoast-schema-graph\">{\"@context\":\"https:\/\/schema.org\",\"@graph\":[{\"@type\":\"WebPage\",\"@id\":\"https:\/\/sulsc.com\/index.php\/2025\/05\/26\/segunda-feira-26-comeca-com-nebulosidade-mas-no-decorrer-dia-o-tempo-seco-predomina\/\",\"url\":\"https:\/\/sulsc.com\/index.php\/2025\/05\/26\/segunda-feira-26-comeca-com-nebulosidade-mas-no-decorrer-dia-o-tempo-seco-predomina\/\",\"name\":\"Segunda-feira (26) come\u00e7a com nebulosidade mas no decorrer dia o tempo seco predomina -\",\"isPartOf\":{\"@id\":\"https:\/\/sulsc.com\/#website\"},\"datePublished\":\"2025-05-26T10:18:20+00:00\",\"dateModified\":\"2025-05-26T10:18:20+00:00\",\"author\":{\"@id\":\"https:\/\/sulsc.com\/#\/schema\/person\/84d2fc571684f6248ba83092f07750a3\"},\"description\":\"Entre o Litoral Sul e Serra, n\u00e3o descarta-se a ocorr\u00eancia de chuvas r\u00e1pidas com risco baixo para ocorr\u00eancias associadas.\",\"breadcrumb\":{\"@id\":\"https:\/\/sulsc.com\/index.php\/2025\/05\/26\/segunda-feira-26-comeca-com-nebulosidade-mas-no-decorrer-dia-o-tempo-seco-predomina\/#breadcrumb\"},\"inLanguage\":\"en-US\",\"potentialAction\":[{\"@type\":\"ReadAction\",\"target\":[\"https:\/\/sulsc.com\/index.php\/2025\/05\/26\/segunda-feira-26-comeca-com-nebulosidade-mas-no-decorrer-dia-o-tempo-seco-predomina\/\"]}]},{\"@type\":\"BreadcrumbList\",\"@id\":\"https:\/\/sulsc.com\/index.php\/2025\/05\/26\/segunda-feira-26-comeca-com-nebulosidade-mas-no-decorrer-dia-o-tempo-seco-predomina\/#breadcrumb\",\"itemListElement\":[{\"@type\":\"ListItem\",\"position\":1,\"name\":\"In\u00edcio\",\"item\":\"https:\/\/sulsc.com\/\"},{\"@type\":\"ListItem\",\"position\":2,\"name\":\"Segunda-feira (26) come\u00e7a com nebulosidade mas no decorrer dia o tempo seco predomina\"}]},{\"@type\":\"WebSite\",\"@id\":\"https:\/\/sulsc.com\/#website\",\"url\":\"https:\/\/sulsc.com\/\",\"name\":\"\",\"description\":\"\",\"potentialAction\":[{\"@type\":\"SearchAction\",\"target\":{\"@type\":\"EntryPoint\",\"urlTemplate\":\"https:\/\/sulsc.com\/?s={search_term_string}\"},\"query-input\":\"required name=search_term_string\"}],\"inLanguage\":\"en-US\"},{\"@type\":\"Person\",\"@id\":\"https:\/\/sulsc.com\/#\/schema\/person\/84d2fc571684f6248ba83092f07750a3\",\"name\":\"Reda\u00e7\u00e3o Sul SC\",\"image\":{\"@type\":\"ImageObject\",\"inLanguage\":\"en-US\",\"@id\":\"https:\/\/sulsc.com\/#\/schema\/person\/image\/e08d7fe2cc4ed596372063bbe852b8d0\",\"url\":\"https:\/\/sulsc.com\/wp-content\/uploads\/2023\/09\/redacao.png\",\"contentUrl\":\"https:\/\/sulsc.com\/wp-content\/uploads\/2023\/09\/redacao.png\",\"caption\":\"Reda\u00e7\u00e3o Sul SC\"},\"description\":\"Foco em um jornalismo imparcial, voltado \u00e0 qualidade dos seus conte\u00fados e, assim, levar informa\u00e7\u00e3o de valor que agregue \u00e0 vida dos leitores. Esta \u00e9 grande miss\u00e3o do Portal de Not\u00edcias Sul SC. N\u00e3o \u00e9 quantidade que muda o mundo, sempre foi e seguir\u00e1 sendo qualidade!\",\"sameAs\":[\"https:\/\/sulsc.com\/\",\"https:\/\/www.facebook.com\/profile.php?id=61559278119680\",\"https:\/\/www.instagram.com\/sulscportal\/?hl=pt-br\",\"https:\/\/twitter.com\/https:\/\/twitter.com\/PortalSulSC\",\"https:\/\/www.youtube.com\/channel\/UCv_BE8GeySluDov2n8qhVmw\"],\"url\":\"https:\/\/sulsc.com\/index.php\/author\/redacao\/\"}]}<\/script>\n<!-- \/ Yoast SEO plugin. -->","yoast_head_json":{"title":"Segunda-feira (26) come\u00e7a com nebulosidade mas no decorrer dia o tempo seco predomina -","description":"Entre o Litoral Sul e Serra, n\u00e3o descarta-se a ocorr\u00eancia de chuvas r\u00e1pidas com risco baixo para ocorr\u00eancias associadas.","robots":{"index":"index","follow":"follow","max-snippet":"max-snippet:-1","max-image-preview":"max-image-preview:large","max-video-preview":"max-video-preview:-1"},"canonical":"https:\/\/sulsc.com\/index.php\/2025\/05\/26\/segunda-feira-26-comeca-com-nebulosidade-mas-no-decorrer-dia-o-tempo-seco-predomina\/","og_locale":"en_US","og_type":"article","og_title":"Segunda-feira (26) come\u00e7a com nebulosidade mas no decorrer dia o tempo seco predomina -","og_description":"Entre o Litoral Sul e Serra, n\u00e3o descarta-se a ocorr\u00eancia de chuvas r\u00e1pidas com risco baixo para ocorr\u00eancias associadas.","og_url":"https:\/\/sulsc.com\/index.php\/2025\/05\/26\/segunda-feira-26-comeca-com-nebulosidade-mas-no-decorrer-dia-o-tempo-seco-predomina\/","article_author":"https:\/\/www.facebook.com\/profile.php?id=61559278119680","article_published_time":"2025-05-26T10:18:20+00:00","og_image":[{"width":1600,"height":720,"url":"http:\/\/sulsc.com\/wp-content\/uploads\/2025\/05\/6d87aa09-ddf2-4c73-bcdb-515421510b81-2.jpg","type":"image\/jpeg"}],"author":"Reda\u00e7\u00e3o Sul SC","twitter_card":"summary_large_image","twitter_creator":"@https:\/\/twitter.com\/PortalSulSC","twitter_misc":{"Written by":"Reda\u00e7\u00e3o Sul SC","Est. reading time":"2 minutes"},"schema":{"@context":"https:\/\/schema.org","@graph":[{"@type":"WebPage","@id":"https:\/\/sulsc.com\/index.php\/2025\/05\/26\/segunda-feira-26-comeca-com-nebulosidade-mas-no-decorrer-dia-o-tempo-seco-predomina\/","url":"https:\/\/sulsc.com\/index.php\/2025\/05\/26\/segunda-feira-26-comeca-com-nebulosidade-mas-no-decorrer-dia-o-tempo-seco-predomina\/","name":"Segunda-feira (26) come\u00e7a com nebulosidade mas no decorrer dia o tempo seco predomina -","isPartOf":{"@id":"https:\/\/sulsc.com\/#website"},"datePublished":"2025-05-26T10:18:20+00:00","dateModified":"2025-05-26T10:18:20+00:00","author":{"@id":"https:\/\/sulsc.com\/#\/schema\/person\/84d2fc571684f6248ba83092f07750a3"},"description":"Entre o Litoral Sul e Serra, n\u00e3o descarta-se a ocorr\u00eancia de chuvas r\u00e1pidas com risco baixo para ocorr\u00eancias associadas.","breadcrumb":{"@id":"https:\/\/sulsc.com\/index.php\/2025\/05\/26\/segunda-feira-26-comeca-com-nebulosidade-mas-no-decorrer-dia-o-tempo-seco-predomina\/#breadcrumb"},"inLanguage":"en-US","potentialAction":[{"@type":"ReadAction","target":["https:\/\/sulsc.com\/index.php\/2025\/05\/26\/segunda-feira-26-comeca-com-nebulosidade-mas-no-decorrer-dia-o-tempo-seco-predomina\/"]}]},{"@type":"BreadcrumbList","@id":"https:\/\/sulsc.com\/index.php\/2025\/05\/26\/segunda-feira-26-comeca-com-nebulosidade-mas-no-decorrer-dia-o-tempo-seco-predomina\/#breadcrumb","itemListElement":[{"@type":"ListItem","position":1,"name":"In\u00edcio","item":"https:\/\/sulsc.com\/"},{"@type":"ListItem","position":2,"name":"Segunda-feira (26) come\u00e7a com nebulosidade mas no decorrer dia o tempo seco predomina"}]},{"@type":"WebSite","@id":"https:\/\/sulsc.com\/#website","url":"https:\/\/sulsc.com\/","name":"","description":"","potentialAction":[{"@type":"SearchAction","target":{"@type":"EntryPoint","urlTemplate":"https:\/\/sulsc.com\/?s={search_term_string}"},"query-input":"required name=search_term_string"}],"inLanguage":"en-US"},{"@type":"Person","@id":"https:\/\/sulsc.com\/#\/schema\/person\/84d2fc571684f6248ba83092f07750a3","name":"Reda\u00e7\u00e3o Sul SC","image":{"@type":"ImageObject","inLanguage":"en-US","@id":"https:\/\/sulsc.com\/#\/schema\/person\/image\/e08d7fe2cc4ed596372063bbe852b8d0","url":"https:\/\/sulsc.com\/wp-content\/uploads\/2023\/09\/redacao.png","contentUrl":"https:\/\/sulsc.com\/wp-content\/uploads\/2023\/09\/redacao.png","caption":"Reda\u00e7\u00e3o Sul SC"},"description":"Foco em um jornalismo imparcial, voltado \u00e0 qualidade dos seus conte\u00fados e, assim, levar informa\u00e7\u00e3o de valor que agregue \u00e0 vida dos leitores. Esta \u00e9 grande miss\u00e3o do Portal de Not\u00edcias Sul SC. N\u00e3o \u00e9 quantidade que muda o mundo, sempre foi e seguir\u00e1 sendo qualidade!","sameAs":["https:\/\/sulsc.com\/","https:\/\/www.facebook.com\/profile.php?id=61559278119680","https:\/\/www.instagram.com\/sulscportal\/?hl=pt-br","https:\/\/twitter.com\/https:\/\/twitter.com\/PortalSulSC","https:\/\/www.youtube.com\/channel\/UCv_BE8GeySluDov2n8qhVmw"],"url":"https:\/\/sulsc.com\/index.php\/author\/redacao\/"}]}},"authors":[],"_links":{"self":[{"href":"https:\/\/sulsc.com\/index.php\/wp-json\/wp\/v2\/posts\/24039"}],"collection":[{"href":"https:\/\/sulsc.com\/index.php\/wp-json\/wp\/v2\/posts"}],"about":[{"href":"https:\/\/sulsc.com\/index.php\/wp-json\/wp\/v2\/types\/post"}],"author":[{"embeddable":true,"href":"https:\/\/sulsc.com\/index.php\/wp-json\/wp\/v2\/users\/3"}],"replies":[{"embeddable":true,"href":"https:\/\/sulsc.com\/index.php\/wp-json\/wp\/v2\/comments?post=24039"}],"version-history":[{"count":1,"href":"https:\/\/sulsc.com\/index.php\/wp-json\/wp\/v2\/posts\/24039\/revisions"}],"predecessor-version":[{"id":24042,"href":"https:\/\/sulsc.com\/index.php\/wp-json\/wp\/v2\/posts\/24039\/revisions\/24042"}],"wp:featuredmedia":[{"embeddable":true,"href":"https:\/\/sulsc.com\/index.php\/wp-json\/wp\/v2\/media\/24041"}],"wp:attachment":[{"href":"https:\/\/sulsc.com\/index.php\/wp-json\/wp\/v2\/media?parent=24039"}],"wp:term":[{"taxonomy":"category","embeddable":true,"href":"https:\/\/sulsc.com\/index.php\/wp-json\/wp\/v2\/categories?post=24039"},{"taxonomy":"post_tag","embeddable":true,"href":"https:\/\/sulsc.com\/index.php\/wp-json\/wp\/v2\/tags?post=24039"}],"curies":[{"name":"wp","href":"https:\/\/api.w.org\/{rel}","templated":true}]}}