{"id":24097,"date":"2025-05-28T07:18:32","date_gmt":"2025-05-28T10:18:32","guid":{"rendered":"https:\/\/sulsc.com\/?p=24097"},"modified":"2025-05-28T07:20:14","modified_gmt":"2025-05-28T10:20:14","slug":"esta-quarta-feira-28-tera-a-influencia-de-um-ciclo-extratropical-trazendo-chuva-e-frio-para-o-estado","status":"publish","type":"post","link":"https:\/\/sulsc.com\/index.php\/2025\/05\/28\/esta-quarta-feira-28-tera-a-influencia-de-um-ciclo-extratropical-trazendo-chuva-e-frio-para-o-estado\/","title":{"rendered":"Esta quarta-feira (28) ter\u00e1 a influencia de um Ciclo Extratropical trazendo chuva e frio para o estado"},"content":{"rendered":"<p>A quarta-feira (28) ser\u00e1 marcada por tempo inst\u00e1vel e pela redu\u00e7\u00e3o significativa das temperaturas pelo estado, em fun\u00e7\u00e3o da passagem da frente fria que estar\u00e1 associada a um Ciclone Extratropical sobre o litoral do RS e do ingresso de ar frio de origem polar.<\/p>\n<p>Durante o dia, especialmente entre a madrugada e manh\u00e3, haver\u00e1 condi\u00e7\u00f5es para temporais com fortes rajadas de vento, chuva forte e raios, oferecendo risco moderado a alto para ocorr\u00eancias associadas \u00e0 destelhamentos, danos na rede el\u00e9trica, queda de galhos e \u00e1rvores e alagamentos pontuais.<\/p>\n<p><img fetchpriority=\"high\" decoding=\"async\" class=\"aligncenter size-full wp-image-24072\" src=\"http:\/\/sulsc.com\/wp-content\/uploads\/2025\/05\/a-17.png\" alt=\"\" width=\"1651\" height=\"1125\" srcset=\"https:\/\/sulsc.com\/wp-content\/uploads\/2025\/05\/a-17.png 1651w, https:\/\/sulsc.com\/wp-content\/uploads\/2025\/05\/a-17-300x204.png 300w, https:\/\/sulsc.com\/wp-content\/uploads\/2025\/05\/a-17-1024x698.png 1024w, https:\/\/sulsc.com\/wp-content\/uploads\/2025\/05\/a-17-768x523.png 768w, https:\/\/sulsc.com\/wp-content\/uploads\/2025\/05\/a-17-1536x1047.png 1536w\" sizes=\"(max-width: 1651px) 100vw, 1651px\" \/><\/p>\n<p><img decoding=\"async\" class=\"aligncenter wp-image-22836\" src=\"http:\/\/sulsc.com\/wp-content\/uploads\/2025\/04\/Tempo-2.png\" alt=\"\" width=\"715\" height=\"132\" srcset=\"https:\/\/sulsc.com\/wp-content\/uploads\/2025\/04\/Tempo-2.png 1024w, https:\/\/sulsc.com\/wp-content\/uploads\/2025\/04\/Tempo-2-300x55.png 300w, https:\/\/sulsc.com\/wp-content\/uploads\/2025\/04\/Tempo-2-768x142.png 768w\" sizes=\"(max-width: 715px) 100vw, 715px\" \/><\/p>\n<p><strong>Temperaturas<\/strong><\/p>\n<p>O ar polar que ingressa gradativamente ao longo do dia tamb\u00e9m derruba as temperaturas, com marcas entre -1\u00b0C e 5\u00b0C entre os planaltos, Grd. Florian\u00f3polis Serrana e Meio-Oeste e de 4\u00b0C a 12\u00b0C nas demais regi\u00f5es no final do dia, oferecendo risco moderado a alto para ocorr\u00eancias associadas ao desconforto t\u00e9rmico e agravamento de doen\u00e7as cardiorrespirat\u00f3rias. O mar fica agitado entre o Litoral Sul e Florian\u00f3polis com ondas de nordeste entre 2,0 e 2,5 m.<\/p>\n<p>Fonte\/Defesa Civil SC<\/p>\n","protected":false},"excerpt":{"rendered":"<p>A quarta-feira (28) ser\u00e1 marcada por tempo inst\u00e1vel e pela redu\u00e7\u00e3o significativa das temperaturas pelo estado, em fun\u00e7\u00e3o da passagem da frente fria que estar\u00e1 associada a um Ciclone Extratropical sobre o litoral do RS e do ingresso de ar frio de origem polar. Durante o dia, especialmente entre a madrugada e manh\u00e3, haver\u00e1 condi\u00e7\u00f5es &hellip;<\/p>\n<p class=\"read-more\"> <a class=\"\" href=\"https:\/\/sulsc.com\/index.php\/2025\/05\/28\/esta-quarta-feira-28-tera-a-influencia-de-um-ciclo-extratropical-trazendo-chuva-e-frio-para-o-estado\/\"> <span class=\"screen-reader-text\">Esta quarta-feira (28) ter\u00e1 a influencia de um Ciclo Extratropical trazendo chuva e frio para o estado<\/span> Read More &raquo;<\/a><\/p>\n","protected":false},"author":3,"featured_media":16430,"comment_status":"open","ping_status":"open","sticky":false,"template":"","format":"standard","meta":{"site-sidebar-layout":"default","site-content-layout":"","ast-site-content-layout":"default","site-content-style":"default","site-sidebar-style":"default","ast-global-header-display":"","ast-banner-title-visibility":"","ast-main-header-display":"","ast-hfb-above-header-display":"","ast-hfb-below-header-display":"","ast-hfb-mobile-header-display":"","site-post-title":"","ast-breadcrumbs-content":"","ast-featured-img":"","footer-sml-layout":"","theme-transparent-header-meta":"default","adv-header-id-meta":"","stick-header-meta":"","header-above-stick-meta":"","header-main-stick-meta":"","header-below-stick-meta":"","astra-migrate-meta-layouts":"set","footnotes":""},"categories":[38],"tags":[90],"yoast_head":"<!-- This site is optimized with the Yoast SEO plugin v21.4 - https:\/\/yoast.com\/wordpress\/plugins\/seo\/ -->\n<title>Esta quarta-feira (28) ter\u00e1 a influencia de um Ciclo Extratropical trazendo chuva e frio para o estado -<\/title>\n<meta name=\"description\" content=\"Durante o dia haver\u00e1 condi\u00e7\u00f5es para temporais com fortes rajadas de vento chuva forte e raios, oferecendo risco moderado a alto\" \/>\n<meta name=\"robots\" content=\"index, follow, max-snippet:-1, max-image-preview:large, max-video-preview:-1\" \/>\n<link rel=\"canonical\" href=\"https:\/\/sulsc.com\/index.php\/2025\/05\/28\/esta-quarta-feira-28-tera-a-influencia-de-um-ciclo-extratropical-trazendo-chuva-e-frio-para-o-estado\/\" \/>\n<meta property=\"og:locale\" content=\"en_US\" \/>\n<meta property=\"og:type\" content=\"article\" \/>\n<meta property=\"og:title\" content=\"Esta quarta-feira (28) ter\u00e1 a influencia de um Ciclo Extratropical trazendo chuva e frio para o estado -\" \/>\n<meta property=\"og:description\" content=\"Durante o dia haver\u00e1 condi\u00e7\u00f5es para temporais com fortes rajadas de vento chuva forte e raios, oferecendo risco moderado a alto\" \/>\n<meta property=\"og:url\" content=\"https:\/\/sulsc.com\/index.php\/2025\/05\/28\/esta-quarta-feira-28-tera-a-influencia-de-um-ciclo-extratropical-trazendo-chuva-e-frio-para-o-estado\/\" \/>\n<meta property=\"article:author\" content=\"https:\/\/www.facebook.com\/profile.php?id=61559278119680\" \/>\n<meta property=\"article:published_time\" content=\"2025-05-28T10:18:32+00:00\" \/>\n<meta property=\"article:modified_time\" content=\"2025-05-28T10:20:14+00:00\" \/>\n<meta property=\"og:image\" content=\"http:\/\/sulsc.com\/wp-content\/uploads\/2024\/10\/temporal.jpg\" \/>\n\t<meta property=\"og:image:width\" content=\"1920\" \/>\n\t<meta property=\"og:image:height\" content=\"866\" \/>\n\t<meta property=\"og:image:type\" content=\"image\/jpeg\" \/>\n<meta name=\"author\" content=\"Reda\u00e7\u00e3o Sul SC\" \/>\n<meta name=\"twitter:card\" content=\"summary_large_image\" \/>\n<meta name=\"twitter:creator\" content=\"@https:\/\/twitter.com\/PortalSulSC\" \/>\n<meta name=\"twitter:label1\" content=\"Written by\" \/>\n\t<meta name=\"twitter:data1\" content=\"Reda\u00e7\u00e3o Sul SC\" \/>\n\t<meta name=\"twitter:label2\" content=\"Est. reading time\" \/>\n\t<meta name=\"twitter:data2\" content=\"2 minutes\" \/>\n<script type=\"application\/ld+json\" class=\"yoast-schema-graph\">{\"@context\":\"https:\/\/schema.org\",\"@graph\":[{\"@type\":\"WebPage\",\"@id\":\"https:\/\/sulsc.com\/index.php\/2025\/05\/28\/esta-quarta-feira-28-tera-a-influencia-de-um-ciclo-extratropical-trazendo-chuva-e-frio-para-o-estado\/\",\"url\":\"https:\/\/sulsc.com\/index.php\/2025\/05\/28\/esta-quarta-feira-28-tera-a-influencia-de-um-ciclo-extratropical-trazendo-chuva-e-frio-para-o-estado\/\",\"name\":\"Esta quarta-feira (28) ter\u00e1 a influencia de um Ciclo Extratropical trazendo chuva e frio para o estado -\",\"isPartOf\":{\"@id\":\"https:\/\/sulsc.com\/#website\"},\"datePublished\":\"2025-05-28T10:18:32+00:00\",\"dateModified\":\"2025-05-28T10:20:14+00:00\",\"author\":{\"@id\":\"https:\/\/sulsc.com\/#\/schema\/person\/84d2fc571684f6248ba83092f07750a3\"},\"description\":\"Durante o dia haver\u00e1 condi\u00e7\u00f5es para temporais com fortes rajadas de vento chuva forte e raios, oferecendo risco moderado a alto\",\"breadcrumb\":{\"@id\":\"https:\/\/sulsc.com\/index.php\/2025\/05\/28\/esta-quarta-feira-28-tera-a-influencia-de-um-ciclo-extratropical-trazendo-chuva-e-frio-para-o-estado\/#breadcrumb\"},\"inLanguage\":\"en-US\",\"potentialAction\":[{\"@type\":\"ReadAction\",\"target\":[\"https:\/\/sulsc.com\/index.php\/2025\/05\/28\/esta-quarta-feira-28-tera-a-influencia-de-um-ciclo-extratropical-trazendo-chuva-e-frio-para-o-estado\/\"]}]},{\"@type\":\"BreadcrumbList\",\"@id\":\"https:\/\/sulsc.com\/index.php\/2025\/05\/28\/esta-quarta-feira-28-tera-a-influencia-de-um-ciclo-extratropical-trazendo-chuva-e-frio-para-o-estado\/#breadcrumb\",\"itemListElement\":[{\"@type\":\"ListItem\",\"position\":1,\"name\":\"In\u00edcio\",\"item\":\"https:\/\/sulsc.com\/\"},{\"@type\":\"ListItem\",\"position\":2,\"name\":\"Esta quarta-feira (28) ter\u00e1 a influencia de um Ciclo Extratropical trazendo chuva e frio para o estado\"}]},{\"@type\":\"WebSite\",\"@id\":\"https:\/\/sulsc.com\/#website\",\"url\":\"https:\/\/sulsc.com\/\",\"name\":\"\",\"description\":\"\",\"potentialAction\":[{\"@type\":\"SearchAction\",\"target\":{\"@type\":\"EntryPoint\",\"urlTemplate\":\"https:\/\/sulsc.com\/?s={search_term_string}\"},\"query-input\":\"required name=search_term_string\"}],\"inLanguage\":\"en-US\"},{\"@type\":\"Person\",\"@id\":\"https:\/\/sulsc.com\/#\/schema\/person\/84d2fc571684f6248ba83092f07750a3\",\"name\":\"Reda\u00e7\u00e3o Sul SC\",\"image\":{\"@type\":\"ImageObject\",\"inLanguage\":\"en-US\",\"@id\":\"https:\/\/sulsc.com\/#\/schema\/person\/image\/e08d7fe2cc4ed596372063bbe852b8d0\",\"url\":\"https:\/\/sulsc.com\/wp-content\/uploads\/2023\/09\/redacao.png\",\"contentUrl\":\"https:\/\/sulsc.com\/wp-content\/uploads\/2023\/09\/redacao.png\",\"caption\":\"Reda\u00e7\u00e3o Sul SC\"},\"description\":\"Foco em um jornalismo imparcial, voltado \u00e0 qualidade dos seus conte\u00fados e, assim, levar informa\u00e7\u00e3o de valor que agregue \u00e0 vida dos leitores. Esta \u00e9 grande miss\u00e3o do Portal de Not\u00edcias Sul SC. N\u00e3o \u00e9 quantidade que muda o mundo, sempre foi e seguir\u00e1 sendo qualidade!\",\"sameAs\":[\"https:\/\/sulsc.com\/\",\"https:\/\/www.facebook.com\/profile.php?id=61559278119680\",\"https:\/\/www.instagram.com\/sulscportal\/?hl=pt-br\",\"https:\/\/twitter.com\/https:\/\/twitter.com\/PortalSulSC\",\"https:\/\/www.youtube.com\/channel\/UCv_BE8GeySluDov2n8qhVmw\"],\"url\":\"https:\/\/sulsc.com\/index.php\/author\/redacao\/\"}]}<\/script>\n<!-- \/ Yoast SEO plugin. -->","yoast_head_json":{"title":"Esta quarta-feira (28) ter\u00e1 a influencia de um Ciclo Extratropical trazendo chuva e frio para o estado -","description":"Durante o dia haver\u00e1 condi\u00e7\u00f5es para temporais com fortes rajadas de vento chuva forte e raios, oferecendo risco moderado a alto","robots":{"index":"index","follow":"follow","max-snippet":"max-snippet:-1","max-image-preview":"max-image-preview:large","max-video-preview":"max-video-preview:-1"},"canonical":"https:\/\/sulsc.com\/index.php\/2025\/05\/28\/esta-quarta-feira-28-tera-a-influencia-de-um-ciclo-extratropical-trazendo-chuva-e-frio-para-o-estado\/","og_locale":"en_US","og_type":"article","og_title":"Esta quarta-feira (28) ter\u00e1 a influencia de um Ciclo Extratropical trazendo chuva e frio para o estado -","og_description":"Durante o dia haver\u00e1 condi\u00e7\u00f5es para temporais com fortes rajadas de vento chuva forte e raios, oferecendo risco moderado a alto","og_url":"https:\/\/sulsc.com\/index.php\/2025\/05\/28\/esta-quarta-feira-28-tera-a-influencia-de-um-ciclo-extratropical-trazendo-chuva-e-frio-para-o-estado\/","article_author":"https:\/\/www.facebook.com\/profile.php?id=61559278119680","article_published_time":"2025-05-28T10:18:32+00:00","article_modified_time":"2025-05-28T10:20:14+00:00","og_image":[{"width":1920,"height":866,"url":"http:\/\/sulsc.com\/wp-content\/uploads\/2024\/10\/temporal.jpg","type":"image\/jpeg"}],"author":"Reda\u00e7\u00e3o Sul SC","twitter_card":"summary_large_image","twitter_creator":"@https:\/\/twitter.com\/PortalSulSC","twitter_misc":{"Written by":"Reda\u00e7\u00e3o Sul SC","Est. reading time":"2 minutes"},"schema":{"@context":"https:\/\/schema.org","@graph":[{"@type":"WebPage","@id":"https:\/\/sulsc.com\/index.php\/2025\/05\/28\/esta-quarta-feira-28-tera-a-influencia-de-um-ciclo-extratropical-trazendo-chuva-e-frio-para-o-estado\/","url":"https:\/\/sulsc.com\/index.php\/2025\/05\/28\/esta-quarta-feira-28-tera-a-influencia-de-um-ciclo-extratropical-trazendo-chuva-e-frio-para-o-estado\/","name":"Esta quarta-feira (28) ter\u00e1 a influencia de um Ciclo Extratropical trazendo chuva e frio para o estado -","isPartOf":{"@id":"https:\/\/sulsc.com\/#website"},"datePublished":"2025-05-28T10:18:32+00:00","dateModified":"2025-05-28T10:20:14+00:00","author":{"@id":"https:\/\/sulsc.com\/#\/schema\/person\/84d2fc571684f6248ba83092f07750a3"},"description":"Durante o dia haver\u00e1 condi\u00e7\u00f5es para temporais com fortes rajadas de vento chuva forte e raios, oferecendo risco moderado a alto","breadcrumb":{"@id":"https:\/\/sulsc.com\/index.php\/2025\/05\/28\/esta-quarta-feira-28-tera-a-influencia-de-um-ciclo-extratropical-trazendo-chuva-e-frio-para-o-estado\/#breadcrumb"},"inLanguage":"en-US","potentialAction":[{"@type":"ReadAction","target":["https:\/\/sulsc.com\/index.php\/2025\/05\/28\/esta-quarta-feira-28-tera-a-influencia-de-um-ciclo-extratropical-trazendo-chuva-e-frio-para-o-estado\/"]}]},{"@type":"BreadcrumbList","@id":"https:\/\/sulsc.com\/index.php\/2025\/05\/28\/esta-quarta-feira-28-tera-a-influencia-de-um-ciclo-extratropical-trazendo-chuva-e-frio-para-o-estado\/#breadcrumb","itemListElement":[{"@type":"ListItem","position":1,"name":"In\u00edcio","item":"https:\/\/sulsc.com\/"},{"@type":"ListItem","position":2,"name":"Esta quarta-feira (28) ter\u00e1 a influencia de um Ciclo Extratropical trazendo chuva e frio para o estado"}]},{"@type":"WebSite","@id":"https:\/\/sulsc.com\/#website","url":"https:\/\/sulsc.com\/","name":"","description":"","potentialAction":[{"@type":"SearchAction","target":{"@type":"EntryPoint","urlTemplate":"https:\/\/sulsc.com\/?s={search_term_string}"},"query-input":"required name=search_term_string"}],"inLanguage":"en-US"},{"@type":"Person","@id":"https:\/\/sulsc.com\/#\/schema\/person\/84d2fc571684f6248ba83092f07750a3","name":"Reda\u00e7\u00e3o Sul SC","image":{"@type":"ImageObject","inLanguage":"en-US","@id":"https:\/\/sulsc.com\/#\/schema\/person\/image\/e08d7fe2cc4ed596372063bbe852b8d0","url":"https:\/\/sulsc.com\/wp-content\/uploads\/2023\/09\/redacao.png","contentUrl":"https:\/\/sulsc.com\/wp-content\/uploads\/2023\/09\/redacao.png","caption":"Reda\u00e7\u00e3o Sul SC"},"description":"Foco em um jornalismo imparcial, voltado \u00e0 qualidade dos seus conte\u00fados e, assim, levar informa\u00e7\u00e3o de valor que agregue \u00e0 vida dos leitores. Esta \u00e9 grande miss\u00e3o do Portal de Not\u00edcias Sul SC. N\u00e3o \u00e9 quantidade que muda o mundo, sempre foi e seguir\u00e1 sendo qualidade!","sameAs":["https:\/\/sulsc.com\/","https:\/\/www.facebook.com\/profile.php?id=61559278119680","https:\/\/www.instagram.com\/sulscportal\/?hl=pt-br","https:\/\/twitter.com\/https:\/\/twitter.com\/PortalSulSC","https:\/\/www.youtube.com\/channel\/UCv_BE8GeySluDov2n8qhVmw"],"url":"https:\/\/sulsc.com\/index.php\/author\/redacao\/"}]}},"authors":[],"_links":{"self":[{"href":"https:\/\/sulsc.com\/index.php\/wp-json\/wp\/v2\/posts\/24097"}],"collection":[{"href":"https:\/\/sulsc.com\/index.php\/wp-json\/wp\/v2\/posts"}],"about":[{"href":"https:\/\/sulsc.com\/index.php\/wp-json\/wp\/v2\/types\/post"}],"author":[{"embeddable":true,"href":"https:\/\/sulsc.com\/index.php\/wp-json\/wp\/v2\/users\/3"}],"replies":[{"embeddable":true,"href":"https:\/\/sulsc.com\/index.php\/wp-json\/wp\/v2\/comments?post=24097"}],"version-history":[{"count":2,"href":"https:\/\/sulsc.com\/index.php\/wp-json\/wp\/v2\/posts\/24097\/revisions"}],"predecessor-version":[{"id":24100,"href":"https:\/\/sulsc.com\/index.php\/wp-json\/wp\/v2\/posts\/24097\/revisions\/24100"}],"wp:featuredmedia":[{"embeddable":true,"href":"https:\/\/sulsc.com\/index.php\/wp-json\/wp\/v2\/media\/16430"}],"wp:attachment":[{"href":"https:\/\/sulsc.com\/index.php\/wp-json\/wp\/v2\/media?parent=24097"}],"wp:term":[{"taxonomy":"category","embeddable":true,"href":"https:\/\/sulsc.com\/index.php\/wp-json\/wp\/v2\/categories?post=24097"},{"taxonomy":"post_tag","embeddable":true,"href":"https:\/\/sulsc.com\/index.php\/wp-json\/wp\/v2\/tags?post=24097"}],"curies":[{"name":"wp","href":"https:\/\/api.w.org\/{rel}","templated":true}]}}