{"id":24142,"date":"2025-05-29T08:36:03","date_gmt":"2025-05-29T11:36:03","guid":{"rendered":"https:\/\/sulsc.com\/?p=24142"},"modified":"2025-05-29T08:36:03","modified_gmt":"2025-05-29T11:36:03","slug":"quinta-feira-29-fria-com-maximas-nao-passando-dos-18oc-no-litoral-sul","status":"publish","type":"post","link":"https:\/\/sulsc.com\/index.php\/2025\/05\/29\/quinta-feira-29-fria-com-maximas-nao-passando-dos-18oc-no-litoral-sul\/","title":{"rendered":"Quinta-feira (29) fria com m\u00e1ximas n\u00e3o passando dos 18\u00baC no Litoral Sul"},"content":{"rendered":"<p>Boa parte da quinta-feira (29) permanece com maior cobertura de nuvens, devido ao deslocamento de umidade provocado pelo giro de um ciclone extratropical pr\u00f3ximo \u00e0 costa do RS, que tamb\u00e9m favorece condi\u00e7\u00f5es para chuva fraca e isolada entre o Grande Oeste, Planalto Sul e Litoral Sul, principalmente na manh\u00e3 e in\u00edcio da tarde.<\/p>\n<p><strong>Temperaturas<\/strong><\/p>\n<p>Nesse per\u00edodo, a umidade dispon\u00edvel combinada ao frio intenso favorece a chance de precipita\u00e7\u00e3o invernal, sobretudo nas \u00e1reas mais altas do Planalto Sul e do Meio-Oeste. Durante a tarde, as temperaturas n\u00e3o passam dos 3\/5\u00b0C entre o Planalto Sul e o Meio-Oeste, dos 15\/18\u00b0C no Litoral e de 8\/12\u00b0C nas demais regi\u00f5es.<\/p>\n<p><img fetchpriority=\"high\" decoding=\"async\" class=\"aligncenter size-full wp-image-24143\" src=\"http:\/\/sulsc.com\/wp-content\/uploads\/2025\/05\/a2-1.png\" alt=\"\" width=\"1024\" height=\"703\" srcset=\"https:\/\/sulsc.com\/wp-content\/uploads\/2025\/05\/a2-1.png 1024w, https:\/\/sulsc.com\/wp-content\/uploads\/2025\/05\/a2-1-300x206.png 300w, https:\/\/sulsc.com\/wp-content\/uploads\/2025\/05\/a2-1-768x527.png 768w\" sizes=\"(max-width: 1024px) 100vw, 1024px\" \/><\/p>\n<p><img decoding=\"async\" class=\"aligncenter  wp-image-22836\" src=\"http:\/\/sulsc.com\/wp-content\/uploads\/2025\/04\/Tempo-2.png\" alt=\"\" width=\"726\" height=\"134\" srcset=\"https:\/\/sulsc.com\/wp-content\/uploads\/2025\/04\/Tempo-2.png 1024w, https:\/\/sulsc.com\/wp-content\/uploads\/2025\/04\/Tempo-2-300x55.png 300w, https:\/\/sulsc.com\/wp-content\/uploads\/2025\/04\/Tempo-2-768x142.png 768w\" sizes=\"(max-width: 726px) 100vw, 726px\" \/><\/p>\n<p>O risco \u00e9 de alto a muito alto para ocorr\u00eancias associadas ao desconforto t\u00e9rmico e agravamento de doen\u00e7as cardiorrespirat\u00f3rias. Entre o Meio-Oeste e o Litoral, especialmente nas \u00e1reas mais altas, o vento de oeste\/sudoeste continua intenso com rajadas entre 55 e 75km\/h, oferecendo risco moderado a alto para ocorr\u00eancias associadas e deixando o mar muito agitado.<\/p>\n<p>Fonte\/Defesa Civil SC<\/p>\n","protected":false},"excerpt":{"rendered":"<p>Boa parte da quinta-feira (29) permanece com maior cobertura de nuvens, devido ao deslocamento de umidade provocado pelo giro de um ciclone extratropical pr\u00f3ximo \u00e0 costa do RS, que tamb\u00e9m favorece condi\u00e7\u00f5es para chuva fraca e isolada entre o Grande Oeste, Planalto Sul e Litoral Sul, principalmente na manh\u00e3 e in\u00edcio da tarde. Temperaturas Nesse &hellip;<\/p>\n<p class=\"read-more\"> <a class=\"\" href=\"https:\/\/sulsc.com\/index.php\/2025\/05\/29\/quinta-feira-29-fria-com-maximas-nao-passando-dos-18oc-no-litoral-sul\/\"> <span class=\"screen-reader-text\">Quinta-feira (29) fria com m\u00e1ximas n\u00e3o passando dos 18\u00baC no Litoral Sul<\/span> Read More &raquo;<\/a><\/p>\n","protected":false},"author":3,"featured_media":14276,"comment_status":"open","ping_status":"open","sticky":false,"template":"","format":"standard","meta":{"site-sidebar-layout":"default","site-content-layout":"","ast-site-content-layout":"default","site-content-style":"default","site-sidebar-style":"default","ast-global-header-display":"","ast-banner-title-visibility":"","ast-main-header-display":"","ast-hfb-above-header-display":"","ast-hfb-below-header-display":"","ast-hfb-mobile-header-display":"","site-post-title":"","ast-breadcrumbs-content":"","ast-featured-img":"","footer-sml-layout":"","theme-transparent-header-meta":"default","adv-header-id-meta":"","stick-header-meta":"","header-above-stick-meta":"","header-main-stick-meta":"","header-below-stick-meta":"","astra-migrate-meta-layouts":"set","footnotes":""},"categories":[38],"tags":[90],"yoast_head":"<!-- This site is optimized with the Yoast SEO plugin v21.4 - https:\/\/yoast.com\/wordpress\/plugins\/seo\/ -->\n<title>Quinta-feira (29) fria com m\u00e1ximas n\u00e3o passando dos 18\u00baC no Litoral Sul -<\/title>\n<meta name=\"description\" content=\"Entre o Meio-Oeste e o Litoral especialmente nas \u00e1reas mais altas o vento de oeste\/sudoeste continua intenso com rajadas entre 55 e 75km\/h\" \/>\n<meta name=\"robots\" content=\"index, follow, max-snippet:-1, max-image-preview:large, max-video-preview:-1\" \/>\n<link rel=\"canonical\" href=\"https:\/\/sulsc.com\/index.php\/2025\/05\/29\/quinta-feira-29-fria-com-maximas-nao-passando-dos-18oc-no-litoral-sul\/\" \/>\n<meta property=\"og:locale\" content=\"en_US\" \/>\n<meta property=\"og:type\" content=\"article\" \/>\n<meta property=\"og:title\" content=\"Quinta-feira (29) fria com m\u00e1ximas n\u00e3o passando dos 18\u00baC no Litoral Sul -\" \/>\n<meta property=\"og:description\" content=\"Entre o Meio-Oeste e o Litoral especialmente nas \u00e1reas mais altas o vento de oeste\/sudoeste continua intenso com rajadas entre 55 e 75km\/h\" \/>\n<meta property=\"og:url\" content=\"https:\/\/sulsc.com\/index.php\/2025\/05\/29\/quinta-feira-29-fria-com-maximas-nao-passando-dos-18oc-no-litoral-sul\/\" \/>\n<meta property=\"article:author\" content=\"https:\/\/www.facebook.com\/profile.php?id=61559278119680\" \/>\n<meta property=\"article:published_time\" content=\"2025-05-29T11:36:03+00:00\" \/>\n<meta property=\"og:image\" content=\"http:\/\/sulsc.com\/wp-content\/uploads\/2024\/07\/tempo-nublado-2.jpeg\" \/>\n\t<meta property=\"og:image:width\" content=\"1600\" \/>\n\t<meta property=\"og:image:height\" content=\"900\" \/>\n\t<meta property=\"og:image:type\" content=\"image\/jpeg\" \/>\n<meta name=\"author\" content=\"Reda\u00e7\u00e3o Sul SC\" \/>\n<meta name=\"twitter:card\" content=\"summary_large_image\" \/>\n<meta name=\"twitter:creator\" content=\"@https:\/\/twitter.com\/PortalSulSC\" \/>\n<meta name=\"twitter:label1\" content=\"Written by\" \/>\n\t<meta name=\"twitter:data1\" content=\"Reda\u00e7\u00e3o Sul SC\" \/>\n\t<meta name=\"twitter:label2\" content=\"Est. reading time\" \/>\n\t<meta name=\"twitter:data2\" content=\"2 minutes\" \/>\n<script type=\"application\/ld+json\" class=\"yoast-schema-graph\">{\"@context\":\"https:\/\/schema.org\",\"@graph\":[{\"@type\":\"WebPage\",\"@id\":\"https:\/\/sulsc.com\/index.php\/2025\/05\/29\/quinta-feira-29-fria-com-maximas-nao-passando-dos-18oc-no-litoral-sul\/\",\"url\":\"https:\/\/sulsc.com\/index.php\/2025\/05\/29\/quinta-feira-29-fria-com-maximas-nao-passando-dos-18oc-no-litoral-sul\/\",\"name\":\"Quinta-feira (29) fria com m\u00e1ximas n\u00e3o passando dos 18\u00baC no Litoral Sul -\",\"isPartOf\":{\"@id\":\"https:\/\/sulsc.com\/#website\"},\"datePublished\":\"2025-05-29T11:36:03+00:00\",\"dateModified\":\"2025-05-29T11:36:03+00:00\",\"author\":{\"@id\":\"https:\/\/sulsc.com\/#\/schema\/person\/84d2fc571684f6248ba83092f07750a3\"},\"description\":\"Entre o Meio-Oeste e o Litoral especialmente nas \u00e1reas mais altas o vento de oeste\/sudoeste continua intenso com rajadas entre 55 e 75km\/h\",\"breadcrumb\":{\"@id\":\"https:\/\/sulsc.com\/index.php\/2025\/05\/29\/quinta-feira-29-fria-com-maximas-nao-passando-dos-18oc-no-litoral-sul\/#breadcrumb\"},\"inLanguage\":\"en-US\",\"potentialAction\":[{\"@type\":\"ReadAction\",\"target\":[\"https:\/\/sulsc.com\/index.php\/2025\/05\/29\/quinta-feira-29-fria-com-maximas-nao-passando-dos-18oc-no-litoral-sul\/\"]}]},{\"@type\":\"BreadcrumbList\",\"@id\":\"https:\/\/sulsc.com\/index.php\/2025\/05\/29\/quinta-feira-29-fria-com-maximas-nao-passando-dos-18oc-no-litoral-sul\/#breadcrumb\",\"itemListElement\":[{\"@type\":\"ListItem\",\"position\":1,\"name\":\"In\u00edcio\",\"item\":\"https:\/\/sulsc.com\/\"},{\"@type\":\"ListItem\",\"position\":2,\"name\":\"Quinta-feira (29) fria com m\u00e1ximas n\u00e3o passando dos 18\u00baC no Litoral Sul\"}]},{\"@type\":\"WebSite\",\"@id\":\"https:\/\/sulsc.com\/#website\",\"url\":\"https:\/\/sulsc.com\/\",\"name\":\"\",\"description\":\"\",\"potentialAction\":[{\"@type\":\"SearchAction\",\"target\":{\"@type\":\"EntryPoint\",\"urlTemplate\":\"https:\/\/sulsc.com\/?s={search_term_string}\"},\"query-input\":\"required name=search_term_string\"}],\"inLanguage\":\"en-US\"},{\"@type\":\"Person\",\"@id\":\"https:\/\/sulsc.com\/#\/schema\/person\/84d2fc571684f6248ba83092f07750a3\",\"name\":\"Reda\u00e7\u00e3o Sul SC\",\"image\":{\"@type\":\"ImageObject\",\"inLanguage\":\"en-US\",\"@id\":\"https:\/\/sulsc.com\/#\/schema\/person\/image\/e08d7fe2cc4ed596372063bbe852b8d0\",\"url\":\"https:\/\/sulsc.com\/wp-content\/uploads\/2023\/09\/redacao.png\",\"contentUrl\":\"https:\/\/sulsc.com\/wp-content\/uploads\/2023\/09\/redacao.png\",\"caption\":\"Reda\u00e7\u00e3o Sul SC\"},\"description\":\"Foco em um jornalismo imparcial, voltado \u00e0 qualidade dos seus conte\u00fados e, assim, levar informa\u00e7\u00e3o de valor que agregue \u00e0 vida dos leitores. Esta \u00e9 grande miss\u00e3o do Portal de Not\u00edcias Sul SC. N\u00e3o \u00e9 quantidade que muda o mundo, sempre foi e seguir\u00e1 sendo qualidade!\",\"sameAs\":[\"https:\/\/sulsc.com\/\",\"https:\/\/www.facebook.com\/profile.php?id=61559278119680\",\"https:\/\/www.instagram.com\/sulscportal\/?hl=pt-br\",\"https:\/\/twitter.com\/https:\/\/twitter.com\/PortalSulSC\",\"https:\/\/www.youtube.com\/channel\/UCv_BE8GeySluDov2n8qhVmw\"],\"url\":\"https:\/\/sulsc.com\/index.php\/author\/redacao\/\"}]}<\/script>\n<!-- \/ Yoast SEO plugin. -->","yoast_head_json":{"title":"Quinta-feira (29) fria com m\u00e1ximas n\u00e3o passando dos 18\u00baC no Litoral Sul -","description":"Entre o Meio-Oeste e o Litoral especialmente nas \u00e1reas mais altas o vento de oeste\/sudoeste continua intenso com rajadas entre 55 e 75km\/h","robots":{"index":"index","follow":"follow","max-snippet":"max-snippet:-1","max-image-preview":"max-image-preview:large","max-video-preview":"max-video-preview:-1"},"canonical":"https:\/\/sulsc.com\/index.php\/2025\/05\/29\/quinta-feira-29-fria-com-maximas-nao-passando-dos-18oc-no-litoral-sul\/","og_locale":"en_US","og_type":"article","og_title":"Quinta-feira (29) fria com m\u00e1ximas n\u00e3o passando dos 18\u00baC no Litoral Sul -","og_description":"Entre o Meio-Oeste e o Litoral especialmente nas \u00e1reas mais altas o vento de oeste\/sudoeste continua intenso com rajadas entre 55 e 75km\/h","og_url":"https:\/\/sulsc.com\/index.php\/2025\/05\/29\/quinta-feira-29-fria-com-maximas-nao-passando-dos-18oc-no-litoral-sul\/","article_author":"https:\/\/www.facebook.com\/profile.php?id=61559278119680","article_published_time":"2025-05-29T11:36:03+00:00","og_image":[{"width":1600,"height":900,"url":"http:\/\/sulsc.com\/wp-content\/uploads\/2024\/07\/tempo-nublado-2.jpeg","type":"image\/jpeg"}],"author":"Reda\u00e7\u00e3o Sul SC","twitter_card":"summary_large_image","twitter_creator":"@https:\/\/twitter.com\/PortalSulSC","twitter_misc":{"Written by":"Reda\u00e7\u00e3o Sul SC","Est. reading time":"2 minutes"},"schema":{"@context":"https:\/\/schema.org","@graph":[{"@type":"WebPage","@id":"https:\/\/sulsc.com\/index.php\/2025\/05\/29\/quinta-feira-29-fria-com-maximas-nao-passando-dos-18oc-no-litoral-sul\/","url":"https:\/\/sulsc.com\/index.php\/2025\/05\/29\/quinta-feira-29-fria-com-maximas-nao-passando-dos-18oc-no-litoral-sul\/","name":"Quinta-feira (29) fria com m\u00e1ximas n\u00e3o passando dos 18\u00baC no Litoral Sul -","isPartOf":{"@id":"https:\/\/sulsc.com\/#website"},"datePublished":"2025-05-29T11:36:03+00:00","dateModified":"2025-05-29T11:36:03+00:00","author":{"@id":"https:\/\/sulsc.com\/#\/schema\/person\/84d2fc571684f6248ba83092f07750a3"},"description":"Entre o Meio-Oeste e o Litoral especialmente nas \u00e1reas mais altas o vento de oeste\/sudoeste continua intenso com rajadas entre 55 e 75km\/h","breadcrumb":{"@id":"https:\/\/sulsc.com\/index.php\/2025\/05\/29\/quinta-feira-29-fria-com-maximas-nao-passando-dos-18oc-no-litoral-sul\/#breadcrumb"},"inLanguage":"en-US","potentialAction":[{"@type":"ReadAction","target":["https:\/\/sulsc.com\/index.php\/2025\/05\/29\/quinta-feira-29-fria-com-maximas-nao-passando-dos-18oc-no-litoral-sul\/"]}]},{"@type":"BreadcrumbList","@id":"https:\/\/sulsc.com\/index.php\/2025\/05\/29\/quinta-feira-29-fria-com-maximas-nao-passando-dos-18oc-no-litoral-sul\/#breadcrumb","itemListElement":[{"@type":"ListItem","position":1,"name":"In\u00edcio","item":"https:\/\/sulsc.com\/"},{"@type":"ListItem","position":2,"name":"Quinta-feira (29) fria com m\u00e1ximas n\u00e3o passando dos 18\u00baC no Litoral Sul"}]},{"@type":"WebSite","@id":"https:\/\/sulsc.com\/#website","url":"https:\/\/sulsc.com\/","name":"","description":"","potentialAction":[{"@type":"SearchAction","target":{"@type":"EntryPoint","urlTemplate":"https:\/\/sulsc.com\/?s={search_term_string}"},"query-input":"required name=search_term_string"}],"inLanguage":"en-US"},{"@type":"Person","@id":"https:\/\/sulsc.com\/#\/schema\/person\/84d2fc571684f6248ba83092f07750a3","name":"Reda\u00e7\u00e3o Sul SC","image":{"@type":"ImageObject","inLanguage":"en-US","@id":"https:\/\/sulsc.com\/#\/schema\/person\/image\/e08d7fe2cc4ed596372063bbe852b8d0","url":"https:\/\/sulsc.com\/wp-content\/uploads\/2023\/09\/redacao.png","contentUrl":"https:\/\/sulsc.com\/wp-content\/uploads\/2023\/09\/redacao.png","caption":"Reda\u00e7\u00e3o Sul SC"},"description":"Foco em um jornalismo imparcial, voltado \u00e0 qualidade dos seus conte\u00fados e, assim, levar informa\u00e7\u00e3o de valor que agregue \u00e0 vida dos leitores. Esta \u00e9 grande miss\u00e3o do Portal de Not\u00edcias Sul SC. N\u00e3o \u00e9 quantidade que muda o mundo, sempre foi e seguir\u00e1 sendo qualidade!","sameAs":["https:\/\/sulsc.com\/","https:\/\/www.facebook.com\/profile.php?id=61559278119680","https:\/\/www.instagram.com\/sulscportal\/?hl=pt-br","https:\/\/twitter.com\/https:\/\/twitter.com\/PortalSulSC","https:\/\/www.youtube.com\/channel\/UCv_BE8GeySluDov2n8qhVmw"],"url":"https:\/\/sulsc.com\/index.php\/author\/redacao\/"}]}},"authors":[],"_links":{"self":[{"href":"https:\/\/sulsc.com\/index.php\/wp-json\/wp\/v2\/posts\/24142"}],"collection":[{"href":"https:\/\/sulsc.com\/index.php\/wp-json\/wp\/v2\/posts"}],"about":[{"href":"https:\/\/sulsc.com\/index.php\/wp-json\/wp\/v2\/types\/post"}],"author":[{"embeddable":true,"href":"https:\/\/sulsc.com\/index.php\/wp-json\/wp\/v2\/users\/3"}],"replies":[{"embeddable":true,"href":"https:\/\/sulsc.com\/index.php\/wp-json\/wp\/v2\/comments?post=24142"}],"version-history":[{"count":1,"href":"https:\/\/sulsc.com\/index.php\/wp-json\/wp\/v2\/posts\/24142\/revisions"}],"predecessor-version":[{"id":24144,"href":"https:\/\/sulsc.com\/index.php\/wp-json\/wp\/v2\/posts\/24142\/revisions\/24144"}],"wp:featuredmedia":[{"embeddable":true,"href":"https:\/\/sulsc.com\/index.php\/wp-json\/wp\/v2\/media\/14276"}],"wp:attachment":[{"href":"https:\/\/sulsc.com\/index.php\/wp-json\/wp\/v2\/media?parent=24142"}],"wp:term":[{"taxonomy":"category","embeddable":true,"href":"https:\/\/sulsc.com\/index.php\/wp-json\/wp\/v2\/categories?post=24142"},{"taxonomy":"post_tag","embeddable":true,"href":"https:\/\/sulsc.com\/index.php\/wp-json\/wp\/v2\/tags?post=24142"}],"curies":[{"name":"wp","href":"https:\/\/api.w.org\/{rel}","templated":true}]}}