{"id":24186,"date":"2025-05-30T14:04:47","date_gmt":"2025-05-30T17:04:47","guid":{"rendered":"https:\/\/sulsc.com\/?p=24186"},"modified":"2025-05-30T14:04:47","modified_gmt":"2025-05-30T17:04:47","slug":"mais-uma-fase-da-operacao-maestro-e-a-operacao-coleta-seletiva-e-deflagrada-em-garopaba","status":"publish","type":"post","link":"https:\/\/sulsc.com\/index.php\/2025\/05\/30\/mais-uma-fase-da-operacao-maestro-e-a-operacao-coleta-seletiva-e-deflagrada-em-garopaba\/","title":{"rendered":"Mais uma fase da opera\u00e7\u00e3o \u201cMaestro\u201d e a opera\u00e7\u00e3o \u201cColeta Seletiva\u201d \u00e9 deflagrada em Garopaba"},"content":{"rendered":"<p>Na manh\u00e3 desta sexta-feira (30), a\u00a0Pol\u00edcia Civil de Santa Catarina, por meio da 2\u00b0 Delegacia de Combate \u00e0 Corrup\u00e7\u00e3o, <strong>deflagrou as opera\u00e7\u00f5es denominadas \u201cMaestro\u201d e \u201cColeta Seletiva\u201d<\/strong>, ambas no munic\u00edpio de Garopaba.<\/p>\n<p>A opera\u00e7\u00e3o \u201cMaestro\u201d apura il\u00edcitos penais vinculados a contratos administrativos relacionados \u00e0 constru\u00e7\u00e3o civil. Segundo apurado, atrav\u00e9s de elementos objetivos, identificou-se que os investigados frustraram o car\u00e1ter competitivo de certames licitat\u00f3rios, bem como \u2013 atrav\u00e9s dos contratos administrativos \u2013 desviaram renda p\u00fablica em benef\u00edcio de pessoas ligadas a eles.<\/p>\n<p><img fetchpriority=\"high\" decoding=\"async\" class=\"aligncenter  wp-image-24187\" src=\"http:\/\/sulsc.com\/wp-content\/uploads\/2025\/05\/a1-5.jpeg\" alt=\"\" width=\"599\" height=\"796\" srcset=\"https:\/\/sulsc.com\/wp-content\/uploads\/2025\/05\/a1-5.jpeg 963w, https:\/\/sulsc.com\/wp-content\/uploads\/2025\/05\/a1-5-226x300.jpeg 226w, https:\/\/sulsc.com\/wp-content\/uploads\/2025\/05\/a1-5-770x1024.jpeg 770w, https:\/\/sulsc.com\/wp-content\/uploads\/2025\/05\/a1-5-768x1021.jpeg 768w\" sizes=\"(max-width: 599px) 100vw, 599px\" \/><\/p>\n<p style=\"text-align: center;\"><strong>PCSC\/Divulga\u00e7\u00e3o\/Sulsc<\/strong><\/p>\n<p>No decorrer da referida investiga\u00e7\u00e3o, deparou-se, fortuitamente, com ind\u00edcios de elementos informativos que d\u00e3o conta de il\u00edcitos penais relacionados \u00e0 coleta de lixo do munic\u00edpio \u2013 o que ensejou tamb\u00e9m a deflagra\u00e7\u00e3o da opera\u00e7\u00e3o \u201cColeta Seletiva\u201d.<\/p>\n<p>Diante disto, ap\u00f3s parecer favor\u00e1vel do Minist\u00e9rio P\u00fablico e do Tribunal de Justi\u00e7a de Santa Catarina, foram cumpridos os mandados de busca e apreens\u00e3o deferidos, contando com o apoio da Pol\u00edcia Cient\u00edfica.<\/p>\n<p><span style=\"vertical-align: inherit;\"><span style=\"vertical-align: inherit;\">No decorrer da investiga\u00e7\u00e3o se identificou, ainda, haver investigado que recebeu valores incompat\u00edveis com a sua renda.<\/span><\/span><\/p>\n<p><strong>Acesse e Curta<\/strong><\/p>\n<p><img decoding=\"async\" class=\"aligncenter  wp-image-24181\" src=\"http:\/\/sulsc.com\/wp-content\/uploads\/2025\/05\/Boulevard-FM-1.jpeg\" alt=\"\" width=\"600\" height=\"399\" srcset=\"https:\/\/sulsc.com\/wp-content\/uploads\/2025\/05\/Boulevard-FM-1.jpeg 1080w, https:\/\/sulsc.com\/wp-content\/uploads\/2025\/05\/Boulevard-FM-1-300x199.jpeg 300w, https:\/\/sulsc.com\/wp-content\/uploads\/2025\/05\/Boulevard-FM-1-1024x681.jpeg 1024w, https:\/\/sulsc.com\/wp-content\/uploads\/2025\/05\/Boulevard-FM-1-768x511.jpeg 768w\" sizes=\"(max-width: 600px) 100vw, 600px\" \/><\/p>\n","protected":false},"excerpt":{"rendered":"<p>Na manh\u00e3 desta sexta-feira (30), a\u00a0Pol\u00edcia Civil de Santa Catarina, por meio da 2\u00b0 Delegacia de Combate \u00e0 Corrup\u00e7\u00e3o, deflagrou as opera\u00e7\u00f5es denominadas \u201cMaestro\u201d e \u201cColeta Seletiva\u201d, ambas no munic\u00edpio de Garopaba. A opera\u00e7\u00e3o \u201cMaestro\u201d apura il\u00edcitos penais vinculados a contratos administrativos relacionados \u00e0 constru\u00e7\u00e3o civil. Segundo apurado, atrav\u00e9s de elementos objetivos, identificou-se que os &hellip;<\/p>\n<p class=\"read-more\"> <a class=\"\" href=\"https:\/\/sulsc.com\/index.php\/2025\/05\/30\/mais-uma-fase-da-operacao-maestro-e-a-operacao-coleta-seletiva-e-deflagrada-em-garopaba\/\"> <span class=\"screen-reader-text\">Mais uma fase da opera\u00e7\u00e3o \u201cMaestro\u201d e a opera\u00e7\u00e3o \u201cColeta Seletiva\u201d \u00e9 deflagrada em Garopaba<\/span> Read More &raquo;<\/a><\/p>\n","protected":false},"author":3,"featured_media":24188,"comment_status":"open","ping_status":"open","sticky":false,"template":"","format":"standard","meta":{"site-sidebar-layout":"default","site-content-layout":"","ast-site-content-layout":"default","site-content-style":"default","site-sidebar-style":"default","ast-global-header-display":"","ast-banner-title-visibility":"","ast-main-header-display":"","ast-hfb-above-header-display":"","ast-hfb-below-header-display":"","ast-hfb-mobile-header-display":"","site-post-title":"","ast-breadcrumbs-content":"","ast-featured-img":"","footer-sml-layout":"","theme-transparent-header-meta":"default","adv-header-id-meta":"","stick-header-meta":"","header-above-stick-meta":"","header-main-stick-meta":"","header-below-stick-meta":"","astra-migrate-meta-layouts":"set","footnotes":""},"categories":[1982],"tags":[722],"yoast_head":"<!-- This site is optimized with the Yoast SEO plugin v21.4 - https:\/\/yoast.com\/wordpress\/plugins\/seo\/ -->\n<title>Mais uma fase da opera\u00e7\u00e3o \u201cMaestro\u201d e a opera\u00e7\u00e3o \u201cColeta Seletiva\u201d \u00e9 deflagrada em Garopaba -<\/title>\n<meta name=\"description\" content=\"Ap\u00f3s parecer favor\u00e1vel do Minist\u00e9rio P\u00fablico e do Tribunal de Justi\u00e7a de Santa Catarina foram cumpridos os mandados de busca e apreens\u00e3o\" \/>\n<meta name=\"robots\" content=\"index, follow, max-snippet:-1, max-image-preview:large, max-video-preview:-1\" \/>\n<link rel=\"canonical\" href=\"https:\/\/sulsc.com\/index.php\/2025\/05\/30\/mais-uma-fase-da-operacao-maestro-e-a-operacao-coleta-seletiva-e-deflagrada-em-garopaba\/\" \/>\n<meta property=\"og:locale\" content=\"en_US\" \/>\n<meta property=\"og:type\" content=\"article\" \/>\n<meta property=\"og:title\" content=\"Mais uma fase da opera\u00e7\u00e3o \u201cMaestro\u201d e a opera\u00e7\u00e3o \u201cColeta Seletiva\u201d \u00e9 deflagrada em Garopaba -\" \/>\n<meta property=\"og:description\" content=\"Ap\u00f3s parecer favor\u00e1vel do Minist\u00e9rio P\u00fablico e do Tribunal de Justi\u00e7a de Santa Catarina foram cumpridos os mandados de busca e apreens\u00e3o\" \/>\n<meta property=\"og:url\" content=\"https:\/\/sulsc.com\/index.php\/2025\/05\/30\/mais-uma-fase-da-operacao-maestro-e-a-operacao-coleta-seletiva-e-deflagrada-em-garopaba\/\" \/>\n<meta property=\"article:author\" content=\"https:\/\/www.facebook.com\/profile.php?id=61559278119680\" \/>\n<meta property=\"article:published_time\" content=\"2025-05-30T17:04:47+00:00\" \/>\n<meta property=\"og:image\" content=\"http:\/\/sulsc.com\/wp-content\/uploads\/2025\/05\/a-6.jpeg\" \/>\n\t<meta property=\"og:image:width\" content=\"1280\" \/>\n\t<meta property=\"og:image:height\" content=\"960\" \/>\n\t<meta property=\"og:image:type\" content=\"image\/jpeg\" \/>\n<meta name=\"author\" content=\"Reda\u00e7\u00e3o Sul SC\" \/>\n<meta name=\"twitter:card\" content=\"summary_large_image\" \/>\n<meta name=\"twitter:creator\" content=\"@https:\/\/twitter.com\/PortalSulSC\" \/>\n<meta name=\"twitter:label1\" content=\"Written by\" \/>\n\t<meta name=\"twitter:data1\" content=\"Reda\u00e7\u00e3o Sul SC\" \/>\n\t<meta name=\"twitter:label2\" content=\"Est. reading time\" \/>\n\t<meta name=\"twitter:data2\" content=\"2 minutes\" \/>\n<script type=\"application\/ld+json\" class=\"yoast-schema-graph\">{\"@context\":\"https:\/\/schema.org\",\"@graph\":[{\"@type\":\"WebPage\",\"@id\":\"https:\/\/sulsc.com\/index.php\/2025\/05\/30\/mais-uma-fase-da-operacao-maestro-e-a-operacao-coleta-seletiva-e-deflagrada-em-garopaba\/\",\"url\":\"https:\/\/sulsc.com\/index.php\/2025\/05\/30\/mais-uma-fase-da-operacao-maestro-e-a-operacao-coleta-seletiva-e-deflagrada-em-garopaba\/\",\"name\":\"Mais uma fase da opera\u00e7\u00e3o \u201cMaestro\u201d e a opera\u00e7\u00e3o \u201cColeta Seletiva\u201d \u00e9 deflagrada em Garopaba -\",\"isPartOf\":{\"@id\":\"https:\/\/sulsc.com\/#website\"},\"datePublished\":\"2025-05-30T17:04:47+00:00\",\"dateModified\":\"2025-05-30T17:04:47+00:00\",\"author\":{\"@id\":\"https:\/\/sulsc.com\/#\/schema\/person\/84d2fc571684f6248ba83092f07750a3\"},\"description\":\"Ap\u00f3s parecer favor\u00e1vel do Minist\u00e9rio P\u00fablico e do Tribunal de Justi\u00e7a de Santa Catarina foram cumpridos os mandados de busca e apreens\u00e3o\",\"breadcrumb\":{\"@id\":\"https:\/\/sulsc.com\/index.php\/2025\/05\/30\/mais-uma-fase-da-operacao-maestro-e-a-operacao-coleta-seletiva-e-deflagrada-em-garopaba\/#breadcrumb\"},\"inLanguage\":\"en-US\",\"potentialAction\":[{\"@type\":\"ReadAction\",\"target\":[\"https:\/\/sulsc.com\/index.php\/2025\/05\/30\/mais-uma-fase-da-operacao-maestro-e-a-operacao-coleta-seletiva-e-deflagrada-em-garopaba\/\"]}]},{\"@type\":\"BreadcrumbList\",\"@id\":\"https:\/\/sulsc.com\/index.php\/2025\/05\/30\/mais-uma-fase-da-operacao-maestro-e-a-operacao-coleta-seletiva-e-deflagrada-em-garopaba\/#breadcrumb\",\"itemListElement\":[{\"@type\":\"ListItem\",\"position\":1,\"name\":\"In\u00edcio\",\"item\":\"https:\/\/sulsc.com\/\"},{\"@type\":\"ListItem\",\"position\":2,\"name\":\"Mais uma fase da opera\u00e7\u00e3o \u201cMaestro\u201d e a opera\u00e7\u00e3o \u201cColeta Seletiva\u201d \u00e9 deflagrada em Garopaba\"}]},{\"@type\":\"WebSite\",\"@id\":\"https:\/\/sulsc.com\/#website\",\"url\":\"https:\/\/sulsc.com\/\",\"name\":\"\",\"description\":\"\",\"potentialAction\":[{\"@type\":\"SearchAction\",\"target\":{\"@type\":\"EntryPoint\",\"urlTemplate\":\"https:\/\/sulsc.com\/?s={search_term_string}\"},\"query-input\":\"required name=search_term_string\"}],\"inLanguage\":\"en-US\"},{\"@type\":\"Person\",\"@id\":\"https:\/\/sulsc.com\/#\/schema\/person\/84d2fc571684f6248ba83092f07750a3\",\"name\":\"Reda\u00e7\u00e3o Sul SC\",\"image\":{\"@type\":\"ImageObject\",\"inLanguage\":\"en-US\",\"@id\":\"https:\/\/sulsc.com\/#\/schema\/person\/image\/e08d7fe2cc4ed596372063bbe852b8d0\",\"url\":\"https:\/\/sulsc.com\/wp-content\/uploads\/2023\/09\/redacao.png\",\"contentUrl\":\"https:\/\/sulsc.com\/wp-content\/uploads\/2023\/09\/redacao.png\",\"caption\":\"Reda\u00e7\u00e3o Sul SC\"},\"description\":\"Foco em um jornalismo imparcial, voltado \u00e0 qualidade dos seus conte\u00fados e, assim, levar informa\u00e7\u00e3o de valor que agregue \u00e0 vida dos leitores. Esta \u00e9 grande miss\u00e3o do Portal de Not\u00edcias Sul SC. N\u00e3o \u00e9 quantidade que muda o mundo, sempre foi e seguir\u00e1 sendo qualidade!\",\"sameAs\":[\"https:\/\/sulsc.com\/\",\"https:\/\/www.facebook.com\/profile.php?id=61559278119680\",\"https:\/\/www.instagram.com\/sulscportal\/?hl=pt-br\",\"https:\/\/twitter.com\/https:\/\/twitter.com\/PortalSulSC\",\"https:\/\/www.youtube.com\/channel\/UCv_BE8GeySluDov2n8qhVmw\"],\"url\":\"https:\/\/sulsc.com\/index.php\/author\/redacao\/\"}]}<\/script>\n<!-- \/ Yoast SEO plugin. -->","yoast_head_json":{"title":"Mais uma fase da opera\u00e7\u00e3o \u201cMaestro\u201d e a opera\u00e7\u00e3o \u201cColeta Seletiva\u201d \u00e9 deflagrada em Garopaba -","description":"Ap\u00f3s parecer favor\u00e1vel do Minist\u00e9rio P\u00fablico e do Tribunal de Justi\u00e7a de Santa Catarina foram cumpridos os mandados de busca e apreens\u00e3o","robots":{"index":"index","follow":"follow","max-snippet":"max-snippet:-1","max-image-preview":"max-image-preview:large","max-video-preview":"max-video-preview:-1"},"canonical":"https:\/\/sulsc.com\/index.php\/2025\/05\/30\/mais-uma-fase-da-operacao-maestro-e-a-operacao-coleta-seletiva-e-deflagrada-em-garopaba\/","og_locale":"en_US","og_type":"article","og_title":"Mais uma fase da opera\u00e7\u00e3o \u201cMaestro\u201d e a opera\u00e7\u00e3o \u201cColeta Seletiva\u201d \u00e9 deflagrada em Garopaba -","og_description":"Ap\u00f3s parecer favor\u00e1vel do Minist\u00e9rio P\u00fablico e do Tribunal de Justi\u00e7a de Santa Catarina foram cumpridos os mandados de busca e apreens\u00e3o","og_url":"https:\/\/sulsc.com\/index.php\/2025\/05\/30\/mais-uma-fase-da-operacao-maestro-e-a-operacao-coleta-seletiva-e-deflagrada-em-garopaba\/","article_author":"https:\/\/www.facebook.com\/profile.php?id=61559278119680","article_published_time":"2025-05-30T17:04:47+00:00","og_image":[{"width":1280,"height":960,"url":"http:\/\/sulsc.com\/wp-content\/uploads\/2025\/05\/a-6.jpeg","type":"image\/jpeg"}],"author":"Reda\u00e7\u00e3o Sul SC","twitter_card":"summary_large_image","twitter_creator":"@https:\/\/twitter.com\/PortalSulSC","twitter_misc":{"Written by":"Reda\u00e7\u00e3o Sul SC","Est. reading time":"2 minutes"},"schema":{"@context":"https:\/\/schema.org","@graph":[{"@type":"WebPage","@id":"https:\/\/sulsc.com\/index.php\/2025\/05\/30\/mais-uma-fase-da-operacao-maestro-e-a-operacao-coleta-seletiva-e-deflagrada-em-garopaba\/","url":"https:\/\/sulsc.com\/index.php\/2025\/05\/30\/mais-uma-fase-da-operacao-maestro-e-a-operacao-coleta-seletiva-e-deflagrada-em-garopaba\/","name":"Mais uma fase da opera\u00e7\u00e3o \u201cMaestro\u201d e a opera\u00e7\u00e3o \u201cColeta Seletiva\u201d \u00e9 deflagrada em Garopaba -","isPartOf":{"@id":"https:\/\/sulsc.com\/#website"},"datePublished":"2025-05-30T17:04:47+00:00","dateModified":"2025-05-30T17:04:47+00:00","author":{"@id":"https:\/\/sulsc.com\/#\/schema\/person\/84d2fc571684f6248ba83092f07750a3"},"description":"Ap\u00f3s parecer favor\u00e1vel do Minist\u00e9rio P\u00fablico e do Tribunal de Justi\u00e7a de Santa Catarina foram cumpridos os mandados de busca e apreens\u00e3o","breadcrumb":{"@id":"https:\/\/sulsc.com\/index.php\/2025\/05\/30\/mais-uma-fase-da-operacao-maestro-e-a-operacao-coleta-seletiva-e-deflagrada-em-garopaba\/#breadcrumb"},"inLanguage":"en-US","potentialAction":[{"@type":"ReadAction","target":["https:\/\/sulsc.com\/index.php\/2025\/05\/30\/mais-uma-fase-da-operacao-maestro-e-a-operacao-coleta-seletiva-e-deflagrada-em-garopaba\/"]}]},{"@type":"BreadcrumbList","@id":"https:\/\/sulsc.com\/index.php\/2025\/05\/30\/mais-uma-fase-da-operacao-maestro-e-a-operacao-coleta-seletiva-e-deflagrada-em-garopaba\/#breadcrumb","itemListElement":[{"@type":"ListItem","position":1,"name":"In\u00edcio","item":"https:\/\/sulsc.com\/"},{"@type":"ListItem","position":2,"name":"Mais uma fase da opera\u00e7\u00e3o \u201cMaestro\u201d e a opera\u00e7\u00e3o \u201cColeta Seletiva\u201d \u00e9 deflagrada em Garopaba"}]},{"@type":"WebSite","@id":"https:\/\/sulsc.com\/#website","url":"https:\/\/sulsc.com\/","name":"","description":"","potentialAction":[{"@type":"SearchAction","target":{"@type":"EntryPoint","urlTemplate":"https:\/\/sulsc.com\/?s={search_term_string}"},"query-input":"required name=search_term_string"}],"inLanguage":"en-US"},{"@type":"Person","@id":"https:\/\/sulsc.com\/#\/schema\/person\/84d2fc571684f6248ba83092f07750a3","name":"Reda\u00e7\u00e3o Sul SC","image":{"@type":"ImageObject","inLanguage":"en-US","@id":"https:\/\/sulsc.com\/#\/schema\/person\/image\/e08d7fe2cc4ed596372063bbe852b8d0","url":"https:\/\/sulsc.com\/wp-content\/uploads\/2023\/09\/redacao.png","contentUrl":"https:\/\/sulsc.com\/wp-content\/uploads\/2023\/09\/redacao.png","caption":"Reda\u00e7\u00e3o Sul SC"},"description":"Foco em um jornalismo imparcial, voltado \u00e0 qualidade dos seus conte\u00fados e, assim, levar informa\u00e7\u00e3o de valor que agregue \u00e0 vida dos leitores. Esta \u00e9 grande miss\u00e3o do Portal de Not\u00edcias Sul SC. N\u00e3o \u00e9 quantidade que muda o mundo, sempre foi e seguir\u00e1 sendo qualidade!","sameAs":["https:\/\/sulsc.com\/","https:\/\/www.facebook.com\/profile.php?id=61559278119680","https:\/\/www.instagram.com\/sulscportal\/?hl=pt-br","https:\/\/twitter.com\/https:\/\/twitter.com\/PortalSulSC","https:\/\/www.youtube.com\/channel\/UCv_BE8GeySluDov2n8qhVmw"],"url":"https:\/\/sulsc.com\/index.php\/author\/redacao\/"}]}},"authors":[],"_links":{"self":[{"href":"https:\/\/sulsc.com\/index.php\/wp-json\/wp\/v2\/posts\/24186"}],"collection":[{"href":"https:\/\/sulsc.com\/index.php\/wp-json\/wp\/v2\/posts"}],"about":[{"href":"https:\/\/sulsc.com\/index.php\/wp-json\/wp\/v2\/types\/post"}],"author":[{"embeddable":true,"href":"https:\/\/sulsc.com\/index.php\/wp-json\/wp\/v2\/users\/3"}],"replies":[{"embeddable":true,"href":"https:\/\/sulsc.com\/index.php\/wp-json\/wp\/v2\/comments?post=24186"}],"version-history":[{"count":1,"href":"https:\/\/sulsc.com\/index.php\/wp-json\/wp\/v2\/posts\/24186\/revisions"}],"predecessor-version":[{"id":24189,"href":"https:\/\/sulsc.com\/index.php\/wp-json\/wp\/v2\/posts\/24186\/revisions\/24189"}],"wp:featuredmedia":[{"embeddable":true,"href":"https:\/\/sulsc.com\/index.php\/wp-json\/wp\/v2\/media\/24188"}],"wp:attachment":[{"href":"https:\/\/sulsc.com\/index.php\/wp-json\/wp\/v2\/media?parent=24186"}],"wp:term":[{"taxonomy":"category","embeddable":true,"href":"https:\/\/sulsc.com\/index.php\/wp-json\/wp\/v2\/categories?post=24186"},{"taxonomy":"post_tag","embeddable":true,"href":"https:\/\/sulsc.com\/index.php\/wp-json\/wp\/v2\/tags?post=24186"}],"curies":[{"name":"wp","href":"https:\/\/api.w.org\/{rel}","templated":true}]}}