{"id":24193,"date":"2025-05-31T08:30:09","date_gmt":"2025-05-31T11:30:09","guid":{"rendered":"https:\/\/sulsc.com\/?p=24193"},"modified":"2025-05-31T08:30:09","modified_gmt":"2025-05-31T11:30:09","slug":"massa-de-ar-seco-garante-tempo-estavel-e-frio-em-sc-neste-sabado-31","status":"publish","type":"post","link":"https:\/\/sulsc.com\/index.php\/2025\/05\/31\/massa-de-ar-seco-garante-tempo-estavel-e-frio-em-sc-neste-sabado-31\/","title":{"rendered":"Massa de ar seco garante tempo est\u00e1vel e frio em SC neste s\u00e1bado (31)"},"content":{"rendered":"<p>O \u00faltimo s\u00e1bado do m\u00eas de maio ser\u00e1 de tempo est\u00e1vel em todas as regi\u00f5es catarinenses, a influ\u00eancia da massa de ar seco e frio, ainda deixa as temperaturas baixas na madrugada e amanhecer. O risco \u00e9 moderado para desconforto t\u00e9rmico e agravamento de doen\u00e7as cardiorrespirat\u00f3rias.<\/p>\n<p><img fetchpriority=\"high\" decoding=\"async\" class=\"aligncenter size-full wp-image-24194\" src=\"http:\/\/sulsc.com\/wp-content\/uploads\/2025\/05\/a-19.png\" alt=\"\" width=\"1652\" height=\"1120\" srcset=\"https:\/\/sulsc.com\/wp-content\/uploads\/2025\/05\/a-19.png 1652w, https:\/\/sulsc.com\/wp-content\/uploads\/2025\/05\/a-19-300x203.png 300w, https:\/\/sulsc.com\/wp-content\/uploads\/2025\/05\/a-19-1024x694.png 1024w, https:\/\/sulsc.com\/wp-content\/uploads\/2025\/05\/a-19-768x521.png 768w, https:\/\/sulsc.com\/wp-content\/uploads\/2025\/05\/a-19-1536x1041.png 1536w\" sizes=\"(max-width: 1652px) 100vw, 1652px\" \/><\/p>\n<p><img decoding=\"async\" class=\"aligncenter  wp-image-22836\" src=\"http:\/\/sulsc.com\/wp-content\/uploads\/2025\/04\/Tempo-2.png\" alt=\"\" width=\"704\" height=\"130\" srcset=\"https:\/\/sulsc.com\/wp-content\/uploads\/2025\/04\/Tempo-2.png 1024w, https:\/\/sulsc.com\/wp-content\/uploads\/2025\/04\/Tempo-2-300x55.png 300w, https:\/\/sulsc.com\/wp-content\/uploads\/2025\/04\/Tempo-2-768x142.png 768w\" sizes=\"(max-width: 704px) 100vw, 704px\" \/><\/p>\n<p><strong>Temperaturas<\/strong><\/p>\n<p>As m\u00ednimas variam de 0 a 5\u00b0C nos planaltos e Meio-Oeste, mas com pontuais ainda menores na Serra e de 6 a 12\u00b0C nas demais regi\u00f5es. \u00c0 tarde, temperaturas entre 15\u00b0C e 22\u00b0C em todo o estado.\u00a0 A agita\u00e7\u00e3o do mar diminui, com ondas de sul entre 1,0 e 1,5m e picos de at\u00e9 2,0m mais afastados da costa.<\/p>\n<p><strong>Acesse e curta<\/strong><\/p>\n<p><img decoding=\"async\" class=\"aligncenter  wp-image-24195\" src=\"http:\/\/sulsc.com\/wp-content\/uploads\/2025\/05\/Boulevard-FM-2.jpeg\" alt=\"\" width=\"600\" height=\"399\" srcset=\"https:\/\/sulsc.com\/wp-content\/uploads\/2025\/05\/Boulevard-FM-2.jpeg 1080w, https:\/\/sulsc.com\/wp-content\/uploads\/2025\/05\/Boulevard-FM-2-300x199.jpeg 300w, https:\/\/sulsc.com\/wp-content\/uploads\/2025\/05\/Boulevard-FM-2-1024x681.jpeg 1024w, https:\/\/sulsc.com\/wp-content\/uploads\/2025\/05\/Boulevard-FM-2-768x511.jpeg 768w\" sizes=\"(max-width: 600px) 100vw, 600px\" \/><\/p>\n","protected":false},"excerpt":{"rendered":"<p>O \u00faltimo s\u00e1bado do m\u00eas de maio ser\u00e1 de tempo est\u00e1vel em todas as regi\u00f5es catarinenses, a influ\u00eancia da massa de ar seco e frio, ainda deixa as temperaturas baixas na madrugada e amanhecer. O risco \u00e9 moderado para desconforto t\u00e9rmico e agravamento de doen\u00e7as cardiorrespirat\u00f3rias. Temperaturas As m\u00ednimas variam de 0 a 5\u00b0C nos &hellip;<\/p>\n<p class=\"read-more\"> <a class=\"\" href=\"https:\/\/sulsc.com\/index.php\/2025\/05\/31\/massa-de-ar-seco-garante-tempo-estavel-e-frio-em-sc-neste-sabado-31\/\"> <span class=\"screen-reader-text\">Massa de ar seco garante tempo est\u00e1vel e frio em SC neste s\u00e1bado (31)<\/span> Read More &raquo;<\/a><\/p>\n","protected":false},"author":3,"featured_media":24196,"comment_status":"open","ping_status":"open","sticky":false,"template":"","format":"standard","meta":{"site-sidebar-layout":"default","site-content-layout":"","ast-site-content-layout":"default","site-content-style":"default","site-sidebar-style":"default","ast-global-header-display":"","ast-banner-title-visibility":"","ast-main-header-display":"","ast-hfb-above-header-display":"","ast-hfb-below-header-display":"","ast-hfb-mobile-header-display":"","site-post-title":"","ast-breadcrumbs-content":"","ast-featured-img":"","footer-sml-layout":"","theme-transparent-header-meta":"default","adv-header-id-meta":"","stick-header-meta":"","header-above-stick-meta":"","header-main-stick-meta":"","header-below-stick-meta":"","astra-migrate-meta-layouts":"set","footnotes":""},"categories":[38],"tags":[90],"yoast_head":"<!-- This site is optimized with the Yoast SEO plugin v21.4 - https:\/\/yoast.com\/wordpress\/plugins\/seo\/ -->\n<title>Massa de ar seco garante tempo est\u00e1vel e frio em SC neste s\u00e1bado (31) -<\/title>\n<meta name=\"description\" content=\"A agita\u00e7\u00e3o do mar diminui com ondas de sul entre 1,0 e 1,5m e picos de at\u00e9 2,0m mais afastados da costa\" \/>\n<meta name=\"robots\" content=\"index, follow, max-snippet:-1, max-image-preview:large, max-video-preview:-1\" \/>\n<link rel=\"canonical\" href=\"https:\/\/sulsc.com\/index.php\/2025\/05\/31\/massa-de-ar-seco-garante-tempo-estavel-e-frio-em-sc-neste-sabado-31\/\" \/>\n<meta property=\"og:locale\" content=\"en_US\" \/>\n<meta property=\"og:type\" content=\"article\" \/>\n<meta property=\"og:title\" content=\"Massa de ar seco garante tempo est\u00e1vel e frio em SC neste s\u00e1bado (31) -\" \/>\n<meta property=\"og:description\" content=\"A agita\u00e7\u00e3o do mar diminui com ondas de sul entre 1,0 e 1,5m e picos de at\u00e9 2,0m mais afastados da costa\" \/>\n<meta property=\"og:url\" content=\"https:\/\/sulsc.com\/index.php\/2025\/05\/31\/massa-de-ar-seco-garante-tempo-estavel-e-frio-em-sc-neste-sabado-31\/\" \/>\n<meta property=\"article:author\" content=\"https:\/\/www.facebook.com\/profile.php?id=61559278119680\" \/>\n<meta property=\"article:published_time\" content=\"2025-05-31T11:30:09+00:00\" \/>\n<meta property=\"og:image\" content=\"http:\/\/sulsc.com\/wp-content\/uploads\/2025\/05\/356c810c-f562-4c5f-ac35-75f51d76eaeb.jpg\" \/>\n\t<meta property=\"og:image:width\" content=\"720\" \/>\n\t<meta property=\"og:image:height\" content=\"1600\" \/>\n\t<meta property=\"og:image:type\" content=\"image\/jpeg\" \/>\n<meta name=\"author\" content=\"Reda\u00e7\u00e3o Sul SC\" \/>\n<meta name=\"twitter:card\" content=\"summary_large_image\" \/>\n<meta name=\"twitter:creator\" content=\"@https:\/\/twitter.com\/PortalSulSC\" \/>\n<meta name=\"twitter:label1\" content=\"Written by\" \/>\n\t<meta name=\"twitter:data1\" content=\"Reda\u00e7\u00e3o Sul SC\" \/>\n\t<meta name=\"twitter:label2\" content=\"Est. reading time\" \/>\n\t<meta name=\"twitter:data2\" content=\"2 minutes\" \/>\n<script type=\"application\/ld+json\" class=\"yoast-schema-graph\">{\"@context\":\"https:\/\/schema.org\",\"@graph\":[{\"@type\":\"WebPage\",\"@id\":\"https:\/\/sulsc.com\/index.php\/2025\/05\/31\/massa-de-ar-seco-garante-tempo-estavel-e-frio-em-sc-neste-sabado-31\/\",\"url\":\"https:\/\/sulsc.com\/index.php\/2025\/05\/31\/massa-de-ar-seco-garante-tempo-estavel-e-frio-em-sc-neste-sabado-31\/\",\"name\":\"Massa de ar seco garante tempo est\u00e1vel e frio em SC neste s\u00e1bado (31) -\",\"isPartOf\":{\"@id\":\"https:\/\/sulsc.com\/#website\"},\"datePublished\":\"2025-05-31T11:30:09+00:00\",\"dateModified\":\"2025-05-31T11:30:09+00:00\",\"author\":{\"@id\":\"https:\/\/sulsc.com\/#\/schema\/person\/84d2fc571684f6248ba83092f07750a3\"},\"description\":\"A agita\u00e7\u00e3o do mar diminui com ondas de sul entre 1,0 e 1,5m e picos de at\u00e9 2,0m mais afastados da costa\",\"breadcrumb\":{\"@id\":\"https:\/\/sulsc.com\/index.php\/2025\/05\/31\/massa-de-ar-seco-garante-tempo-estavel-e-frio-em-sc-neste-sabado-31\/#breadcrumb\"},\"inLanguage\":\"en-US\",\"potentialAction\":[{\"@type\":\"ReadAction\",\"target\":[\"https:\/\/sulsc.com\/index.php\/2025\/05\/31\/massa-de-ar-seco-garante-tempo-estavel-e-frio-em-sc-neste-sabado-31\/\"]}]},{\"@type\":\"BreadcrumbList\",\"@id\":\"https:\/\/sulsc.com\/index.php\/2025\/05\/31\/massa-de-ar-seco-garante-tempo-estavel-e-frio-em-sc-neste-sabado-31\/#breadcrumb\",\"itemListElement\":[{\"@type\":\"ListItem\",\"position\":1,\"name\":\"In\u00edcio\",\"item\":\"https:\/\/sulsc.com\/\"},{\"@type\":\"ListItem\",\"position\":2,\"name\":\"Massa de ar seco garante tempo est\u00e1vel e frio em SC neste s\u00e1bado (31)\"}]},{\"@type\":\"WebSite\",\"@id\":\"https:\/\/sulsc.com\/#website\",\"url\":\"https:\/\/sulsc.com\/\",\"name\":\"\",\"description\":\"\",\"potentialAction\":[{\"@type\":\"SearchAction\",\"target\":{\"@type\":\"EntryPoint\",\"urlTemplate\":\"https:\/\/sulsc.com\/?s={search_term_string}\"},\"query-input\":\"required name=search_term_string\"}],\"inLanguage\":\"en-US\"},{\"@type\":\"Person\",\"@id\":\"https:\/\/sulsc.com\/#\/schema\/person\/84d2fc571684f6248ba83092f07750a3\",\"name\":\"Reda\u00e7\u00e3o Sul SC\",\"image\":{\"@type\":\"ImageObject\",\"inLanguage\":\"en-US\",\"@id\":\"https:\/\/sulsc.com\/#\/schema\/person\/image\/e08d7fe2cc4ed596372063bbe852b8d0\",\"url\":\"https:\/\/sulsc.com\/wp-content\/uploads\/2023\/09\/redacao.png\",\"contentUrl\":\"https:\/\/sulsc.com\/wp-content\/uploads\/2023\/09\/redacao.png\",\"caption\":\"Reda\u00e7\u00e3o Sul SC\"},\"description\":\"Foco em um jornalismo imparcial, voltado \u00e0 qualidade dos seus conte\u00fados e, assim, levar informa\u00e7\u00e3o de valor que agregue \u00e0 vida dos leitores. Esta \u00e9 grande miss\u00e3o do Portal de Not\u00edcias Sul SC. N\u00e3o \u00e9 quantidade que muda o mundo, sempre foi e seguir\u00e1 sendo qualidade!\",\"sameAs\":[\"https:\/\/sulsc.com\/\",\"https:\/\/www.facebook.com\/profile.php?id=61559278119680\",\"https:\/\/www.instagram.com\/sulscportal\/?hl=pt-br\",\"https:\/\/twitter.com\/https:\/\/twitter.com\/PortalSulSC\",\"https:\/\/www.youtube.com\/channel\/UCv_BE8GeySluDov2n8qhVmw\"],\"url\":\"https:\/\/sulsc.com\/index.php\/author\/redacao\/\"}]}<\/script>\n<!-- \/ Yoast SEO plugin. -->","yoast_head_json":{"title":"Massa de ar seco garante tempo est\u00e1vel e frio em SC neste s\u00e1bado (31) -","description":"A agita\u00e7\u00e3o do mar diminui com ondas de sul entre 1,0 e 1,5m e picos de at\u00e9 2,0m mais afastados da costa","robots":{"index":"index","follow":"follow","max-snippet":"max-snippet:-1","max-image-preview":"max-image-preview:large","max-video-preview":"max-video-preview:-1"},"canonical":"https:\/\/sulsc.com\/index.php\/2025\/05\/31\/massa-de-ar-seco-garante-tempo-estavel-e-frio-em-sc-neste-sabado-31\/","og_locale":"en_US","og_type":"article","og_title":"Massa de ar seco garante tempo est\u00e1vel e frio em SC neste s\u00e1bado (31) -","og_description":"A agita\u00e7\u00e3o do mar diminui com ondas de sul entre 1,0 e 1,5m e picos de at\u00e9 2,0m mais afastados da costa","og_url":"https:\/\/sulsc.com\/index.php\/2025\/05\/31\/massa-de-ar-seco-garante-tempo-estavel-e-frio-em-sc-neste-sabado-31\/","article_author":"https:\/\/www.facebook.com\/profile.php?id=61559278119680","article_published_time":"2025-05-31T11:30:09+00:00","og_image":[{"width":720,"height":1600,"url":"http:\/\/sulsc.com\/wp-content\/uploads\/2025\/05\/356c810c-f562-4c5f-ac35-75f51d76eaeb.jpg","type":"image\/jpeg"}],"author":"Reda\u00e7\u00e3o Sul SC","twitter_card":"summary_large_image","twitter_creator":"@https:\/\/twitter.com\/PortalSulSC","twitter_misc":{"Written by":"Reda\u00e7\u00e3o Sul SC","Est. reading time":"2 minutes"},"schema":{"@context":"https:\/\/schema.org","@graph":[{"@type":"WebPage","@id":"https:\/\/sulsc.com\/index.php\/2025\/05\/31\/massa-de-ar-seco-garante-tempo-estavel-e-frio-em-sc-neste-sabado-31\/","url":"https:\/\/sulsc.com\/index.php\/2025\/05\/31\/massa-de-ar-seco-garante-tempo-estavel-e-frio-em-sc-neste-sabado-31\/","name":"Massa de ar seco garante tempo est\u00e1vel e frio em SC neste s\u00e1bado (31) -","isPartOf":{"@id":"https:\/\/sulsc.com\/#website"},"datePublished":"2025-05-31T11:30:09+00:00","dateModified":"2025-05-31T11:30:09+00:00","author":{"@id":"https:\/\/sulsc.com\/#\/schema\/person\/84d2fc571684f6248ba83092f07750a3"},"description":"A agita\u00e7\u00e3o do mar diminui com ondas de sul entre 1,0 e 1,5m e picos de at\u00e9 2,0m mais afastados da costa","breadcrumb":{"@id":"https:\/\/sulsc.com\/index.php\/2025\/05\/31\/massa-de-ar-seco-garante-tempo-estavel-e-frio-em-sc-neste-sabado-31\/#breadcrumb"},"inLanguage":"en-US","potentialAction":[{"@type":"ReadAction","target":["https:\/\/sulsc.com\/index.php\/2025\/05\/31\/massa-de-ar-seco-garante-tempo-estavel-e-frio-em-sc-neste-sabado-31\/"]}]},{"@type":"BreadcrumbList","@id":"https:\/\/sulsc.com\/index.php\/2025\/05\/31\/massa-de-ar-seco-garante-tempo-estavel-e-frio-em-sc-neste-sabado-31\/#breadcrumb","itemListElement":[{"@type":"ListItem","position":1,"name":"In\u00edcio","item":"https:\/\/sulsc.com\/"},{"@type":"ListItem","position":2,"name":"Massa de ar seco garante tempo est\u00e1vel e frio em SC neste s\u00e1bado (31)"}]},{"@type":"WebSite","@id":"https:\/\/sulsc.com\/#website","url":"https:\/\/sulsc.com\/","name":"","description":"","potentialAction":[{"@type":"SearchAction","target":{"@type":"EntryPoint","urlTemplate":"https:\/\/sulsc.com\/?s={search_term_string}"},"query-input":"required name=search_term_string"}],"inLanguage":"en-US"},{"@type":"Person","@id":"https:\/\/sulsc.com\/#\/schema\/person\/84d2fc571684f6248ba83092f07750a3","name":"Reda\u00e7\u00e3o Sul SC","image":{"@type":"ImageObject","inLanguage":"en-US","@id":"https:\/\/sulsc.com\/#\/schema\/person\/image\/e08d7fe2cc4ed596372063bbe852b8d0","url":"https:\/\/sulsc.com\/wp-content\/uploads\/2023\/09\/redacao.png","contentUrl":"https:\/\/sulsc.com\/wp-content\/uploads\/2023\/09\/redacao.png","caption":"Reda\u00e7\u00e3o Sul SC"},"description":"Foco em um jornalismo imparcial, voltado \u00e0 qualidade dos seus conte\u00fados e, assim, levar informa\u00e7\u00e3o de valor que agregue \u00e0 vida dos leitores. Esta \u00e9 grande miss\u00e3o do Portal de Not\u00edcias Sul SC. N\u00e3o \u00e9 quantidade que muda o mundo, sempre foi e seguir\u00e1 sendo qualidade!","sameAs":["https:\/\/sulsc.com\/","https:\/\/www.facebook.com\/profile.php?id=61559278119680","https:\/\/www.instagram.com\/sulscportal\/?hl=pt-br","https:\/\/twitter.com\/https:\/\/twitter.com\/PortalSulSC","https:\/\/www.youtube.com\/channel\/UCv_BE8GeySluDov2n8qhVmw"],"url":"https:\/\/sulsc.com\/index.php\/author\/redacao\/"}]}},"authors":[],"_links":{"self":[{"href":"https:\/\/sulsc.com\/index.php\/wp-json\/wp\/v2\/posts\/24193"}],"collection":[{"href":"https:\/\/sulsc.com\/index.php\/wp-json\/wp\/v2\/posts"}],"about":[{"href":"https:\/\/sulsc.com\/index.php\/wp-json\/wp\/v2\/types\/post"}],"author":[{"embeddable":true,"href":"https:\/\/sulsc.com\/index.php\/wp-json\/wp\/v2\/users\/3"}],"replies":[{"embeddable":true,"href":"https:\/\/sulsc.com\/index.php\/wp-json\/wp\/v2\/comments?post=24193"}],"version-history":[{"count":1,"href":"https:\/\/sulsc.com\/index.php\/wp-json\/wp\/v2\/posts\/24193\/revisions"}],"predecessor-version":[{"id":24197,"href":"https:\/\/sulsc.com\/index.php\/wp-json\/wp\/v2\/posts\/24193\/revisions\/24197"}],"wp:featuredmedia":[{"embeddable":true,"href":"https:\/\/sulsc.com\/index.php\/wp-json\/wp\/v2\/media\/24196"}],"wp:attachment":[{"href":"https:\/\/sulsc.com\/index.php\/wp-json\/wp\/v2\/media?parent=24193"}],"wp:term":[{"taxonomy":"category","embeddable":true,"href":"https:\/\/sulsc.com\/index.php\/wp-json\/wp\/v2\/categories?post=24193"},{"taxonomy":"post_tag","embeddable":true,"href":"https:\/\/sulsc.com\/index.php\/wp-json\/wp\/v2\/tags?post=24193"}],"curies":[{"name":"wp","href":"https:\/\/api.w.org\/{rel}","templated":true}]}}